{"id":30582,"date":"2019-09-19T14:00:34","date_gmt":"2019-09-19T17:00:34","guid":{"rendered":"https:\/\/blog.melhorenvio.com.br\/?p=30582"},"modified":"2026-04-02T16:56:47","modified_gmt":"2026-04-02T19:56:47","slug":"prepare-seu-e-commerce-para-o-dia-das-criancas","status":"publish","type":"post","link":"https:\/\/melhorenvio.com.br\/blog\/datas-especiais\/prepare-seu-e-commerce-para-o-dia-das-criancas\/","title":{"rendered":"Como preparar seu e-commerce para o dia das crian\u00e7as"},"content":{"rendered":"\n<p><em>Dia das Crian\u00e7as: confira tudo o que voc\u00ea precisa saber para n\u00e3o brincar em servi\u00e7o e vender mais nessa data comemorativa!<\/em><\/p>\n\n\n\n<p>As datas comemorativas s\u00e3o importantes para os mais diversos setores do varejo, pois representam excelentes oportunidades para alavancar vendas e fidelizar clientes. Al\u00e9m de aproveitar as datas do calend\u00e1rio comercial regular, o e-commerce, em particular, conta com ocasi\u00f5es festivas pr\u00f3prias. <strong>Cyber Monday e Dia do Frete Gr\u00e1tis<\/strong> s\u00e3o bons exemplos de datas bastante exploradas pelo com\u00e9rcio digital.<\/p>\n\n\n\n<p>Mas isso n\u00e3o quer dizer que eventos j\u00e1 tradicionais como o Dia das Crian\u00e7as devam ficar de fora do planejamento de quem vende pela internet. De acordo com dados da 39\u00aa edi\u00e7\u00e3o do <a rel=\"noreferrer noopener\" aria-label=\" (abre numa nova aba)\" href=\"https:\/\/www.ebit.com.br\/webshoppers\" target=\"_blank\">Webshoppers<\/a>, o e-commerce registrou <strong>4,8 milh\u00f5es de pedidos, faturamento de R$ 1,9 bilh\u00e3o e ticket m\u00e9dio de R$ 409<\/strong> <strong>durante o Dia das Crian\u00e7as de 2018. <\/strong>Imposs\u00edvel ignorar n\u00fameros como esses, n\u00e3o \u00e9 mesmo? Se voc\u00ea quer preparar o seu e-commerce para o 12 de outubro, confira nossas dicas e boas vendas!&nbsp;<\/p>\n\n\n\n<p><strong>Veja tamb\u00e9m:<\/strong> <a href=\"https:\/\/melhorenvio.com.br\/blog\/datas-especiais\/aproveite-as-datas-comemorativas-para-o-seu-nicho\/\" target=\"_blank\" rel=\"noreferrer noopener\">Aproveite as datas comemorativas para o seu nicho<\/a>.<\/p>\n\n\n\n<h2 class=\"wp-block-heading\">O que as pessoas compram no Dia das Crian\u00e7as?<\/h2>\n\n\n\n<p>Segundo uma pesquisa da <a rel=\"noreferrer noopener\" aria-label=\" (abre numa nova aba)\" href=\"https:\/\/blog.opinionbox.com\/pesquisa-de-intencao-de-compra-dia-das-criancas-2019\/\" target=\"_blank\">Opinion Box<\/a>, <strong>58,1% dos consumidores t\u00eam inten\u00e7\u00e3o de fazer alguma compra no Dia das Crian\u00e7as.<\/strong> Mas quais itens essas pessoas pretendem adquirir para presentear seus pequenos? Saber disso \u00e9 bastante \u00fatil para <strong>preparar o estoque da sua loja virtual!<\/strong> Outro estudo, esse realizado em parceria entre a Confedera\u00e7\u00e3o Nacional de Dirigentes Lojistas (CNDL) e o Servi\u00e7o de Prote\u00e7\u00e3o ao Cr\u00e9dito (SPC), fez um levantamento que responde exatamente a essa pergunta, mostrando <strong>quais produtos os consumidores pretendem adquirir para a data. <\/strong>Como j\u00e1 era de se esperar, roupas, cal\u00e7ados e brinquedos ocupam as primeiras posi\u00e7\u00f5es. Confira a lista completa:<\/p>\n\n\n<div class=\"wp-block-image\">\n<figure class=\"aligncenter size-large\"><img decoding=\"async\" width=\"704\" height=\"641\" src=\"https:\/\/blog.melhorenvio.com.br\/wp-content\/uploads\/2021\/07\/spc-analisa-intencao-de-compras-para-o-dia-das-criancas-1.png\" alt=\"Imagem: Confedera\u00e7\u00e3o Nacional de Dirigentes Lojistas (CNDL) e Servi\u00e7o de Prote\u00e7\u00e3o ao Cr\u00e9dito (SPC).  \" class=\"wp-image-38845\" srcset=\"https:\/\/melhorenvio.com.br\/blog\/wp-content\/uploads\/2021\/07\/spc-analisa-intencao-de-compras-para-o-dia-das-criancas-1.png 704w, https:\/\/melhorenvio.com.br\/blog\/wp-content\/uploads\/2021\/07\/spc-analisa-intencao-de-compras-para-o-dia-das-criancas-1-300x273.png 300w\" sizes=\"(max-width: 704px) 100vw, 704px\" \/><figcaption class=\"wp-element-caption\">Imagem: Confedera\u00e7\u00e3o Nacional de Dirigentes Lojistas (CNDL) e Servi\u00e7o de Prote\u00e7\u00e3o ao Cr\u00e9dito (SPC). \n<\/figcaption><\/figure>\n<\/div>\n\n\n<h2 class=\"wp-block-heading\">Como vender mais no dia das crian\u00e7as?<\/h2>\n\n\n\n<p>Como toda data comemorativa, o <strong>Dia das Crian\u00e7as pode ser utilizado estrategicamente.<\/strong> Prepare-se para ler uma s\u00e9rie de dicas que v\u00e3o ajud\u00e1-lo a aproveitar essa ocasi\u00e3o especial para alavancar as vendas do seu e-commerce!<\/p>\n\n\n\n<h3 class=\"wp-block-heading\">Prepare o seu estoque para oferecer pre\u00e7os competitivos<\/h3>\n\n\n\n<p>\tO Dia das Crian\u00e7as tem suas caracter\u00edsticas pr\u00f3prias. \u00c9 uma data de <strong>grande volume de venda de brinquedos<\/strong>, por exemplo. Saber quais produtos t\u00eam mais sa\u00edda no per\u00edodo \u2014 a imagem acima cita alguns deles \u2014 vai ajud\u00e1-lo a preparar o estoque com os itens corretos. Se poss\u00edvel, tente negociar com seus fornecedores com algum tempo de anteced\u00eancia para conseguir <strong>pre\u00e7os mais competitivos. <\/strong>Isso vai ser bom para voc\u00ea e para seus clientes!<\/p>\n\n\n\n<h3 class=\"wp-block-heading\">Invista na divulga\u00e7\u00e3o<\/h3>\n\n\n\n<p> O que n\u00e3o faltam s\u00e3o plataformas para divulgar os seus produtos: <a href=\"https:\/\/melhorenvio.com.br\/blog\/marketing-digital\/vender-mais-pelas-redes-sociais\/\" target=\"_blank\" rel=\"noreferrer noopener\" aria-label=\" (abre numa nova aba)\">redes sociais<\/a>, mecanismos de busca, comparadores de pre\u00e7o e at\u00e9 mesmo o bom e velho e-mail. Por isso, n\u00e3o esque\u00e7a de<strong> criar an\u00fancios tem\u00e1ticos para o Dia das Crian\u00e7as<\/strong> nos canais relevantes para a sua loja virtual. Confira alguns exemplos de excelentes canais de divulga\u00e7\u00e3o:<\/p>\n\n\n\n<ul class=\"wp-block-list\">\n<li><strong>E-mail: <\/strong>\u00e9 eficiente e praticamente n\u00e3o tem custo algum. Existem servi\u00e7os gratuitos que permitem a cria\u00e7\u00e3o e o disparo de e-mails para um grande n\u00famero de destinat\u00e1rios. O <a aria-label=\" (abre numa nova aba)\" href=\"https:\/\/mailchimp.com\/features\/email\/\" target=\"_blank\" rel=\"noreferrer noopener\">MailChimp<\/a> \u00e9 um deles. Vale a pena conhecer!<\/li>\n\n\n\n<li><strong>Google Ads: <\/strong>anunciar no maior mecanismo de buscas da atualidade \u00e9 indispens\u00e1vel para atrair tr\u00e1fego para o site de quem tem e-commerce pr\u00f3prio. <a href=\"https:\/\/ads.google.com\/intl\/pt-BR_br\/home\/how-it-works\/\">Veja como come\u00e7ar!<\/a><\/li>\n\n\n\n<li><strong>Redes sociais: <\/strong>s\u00e3o excelentes motivadores de compras! Estar nelas \u00e9 essencial para construir relacionamento com o p\u00fablico e ampliar a visibilidade da sua loja virtual. <strong><a aria-label=\" (abre numa nova aba)\" href=\"https:\/\/youtu.be\/ZMxBRXy4z44\" target=\"_blank\" rel=\"noreferrer noopener\">YouTube<\/a><\/strong>, <strong>Facebook, WhatsApp e Instagram <\/strong>est\u00e3o entre as mais populares atualmente.<\/li>\n<\/ul>\n\n\n\n<h3 class=\"wp-block-heading\">Tem e-commerce pr\u00f3prio? Crie banners especiais para O DIA DAS CRIAN\u00c7AS!<\/h3>\n\n\n\n<p>Os banners s\u00e3o \u00f3timos para <strong>chamar a aten\u00e7\u00e3o de quem visita o site do seu e-commerce.<\/strong> Voc\u00ea pode criar conjuntos espec\u00edficos de banners para o Dia das Crian\u00e7as e utiliz\u00e1-los para agrupar produtos semelhantes, mas n\u00e3o apenas isso: \u00e9 poss\u00edvel agrupar itens por faixa de valor, oferecer descontos progressivos para incentivar mais compras, reunir itens de acordo com o interesse dos consumidores e muitas outras estrat\u00e9gias!<\/p>\n\n\n\n<p>Por exemplo: um de seus banners pode exibir produtos selecionados para crian\u00e7as de at\u00e9 6 anos, enquanto outro agrupa produtos para crian\u00e7as com idades entre 6 e 12 anos. Segmenta\u00e7\u00f5es como essas ajudam o seu p\u00fablico a encontrar mais rapidamente os itens desejados \u2014 e podem servir at\u00e9 mesmo para despertar o interesse em outros produtos!<\/p>\n\n\n\n<h3 class=\"wp-block-heading\">Aprenda a criar imagens profissionais<\/h3>\n\n\n\n<p>Quem est\u00e1 come\u00e7ando a vender pela internet nem sempre tem recursos financeiros para contratar uma ag\u00eancia ou um profissional para produzir imagens para banners, redes sociais e demais materiais visuais. Por sorte, existem <strong>ferramentas gratuitas<\/strong> que podem ajudar at\u00e9 mesmo quem n\u00e3o tem experi\u00eancia nessa \u00e1rea! \u00c9 o caso do <strong><a href=\"https:\/\/www.canva.com\/pt_br\/modelos\/\" target=\"_blank\" rel=\"noreferrer noopener\">Canva.com<\/a><\/strong>. O site facilita a cria\u00e7\u00e3o dos mais diversos designs: publica\u00e7\u00f5es para redes sociais, banners, cart\u00f5es de visita e muito mais.<\/p>\n\n\n<div class=\"wp-block-image\">\n<figure class=\"aligncenter size-large\"><img decoding=\"async\" width=\"662\" height=\"356\" src=\"https:\/\/blog.melhorenvio.com.br\/wp-content\/uploads\/2021\/07\/canva-e-excelente-alternativa-para-quem-tem-pouca-pratica-1.png\" alt=\"Edi\u00e7\u00e3o de imagem pelo Canva\" class=\"wp-image-38848\" srcset=\"https:\/\/melhorenvio.com.br\/blog\/wp-content\/uploads\/2021\/07\/canva-e-excelente-alternativa-para-quem-tem-pouca-pratica-1.png 662w, https:\/\/melhorenvio.com.br\/blog\/wp-content\/uploads\/2021\/07\/canva-e-excelente-alternativa-para-quem-tem-pouca-pratica-1-300x161.png 300w\" sizes=\"(max-width: 662px) 100vw, 662px\" \/><figcaption class=\"wp-element-caption\">Imagem: Canva (reprodu\u00e7\u00e3o)\n<\/figcaption><\/figure>\n<\/div>\n\n\n<h3 class=\"wp-block-heading\">Ofere\u00e7a v\u00e1rias formas de pagamento<\/h3>\n\n\n\n<p><strong>O cart\u00e3o de cr\u00e9dito j\u00e1 \u00e9 a forma de pagamento preferida pelos brasileiros.<\/strong> Segundo o Webshoppers, 67% das pessoas pagaram suas compras nessa modalidade no 1\u00ba semestre de 2019. O boleto banc\u00e1rio ocupa a segunda posi\u00e7\u00e3o, favorito de 19% dos consumidores.&nbsp;<\/p>\n\n\n\n<p><strong>Isso n\u00e3o significa que o lojista deva oferecer apenas essas duas op\u00e7\u00f5es:<\/strong> cart\u00f5es de d\u00e9bito, transfer\u00eancias banc\u00e1rias e outras modalidades ainda s\u00e3o utilizadas por uma parcela significativa de consumidores. Por isso, o ideal \u00e9 oferecer v\u00e1rias formas de pagamento e deixar o cliente escolher livremente.<\/p>\n\n\n\n<h2 class=\"wp-block-heading\">Frete gr\u00e1tis \u00e9 vi\u00e1vel para o seu neg\u00f3cio?<\/h2>\n\n\n\n<p>Como voc\u00ea com certeza j\u00e1 sabe, <strong>o valor do frete causa a maioria dos <a href=\"https:\/\/melhorenvio.com.br\/blog\/ecommerce-e-marketplace\/como-reduzir-o-abandono-de-carrinho-no-seu-e-commerce\/\" target=\"_blank\" rel=\"noreferrer noopener\">abandonos de carrinho<\/a>.<\/strong> O cliente chega at\u00e9 o checkout da sua loja virtual, mas fecha a p\u00e1gina quando visualiza o valor da entrega. Uma alternativa para contornar essa situa\u00e7\u00e3o \u00e9 <strong>oferecer frete gr\u00e1tis em momentos estrat\u00e9gicos.<\/strong> <a aria-label=\" (abre numa nova aba)\" href=\"https:\/\/melhorenvio.com.br\/blog\/datas-especiais\/como-atrair-clientes-e-commerce-datas-comemorativas\/\" target=\"_blank\" rel=\"noreferrer noopener\">Datas comemorativas<\/a> s\u00e3o oportunidades valiosas para utilizar o frete gr\u00e1tis, que pode servir como ferramenta para atrair mais clientes para o seu neg\u00f3cio. Segundo uma pesquisa de inten\u00e7\u00e3o de compra feita pela <a aria-label=\" (abre numa nova aba)\" href=\"https:\/\/blog.opinionbox.com\/pesquisa-de-intencao-de-compra-dia-das-criancas-2019\/\" target=\"_blank\" rel=\"noreferrer noopener\">Opinion Box<\/a> para o dia das crian\u00e7as, o valor do frete \u00e9 um dos fatores que faz as pessoas escolherem uma loja, como mostra a imagem abaixo:<\/p>\n\n\n<div class=\"wp-block-image\">\n<figure class=\"aligncenter size-large\"><img decoding=\"async\" width=\"533\" height=\"398\" src=\"https:\/\/blog.melhorenvio.com.br\/wp-content\/uploads\/2021\/07\/valor-do-frete-1.png\" alt=\"Pesquisa da Opinion Box: O que faria as pessoas escolherem uma loja\" class=\"wp-image-38847\" srcset=\"https:\/\/melhorenvio.com.br\/blog\/wp-content\/uploads\/2021\/07\/valor-do-frete-1.png 533w, https:\/\/melhorenvio.com.br\/blog\/wp-content\/uploads\/2021\/07\/valor-do-frete-1-300x224.png 300w\" sizes=\"(max-width: 533px) 100vw, 533px\" \/><figcaption class=\"wp-element-caption\">Imagem: Opinion Box. A soma excede 100% porque os respondentes tinham a op\u00e7\u00e3o de marcar mais de uma alternativa.\n<\/figcaption><\/figure>\n<\/div>\n\n\n<p>Por isso, analise se o frete gr\u00e1tis \u00e9 uma estrat\u00e9gia vi\u00e1vel para o seu neg\u00f3cio, ou seja, a pr\u00e1tica n\u00e3o pode comprometer o seu lucro! Sempre vale lembrar: nenhum lojista \u00e9 obrigado a oferecer o benef\u00edcio. <strong>Quer saber mais sobre o assunto? Aproveite e tire suas d\u00favidas sobre <a href=\"https:\/\/melhorenvio.com.br\/blog\/frete-e-logistica\/como-e-quando-oferecer-frete-gratis\/\" target=\"_blank\" rel=\"noreferrer noopener\">como e quando oferecer frete gr\u00e1tis!<\/a><\/strong><br><\/p>\n\n\n\n<h3 class=\"wp-block-heading\">Interesse por comprar pela internet e retirar em loja f\u00edsica est\u00e1 crescendo<\/h3>\n\n\n\n<p>\tQuem tem loja f\u00edsica pode disponibilizar ao cliente a op\u00e7\u00e3o de retirar o pedido no local. E a gente explica o motivo dessa dica: as pesquisas de inten\u00e7\u00e3o de compra mostram que, em datas como o <strong>Dia das Crian\u00e7as<\/strong>, cerca de <strong>25% <\/strong>dos consumidores preferem pesquisar em lojas online e depois comprar em loja f\u00edsica. Se o seu e-commerce possui tamb\u00e9m uma sede f\u00edsica, pode ser interessante disponibilizar essa modalidade para captar o interesse de clientes que n\u00e3o querem esperar pela entrega. O combo frete gr\u00e1tis + op\u00e7\u00e3o de retirar em loja f\u00edsica pode ser \u00f3timo para suas vendas!<\/p>\n","protected":false},"excerpt":{"rendered":"<p>Dia das Crian\u00e7as: confira tudo o que voc\u00ea precisa saber para n\u00e3o brincar em servi\u00e7o e vender mais nessa data comemorativa! As datas comemorativas s\u00e3o importantes para os mais diversos setores do varejo, pois representam excelentes oportunidades para alavancar vendas e fidelizar clientes. Al\u00e9m de aproveitar as datas do calend\u00e1rio comercial regular, o e-commerce, em [&hellip;]<\/p>\n","protected":false},"author":3,"featured_media":38265,"comment_status":"closed","ping_status":"open","sticky":false,"template":"","format":"standard","meta":{"_acf_changed":false,"jnews-multi-image_gallery":[],"jnews_single_post":{"subtitle":"","format":"standard","video":"","gallery":"","source_name":"","source_url":"","via_name":"","via_url":"","override_template":"0","override":[{"template":"4","single_blog_custom":"","parallax":"1","fullscreen":"0","layout":"right-sidebar","sidebar":"","second_sidebar":"","sticky_sidebar":"1","share_position":"","share_float_style":"","show_share_counter":"1","show_view_counter":"1","show_featured":"1","show_post_meta":"1","show_post_author":"1","show_post_author_image":"1","show_post_date":"1","post_date_format":"","post_date_format_custom":"","show_post_category":"1","show_post_reading_time":"0","post_reading_time_wpm":"","post_calculate_word_method":"str_word_count","show_zoom_button":"0","zoom_button_out_step":"1","zoom_button_in_step":"1","show_post_tag":"1","show_prev_next_post":"1","show_popup_post":"1","number_popup_post":"1","show_author_box":"0","show_post_related":"0","show_inline_post_related":"0"}],"override_image_size":"0","image_override":[{"single_post_thumbnail_size":"","single_post_gallery_size":""}],"trending_post":"0","trending_post_position":"","trending_post_label":"","sponsored_post":"0","sponsored_post_label":"","sponsored_post_name":"","sponsored_post_url":"","sponsored_post_logo_enable":"0","sponsored_post_logo":"","sponsored_post_desc":"","disable_ad":"0"},"jnews_primary_category":{"id":"","hide":""},"footnotes":""},"categories":[59],"tags":[],"class_list":["post-30582","post","type-post","status-publish","format-standard","has-post-thumbnail","hentry","category-datas-especiais"],"acf":[],"yoast_head":"<!-- This site is optimized with the Yoast SEO plugin v27.3 - https:\/\/yoast.com\/product\/yoast-seo-wordpress\/ -->\n<title>Dia das Crian\u00e7as: prepare seu e-commerce | Blog Melhor Envio<\/title>\n<meta name=\"description\" content=\"Dia das Crian\u00e7as: confira tudo o que voc\u00ea precisa saber para n\u00e3o brincar em servi\u00e7o e vender mais nessa data comemorativa!\" \/>\n<meta name=\"robots\" content=\"index, follow, max-snippet:-1, max-image-preview:large, max-video-preview:-1\" \/>\n<link rel=\"canonical\" href=\"https:\/\/melhorenvio.com.br\/blog\/datas-especiais\/prepare-seu-e-commerce-para-o-dia-das-criancas\/\" \/>\n<meta property=\"og:locale\" content=\"pt_BR\" \/>\n<meta property=\"og:type\" content=\"article\" \/>\n<meta property=\"og:title\" content=\"Dia das Crian\u00e7as: prepare seu e-commerce | Blog Melhor Envio\" \/>\n<meta property=\"og:description\" content=\"Dia das Crian\u00e7as: confira tudo o que voc\u00ea precisa saber para n\u00e3o brincar em servi\u00e7o e vender mais nessa data comemorativa!\" \/>\n<meta property=\"og:url\" content=\"https:\/\/melhorenvio.com.br\/blog\/datas-especiais\/prepare-seu-e-commerce-para-o-dia-das-criancas\/\" \/>\n<meta property=\"og:site_name\" content=\"Blog Melhor Envio\" \/>\n<meta property=\"article:publisher\" content=\"https:\/\/www.facebook.com\/MelhorEnvio\/\" \/>\n<meta property=\"article:published_time\" content=\"2019-09-19T17:00:34+00:00\" \/>\n<meta property=\"article:modified_time\" content=\"2026-04-02T19:56:47+00:00\" \/>\n<meta property=\"og:image\" content=\"https:\/\/melhorenvio.com.br\/blog\/wp-content\/uploads\/2019\/09\/Blog-Prepare-seu-e-commerce-para-o-Dia-das-Criancas-1-1.png\" \/>\n\t<meta property=\"og:image:width\" content=\"1200\" \/>\n\t<meta property=\"og:image:height\" content=\"630\" \/>\n\t<meta property=\"og:image:type\" content=\"image\/png\" \/>\n<meta name=\"author\" content=\"Lucas Zanini\" \/>\n<meta name=\"twitter:card\" content=\"summary_large_image\" \/>\n<meta name=\"twitter:creator\" content=\"@melhorenvio\" \/>\n<meta name=\"twitter:site\" content=\"@melhorenvio\" \/>\n<meta name=\"twitter:label1\" content=\"Escrito por\" \/>\n\t<meta name=\"twitter:data1\" content=\"Lucas Zanini\" \/>\n\t<meta name=\"twitter:label2\" content=\"Est. tempo de leitura\" \/>\n\t<meta name=\"twitter:data2\" content=\"8 minutos\" \/>\n<script type=\"application\/ld+json\" class=\"yoast-schema-graph\">{\"@context\":\"https:\\\/\\\/schema.org\",\"@graph\":[{\"@type\":\"Article\",\"@id\":\"https:\\\/\\\/melhorenvio.com.br\\\/blog\\\/datas-especiais\\\/prepare-seu-e-commerce-para-o-dia-das-criancas\\\/#article\",\"isPartOf\":{\"@id\":\"https:\\\/\\\/melhorenvio.com.br\\\/blog\\\/datas-especiais\\\/prepare-seu-e-commerce-para-o-dia-das-criancas\\\/\"},\"author\":{\"name\":\"Lucas Zanini\",\"@id\":\"https:\\\/\\\/blog.melhorenvio.com.br\\\/#\\\/schema\\\/person\\\/bfd08487de82bd39e561d2d87d468cf9\"},\"headline\":\"Como preparar seu e-commerce para o dia das crian\u00e7as\",\"datePublished\":\"2019-09-19T17:00:34+00:00\",\"dateModified\":\"2026-04-02T19:56:47+00:00\",\"mainEntityOfPage\":{\"@id\":\"https:\\\/\\\/melhorenvio.com.br\\\/blog\\\/datas-especiais\\\/prepare-seu-e-commerce-para-o-dia-das-criancas\\\/\"},\"wordCount\":1303,\"publisher\":{\"@id\":\"https:\\\/\\\/blog.melhorenvio.com.br\\\/#organization\"},\"image\":{\"@id\":\"https:\\\/\\\/melhorenvio.com.br\\\/blog\\\/datas-especiais\\\/prepare-seu-e-commerce-para-o-dia-das-criancas\\\/#primaryimage\"},\"thumbnailUrl\":\"https:\\\/\\\/melhorenvio.com.br\\\/blog\\\/wp-content\\\/uploads\\\/2019\\\/09\\\/Blog-Prepare-seu-e-commerce-para-o-Dia-das-Criancas-1-1.png\",\"articleSection\":[\"Datas especiais\"],\"inLanguage\":\"pt-BR\"},{\"@type\":\"WebPage\",\"@id\":\"https:\\\/\\\/melhorenvio.com.br\\\/blog\\\/datas-especiais\\\/prepare-seu-e-commerce-para-o-dia-das-criancas\\\/\",\"url\":\"https:\\\/\\\/melhorenvio.com.br\\\/blog\\\/datas-especiais\\\/prepare-seu-e-commerce-para-o-dia-das-criancas\\\/\",\"name\":\"Dia das Crian\u00e7as: prepare seu e-commerce | Blog Melhor Envio\",\"isPartOf\":{\"@id\":\"https:\\\/\\\/blog.melhorenvio.com.br\\\/#website\"},\"primaryImageOfPage\":{\"@id\":\"https:\\\/\\\/melhorenvio.com.br\\\/blog\\\/datas-especiais\\\/prepare-seu-e-commerce-para-o-dia-das-criancas\\\/#primaryimage\"},\"image\":{\"@id\":\"https:\\\/\\\/melhorenvio.com.br\\\/blog\\\/datas-especiais\\\/prepare-seu-e-commerce-para-o-dia-das-criancas\\\/#primaryimage\"},\"thumbnailUrl\":\"https:\\\/\\\/melhorenvio.com.br\\\/blog\\\/wp-content\\\/uploads\\\/2019\\\/09\\\/Blog-Prepare-seu-e-commerce-para-o-Dia-das-Criancas-1-1.png\",\"datePublished\":\"2019-09-19T17:00:34+00:00\",\"dateModified\":\"2026-04-02T19:56:47+00:00\",\"description\":\"Dia das Crian\u00e7as: confira tudo o que voc\u00ea precisa saber para n\u00e3o brincar em servi\u00e7o e vender mais nessa data comemorativa!\",\"inLanguage\":\"pt-BR\",\"potentialAction\":[{\"@type\":\"ReadAction\",\"target\":[\"https:\\\/\\\/melhorenvio.com.br\\\/blog\\\/datas-especiais\\\/prepare-seu-e-commerce-para-o-dia-das-criancas\\\/\"]}]},{\"@type\":\"ImageObject\",\"inLanguage\":\"pt-BR\",\"@id\":\"https:\\\/\\\/melhorenvio.com.br\\\/blog\\\/datas-especiais\\\/prepare-seu-e-commerce-para-o-dia-das-criancas\\\/#primaryimage\",\"url\":\"https:\\\/\\\/melhorenvio.com.br\\\/blog\\\/wp-content\\\/uploads\\\/2019\\\/09\\\/Blog-Prepare-seu-e-commerce-para-o-Dia-das-Criancas-1-1.png\",\"contentUrl\":\"https:\\\/\\\/melhorenvio.com.br\\\/blog\\\/wp-content\\\/uploads\\\/2019\\\/09\\\/Blog-Prepare-seu-e-commerce-para-o-Dia-das-Criancas-1-1.png\",\"width\":1200,\"height\":630},{\"@type\":\"WebSite\",\"@id\":\"https:\\\/\\\/blog.melhorenvio.com.br\\\/#website\",\"url\":\"https:\\\/\\\/blog.melhorenvio.com.br\\\/\",\"name\":\"Blog Melhor Envio\",\"description\":\"Aprenda a economizar na gest\u00e3o de fretes\",\"publisher\":{\"@id\":\"https:\\\/\\\/blog.melhorenvio.com.br\\\/#organization\"},\"alternateName\":\"Blog do Melhor Envio\",\"potentialAction\":[{\"@type\":\"SearchAction\",\"target\":{\"@type\":\"EntryPoint\",\"urlTemplate\":\"https:\\\/\\\/blog.melhorenvio.com.br\\\/?s={search_term_string}\"},\"query-input\":{\"@type\":\"PropertyValueSpecification\",\"valueRequired\":true,\"valueName\":\"search_term_string\"}}],\"inLanguage\":\"pt-BR\"},{\"@type\":\"Organization\",\"@id\":\"https:\\\/\\\/blog.melhorenvio.com.br\\\/#organization\",\"name\":\"Melhor Envio\",\"alternateName\":\"Melhor Envio\",\"url\":\"https:\\\/\\\/blog.melhorenvio.com.br\\\/\",\"logo\":{\"@type\":\"ImageObject\",\"inLanguage\":\"pt-BR\",\"@id\":\"https:\\\/\\\/blog.melhorenvio.com.br\\\/#\\\/schema\\\/logo\\\/image\\\/\",\"url\":\"https:\\\/\\\/melhorenvio.com.br\\\/blog\\\/wp-content\\\/uploads\\\/2022\\\/12\\\/blog-logo-melhor-envio.webp\",\"contentUrl\":\"https:\\\/\\\/melhorenvio.com.br\\\/blog\\\/wp-content\\\/uploads\\\/2022\\\/12\\\/blog-logo-melhor-envio.webp\",\"width\":188,\"height\":96,\"caption\":\"Melhor Envio\"},\"image\":{\"@id\":\"https:\\\/\\\/blog.melhorenvio.com.br\\\/#\\\/schema\\\/logo\\\/image\\\/\"},\"sameAs\":[\"https:\\\/\\\/www.facebook.com\\\/MelhorEnvio\\\/\",\"https:\\\/\\\/x.com\\\/melhorenvio\",\"https:\\\/\\\/www.instagram.com\\\/melhorenvio\",\"https:\\\/\\\/www.youtube.com\\\/melhorenviooficial\",\"https:\\\/\\\/br.linkedin.com\\\/company\\\/melhorenvio\"]},{\"@type\":\"Person\",\"@id\":\"https:\\\/\\\/blog.melhorenvio.com.br\\\/#\\\/schema\\\/person\\\/bfd08487de82bd39e561d2d87d468cf9\",\"name\":\"Lucas Zanini\",\"image\":{\"@type\":\"ImageObject\",\"inLanguage\":\"pt-BR\",\"@id\":\"https:\\\/\\\/secure.gravatar.com\\\/avatar\\\/3761dd5740e59f7c80a9de35d5da814b0e1e4098e0f9de8b8113863877ac9794?s=96&d=mm&r=g\",\"url\":\"https:\\\/\\\/secure.gravatar.com\\\/avatar\\\/3761dd5740e59f7c80a9de35d5da814b0e1e4098e0f9de8b8113863877ac9794?s=96&d=mm&r=g\",\"contentUrl\":\"https:\\\/\\\/secure.gravatar.com\\\/avatar\\\/3761dd5740e59f7c80a9de35d5da814b0e1e4098e0f9de8b8113863877ac9794?s=96&d=mm&r=g\",\"caption\":\"Lucas Zanini\"},\"description\":\"Jornalista que l\u00ea de tudo um pouco e escreve sobre um pouco de tudo. Apaixonado por criar materiais \u00fateis para quem vende online, Lucas integra a equipe de produ\u00e7\u00e3o de conte\u00fado do Melhor Envio, plataforma que simplifica o frete para milhares de lojistas.\",\"url\":\"https:\\\/\\\/melhorenvio.com.br\\\/blog\\\/author\\\/lucas-zanini\\\/\"}]}<\/script>\n<!-- \/ Yoast SEO plugin. -->","yoast_head_json":{"title":"Dia das Crian\u00e7as: prepare seu e-commerce | Blog Melhor Envio","description":"Dia das Crian\u00e7as: confira tudo o que voc\u00ea precisa saber para n\u00e3o brincar em servi\u00e7o e vender mais nessa data comemorativa!","robots":{"index":"index","follow":"follow","max-snippet":"max-snippet:-1","max-image-preview":"max-image-preview:large","max-video-preview":"max-video-preview:-1"},"canonical":"https:\/\/melhorenvio.com.br\/blog\/datas-especiais\/prepare-seu-e-commerce-para-o-dia-das-criancas\/","og_locale":"pt_BR","og_type":"article","og_title":"Dia das Crian\u00e7as: prepare seu e-commerce | Blog Melhor Envio","og_description":"Dia das Crian\u00e7as: confira tudo o que voc\u00ea precisa saber para n\u00e3o brincar em servi\u00e7o e vender mais nessa data comemorativa!","og_url":"https:\/\/melhorenvio.com.br\/blog\/datas-especiais\/prepare-seu-e-commerce-para-o-dia-das-criancas\/","og_site_name":"Blog Melhor Envio","article_publisher":"https:\/\/www.facebook.com\/MelhorEnvio\/","article_published_time":"2019-09-19T17:00:34+00:00","article_modified_time":"2026-04-02T19:56:47+00:00","og_image":[{"width":1200,"height":630,"url":"https:\/\/melhorenvio.com.br\/blog\/wp-content\/uploads\/2019\/09\/Blog-Prepare-seu-e-commerce-para-o-Dia-das-Criancas-1-1.png","type":"image\/png"}],"author":"Lucas Zanini","twitter_card":"summary_large_image","twitter_creator":"@melhorenvio","twitter_site":"@melhorenvio","twitter_misc":{"Escrito por":"Lucas Zanini","Est. tempo de leitura":"8 minutos"},"schema":{"@context":"https:\/\/schema.org","@graph":[{"@type":"Article","@id":"https:\/\/melhorenvio.com.br\/blog\/datas-especiais\/prepare-seu-e-commerce-para-o-dia-das-criancas\/#article","isPartOf":{"@id":"https:\/\/melhorenvio.com.br\/blog\/datas-especiais\/prepare-seu-e-commerce-para-o-dia-das-criancas\/"},"author":{"name":"Lucas Zanini","@id":"https:\/\/blog.melhorenvio.com.br\/#\/schema\/person\/bfd08487de82bd39e561d2d87d468cf9"},"headline":"Como preparar seu e-commerce para o dia das crian\u00e7as","datePublished":"2019-09-19T17:00:34+00:00","dateModified":"2026-04-02T19:56:47+00:00","mainEntityOfPage":{"@id":"https:\/\/melhorenvio.com.br\/blog\/datas-especiais\/prepare-seu-e-commerce-para-o-dia-das-criancas\/"},"wordCount":1303,"publisher":{"@id":"https:\/\/blog.melhorenvio.com.br\/#organization"},"image":{"@id":"https:\/\/melhorenvio.com.br\/blog\/datas-especiais\/prepare-seu-e-commerce-para-o-dia-das-criancas\/#primaryimage"},"thumbnailUrl":"https:\/\/melhorenvio.com.br\/blog\/wp-content\/uploads\/2019\/09\/Blog-Prepare-seu-e-commerce-para-o-Dia-das-Criancas-1-1.png","articleSection":["Datas especiais"],"inLanguage":"pt-BR"},{"@type":"WebPage","@id":"https:\/\/melhorenvio.com.br\/blog\/datas-especiais\/prepare-seu-e-commerce-para-o-dia-das-criancas\/","url":"https:\/\/melhorenvio.com.br\/blog\/datas-especiais\/prepare-seu-e-commerce-para-o-dia-das-criancas\/","name":"Dia das Crian\u00e7as: prepare seu e-commerce | Blog Melhor Envio","isPartOf":{"@id":"https:\/\/blog.melhorenvio.com.br\/#website"},"primaryImageOfPage":{"@id":"https:\/\/melhorenvio.com.br\/blog\/datas-especiais\/prepare-seu-e-commerce-para-o-dia-das-criancas\/#primaryimage"},"image":{"@id":"https:\/\/melhorenvio.com.br\/blog\/datas-especiais\/prepare-seu-e-commerce-para-o-dia-das-criancas\/#primaryimage"},"thumbnailUrl":"https:\/\/melhorenvio.com.br\/blog\/wp-content\/uploads\/2019\/09\/Blog-Prepare-seu-e-commerce-para-o-Dia-das-Criancas-1-1.png","datePublished":"2019-09-19T17:00:34+00:00","dateModified":"2026-04-02T19:56:47+00:00","description":"Dia das Crian\u00e7as: confira tudo o que voc\u00ea precisa saber para n\u00e3o brincar em servi\u00e7o e vender mais nessa data comemorativa!","inLanguage":"pt-BR","potentialAction":[{"@type":"ReadAction","target":["https:\/\/melhorenvio.com.br\/blog\/datas-especiais\/prepare-seu-e-commerce-para-o-dia-das-criancas\/"]}]},{"@type":"ImageObject","inLanguage":"pt-BR","@id":"https:\/\/melhorenvio.com.br\/blog\/datas-especiais\/prepare-seu-e-commerce-para-o-dia-das-criancas\/#primaryimage","url":"https:\/\/melhorenvio.com.br\/blog\/wp-content\/uploads\/2019\/09\/Blog-Prepare-seu-e-commerce-para-o-Dia-das-Criancas-1-1.png","contentUrl":"https:\/\/melhorenvio.com.br\/blog\/wp-content\/uploads\/2019\/09\/Blog-Prepare-seu-e-commerce-para-o-Dia-das-Criancas-1-1.png","width":1200,"height":630},{"@type":"WebSite","@id":"https:\/\/blog.melhorenvio.com.br\/#website","url":"https:\/\/blog.melhorenvio.com.br\/","name":"Blog Melhor Envio","description":"Aprenda a economizar na gest\u00e3o de fretes","publisher":{"@id":"https:\/\/blog.melhorenvio.com.br\/#organization"},"alternateName":"Blog do Melhor Envio","potentialAction":[{"@type":"SearchAction","target":{"@type":"EntryPoint","urlTemplate":"https:\/\/blog.melhorenvio.com.br\/?s={search_term_string}"},"query-input":{"@type":"PropertyValueSpecification","valueRequired":true,"valueName":"search_term_string"}}],"inLanguage":"pt-BR"},{"@type":"Organization","@id":"https:\/\/blog.melhorenvio.com.br\/#organization","name":"Melhor Envio","alternateName":"Melhor Envio","url":"https:\/\/blog.melhorenvio.com.br\/","logo":{"@type":"ImageObject","inLanguage":"pt-BR","@id":"https:\/\/blog.melhorenvio.com.br\/#\/schema\/logo\/image\/","url":"https:\/\/melhorenvio.com.br\/blog\/wp-content\/uploads\/2022\/12\/blog-logo-melhor-envio.webp","contentUrl":"https:\/\/melhorenvio.com.br\/blog\/wp-content\/uploads\/2022\/12\/blog-logo-melhor-envio.webp","width":188,"height":96,"caption":"Melhor Envio"},"image":{"@id":"https:\/\/blog.melhorenvio.com.br\/#\/schema\/logo\/image\/"},"sameAs":["https:\/\/www.facebook.com\/MelhorEnvio\/","https:\/\/x.com\/melhorenvio","https:\/\/www.instagram.com\/melhorenvio","https:\/\/www.youtube.com\/melhorenviooficial","https:\/\/br.linkedin.com\/company\/melhorenvio"]},{"@type":"Person","@id":"https:\/\/blog.melhorenvio.com.br\/#\/schema\/person\/bfd08487de82bd39e561d2d87d468cf9","name":"Lucas Zanini","image":{"@type":"ImageObject","inLanguage":"pt-BR","@id":"https:\/\/secure.gravatar.com\/avatar\/3761dd5740e59f7c80a9de35d5da814b0e1e4098e0f9de8b8113863877ac9794?s=96&d=mm&r=g","url":"https:\/\/secure.gravatar.com\/avatar\/3761dd5740e59f7c80a9de35d5da814b0e1e4098e0f9de8b8113863877ac9794?s=96&d=mm&r=g","contentUrl":"https:\/\/secure.gravatar.com\/avatar\/3761dd5740e59f7c80a9de35d5da814b0e1e4098e0f9de8b8113863877ac9794?s=96&d=mm&r=g","caption":"Lucas Zanini"},"description":"Jornalista que l\u00ea de tudo um pouco e escreve sobre um pouco de tudo. Apaixonado por criar materiais \u00fateis para quem vende online, Lucas integra a equipe de produ\u00e7\u00e3o de conte\u00fado do Melhor Envio, plataforma que simplifica o frete para milhares de lojistas.","url":"https:\/\/melhorenvio.com.br\/blog\/author\/lucas-zanini\/"}]}},"_links":{"self":[{"href":"https:\/\/melhorenvio.com.br\/blog\/wp-json\/wp\/v2\/posts\/30582","targetHints":{"allow":["GET"]}}],"collection":[{"href":"https:\/\/melhorenvio.com.br\/blog\/wp-json\/wp\/v2\/posts"}],"about":[{"href":"https:\/\/melhorenvio.com.br\/blog\/wp-json\/wp\/v2\/types\/post"}],"author":[{"embeddable":true,"href":"https:\/\/melhorenvio.com.br\/blog\/wp-json\/wp\/v2\/users\/3"}],"replies":[{"embeddable":true,"href":"https:\/\/melhorenvio.com.br\/blog\/wp-json\/wp\/v2\/comments?post=30582"}],"version-history":[{"count":14,"href":"https:\/\/melhorenvio.com.br\/blog\/wp-json\/wp\/v2\/posts\/30582\/revisions"}],"predecessor-version":[{"id":59640,"href":"https:\/\/melhorenvio.com.br\/blog\/wp-json\/wp\/v2\/posts\/30582\/revisions\/59640"}],"wp:featuredmedia":[{"embeddable":true,"href":"https:\/\/melhorenvio.com.br\/blog\/wp-json\/wp\/v2\/media\/38265"}],"wp:attachment":[{"href":"https:\/\/melhorenvio.com.br\/blog\/wp-json\/wp\/v2\/media?parent=30582"}],"wp:term":[{"taxonomy":"category","embeddable":true,"href":"https:\/\/melhorenvio.com.br\/blog\/wp-json\/wp\/v2\/categories?post=30582"},{"taxonomy":"post_tag","embeddable":true,"href":"https:\/\/melhorenvio.com.br\/blog\/wp-json\/wp\/v2\/tags?post=30582"}],"curies":[{"name":"wp","href":"https:\/\/api.w.org\/{rel}","templated":true}]}}