{"id":31466,"date":"2026-02-20T12:12:09","date_gmt":"2026-02-20T15:12:09","guid":{"rendered":"https:\/\/blog.melhorenvio.com.br\/?p=31466"},"modified":"2026-02-25T09:23:29","modified_gmt":"2026-02-25T12:23:29","slug":"dia-do-consumidor-2026","status":"publish","type":"post","link":"https:\/\/melhorenvio.com.br\/blog\/datas-especiais\/dia-do-consumidor-2026\/","title":{"rendered":"Dia do Consumidor 2026: quando \u00e9 e como se preparar para vender mais"},"content":{"rendered":"\n<p>O <strong>Dia do Consumidor 2026<\/strong> j\u00e1 tem data marcada: <strong>15 de mar\u00e7o, um s\u00e1bado<\/strong>. Para o e-commerce, n\u00e3o \u00e9 exagero dizer que essa \u00e9 a Black Friday do primeiro semestre. A diferen\u00e7a \u00e9 que aqui o cliente chega mais atento aos pr\u00f3prios direitos \u2014 e compara tudo, inclusive o frete.<\/p>\n\n\n\n<p>Em 2025, s\u00f3 as pequenas e m\u00e9dias empresas (PMEs) <a href=\"https:\/\/www.ecommercebrasil.com.br\/noticias\/semana-do-consumidor-2025-pmes-online-faturam-r-1245-milhoes\" target=\"_blank\" rel=\"noreferrer noopener\">faturaram R$124,5 milh\u00f5es durante a Semana do Consumidor<\/a>. Nesse sentido, as datas promocionais fora do calend\u00e1rio tradicional j\u00e1 representam uma fatia relevante do faturamento do varejo online. A Semana do Consumidor entrou de vez no radar das marcas. Quem se planejou, colheu. Quem improvisou, queimou a margem.<\/p>\n\n\n\n<figure class=\"wp-block-embed is-type-video is-provider-youtube wp-block-embed-youtube wp-embed-aspect-16-9 wp-has-aspect-ratio\"><div class=\"wp-block-embed__wrapper\">\n<div class=\"jeg_video_container jeg_video_content\"><iframe loading=\"lazy\" title=\"Dia do Consumidor 2026: Estrat\u00e9gias para vender mais no E-commerce\" width=\"500\" height=\"281\" src=\"https:\/\/www.youtube.com\/embed\/H8UFJYEHAXI?feature=oembed&#038;enablejsapi=1&#038;origin=https:\/\/melhorenvio.com.br\" frameborder=\"0\" allow=\"accelerometer; autoplay; clipboard-write; encrypted-media; gyroscope; picture-in-picture; web-share\" referrerpolicy=\"strict-origin-when-cross-origin\" allowfullscreen><\/iframe><\/div>\n<\/div><\/figure>\n\n\n\n<p>Para o lojista, o Dia do Consumidor vai muito al\u00e9m dos descontos. Envolve estrat\u00e9gia de pre\u00e7o, log\u00edstica eficiente, clareza nas pol\u00edticas e uma experi\u00eancia que reduza atritos. \u00c9 nesse ponto que plataformas como o Melhor Envio ganham protagonismo: <strong>comparar transportadoras, reduzir custo log\u00edstico e oferecer rastreio transparente s\u00e3o a\u00e7\u00f5es que mudam o jogo.<\/strong><\/p>\n\n\n\n<p>Continue a leitura para saber mais sobre essa data e saiba como vender mais!<\/p>\n\n\n\n<div class=\"wp-block-buttons is-content-justification-center is-layout-flex wp-container-core-buttons-is-layout-16018d1d wp-block-buttons-is-layout-flex\">\n<div class=\"wp-block-button\"><a class=\"wp-block-button__link has-background wp-element-button\" href=\"https:\/\/melhorenvio.com.br\/\" style=\"background-color:#00519d\" target=\"_blank\" rel=\"noreferrer noopener\"><strong>Quero oferecer frete mais barato no meu site<\/strong><\/a><\/div>\n<\/div>\n\n\n\n<h2 class=\"wp-block-heading\"><strong>O que \u00e9 o Dia do Consumidor e por que ele \u00e9 estrat\u00e9gico para o e-commerce?<\/strong><\/h2>\n\n\n\n<p>O Dia do Consumidor \u00e9 comemorado em 15 de mar\u00e7o e tem origem ligada \u00e0 defesa dos direitos do comprador. No varejo, a data foi incorporada como oportunidade comercial estrat\u00e9gica, especialmente no ambiente digital, onde a competi\u00e7\u00e3o por aten\u00e7\u00e3o e pre\u00e7o \u00e9 intensa.<\/p>\n\n\n\n<p>N\u00e3o \u00e0 toa, <strong>o Dia do Consumidor \u00e9 a Black Friday do primeiro semestre<\/strong> \u2014 j\u00e1 que essa sexta-feira de ofertas ocorre somente em novembro.<\/p>\n\n\n\n<p>Para o e-commerce, o Dia do Consumidor tamb\u00e9m funciona como um aquecimento para o calend\u00e1rio anual.<\/p>\n\n\n\n<p>Essa data surge ap\u00f3s um per\u00edodo tradicionalmente mais lento, como janeiro e in\u00edcio de fevereiro, e cria uma oportunidade concreta para girar estoque, ativar campanhas e estimular recompra antes de datas como Dia das M\u00e3es e Dia dos Namorados.<\/p>\n\n\n\n<p>Confira alguns fatores que tornam o per\u00edodo especialmente relevante para lojistas:<\/p>\n\n\n\n<ul class=\"wp-block-list\">\n<li>Consumidor mais consciente sobre direitos, trocas e garantias;<\/li>\n\n\n\n<li>Ambiente menos saturado do que grandes datas do segundo semestre;<\/li>\n\n\n\n<li>Possibilidade de testar campanhas e estrat\u00e9gias log\u00edsticas;<\/li>\n\n\n\n<li>Chance de reengajar clientes que compraram no fim do ano anterior.<\/li>\n<\/ul>\n\n\n\n<p>Lembre-se de que o planejamento \u00e9 o ponto de virada para atingir bons resultados. Quem organiza estoque, define pol\u00edtica de pre\u00e7os com anteced\u00eancia e estrutura envios com apoio do Melhor Envio consegue alinhar competitividade com rentabilidade.<\/p>\n\n\n\n<h3 class=\"wp-block-heading\"><strong>Qual \u00e9 a origem do Dia do Consumidor?<\/strong><\/h3>\n\n\n\n<p>A data tem como refer\u00eancia um discurso feito em 1962 pelo presidente norte-americano John F.Kennedy, <strong>no qual foram reconhecidos direitos fundamentais dos consumidores<\/strong>. Com o tempo, 15 de mar\u00e7o tornou-se s\u00edmbolo internacional de prote\u00e7\u00e3o e equil\u00edbrio nas rela\u00e7\u00f5es de consumo.<\/p>\n\n\n\n<p>No Brasil, a data ganhou for\u00e7a com o crescimento do com\u00e9rcio eletr\u00f4nico. Grandes varejistas passaram a investir em campanhas espec\u00edficas para o per\u00edodo, e pequenos lojistas perceberam que havia espa\u00e7o para disputar aten\u00e7\u00e3o com ofertas bem estruturadas e comunica\u00e7\u00e3o clara.<\/p>\n\n\n\n<p>Hoje, o Dia do Consumidor movimenta praticamente todos os segmentos do varejo online, de eletr\u00f4nicos a moda, de cosm\u00e9ticos a utilidades dom\u00e9sticas.<\/p>\n\n\n\n<h3 class=\"wp-block-heading\"><strong>Quando \u00e9 o Dia do Consumidor em 2026?<\/strong><\/h3>\n\n\n\n<p>O Dia do Consumidor 2026 ser\u00e1 em <strong>15 de mar\u00e7o, um s\u00e1bado<\/strong>. O fato de cair no fim de semana favorece picos de tr\u00e1fego e aumenta o potencial de convers\u00e3o, especialmente para lojas que j\u00e1 trabalham com m\u00eddia paga e campanhas programadas.<\/p>\n\n\n\n<p>Na pr\u00e1tica, muitos lojistas iniciam as promo\u00e7\u00f5es dias antes. Por isso, quando surge a pergunta \u201cquando \u00e9 a semana do consumidor?\u201d, a resposta depende da estrat\u00e9gia comercial adotada. Em geral, a semana come\u00e7a na segunda-feira anterior ao dia 15, com aquecimento progressivo.<\/p>\n\n\n\n<p>O Dia do Consumidor exige organiza\u00e7\u00e3o log\u00edstica por parte dos comerciantes. Afinal, um aumento de pedidos sem estrutura de envio compromete prazo e reputa\u00e7\u00e3o.<\/p>\n\n\n\n<p>Utilizar o Melhor Envio para calcular fretes com anteced\u00eancia, emitir etiquetas rapidamente e acompanhar entregas em tempo real garante previsibilidade e reduz gargalos operacionais.<\/p>\n\n\n\n<div class=\"wp-block-buttons is-content-justification-center is-layout-flex wp-container-core-buttons-is-layout-16018d1d wp-block-buttons-is-layout-flex\">\n<div class=\"wp-block-button\"><a class=\"wp-block-button__link has-background wp-element-button\" href=\"https:\/\/melhorenvio.com.br\/\" style=\"background-color:#00519d\" target=\"_blank\" rel=\"noreferrer noopener\"><strong>Planeje seus envios com o Melhor Envio!<\/strong><\/a><\/div>\n<\/div>\n\n\n\n<h3 class=\"wp-block-heading\"><strong>Dia do Consumidor x Dia do Cliente: quais s\u00e3o as diferen\u00e7as, na pr\u00e1tica?<\/strong><\/h3>\n\n\n\n<p>Embora pare\u00e7am semelhantes, o Dia do Consumidor e o Dia do Cliente t\u00eam propostas distintas. O primeiro est\u00e1 diretamente relacionado a direitos e prote\u00e7\u00e3o legal. J\u00e1 o segundo, normalmente celebrado em setembro, foca o relacionamento e fideliza\u00e7\u00e3o.<\/p>\n\n\n\n<p>Na pr\u00e1tica, as diferen\u00e7as aparecem na comunica\u00e7\u00e3o e nas ofertas:<\/p>\n\n\n\n<ul class=\"wp-block-list\">\n<li><strong>o Dia do Consumidor<\/strong> costuma enfatizar desconto e vantagem competitiva;<\/li>\n\n\n\n<li><strong>o Dia do Cliente<\/strong> privilegia a\u00e7\u00f5es de reconhecimento e proximidade;<\/li>\n\n\n\n<li><strong>o Dia do Consumidor<\/strong> ativa busca por pre\u00e7o;<\/li>\n\n\n\n<li><strong>o Dia do Cliente<\/strong> fortalece v\u00ednculos de longo prazo.<\/li>\n<\/ul>\n\n\n\n<p>Para o lojista, entender essa diferen\u00e7a ajuda a estruturar campanhas coerentes. No Dia do Consumidor, transpar\u00eancia sobre trocas, prazo de entrega e garantia, como os 7 dias para arrependimento previstos na Lei do Consumidor e a garantia de 90 dias para produtos dur\u00e1veis, precisa estar vis\u00edvel. Afinal, <strong>essa decis\u00e3o reduz conflitos e aumenta a confian\u00e7a entre as partes.<\/strong><\/p>\n\n\n\n<p>Quando a oferta est\u00e1 alinhada a uma log\u00edstica eficiente, a chance de recompra cresce. \u00c9 nesse ponto que o frete deixa de ser custo isolado e passa a ser ferramenta estrat\u00e9gica de convers\u00e3o.<\/p>\n\n\n\n<p>O Melhor Envio, ao reunir diversas transportadoras em uma \u00fanica plataforma e oferecer c\u00e1lculo comparativo, facilita decis\u00f5es r\u00e1pidas e melhora a competitividade do lojista.<\/p>\n\n\n\n<h2 class=\"wp-block-heading\"><strong>Vale a pena fazer promo\u00e7\u00e3o no Dia do Consumidor?<\/strong><\/h2>\n\n\n\n<p>Fazer promo\u00e7\u00e3o no Dia do Consumidor vale a pena quando h\u00e1 estrat\u00e9gia de margem e controle log\u00edstico. Faturamento alto sem planejamento pode gerar lucro apertado, especialmente se o custo de envio n\u00e3o estiver mapeado com precis\u00e3o.<\/p>\n\n\n\n<p>Antes de definir descontos, \u00e9 importante revisar sos eguintes n\u00fameros e processos internos:<\/p>\n\n\n\n<ul class=\"wp-block-list\">\n<li>Margem real por produto e impacto do desconto;<\/li>\n\n\n\n<li>Custo m\u00e9dio de frete por regi\u00e3o atendida;<\/li>\n\n\n\n<li>Capacidade operacional de separa\u00e7\u00e3o e envio;<\/li>\n\n\n\n<li>Pol\u00edticas de troca alinhadas ao C\u00f3digo de Defesa do Consumidor.<\/li>\n<\/ul>\n\n\n\n<p>N\u00e3o se esque\u00e7a, a data atrai consumidores atentos \u00e0s regras. A Lei do Consumidor garante 7 dias para desist\u00eancia em compras online, e o C\u00f3digo de Defesa do Consumidor estabelece garantia de 90 dias para produtos dur\u00e1veis. <strong>Comunicar essas informa\u00e7\u00f5es de forma clara reduz ru\u00eddo e fortalece reputa\u00e7\u00e3o<\/strong>.<\/p>\n\n\n\n<h3 class=\"wp-block-heading\"><strong>Quais tipos de promo\u00e7\u00f5es funcionam melhor no Dia do Consumidor?<\/strong><\/h3>\n\n\n\n<p>Alguns formatos tendem a apresentar melhor desempenho quando combinam percep\u00e7\u00e3o de vantagem com simplicidade na comunica\u00e7\u00e3o. A escolha depende do perfil do p\u00fablico e da margem dispon\u00edvel.<\/p>\n\n\n\n<p>Entre as estrat\u00e9gias mais utilizadas, podemos citar:<\/p>\n\n\n\n<ul class=\"wp-block-list\">\n<li>Frete gr\u00e1tis condicionado a valor m\u00ednimo;<\/li>\n\n\n\n<li>Cupom progressivo conforme aumento do ticket m\u00e9dio;<\/li>\n\n\n\n<li>Descontos exclusivos para clientes cadastrados;<\/li>\n\n\n\n<li>Combos que elevam o valor da compra;<\/li>\n\n\n\n<li>Campanhas rel\u00e2mpago com prazo limitado.<\/li>\n<\/ul>\n\n\n\n<p>O frete merece aten\u00e7\u00e3o especial.<a href=\"https:\/\/exame.com\/mercado-imobiliario\/frete-e-principal-motivo-de-abandono-de-carrinho-no-e-commerce-as-empresas-sentem-no-bolso\/\"> Uma mat\u00e9ria da Exame<\/a>, por exemplo, indica que <strong>o custo de entrega continua entre os principais motivos de abandono de carrinho<\/strong>.&nbsp;<\/p>\n\n\n\n<p>Reduzir ou otimizar esse valor, usando o comparador gratuito do Melhor Envio, pode elevar a convers\u00e3o sem comprometer tanto a margem do produto.<\/p>\n\n\n\n<h3 class=\"wp-block-heading\"><strong>\u00c9 melhor fazer promo\u00e7\u00f5es no dia, na semana ou no m\u00eas do consumidor?<\/strong><\/h3>\n\n\n\n<p>A decis\u00e3o depende da estrutura da loja e da capacidade log\u00edstica. Opera\u00e7\u00f5es menores tendem a concentrar esfor\u00e7os no dia 15, enquanto lojas com equipe estruturada estendem a campanha por toda a semana do consumidor<\/p>\n\n\n\n<p>H\u00e1 tamb\u00e9m quem transforme o per\u00edodo no m\u00eas do consumidor, diluindo descontos e criando diferentes gatilhos ao longo de mar\u00e7o. <strong>Essa estrat\u00e9gia exige planejamento de estoque e acompanhamento constante de resultados.<\/strong><\/p>\n\n\n\n<h3 class=\"wp-block-heading\"><strong>Semana do Consumidor X Dia do Consumidor: qual gera mais vendas?<\/strong><\/h3>\n\n\n\n<p>A semana costuma gerar maior volume total de vendas, pois amplia a janela de oportunidade e dilui o tr\u00e1fego. O dia 15, por outro lado, concentra picos mais intensos e urg\u00eancia maior.<\/p>\n\n\n\n<p>Uma abordagem equilibrada \u00e9 a seguinte:<\/p>\n\n\n\n<ul class=\"wp-block-list\">\n<li>Aquecimento progressivo nos dias anteriores ao Dia do Consumidor;<\/li>\n\n\n\n<li>Ofertas principais no dia 15;<\/li>\n\n\n\n<li>Extens\u00e3o estrat\u00e9gica para capturar indecisos.<\/li>\n<\/ul>\n\n\n\n<p>Independentemente do formato, a efici\u00eancia na entrega influencia a percep\u00e7\u00e3o de valor. Um bom pre\u00e7o perde for\u00e7a quando o prazo \u00e9 longo ou o rastreio \u00e9 confuso.<\/p>\n\n\n\n<p>O Melhor Envio, ao oferecer integra\u00e7\u00e3o com diversas transportadoras e acompanhamento detalhado, <strong>ajuda a manter o controle mesmo em per\u00edodos de alta demanda.<\/strong><\/p>\n\n\n\n<h3 class=\"wp-block-heading\"><strong>Quais produtos mais vendem no Dia do Consumidor?<\/strong><\/h3>\n\n\n\n<p>Os eletr\u00f4nicos figuram entre os destaques recorrentes. Smartphones, acess\u00f3rios, dispositivos inteligentes e itens de tecnologia costumam liderar buscas e compara\u00e7\u00f5es.<\/p>\n\n\n\n<p>Outros segmentos tamb\u00e9m apresentam bom desempenho, como:<\/p>\n\n\n\n<ul class=\"wp-block-list\">\n<li>Moda e acess\u00f3rios;<\/li>\n\n\n\n<li>Cosm\u00e9ticos e cuidados pessoais;<\/li>\n\n\n\n<li>Itens para casa;<\/li>\n\n\n\n<li>Suplementos e produtos de bem-estar.<\/li>\n<\/ul>\n\n\n\n<p>Para acompanhar as tend\u00eancias e se antecipar, vale conferir a nossa lista de<a href=\"https:\/\/melhorenvio.com.br\/blog\/empreendedorismo\/produtos-eletronicos-mais-vendidos\/\"> produtos eletr\u00f4nicos mais vendidos<\/a>. Essa an\u00e1lise ajuda a direcionar estoque e campanhas com base no comportamento recente do consumidor.<\/p>\n\n\n\n<p>Por\u00e9m, independentemente do nicho, o fator decisivo costuma ser a combina\u00e7\u00e3o entre pre\u00e7o competitivo, clareza nas regras e frete vi\u00e1vel.<\/p>\n\n\n\n<p>Ao utilizar o Melhor Envio para calcular custos e escolher a transportadora mais adequada para cada regi\u00e3o, o lojista ganha margem de negocia\u00e7\u00e3o e melhora a experi\u00eancia do cliente desde o check out.<\/p>\n\n\n\n<h2 class=\"wp-block-heading\"><strong>Como melhorar a experi\u00eancia de consumo e vender mais no Dia do Consumidor 2026?<\/strong><\/h2>\n\n\n\n<p>No Dia do Consumidor, pre\u00e7o competitivo chama aten\u00e7\u00e3o, mas experi\u00eancia consistente \u00e9 o que sustenta a venda. Em um cen\u00e1rio de competi\u00e7\u00e3o extrema, o cliente avalia prazo, pol\u00edtica de troca, reputa\u00e7\u00e3o da loja e, principalmente, <strong>o valor do frete antes de concluir a compra.<\/strong><\/p>\n\n\n\n<p>A combina\u00e7\u00e3o entre marketing bem direcionado, opera\u00e7\u00e3o organizada e log\u00edstica eficiente cria um ciclo positivo. Quando o pedido chega no prazo e o rastreio funciona, a chance de recompra cresce \u2014 e o custo de aquisi\u00e7\u00e3o diminui nas pr\u00f3ximas campanhas.<\/p>\n\n\n\n<h3 class=\"wp-block-heading\"><strong>Estrat\u00e9gias de marketing para aumentar vendas<\/strong><\/h3>\n\n\n\n<p>Campanhas para o Dia do Consumidor 2026 precisam ser estruturadas com anteced\u00eancia e baseadas em dados. N\u00e3o se trata apenas de oferecer desconto, mas de comunicar valor de forma clara e estrat\u00e9gica.<\/p>\n\n\n\n<p>Algumas a\u00e7\u00f5es que costumam apresentar bom desempenho:<\/p>\n\n\n\n<ul class=\"wp-block-list\">\n<li>Segmenta\u00e7\u00e3o de e-mail marketing com ofertas personalizadas;<\/li>\n\n\n\n<li>Remarketing para carrinhos abandonados;<\/li>\n\n\n\n<li>Cria\u00e7\u00e3o de landing page exclusiva para a semana do consumidor;<\/li>\n\n\n\n<li>Contagem regressiva nas redes sociais;<\/li>\n\n\n\n<li>Refor\u00e7o de avalia\u00e7\u00f5es positivas e provas sociais.<\/li>\n<\/ul>\n\n\n\n<p>A transpar\u00eancia sobre prazo de entrega deve fazer parte da comunica\u00e7\u00e3o. Informar o tempo estimado com base no CEP do cliente reduz frustra\u00e7\u00e3o e melhora a percep\u00e7\u00e3o de profissionalismo.<\/p>\n\n\n<div class=\"wp-block-image\">\n<figure class=\"aligncenter size-full\"><img decoding=\"async\" width=\"884\" height=\"655\" src=\"https:\/\/melhorenvio.com.br\/blog\/wp-content\/uploads\/2025\/02\/exemplo-calculadora.webp\" alt=\"A imagem mostra a calculadora de frete do Melhor Envio aplicada em um p\u00e1gina de produto\" class=\"wp-image-58701\" srcset=\"https:\/\/melhorenvio.com.br\/blog\/wp-content\/uploads\/2025\/02\/exemplo-calculadora.webp 884w, https:\/\/melhorenvio.com.br\/blog\/wp-content\/uploads\/2025\/02\/exemplo-calculadora-300x222.webp 300w, https:\/\/melhorenvio.com.br\/blog\/wp-content\/uploads\/2025\/02\/exemplo-calculadora-768x569.webp 768w, https:\/\/melhorenvio.com.br\/blog\/wp-content\/uploads\/2025\/02\/exemplo-calculadora-150x111.webp 150w, https:\/\/melhorenvio.com.br\/blog\/wp-content\/uploads\/2025\/02\/exemplo-calculadora-750x556.webp 750w\" sizes=\"(max-width: 884px) 100vw, 884px\" \/><\/figure>\n<\/div>\n\n\n<p>Por isso, utilizar o Melhor Envio para calcular e exibir op\u00e7\u00f5es competitivas de frete j\u00e1 na jornada de compra torna esse processo mais seguro.<\/p>\n\n\n\n<h3 class=\"wp-block-heading\"><strong>Import\u00e2ncia de embalagens adequadas<\/strong><\/h3>\n\n\n\n<p>Uma boa campanha perde for\u00e7a quando o produto chega danificado. A embalagem n\u00e3o \u00e9 detalhe operacional; ela impacta custo, reputa\u00e7\u00e3o e \u00edndice de devolu\u00e7\u00f5es.<\/p>\n\n\n\n<p>Investir em prote\u00e7\u00e3o adequada traz alguns benef\u00edcios importantes:<\/p>\n\n\n\n<ul class=\"wp-block-list\">\n<li>Reduz avarias e reenvios;<\/li>\n\n\n\n<li>Diminui solicita\u00e7\u00f5es de troca;<\/li>\n\n\n\n<li>Refor\u00e7a percep\u00e7\u00e3o de cuidado;<\/li>\n\n\n\n<li>Contribui para avalia\u00e7\u00f5es positivas.<\/li>\n<\/ul>\n\n\n\n<p>Durante a semana do consumidor, o volume de pedidos tende a aumentar. Embalagens padronizadas e j\u00e1 dimensionadas para os principais produtos aceleram a expedi\u00e7\u00e3o e reduzem erros.<\/p>\n\n\n\n<p>Leia mais: <a href=\"https:\/\/melhorenvio.com.br\/blog\/frete-e-logistica\/embalagem-no-e-commerce\/\" target=\"_blank\" rel=\"noreferrer noopener\">Guia de Embalagem para e-commerce<\/a><\/p>\n\n\n\n<h3 class=\"wp-block-heading\"><strong>A import\u00e2ncia do p\u00f3s-venda<\/strong><\/h3>\n\n\n\n<p>O relacionamento n\u00e3o termina na confirma\u00e7\u00e3o de pagamento e no envio do produto. No Dia do Consumidor, muitos clientes est\u00e3o comprando pela primeira vez na sua loja. Por isso, as suas a\u00e7\u00f5es de p\u00f3s-venda que definem se haver\u00e1 uma segunda compra.<\/p>\n\n\n\n<p>Um fluxo estruturado, que inclui as a\u00e7\u00f5es de p\u00f3s-venda, \u00e9 o seguinte:<\/p>\n\n\n\n<ol class=\"wp-block-list\">\n<li>Envio de confirma\u00e7\u00e3o de pedido e prazo;<\/li>\n\n\n\n<li>Acompanhamento de entrega com rastreio atualizado;<\/li>\n\n\n\n<li>Mensagem ap\u00f3s recebimento para verificar satisfa\u00e7\u00e3o;<\/li>\n\n\n\n<li>Canal claro para trocas e devolu\u00e7\u00f5es.<\/li>\n<\/ol>\n\n\n\n<p>Para ajudar nesse processo, o Melhor Envio oferece outra solu\u00e7\u00e3o gratuita, o <a href=\"https:\/\/melhorrastreio.com.br\/\" target=\"_blank\" rel=\"noreferrer noopener\">Melhor Rastreio<\/a>. Uma solu\u00e7\u00e3o integrada de rastreamento, que facilita o acompanhamento do pedido tanto para o lojista quanto para o cliente. Esse controle reduz chamados no suporte e transmite seguran\u00e7a.<\/p>\n\n\n<div class=\"wp-block-image\">\n<figure class=\"aligncenter size-full\"><img decoding=\"async\" width=\"770\" height=\"429\" src=\"https:\/\/melhorenvio.com.br\/blog\/wp-content\/uploads\/2025\/02\/Melhor-Envio-Rastreio.webp\" alt=\"Imagem mostra a p\u00e1gina principal do Melhor Rastreio\" class=\"wp-image-58700\" srcset=\"https:\/\/melhorenvio.com.br\/blog\/wp-content\/uploads\/2025\/02\/Melhor-Envio-Rastreio.webp 770w, https:\/\/melhorenvio.com.br\/blog\/wp-content\/uploads\/2025\/02\/Melhor-Envio-Rastreio-300x167.webp 300w, https:\/\/melhorenvio.com.br\/blog\/wp-content\/uploads\/2025\/02\/Melhor-Envio-Rastreio-768x428.webp 768w, https:\/\/melhorenvio.com.br\/blog\/wp-content\/uploads\/2025\/02\/Melhor-Envio-Rastreio-150x84.webp 150w, https:\/\/melhorenvio.com.br\/blog\/wp-content\/uploads\/2025\/02\/Melhor-Envio-Rastreio-750x418.webp 750w\" sizes=\"(max-width: 770px) 100vw, 770px\" \/><\/figure>\n<\/div>\n\n\n<div class=\"wp-block-buttons is-content-justification-center is-layout-flex wp-container-core-buttons-is-layout-16018d1d wp-block-buttons-is-layout-flex\">\n<div class=\"wp-block-button\"><a class=\"wp-block-button__link has-vivid-green-cyan-background-color has-background wp-element-button\" href=\"https:\/\/melhorrastreio.com.br\/\" target=\"_blank\" rel=\"noreferrer noopener\"><strong>Conhe\u00e7a o Melhor Rastreio<\/strong><\/a><\/div>\n<\/div>\n\n\n\n<p>Tamb\u00e9m temos um post completo sobre <a href=\"https:\/\/melhorenvio.com.br\/blog\/ecommerce-e-marketplace\/pos-venda-loja-virtual\/\" target=\"_blank\" rel=\"noreferrer noopener\">p\u00f3s-venda para loja virtual<\/a>, com estrat\u00e9gias aplic\u00e1veis \u00e0 realidade de pequenas e m\u00e9dias opera\u00e7\u00f5es.<\/p>\n\n\n\n<h2 class=\"wp-block-heading\"><strong>Quais s\u00e3o os direitos do consumidor e deveres do lojista na data?<\/strong><\/h2>\n\n\n\n<p>No Dia do Consumidor, falar de direitos n\u00e3o \u00e9 opcional. A data refor\u00e7a a import\u00e2ncia do C\u00f3digo de Defesa do Consumidor e exige que o lojista esteja atento \u00e0s regras.<\/p>\n\n\n\n<p>Conhe\u00e7a os principais pontos de aten\u00e7\u00e3o para lojistas:<\/p>\n\n\n\n<ul class=\"wp-block-list\">\n<li>Direito de arrependimento em at\u00e9 7 dias para compras online;<\/li>\n\n\n\n<li>Garantia legal de 90 dias para produtos dur\u00e1veis;<\/li>\n\n\n\n<li>Obriga\u00e7\u00e3o de informar pre\u00e7o e condi\u00e7\u00f5es de pagamento de forma clara;<\/li>\n\n\n\n<li>Responsabilidade pela entrega dentro do prazo informado.<\/li>\n<\/ul>\n\n\n\n<p>A chamada <strong>Lei do Consumidor<\/strong>,&nbsp; de 7 dias, se aplica a compras realizadas fora do estabelecimento f\u00edsico, como no e-commerce. Se o cliente desistir dentro desse prazo, o valor deve ser devolvido.<\/p>\n\n\n\n<p>J\u00e1 o <strong>C\u00f3digo de Defesa do Consumidor<\/strong> e a garantia de 90 dias estabelecem cobertura para v\u00edcios aparentes em produtos dur\u00e1veis. Isso exige organiza\u00e7\u00e3o interna para lidar com trocas e assist\u00eancia.<\/p>\n\n\n\n<p>Ter pol\u00edticas claras no site reduz conflitos e transmite profissionalismo. No contexto do Dia do Consumidor 2026, essa transpar\u00eancia pode ser um diferencial competitivo.&nbsp;<\/p>\n\n\n\n<p><strong>Leia mais sobre:<\/strong><a href=\"https:\/\/melhorenvio.com.br\/blog\/ecommerce-e-marketplace\/codigo-de-defesa-do-consumidor-troca-e-devolucao-e-commerce\/\"> <\/a><a href=\"https:\/\/melhorenvio.com.br\/blog\/ecommerce-e-marketplace\/codigo-de-defesa-do-consumidor-troca-e-devolucao-e-commerce\/\" target=\"_blank\" rel=\"noreferrer noopener\">Troca e devolu\u00e7\u00e3o no e-commerce<\/a>.<\/p>\n\n\n\n<h3 class=\"wp-block-heading\"><strong>Como o frete impacta a decis\u00e3o de compra no Dia do Consumidor?<\/strong><\/h3>\n\n\n\n<p>O frete \u00e9 um dos fatores mais sens\u00edveis no checkout. Mesmo quando o desconto no produto \u00e9 atrativo, <strong>um valor elevado de entrega pode travar a convers\u00e3o.<\/strong><\/p>\n\n\n\n<p>Como j\u00e1 citamos antes, o custo do frete continua entre os principais motivos de abandono de carrinho. Em datas promocionais, esse comportamento se intensifica, pois o consumidor compara m\u00faltiplas lojas ao mesmo tempo.<\/p>\n\n\n\n<p>Utilizar uma plataforma como o Melhor Envio garante acesso a diferentes transportadoras, possibilita comparar pre\u00e7os e prazos e ajuda a escolher a op\u00e7\u00e3o mais adequada para cada pedido. Essa flexibilidade amplia competitividade sem comprometer a margem.<\/p>\n\n\n\n<h4 class=\"wp-block-heading\">Frete gr\u00e1tis vale a pena no Dia do Consumidor?<\/h4>\n\n\n\n<p>Frete gr\u00e1tis pode aumentar convers\u00e3o, mas precisa ser calculado com cuidado. Oferecer envio gratuito sem considerar margem pode comprometer o resultado financeiro da campanha.<\/p>\n\n\n\n<p>Algumas estrat\u00e9gias tornam essa pr\u00e1tica mais sustent\u00e1vel:<\/p>\n\n\n\n<ul class=\"wp-block-list\">\n<li>Frete gr\u00e1tis a partir de valor m\u00ednimo;<\/li>\n\n\n\n<li>Benef\u00edcio restrito a determinadas regi\u00f5es;<\/li>\n\n\n\n<li>Aplica\u00e7\u00e3o apenas para produtos com margem maior;<\/li>\n\n\n\n<li>Inclus\u00e3o do custo log\u00edstico na precifica\u00e7\u00e3o promocional.<\/li>\n<\/ul>\n\n\n\n<p>Com o comparador do Melhor Envio, o lojista consegue simular cen\u00e1rios antes de lan\u00e7ar a campanha. Essa an\u00e1lise facilita decis\u00f5es estrat\u00e9gicas.<\/p>\n\n\n\n<h4 class=\"wp-block-heading\">Frete gr\u00e1tis ou desconto no produto: o que converte mais?<\/h4>\n\n\n\n<p>A resposta depende do perfil do p\u00fablico e do ticket m\u00e9dio. Em produtos de maior valor, o desconto direto costuma chamar mais aten\u00e7\u00e3o. J\u00e1 em itens de ticket m\u00e9dio mais baixo, o frete pode representar porcentagem relevante do total \u2014 e sua redu\u00e7\u00e3o impacta mais a decis\u00e3o.<\/p>\n\n\n\n<p>Testes A\/B ajudam a identificar o melhor formato. O importante \u00e9 que o c\u00e1lculo seja baseado em dados reais de envio. O uso da calculadora do Melhor Envio oferece previsibilidade e evita surpresas.<\/p>\n\n\n\n<h4 class=\"wp-block-heading\">Como reduzir o custo do frete em datas promocionais?<\/h4>\n\n\n\n<p>Reduzir custo log\u00edstico \u00e9 mais eficiente do que simplesmente absorv\u00ea-lo. Algumas a\u00e7\u00f5es contribuem para isso:<\/p>\n\n\n\n<ul class=\"wp-block-list\">\n<li>Padronizar embalagens para otimizar cubagem;<\/li>\n\n\n\n<li>Negociar volumes com anteced\u00eancia;<\/li>\n\n\n\n<li>Comparar transportadoras para cada regi\u00e3o;<\/li>\n\n\n\n<li>Antecipar emiss\u00e3o de etiquetas para organizar expedi\u00e7\u00e3o.<\/li>\n<\/ul>\n\n\n\n<p>O Melhor Envio re\u00fane diversas transportadoras em uma \u00fanica plataforma e disponibiliza ferramentas como a <a href=\"https:\/\/melhorenvio.com.br\/blog\/sobre-nos\/melhor-envio-calculadora-de-frete\/\" target=\"_blank\" rel=\"noreferrer noopener\">calculadora de frete<\/a> e o Melhor Rastreio, que ampliam controle e visibilidade da opera\u00e7\u00e3o.<\/p>\n\n\n\n<p>Em datas como o Dia do Consumidor 2026, a agilidade na gera\u00e7\u00e3o de etiquetas e o acompanhamento detalhado das entregas ajudam a evitar atrasos e reclama\u00e7\u00f5es.<\/p>\n\n\n\n<div class=\"wp-block-buttons is-layout-flex wp-block-buttons-is-layout-flex\">\n<div class=\"wp-block-button aligncenter\"><a class=\"wp-block-button__link has-background wp-element-button\" href=\"https:\/\/melhorenvio.com.br\/\" style=\"background-color:#00448c\" target=\"_blank\" rel=\"noreferrer noopener\"><strong>Economize no frete e venda mais hoje!<\/strong><\/a><\/div>\n<\/div>\n\n\n\n<h2 class=\"wp-block-heading\"><strong>Como se preparar para o Dia do Consumidor e outras datas comerciais com o Melhor Envio?<\/strong><\/h2>\n\n\n\n<p>O Dia do Consumidor \u00e9 apenas o pontap\u00e9 inicial do calend\u00e1rio de promo\u00e7\u00f5es de 2026. Para voc\u00ea ficar por dentro das principais datas comerciais que acontecem ao longo do ano e preparar seu e-commerce para cada uma delas,&nbsp; o Melhor Envio preparou um material totalmente gr\u00e1tis, o&nbsp;<a href=\"https:\/\/melhorenvio.com.br\/blog\/planner-2026-para-imprimir-e-digital-pdf-gratis\/\" target=\"_blank\" rel=\"noreferrer noopener\"><strong>Melhor Planner 2026<\/strong><\/a>.<\/p>\n\n\n\n<figure class=\"wp-block-image size-large\"><a href=\"https:\/\/melhorenvio.com.br\/blog\/planner-2026-para-imprimir-e-digital-pdf-gratis\/\" target=\"_blank\" rel=\" noreferrer noopener\"><img decoding=\"async\" width=\"1024\" height=\"376\" src=\"https:\/\/melhorenvio.com.br\/blog\/wp-content\/uploads\/2025\/02\/melhor-planner-2026-1024x376.webp\" alt=\"Imagem de capa do Melhor Planner 2026\" class=\"wp-image-58702\" srcset=\"https:\/\/melhorenvio.com.br\/blog\/wp-content\/uploads\/2025\/02\/melhor-planner-2026-1024x376.webp 1024w, https:\/\/melhorenvio.com.br\/blog\/wp-content\/uploads\/2025\/02\/melhor-planner-2026-300x110.webp 300w, https:\/\/melhorenvio.com.br\/blog\/wp-content\/uploads\/2025\/02\/melhor-planner-2026-768x282.webp 768w, https:\/\/melhorenvio.com.br\/blog\/wp-content\/uploads\/2025\/02\/melhor-planner-2026-150x55.webp 150w, https:\/\/melhorenvio.com.br\/blog\/wp-content\/uploads\/2025\/02\/melhor-planner-2026-750x276.webp 750w, https:\/\/melhorenvio.com.br\/blog\/wp-content\/uploads\/2025\/02\/melhor-planner-2026-1140x419.webp 1140w, https:\/\/melhorenvio.com.br\/blog\/wp-content\/uploads\/2025\/02\/melhor-planner-2026.webp 1398w\" sizes=\"(max-width: 1024px) 100vw, 1024px\" \/><\/a><\/figure>\n\n\n\n<p>O material \u00e9 um guia de planejamento completo com dicas, inspira\u00e7\u00f5es, \u00e1reas para defini\u00e7\u00e3o de metas e ainda um calend\u00e1rio estrat\u00e9gico com datas fora do circuito tradicional que tem se destacando nos \u00faltimos anos, como&nbsp;<em>Valentine\u2019s Day<\/em>, Dia do Solteiro e Dia do Cliente, entre outras.<\/p>\n\n\n\n<p>Com planejamento, clareza nas regras e log\u00edstica eficiente apoiada pelo Melhor Envio, \u00e9 poss\u00edvel transformar volume de vendas em crescimento sustent\u00e1vel.<\/p>\n\n\n\n<p>Para receber gratuitamente o Melhor Planner, clique no bot\u00e3o a seguir:<\/p>\n\n\n\n<div class=\"wp-block-buttons is-layout-flex wp-block-buttons-is-layout-flex\">\n<div class=\"wp-block-button aligncenter\"><a class=\"wp-block-button__link has-background wp-element-button\" href=\"https:\/\/melhorenvio.com.br\/blog\/planner-2026-para-imprimir-e-digital-pdf-gratis\/\" style=\"background-color:#00448c\" target=\"_blank\" rel=\"noreferrer noopener\"><strong>Baixar o Melhor Planner 2026<\/strong> <strong>gr\u00e1tis<\/strong><\/a><\/div>\n<\/div>\n","protected":false},"excerpt":{"rendered":"<p>Aprenda como vender mais no Dia do Consumidor 2026!<\/p>\n","protected":false},"author":51,"featured_media":58704,"comment_status":"closed","ping_status":"open","sticky":false,"template":"","format":"standard","meta":{"_acf_changed":false,"jnews-multi-image_gallery":[],"jnews_single_post":{"subtitle":"","format":"standard","video":"","gallery":"","source_name":"","source_url":"","via_name":"","via_url":"","override_template":"0","override":[{"template":"4","single_blog_custom":"","parallax":"1","fullscreen":"0","layout":"right-sidebar","sidebar":"","second_sidebar":"","sticky_sidebar":"1","share_position":"","share_float_style":"","show_share_counter":"1","show_view_counter":"1","show_featured":"1","show_post_meta":"1","show_post_author":"1","show_post_author_image":"1","show_post_date":"1","post_date_format":"","post_date_format_custom":"","show_post_category":"1","show_post_reading_time":"0","post_reading_time_wpm":"","show_zoom_button":"0","zoom_button_out_step":"1","zoom_button_in_step":"1","show_post_tag":"1","show_prev_next_post":"1","show_popup_post":"1","number_popup_post":"1","show_author_box":"0","show_post_related":"0","show_inline_post_related":"0"}],"override_image_size":"0","image_override":[{"single_post_thumbnail_size":"","single_post_gallery_size":""}],"trending_post":"0","trending_post_position":"","trending_post_label":"","sponsored_post":"0","sponsored_post_label":"","sponsored_post_name":"","sponsored_post_url":"","sponsored_post_logo_enable":"0","sponsored_post_logo":"","sponsored_post_desc":"","disable_ad":"0"},"jnews_primary_category":{"id":"","hide":""},"footnotes":""},"categories":[59],"tags":[468],"class_list":["post-31466","post","type-post","status-publish","format-standard","has-post-thumbnail","hentry","category-datas-especiais","tag-dia-do-consumidor"],"acf":[],"yoast_head":"<!-- This site is optimized with the Yoast SEO plugin v27.3 - https:\/\/yoast.com\/product\/yoast-seo-wordpress\/ -->\n<title>Dia do Consumidor 2026: d\u00favidas e dicas Semana do Consumidor<\/title>\n<meta name=\"description\" content=\"Quando \u00e9 o Dia do Consumidor? O Dia do Consumidor \u00e9 comemorado no dia 15 de mar\u00e7o e foi criado para lembrar os direitos dos compradores.\" \/>\n<meta name=\"robots\" content=\"index, follow, max-snippet:-1, max-image-preview:large, max-video-preview:-1\" \/>\n<link rel=\"canonical\" href=\"https:\/\/melhorenvio.com.br\/blog\/datas-especiais\/dia-do-consumidor-2026\/\" \/>\n<meta property=\"og:locale\" content=\"pt_BR\" \/>\n<meta property=\"og:type\" content=\"article\" \/>\n<meta property=\"og:title\" content=\"Dia do Consumidor 2026: d\u00favidas e dicas Semana do Consumidor\" \/>\n<meta property=\"og:description\" content=\"Quando \u00e9 o Dia do Consumidor? O Dia do Consumidor \u00e9 comemorado no dia 15 de mar\u00e7o e foi criado para lembrar os direitos dos compradores.\" \/>\n<meta property=\"og:url\" content=\"https:\/\/melhorenvio.com.br\/blog\/datas-especiais\/dia-do-consumidor-2026\/\" \/>\n<meta property=\"og:site_name\" content=\"Blog Melhor Envio\" \/>\n<meta property=\"article:publisher\" content=\"https:\/\/www.facebook.com\/MelhorEnvio\/\" \/>\n<meta property=\"article:published_time\" content=\"2026-02-20T15:12:09+00:00\" \/>\n<meta property=\"article:modified_time\" content=\"2026-02-25T12:23:29+00:00\" \/>\n<meta property=\"og:image\" content=\"https:\/\/melhorenvio.com.br\/blog\/wp-content\/uploads\/2026\/02\/dia-do-consumidor-capa-melhor-envio-scaled.webp\" \/>\n\t<meta property=\"og:image:width\" content=\"2560\" \/>\n\t<meta property=\"og:image:height\" content=\"1969\" \/>\n\t<meta property=\"og:image:type\" content=\"image\/webp\" \/>\n<meta name=\"author\" content=\"Thiago Soares\" \/>\n<meta name=\"twitter:card\" content=\"summary_large_image\" \/>\n<meta name=\"twitter:creator\" content=\"@melhorenvio\" \/>\n<meta name=\"twitter:site\" content=\"@melhorenvio\" \/>\n<meta name=\"twitter:label1\" content=\"Escrito por\" \/>\n\t<meta name=\"twitter:data1\" content=\"Thiago Soares\" \/>\n\t<meta name=\"twitter:label2\" content=\"Est. tempo de leitura\" \/>\n\t<meta name=\"twitter:data2\" content=\"16 minutos\" \/>\n<script type=\"application\/ld+json\" class=\"yoast-schema-graph\">{\"@context\":\"https:\\\/\\\/schema.org\",\"@graph\":[{\"@type\":\"Article\",\"@id\":\"https:\\\/\\\/melhorenvio.com.br\\\/blog\\\/datas-especiais\\\/dia-do-consumidor-2026\\\/#article\",\"isPartOf\":{\"@id\":\"https:\\\/\\\/melhorenvio.com.br\\\/blog\\\/datas-especiais\\\/dia-do-consumidor-2026\\\/\"},\"author\":{\"name\":\"Thiago Soares\",\"@id\":\"https:\\\/\\\/blog.melhorenvio.com.br\\\/#\\\/schema\\\/person\\\/380cc4e5bc565c2d87f20a567a8ff587\"},\"headline\":\"Dia do Consumidor 2026: quando \u00e9 e como se preparar para vender mais\",\"datePublished\":\"2026-02-20T15:12:09+00:00\",\"dateModified\":\"2026-02-25T12:23:29+00:00\",\"mainEntityOfPage\":{\"@id\":\"https:\\\/\\\/melhorenvio.com.br\\\/blog\\\/datas-especiais\\\/dia-do-consumidor-2026\\\/\"},\"wordCount\":2910,\"publisher\":{\"@id\":\"https:\\\/\\\/blog.melhorenvio.com.br\\\/#organization\"},\"image\":{\"@id\":\"https:\\\/\\\/melhorenvio.com.br\\\/blog\\\/datas-especiais\\\/dia-do-consumidor-2026\\\/#primaryimage\"},\"thumbnailUrl\":\"https:\\\/\\\/melhorenvio.com.br\\\/blog\\\/wp-content\\\/uploads\\\/2026\\\/02\\\/dia-do-consumidor-capa-melhor-envio-scaled.webp\",\"keywords\":[\"Dia do consumidor\"],\"articleSection\":[\"Datas especiais\"],\"inLanguage\":\"pt-BR\"},{\"@type\":\"WebPage\",\"@id\":\"https:\\\/\\\/melhorenvio.com.br\\\/blog\\\/datas-especiais\\\/dia-do-consumidor-2026\\\/\",\"url\":\"https:\\\/\\\/melhorenvio.com.br\\\/blog\\\/datas-especiais\\\/dia-do-consumidor-2026\\\/\",\"name\":\"Dia do Consumidor 2026: d\u00favidas e dicas Semana do Consumidor\",\"isPartOf\":{\"@id\":\"https:\\\/\\\/blog.melhorenvio.com.br\\\/#website\"},\"primaryImageOfPage\":{\"@id\":\"https:\\\/\\\/melhorenvio.com.br\\\/blog\\\/datas-especiais\\\/dia-do-consumidor-2026\\\/#primaryimage\"},\"image\":{\"@id\":\"https:\\\/\\\/melhorenvio.com.br\\\/blog\\\/datas-especiais\\\/dia-do-consumidor-2026\\\/#primaryimage\"},\"thumbnailUrl\":\"https:\\\/\\\/melhorenvio.com.br\\\/blog\\\/wp-content\\\/uploads\\\/2026\\\/02\\\/dia-do-consumidor-capa-melhor-envio-scaled.webp\",\"datePublished\":\"2026-02-20T15:12:09+00:00\",\"dateModified\":\"2026-02-25T12:23:29+00:00\",\"description\":\"Quando \u00e9 o Dia do Consumidor? O Dia do Consumidor \u00e9 comemorado no dia 15 de mar\u00e7o e foi criado para lembrar os direitos dos compradores.\",\"inLanguage\":\"pt-BR\",\"potentialAction\":[{\"@type\":\"ReadAction\",\"target\":[\"https:\\\/\\\/melhorenvio.com.br\\\/blog\\\/datas-especiais\\\/dia-do-consumidor-2026\\\/\"]}]},{\"@type\":\"ImageObject\",\"inLanguage\":\"pt-BR\",\"@id\":\"https:\\\/\\\/melhorenvio.com.br\\\/blog\\\/datas-especiais\\\/dia-do-consumidor-2026\\\/#primaryimage\",\"url\":\"https:\\\/\\\/melhorenvio.com.br\\\/blog\\\/wp-content\\\/uploads\\\/2026\\\/02\\\/dia-do-consumidor-capa-melhor-envio-scaled.webp\",\"contentUrl\":\"https:\\\/\\\/melhorenvio.com.br\\\/blog\\\/wp-content\\\/uploads\\\/2026\\\/02\\\/dia-do-consumidor-capa-melhor-envio-scaled.webp\",\"width\":2560,\"height\":1969,\"caption\":\"Capa do artigo dia do consumidor 2026 que mostra dois comparadores segurando compras\"},{\"@type\":\"WebSite\",\"@id\":\"https:\\\/\\\/blog.melhorenvio.com.br\\\/#website\",\"url\":\"https:\\\/\\\/blog.melhorenvio.com.br\\\/\",\"name\":\"Blog Melhor Envio\",\"description\":\"Aprenda a economizar na gest\u00e3o de fretes\",\"publisher\":{\"@id\":\"https:\\\/\\\/blog.melhorenvio.com.br\\\/#organization\"},\"alternateName\":\"Blog do Melhor Envio\",\"potentialAction\":[{\"@type\":\"SearchAction\",\"target\":{\"@type\":\"EntryPoint\",\"urlTemplate\":\"https:\\\/\\\/blog.melhorenvio.com.br\\\/?s={search_term_string}\"},\"query-input\":{\"@type\":\"PropertyValueSpecification\",\"valueRequired\":true,\"valueName\":\"search_term_string\"}}],\"inLanguage\":\"pt-BR\"},{\"@type\":\"Organization\",\"@id\":\"https:\\\/\\\/blog.melhorenvio.com.br\\\/#organization\",\"name\":\"Melhor Envio\",\"alternateName\":\"Melhor Envio\",\"url\":\"https:\\\/\\\/blog.melhorenvio.com.br\\\/\",\"logo\":{\"@type\":\"ImageObject\",\"inLanguage\":\"pt-BR\",\"@id\":\"https:\\\/\\\/blog.melhorenvio.com.br\\\/#\\\/schema\\\/logo\\\/image\\\/\",\"url\":\"https:\\\/\\\/melhorenvio.com.br\\\/blog\\\/wp-content\\\/uploads\\\/2022\\\/12\\\/blog-logo-melhor-envio.webp\",\"contentUrl\":\"https:\\\/\\\/melhorenvio.com.br\\\/blog\\\/wp-content\\\/uploads\\\/2022\\\/12\\\/blog-logo-melhor-envio.webp\",\"width\":188,\"height\":96,\"caption\":\"Melhor Envio\"},\"image\":{\"@id\":\"https:\\\/\\\/blog.melhorenvio.com.br\\\/#\\\/schema\\\/logo\\\/image\\\/\"},\"sameAs\":[\"https:\\\/\\\/www.facebook.com\\\/MelhorEnvio\\\/\",\"https:\\\/\\\/x.com\\\/melhorenvio\",\"https:\\\/\\\/www.instagram.com\\\/melhorenvio\",\"https:\\\/\\\/www.youtube.com\\\/melhorenviooficial\",\"https:\\\/\\\/br.linkedin.com\\\/company\\\/melhorenvio\"]},{\"@type\":\"Person\",\"@id\":\"https:\\\/\\\/blog.melhorenvio.com.br\\\/#\\\/schema\\\/person\\\/380cc4e5bc565c2d87f20a567a8ff587\",\"name\":\"Thiago Soares\",\"image\":{\"@type\":\"ImageObject\",\"inLanguage\":\"pt-BR\",\"@id\":\"https:\\\/\\\/secure.gravatar.com\\\/avatar\\\/37146dedea0642b5bd93475a3a6131ef2d4889187a2e0517464ed0f537281610?s=96&d=mm&r=g\",\"url\":\"https:\\\/\\\/secure.gravatar.com\\\/avatar\\\/37146dedea0642b5bd93475a3a6131ef2d4889187a2e0517464ed0f537281610?s=96&d=mm&r=g\",\"contentUrl\":\"https:\\\/\\\/secure.gravatar.com\\\/avatar\\\/37146dedea0642b5bd93475a3a6131ef2d4889187a2e0517464ed0f537281610?s=96&d=mm&r=g\",\"caption\":\"Thiago Soares\"},\"description\":\"Especialista em conte\u00fado para e-commerce formado em Letras pela UERJ e com MBA em Marketing pela USP\\\/Esalq. Conta com mais de 12 anos de experi\u00eancia em produ\u00e7\u00e3o de conte\u00fado para grandes marcas do mercado nacional como Buscap\u00e9, Tray, Zoom, Bagy e outras. Atualmente, tem como prop\u00f3sito ajudar lojistas, de todos os tamanhos, a vender mais pela internet. Para isso, atua na equipe de produ\u00e7\u00e3o de conte\u00fado do Melhor Envio, plataforma digital que est\u00e1 revolucionando a log\u00edstica para e-commerce.\",\"sameAs\":[\"https:\\\/\\\/br.linkedin.com\\\/in\\\/thiago-rocha-soares\"],\"url\":\"https:\\\/\\\/melhorenvio.com.br\\\/blog\\\/author\\\/thiago-soares\\\/\"}]}<\/script>\n<!-- \/ Yoast SEO plugin. -->","yoast_head_json":{"title":"Dia do Consumidor 2026: d\u00favidas e dicas Semana do Consumidor","description":"Quando \u00e9 o Dia do Consumidor? O Dia do Consumidor \u00e9 comemorado no dia 15 de mar\u00e7o e foi criado para lembrar os direitos dos compradores.","robots":{"index":"index","follow":"follow","max-snippet":"max-snippet:-1","max-image-preview":"max-image-preview:large","max-video-preview":"max-video-preview:-1"},"canonical":"https:\/\/melhorenvio.com.br\/blog\/datas-especiais\/dia-do-consumidor-2026\/","og_locale":"pt_BR","og_type":"article","og_title":"Dia do Consumidor 2026: d\u00favidas e dicas Semana do Consumidor","og_description":"Quando \u00e9 o Dia do Consumidor? O Dia do Consumidor \u00e9 comemorado no dia 15 de mar\u00e7o e foi criado para lembrar os direitos dos compradores.","og_url":"https:\/\/melhorenvio.com.br\/blog\/datas-especiais\/dia-do-consumidor-2026\/","og_site_name":"Blog Melhor Envio","article_publisher":"https:\/\/www.facebook.com\/MelhorEnvio\/","article_published_time":"2026-02-20T15:12:09+00:00","article_modified_time":"2026-02-25T12:23:29+00:00","og_image":[{"width":2560,"height":1969,"url":"https:\/\/melhorenvio.com.br\/blog\/wp-content\/uploads\/2026\/02\/dia-do-consumidor-capa-melhor-envio-scaled.webp","type":"image\/webp"}],"author":"Thiago Soares","twitter_card":"summary_large_image","twitter_creator":"@melhorenvio","twitter_site":"@melhorenvio","twitter_misc":{"Escrito por":"Thiago Soares","Est. tempo de leitura":"16 minutos"},"schema":{"@context":"https:\/\/schema.org","@graph":[{"@type":"Article","@id":"https:\/\/melhorenvio.com.br\/blog\/datas-especiais\/dia-do-consumidor-2026\/#article","isPartOf":{"@id":"https:\/\/melhorenvio.com.br\/blog\/datas-especiais\/dia-do-consumidor-2026\/"},"author":{"name":"Thiago Soares","@id":"https:\/\/blog.melhorenvio.com.br\/#\/schema\/person\/380cc4e5bc565c2d87f20a567a8ff587"},"headline":"Dia do Consumidor 2026: quando \u00e9 e como se preparar para vender mais","datePublished":"2026-02-20T15:12:09+00:00","dateModified":"2026-02-25T12:23:29+00:00","mainEntityOfPage":{"@id":"https:\/\/melhorenvio.com.br\/blog\/datas-especiais\/dia-do-consumidor-2026\/"},"wordCount":2910,"publisher":{"@id":"https:\/\/blog.melhorenvio.com.br\/#organization"},"image":{"@id":"https:\/\/melhorenvio.com.br\/blog\/datas-especiais\/dia-do-consumidor-2026\/#primaryimage"},"thumbnailUrl":"https:\/\/melhorenvio.com.br\/blog\/wp-content\/uploads\/2026\/02\/dia-do-consumidor-capa-melhor-envio-scaled.webp","keywords":["Dia do consumidor"],"articleSection":["Datas especiais"],"inLanguage":"pt-BR"},{"@type":"WebPage","@id":"https:\/\/melhorenvio.com.br\/blog\/datas-especiais\/dia-do-consumidor-2026\/","url":"https:\/\/melhorenvio.com.br\/blog\/datas-especiais\/dia-do-consumidor-2026\/","name":"Dia do Consumidor 2026: d\u00favidas e dicas Semana do Consumidor","isPartOf":{"@id":"https:\/\/blog.melhorenvio.com.br\/#website"},"primaryImageOfPage":{"@id":"https:\/\/melhorenvio.com.br\/blog\/datas-especiais\/dia-do-consumidor-2026\/#primaryimage"},"image":{"@id":"https:\/\/melhorenvio.com.br\/blog\/datas-especiais\/dia-do-consumidor-2026\/#primaryimage"},"thumbnailUrl":"https:\/\/melhorenvio.com.br\/blog\/wp-content\/uploads\/2026\/02\/dia-do-consumidor-capa-melhor-envio-scaled.webp","datePublished":"2026-02-20T15:12:09+00:00","dateModified":"2026-02-25T12:23:29+00:00","description":"Quando \u00e9 o Dia do Consumidor? O Dia do Consumidor \u00e9 comemorado no dia 15 de mar\u00e7o e foi criado para lembrar os direitos dos compradores.","inLanguage":"pt-BR","potentialAction":[{"@type":"ReadAction","target":["https:\/\/melhorenvio.com.br\/blog\/datas-especiais\/dia-do-consumidor-2026\/"]}]},{"@type":"ImageObject","inLanguage":"pt-BR","@id":"https:\/\/melhorenvio.com.br\/blog\/datas-especiais\/dia-do-consumidor-2026\/#primaryimage","url":"https:\/\/melhorenvio.com.br\/blog\/wp-content\/uploads\/2026\/02\/dia-do-consumidor-capa-melhor-envio-scaled.webp","contentUrl":"https:\/\/melhorenvio.com.br\/blog\/wp-content\/uploads\/2026\/02\/dia-do-consumidor-capa-melhor-envio-scaled.webp","width":2560,"height":1969,"caption":"Capa do artigo dia do consumidor 2026 que mostra dois comparadores segurando compras"},{"@type":"WebSite","@id":"https:\/\/blog.melhorenvio.com.br\/#website","url":"https:\/\/blog.melhorenvio.com.br\/","name":"Blog Melhor Envio","description":"Aprenda a economizar na gest\u00e3o de fretes","publisher":{"@id":"https:\/\/blog.melhorenvio.com.br\/#organization"},"alternateName":"Blog do Melhor Envio","potentialAction":[{"@type":"SearchAction","target":{"@type":"EntryPoint","urlTemplate":"https:\/\/blog.melhorenvio.com.br\/?s={search_term_string}"},"query-input":{"@type":"PropertyValueSpecification","valueRequired":true,"valueName":"search_term_string"}}],"inLanguage":"pt-BR"},{"@type":"Organization","@id":"https:\/\/blog.melhorenvio.com.br\/#organization","name":"Melhor Envio","alternateName":"Melhor Envio","url":"https:\/\/blog.melhorenvio.com.br\/","logo":{"@type":"ImageObject","inLanguage":"pt-BR","@id":"https:\/\/blog.melhorenvio.com.br\/#\/schema\/logo\/image\/","url":"https:\/\/melhorenvio.com.br\/blog\/wp-content\/uploads\/2022\/12\/blog-logo-melhor-envio.webp","contentUrl":"https:\/\/melhorenvio.com.br\/blog\/wp-content\/uploads\/2022\/12\/blog-logo-melhor-envio.webp","width":188,"height":96,"caption":"Melhor Envio"},"image":{"@id":"https:\/\/blog.melhorenvio.com.br\/#\/schema\/logo\/image\/"},"sameAs":["https:\/\/www.facebook.com\/MelhorEnvio\/","https:\/\/x.com\/melhorenvio","https:\/\/www.instagram.com\/melhorenvio","https:\/\/www.youtube.com\/melhorenviooficial","https:\/\/br.linkedin.com\/company\/melhorenvio"]},{"@type":"Person","@id":"https:\/\/blog.melhorenvio.com.br\/#\/schema\/person\/380cc4e5bc565c2d87f20a567a8ff587","name":"Thiago Soares","image":{"@type":"ImageObject","inLanguage":"pt-BR","@id":"https:\/\/secure.gravatar.com\/avatar\/37146dedea0642b5bd93475a3a6131ef2d4889187a2e0517464ed0f537281610?s=96&d=mm&r=g","url":"https:\/\/secure.gravatar.com\/avatar\/37146dedea0642b5bd93475a3a6131ef2d4889187a2e0517464ed0f537281610?s=96&d=mm&r=g","contentUrl":"https:\/\/secure.gravatar.com\/avatar\/37146dedea0642b5bd93475a3a6131ef2d4889187a2e0517464ed0f537281610?s=96&d=mm&r=g","caption":"Thiago Soares"},"description":"Especialista em conte\u00fado para e-commerce formado em Letras pela UERJ e com MBA em Marketing pela USP\/Esalq. Conta com mais de 12 anos de experi\u00eancia em produ\u00e7\u00e3o de conte\u00fado para grandes marcas do mercado nacional como Buscap\u00e9, Tray, Zoom, Bagy e outras. Atualmente, tem como prop\u00f3sito ajudar lojistas, de todos os tamanhos, a vender mais pela internet. Para isso, atua na equipe de produ\u00e7\u00e3o de conte\u00fado do Melhor Envio, plataforma digital que est\u00e1 revolucionando a log\u00edstica para e-commerce.","sameAs":["https:\/\/br.linkedin.com\/in\/thiago-rocha-soares"],"url":"https:\/\/melhorenvio.com.br\/blog\/author\/thiago-soares\/"}]}},"_links":{"self":[{"href":"https:\/\/melhorenvio.com.br\/blog\/wp-json\/wp\/v2\/posts\/31466","targetHints":{"allow":["GET"]}}],"collection":[{"href":"https:\/\/melhorenvio.com.br\/blog\/wp-json\/wp\/v2\/posts"}],"about":[{"href":"https:\/\/melhorenvio.com.br\/blog\/wp-json\/wp\/v2\/types\/post"}],"author":[{"embeddable":true,"href":"https:\/\/melhorenvio.com.br\/blog\/wp-json\/wp\/v2\/users\/51"}],"replies":[{"embeddable":true,"href":"https:\/\/melhorenvio.com.br\/blog\/wp-json\/wp\/v2\/comments?post=31466"}],"version-history":[{"count":35,"href":"https:\/\/melhorenvio.com.br\/blog\/wp-json\/wp\/v2\/posts\/31466\/revisions"}],"predecessor-version":[{"id":58742,"href":"https:\/\/melhorenvio.com.br\/blog\/wp-json\/wp\/v2\/posts\/31466\/revisions\/58742"}],"wp:featuredmedia":[{"embeddable":true,"href":"https:\/\/melhorenvio.com.br\/blog\/wp-json\/wp\/v2\/media\/58704"}],"wp:attachment":[{"href":"https:\/\/melhorenvio.com.br\/blog\/wp-json\/wp\/v2\/media?parent=31466"}],"wp:term":[{"taxonomy":"category","embeddable":true,"href":"https:\/\/melhorenvio.com.br\/blog\/wp-json\/wp\/v2\/categories?post=31466"},{"taxonomy":"post_tag","embeddable":true,"href":"https:\/\/melhorenvio.com.br\/blog\/wp-json\/wp\/v2\/tags?post=31466"}],"curies":[{"name":"wp","href":"https:\/\/api.w.org\/{rel}","templated":true}]}}