{"id":31766,"date":"2024-09-09T18:48:44","date_gmt":"2024-09-09T21:48:44","guid":{"rendered":"https:\/\/blog.melhorenvio.com.br\/?p=31766"},"modified":"2025-11-13T09:31:57","modified_gmt":"2025-11-13T12:31:57","slug":"declaracao-de-conteudo-correios","status":"publish","type":"post","link":"https:\/\/melhorenvio.com.br\/blog\/frete-e-logistica\/declaracao-de-conteudo-correios\/","title":{"rendered":"Declara\u00e7\u00e3o de conte\u00fado Correios: o que \u00e9 e como fazer?"},"content":{"rendered":"\n<script type=\"application\/ld+json\">\n{\n  \"@context\": \"https:\/\/schema.org\",\n  \"@graph\": [\n    {\n      \"@type\": \"FAQPage\",\n      \"@id\": \"https:\/\/blog.melhorenvio.com.br\/declaracao-de-conteudo-correios\/#faq\",\n      \"mainEntity\": [\n        {\n          \"@type\": \"Question\",\n          \"@id\": \"https:\/\/blog.melhorenvio.com.br\/declaracao-de-conteudo-correios\/#faq1\",\n          \"name\": \"O que \u00e9 a Declara\u00e7\u00e3o de Conte\u00fado?\",\n          \"acceptedAnswer\": {\n            \"@type\": \"Answer\",\n            \"text\": \"Declara\u00e7\u00e3o de Conte\u00fado Correios \u00e9 um documento com as informa\u00e7\u00f5es dos itens enviados em uma encomenda. \u00c9 um documento obrigat\u00f3rio para quem faz vendas para pessoas f\u00edsicas e n\u00e3o emitem Nota Fiscal (como MEIs) ou remetentes que enviam pacotes sem valor comercial.\"\n          }\n        },\n        {\n          \"@type\": \"Question\",\n          \"@id\": \"https:\/\/blog.melhorenvio.com.br\/declaracao-de-conteudo-correios\/#faq2\",\n          \"name\": \"Como gerar a Declara\u00e7\u00e3o de Conte\u00fado dos Correios?\",\n          \"acceptedAnswer\": {\n            \"@type\": \"Answer\",\n            \"text\": \"Siga este passo a passo para criar uma Declara\u00e7\u00e3o de Conte\u00fado: Preencha as informa\u00e7\u00f5es de Destinat\u00e1rio, Preencha as informa\u00e7\u00f5es de Remetente, Preencha as informa\u00e7\u00f5es dos Produtos. Prontinho! Voc\u00ea ter\u00e1 acesso \u00e0 Declara\u00e7\u00e3o de Conte\u00fado dos Correios.\"\n          }\n        },\n        {\n          \"@type\": \"Question\",\n          \"@id\": \"https:\/\/blog.melhorenvio.com.br\/declaracao-de-conteudo-correios\/#faq3\",\n          \"name\": \"Para que serve a Declara\u00e7\u00e3o dos Correios?\",\n          \"acceptedAnswer\": {\n            \"@type\": \"Answer\",\n            \"text\": \"A Declara\u00e7\u00e3o de Conte\u00fado dos Correios ajuda no combate ao com\u00e9rcio ilegal e \u00e0 sonega\u00e7\u00e3o de impostos. Al\u00e9m disso, tamb\u00e9m garante mais seguran\u00e7a para lojistas e clientes durante uma transa\u00e7\u00e3o comercial.\"\n          }\n        },\n        {\n          \"@type\": \"Question\",\n          \"@id\": \"https:\/\/blog.melhorenvio.com.br\/declaracao-de-conteudo-correios\/#faq4\",\n          \"name\": \"Como colocar a Declara\u00e7\u00e3o na embalagem?\",\n          \"acceptedAnswer\": {\n            \"@type\": \"Answer\",\n            \"text\": \"A Declara\u00e7\u00e3o de Conte\u00fado deve ser fixada na parte de fora da embalagem e estar vis\u00edvel. O ideal \u00e9 colocar o documento em um saquinho pl\u00e1stico e, depois, prender ele ao seu pacote com fita adesiva. O material mais usado \u00e9 o saco canguru. Voc\u00ea pode encontr\u00e1-lo facilmente em papelarias e marketplaces.\"\n          }\n        },\n        {\n          \"@type\": \"Question\",\n          \"@id\": \"https:\/\/blog.melhorenvio.com.br\/declaracao-de-conteudo-correios\/#faq5\",\n          \"name\": \"A Declara\u00e7\u00e3o pode ser feita a m\u00e3o?\",\n          \"acceptedAnswer\": {\n            \"@type\": \"Answer\",\n            \"text\": \"Sim, \u00e9 poss\u00edvel faz\u00ea-la escrita \u00e0 m\u00e3o, seguindo o modelo de Declara\u00e7\u00e3o dos Correios. Contudo, isso \u00e9 recomendado apenas em casos de emerg\u00eancia e somente para envios n\u00e3o comerciais.\"\n          }\n        },\n        {\n          \"@type\": \"Question\",\n          \"@id\": \"https:\/\/blog.melhorenvio.com.br\/declaracao-de-conteudo-correios\/#faq6\",\n          \"name\": \"Como fazer Declara\u00e7\u00e3o de Conte\u00fado com transportadoras privadas?\",\n          \"acceptedAnswer\": {\n            \"@type\": \"Answer\",\n            \"text\": \"Algumas transportadoras privadas n\u00e3o aceitam o envio de mercadorias com valor comercial apenas com a Declara\u00e7\u00e3o. E o \u00fanico jeito de saber as regras de cada empresa \u00e9 consult\u00e1-las individualmente.\"\n          }\n        },\n        {\n          \"@type\": \"Question\",\n          \"@id\": \"https:\/\/blog.melhorenvio.com.br\/declaracao-de-conteudo-correios\/#faq7\",\n          \"name\": \"Passo a passo: como preencher a declara\u00e7\u00e3o de conte\u00fado\",\n          \"acceptedAnswer\": {\n            \"@type\": \"Answer\",\n            \"text\": \"1. Preencha as informa\u00e7\u00f5es do remetente e do destinat\u00e1rio 2. Insira as informa\u00e7\u00f5es dos objetos enviados 3. Assine o documento 4. Fixe a Declara\u00e7\u00e3o na encomenda 5. Agora, \u00e9 s\u00f3 enviar sua encomenda!\"\n          }\n        }\n      ],\n      \"isPartOf\": {\n        \"@id\": \"https:\/\/blog.melhorenvio.com.br\/declaracao-de-conteudo-correios\/\"\n      }\n    }\n  ]\n}\n<\/script>\n\n\n\n<p><em>A Declara\u00e7\u00e3o de Conte\u00fado \u00e9 um documento obrigat\u00f3rio para envio de encomendas sem Nota Fiscal.<\/em><\/p>\n\n\n\n<p><strong><br><\/strong><strong>Vende pela internet e tem d\u00favidas sobre enviar encomendas com Declara\u00e7\u00e3o de Conte\u00fado?<\/strong><\/p>\n\n\n\n<p>Neste guia completo voc\u00ea vai aprender o que \u00e9 Declara\u00e7\u00e3o de Conte\u00fado, quando usar e o <strong>passo a passo de como preencher as informa\u00e7\u00f5es no documento em 5 passos simples<\/strong> e ainda pode baixar gratuitamente o formul\u00e1rio de Declara\u00e7\u00e3o de Conte\u00fado dos Correios em arquivo Word ou PDF.<\/p>\n\n\n\n<p>Aproveite para <strong>criar uma conta gr\u00e1tis no Melhor Envio<\/strong> e enviar encomendas pelos Correios com agilidade e economia!<\/p>\n\n\n\n<div class=\"wp-block-buttons is-content-justification-center is-layout-flex wp-container-core-buttons-is-layout-16018d1d wp-block-buttons-is-layout-flex\">\n<div class=\"wp-block-button\"><a class=\"wp-block-button__link has-background has-text-align-center wp-element-button\" href=\"https:\/\/melhorenvio.com.br\/\" style=\"border-radius:4px;background-color:#00448c\" target=\"_blank\" rel=\"noreferrer noopener\">Criar conta gr\u00e1tis no Melhor Envio<\/a><\/div>\n<\/div>\n\n\n\n<h4 class=\"wp-block-heading\">O que voc\u00ea encontra por aqui:<\/h4>\n\n\n\n<ul class=\"wp-block-list\">\n<li><a href=\"#O que \u00e9 Declara\u00e7\u00e3o de Conte\u00fado?\">O que \u00e9 Declara\u00e7\u00e3o de Conte\u00fado?<\/a><\/li>\n\n\n\n<li><a href=\"#Para que serve a Declara\u00e7\u00e3o dos Correios?\">Para que serve a Declara\u00e7\u00e3o dos Correios?<\/a><\/li>\n\n\n\n<li><a href=\"#como preencher a Declara\u00e7\u00e3o de Conte\u00fado\">Como preencher a Declara\u00e7\u00e3o de Conte\u00fado?<\/a><\/li>\n\n\n\n<li><a href=\"#MEI pode enviar produtos sem Nota fiscal?\">MEI pode enviar produtos sem Nota fiscal?<\/a><\/li>\n\n\n\n<li><a href=\"#Modelo de Declara\u00e7\u00e3o de Conte\u00fado Correios Word e PDF\">Modelo de Declara\u00e7\u00e3o de Conte\u00fado Correios Word e PDF<\/a><\/li>\n\n\n\n<li><a href=\"#A Declara\u00e7\u00e3o pode ser feita a m\u00e3o?\">A Declara\u00e7\u00e3o pode ser feita a m\u00e3o?<\/a><\/li>\n\n\n\n<li><a href=\"#Como fazer Declara\u00e7\u00e3o de Conte\u00fado com transportadoras privadas?\">Como fazer Declara\u00e7\u00e3o de Conte\u00fado com transportadoras privadas?<\/a><\/li>\n\n\n\n<li><a href=\"#Economize no frete e declare o conte\u00fado automaticamente com o Melhor Envio\">Economize no frete e declare o conte\u00fado automaticamente com o Melhor Envio<\/a><\/li>\n\n\n\n<li><a href=\"#Perguntas frequentes sobre Declara\u00e7\u00e3o de Conte\u00fado\">Perguntas frequentes sobre Declara\u00e7\u00e3o de Conte\u00fado<\/a><\/li>\n<\/ul>\n\n\n\n<h2 class=\"wp-block-heading\" id=\"O que \u00e9 Declara\u00e7\u00e3o de Conte\u00fado?\">O que \u00e9 Declara\u00e7\u00e3o de Conte\u00fado?<\/h2>\n\n\n\n<p><strong>A Declara\u00e7\u00e3o de Conte\u00fado \u00e9 um documento que acompanha os envios em que a Nota Fiscal n\u00e3o \u00e9 exigida. <\/strong>No e-commerce, essa situa\u00e7\u00e3o \u00e9 comum em dois cen\u00e1rios:<\/p>\n\n\n\n<ul class=\"wp-block-list\">\n<li><strong>Envios n\u00e3o comerciais, <\/strong>como <a href=\"https:\/\/melhorenvio.com.br\/blog\/sobre-nos\/melhor-envio-logistica-reversa\/\" target=\"_blank\" rel=\"noreferrer noopener\">trocas e devolu\u00e7\u00f5es<\/a><\/li>\n\n\n\n<li>Envios contratados por <strong>microempreendedores individuais, <\/strong>desde que o destinat\u00e1rio seja uma pessoa f\u00edsica<\/li>\n<\/ul>\n\n\n\n<p>A Declara\u00e7\u00e3o de Conte\u00fado \u00e9 como uma lista que informa o que est\u00e1 sendo transportado, quantidade, valor e outras informa\u00e7\u00f5es relevantes.<\/p>\n\n\n\n<p>\ud83d\udccd Todas as transportadoras, inclusive os Correios, exigem <a href=\"https:\/\/melhorenvio.com.br\/blog\/frete-e-logistica\/nota-fiscal-e-declaracao-de-conteudo\/\" target=\"_blank\" rel=\"noreferrer noopener\">Nota Fiscal ou Declara\u00e7\u00e3o de Conte\u00fado<\/a>, e sem um desses documentos voc\u00ea n\u00e3o consegue fazer o envio de encomendas.<\/p>\n\n\n\n<h2 class=\"wp-block-heading\" id=\"Para que serve a Declara\u00e7\u00e3o dos Correios?\">Para que serve a Declara\u00e7\u00e3o dos Correios?<\/h2>\n\n\n\n<p>A Declara\u00e7\u00e3o de Conte\u00fado dos Correios ajuda no combate ao com\u00e9rcio ilegal e \u00e0 sonega\u00e7\u00e3o de impostos. Al\u00e9m disso, tamb\u00e9m garante mais seguran\u00e7a para lojistas e clientes durante uma transa\u00e7\u00e3o comercial.<\/p>\n\n\n\n<p>Neste v\u00eddeo n\u00f3s explicamos quando enviar o seu frete com a declara\u00e7\u00e3o e mostramos como preencher as informa\u00e7\u00f5es que n\u00e3o podem faltar no documento. D\u00ea o play e confira!<\/p>\n\n\n\n<figure class=\"wp-block-embed aligncenter is-type-video is-provider-youtube wp-block-embed-youtube wp-embed-aspect-16-9 wp-has-aspect-ratio\"><div class=\"wp-block-embed__wrapper\">\n<div class=\"jeg_video_container jeg_video_content\"><iframe loading=\"lazy\" title=\"Quando enviar o seu frete com declara\u00e7\u00e3o de conte\u00fado\" width=\"500\" height=\"281\" src=\"https:\/\/www.youtube.com\/embed\/8ittYbenbsk?feature=oembed&#038;enablejsapi=1&#038;origin=https:\/\/melhorenvio.com.br\" frameborder=\"0\" allow=\"accelerometer; autoplay; clipboard-write; encrypted-media; gyroscope; picture-in-picture; web-share\" referrerpolicy=\"strict-origin-when-cross-origin\" allowfullscreen><\/iframe><\/div>\n<\/div><figcaption class=\"wp-element-caption\">Descubra quando enviar o seu frete com Declara\u00e7\u00e3o de Conte\u00fado. | Reprodu\u00e7\u00e3o: Melhor Envio.<\/figcaption><\/figure>\n\n\n\n<h2 class=\"wp-block-heading\" id=\"como preencher a Declara\u00e7\u00e3o de Conte\u00fado\">Como colocar a Declara\u00e7\u00e3o na embalagem?<\/h2>\n\n\n\n<p><strong>A Declara\u00e7\u00e3o de Conte\u00fado deve ser fixada na parte de fora da embalagem e estar vis\u00edvel.&nbsp;<\/strong><\/p>\n\n\n\n<p>O ideal \u00e9 colocar o documento <strong>em um saquinho pl\u00e1stico<\/strong> e, depois, prender ele ao seu pacote com fita adesiva.<br><br>O material mais usado \u00e9 o <strong>saco canguru<\/strong>. Voc\u00ea pode encontr\u00e1-lo facilmente em papelarias e&nbsp;<a href=\"https:\/\/melhorenvio.com.br\/blog\/ecommerce-e-marketplace\/marketplace\/\" target=\"_blank\" rel=\"noreferrer noopener\">marketplaces<\/a>.<\/p>\n\n\n\n<h3 class=\"wp-block-heading\">Passo a passo: como preencher a Declara\u00e7\u00e3o de Conte\u00fado<\/h3>\n\n\n\n<h4 class=\"wp-block-heading\">1. Preencha as informa\u00e7\u00f5es do remetente e do destinat\u00e1rio<\/h4>\n\n\n\n<p>Insira corretamente as informa\u00e7\u00f5es do remetente e do destinat\u00e1rio, como: nome completo, endere\u00e7o e CPF\/CNPJ.<\/p>\n\n\n\n<h4 class=\"wp-block-heading\">2. Insira as informa\u00e7\u00f5es dos objetos enviados<\/h4>\n\n\n\n<p>Descreva quais s\u00e3o os itens da encomenda, a quantidade, os valores (R$) e peso total (kg).<\/p>\n\n\n\n<h4 class=\"wp-block-heading\">3. Assine o documento<\/h4>\n\n\n\n<p>Por \u00faltimo, assine a Declara\u00e7\u00e3o afirmando que voc\u00ea est\u00e1 dispensando a emiss\u00e3o de Nota Fiscal (caso se enquadre no MEI) ou que a sua postagem n\u00e3o caracteriza opera\u00e7\u00e3o comercial (para envios de pessoa f\u00edsica).<\/p>\n\n\n\n<h4 class=\"wp-block-heading\">4. Fixe a Declara\u00e7\u00e3o na encomenda<\/h4>\n\n\n\n<p>Com a encomenda pronta para enviar, dobre a declara\u00e7\u00e3o e a coloque dentro do saquinho pl\u00e1stico para evitar que danifique no trajeto e fixe a Declara\u00e7\u00e3o de Conte\u00fado na parte de fora da embalagem.<\/p>\n\n\n\n<h4 class=\"wp-block-heading\">5. Agora, \u00e9 s\u00f3 enviar sua encomenda!<\/h4>\n\n\n\n<p>Leve sua encomenda at\u00e9 uma ag\u00eancia dos Correios ou no <a href=\"https:\/\/lp.melhorenvio.com.br\/ponto-parceiro\/\">Ponto Parceiro <\/a>da sua prefer\u00eancia.<\/p>\n\n\n\n<p>\ud83d\udc49 No envio de encomendas \u00e9 poss\u00edvel contratar servi\u00e7os adicionais como <a href=\"https:\/\/melhorenvio.com.br\/blog\/frete-e-logistica\/ar-correios\/\" target=\"_blank\" rel=\"noreferrer noopener\">AR Correios \u2013 aviso de recebimento<\/a>, para tornar a experi\u00eancia de entrega do seu e-commerce ainda mais segura.<\/p>\n\n\n\n<h3 class=\"wp-block-heading\">Quais s\u00e3o os 7 erros mais comuns ao preencher a declara\u00e7\u00e3o de conte\u00fado?<\/h3>\n\n\n\n<ol class=\"wp-block-list\">\n<li>Dados do remetente e destinat\u00e1rio incorretos;&nbsp;<\/li>\n<\/ol>\n\n\n\n<ol start=\"2\" class=\"wp-block-list\">\n<li>N\u00e3o informar todos os itens enviados;<\/li>\n<\/ol>\n\n\n\n<ol start=\"3\" class=\"wp-block-list\">\n<li>Descri\u00e7\u00e3o inadequada dos itens que ser\u00e3o enviados;<\/li>\n<\/ol>\n\n\n\n<ol start=\"4\" class=\"wp-block-list\">\n<li>N\u00e3o informar os valores de cada item;<\/li>\n<\/ol>\n\n\n\n<ol start=\"5\" class=\"wp-block-list\">\n<li>Esquecer de declarar que o envio n\u00e3o \u00e9 para fins comerciais (vendas);<\/li>\n<\/ol>\n\n\n\n<ol start=\"6\" class=\"wp-block-list\">\n<li>N\u00e3o informar corretamente o peso total do pacote;<\/li>\n<\/ol>\n\n\n\n<ol start=\"7\" class=\"wp-block-list\">\n<li>N\u00e3o fixar de forma vis\u00edvel a Declara\u00e7\u00e3o de Conte\u00fado na parte de fora da embalagem.<\/li>\n<\/ol>\n\n\n\n<h4 class=\"wp-block-heading\">Como evitar erros na hora de preencher a declara\u00e7\u00e3o de conte\u00fado?<\/h4>\n\n\n\n<p>Revise a declara\u00e7\u00e3o de conte\u00fado para garantir que todas as informa\u00e7\u00f5es, incluindo os dados do remetente, destinat\u00e1rio e a descri\u00e7\u00e3o dos itens, estejam corretas e completas. E n\u00e3o se esque\u00e7a de anexar a declara\u00e7\u00e3o de conte\u00fado de forma vis\u00edvel na embalagem. <\/p>\n\n\n\n<h3 class=\"wp-block-heading\" id=\"MEI pode enviar produtos sem Nota fiscal?\">MEI pode enviar produtos sem Nota fiscal?<\/h3>\n\n\n\n<p>A resposta \u00e9 sim! <strong>Microempreendedor Individual (MEI) n\u00e3o precisa emitir Nota Fiscal <\/strong>quando o consumidor \u00e9 pessoa f\u00edsica. <\/p>\n\n\n\n<p>Isso significa que MEI pode fazer o envio de encomendas usando apenas o formul\u00e1rio de Declara\u00e7\u00e3o de Conte\u00fado.<\/p>\n\n\n\n<p><strong>Apesar disso, \u00e9 interessante que o MEI emita Notas Fiscais por dois motivos:&nbsp;<\/strong><\/p>\n\n\n\n<ol class=\"wp-block-list\">\n<li>A emiss\u00e3o da Nota faz parte de uma boa rela\u00e7\u00e3o entre lojistas e consumidores, pois traz seguran\u00e7a nas transa\u00e7\u00f5es de compra x venda<\/li>\n\n\n\n<li>Algumas transportadoras privadas n\u00e3o aceitam envios apenas com a Declara\u00e7\u00e3o, ou seja, exigem Nota Fiscal. Se o MEI quiser usar alguma empresa al\u00e9m dos Correios, a chance de precisar emitir Nota Fiscal \u00e9 alta<\/li>\n<\/ol>\n\n\n\n<p>\ud83d\udccd Dica de leitura do Melhor Envio: <a href=\"https:\/\/melhorenvio.com.br\/blog\/financas\/mei-o-que-e-e-como-voce-pode-se-tornar-um\/\" target=\"_blank\" rel=\"noreferrer noopener\">MEI \u2013 O que \u00e9 e como se tornar um<\/a><\/p>\n\n\n\n<h2 class=\"wp-block-heading\" id=\"Modelo de Declara\u00e7\u00e3o de Conte\u00fado Correios Word e PDF\">Modelo de Declara\u00e7\u00e3o de Conte\u00fado Correios Word e PDF<\/h2>\n\n\n\n<p>Qual o modelo que uma Declara\u00e7\u00e3o de Conte\u00fado deve seguir para ser aceita pelos Correios e demais empresas de transporte?<\/p>\n\n\n\n<p><strong>Segundo o protocolo ICMS 32\/01, esse tipo de documento deve conter:<\/strong><\/p>\n\n\n\n<ul class=\"wp-block-list\">\n<li>A denomina\u00e7\u00e3o \u201cDeclara\u00e7\u00e3o de Conte\u00fado\u201d<\/li>\n\n\n\n<li>Informa\u00e7\u00f5es do remetente e do destinat\u00e1rio (nome, CPF, endere\u00e7o)<\/li>\n\n\n\n<li>Especifica\u00e7\u00e3o do conte\u00fado (quantidade, peso e valor)<\/li>\n\n\n\n<li>Declara\u00e7\u00e3o de que o conte\u00fado da encomenda n\u00e3o \u00e9 objeto de transa\u00e7\u00e3o comercial (mercancia)<\/li>\n<\/ul>\n\n\n<div class=\"wp-block-image\">\n<figure class=\"aligncenter size-large is-resized\"><img decoding=\"async\" width=\"1024\" height=\"556\" src=\"https:\/\/blog.melhorenvio.com.br\/wp-content\/uploads\/2022\/05\/declaracao-de-conteudo-correios-blog-melhor-envio-1024x556.jpg\" alt=\"Modelo da Declara\u00e7\u00e3o de Conte\u00fado dos Correios dispon\u00edvel para baixar nesse artigo. | Reprodu\u00e7\u00e3o: Correios.\" class=\"wp-image-41475\" style=\"width:-178px;height:-96px\" srcset=\"https:\/\/melhorenvio.com.br\/blog\/wp-content\/uploads\/2022\/05\/declaracao-de-conteudo-correios-blog-melhor-envio-1024x556.jpg 1024w, https:\/\/melhorenvio.com.br\/blog\/wp-content\/uploads\/2022\/05\/declaracao-de-conteudo-correios-blog-melhor-envio-300x163.jpg 300w, https:\/\/melhorenvio.com.br\/blog\/wp-content\/uploads\/2022\/05\/declaracao-de-conteudo-correios-blog-melhor-envio-768x417.jpg 768w, https:\/\/melhorenvio.com.br\/blog\/wp-content\/uploads\/2022\/05\/declaracao-de-conteudo-correios-blog-melhor-envio-750x408.jpg 750w, https:\/\/melhorenvio.com.br\/blog\/wp-content\/uploads\/2022\/05\/declaracao-de-conteudo-correios-blog-melhor-envio-1140x620.jpg 1140w, https:\/\/melhorenvio.com.br\/blog\/wp-content\/uploads\/2022\/05\/declaracao-de-conteudo-correios-blog-melhor-envio.jpg 1174w\" sizes=\"(max-width: 1024px) 100vw, 1024px\" \/><figcaption class=\"wp-element-caption\">Modelo da Declara\u00e7\u00e3o dos Correios dispon\u00edvel para baixar nesse artigo. | Reprodu\u00e7\u00e3o: Correios.<\/figcaption><\/figure>\n<\/div>\n\n\n<p><br><strong>Mas voc\u00ea n\u00e3o precisa fazer esse documento por conta pr\u00f3pria. <br><br><\/strong>Os Correios disponibilizam um modelo de Declara\u00e7\u00e3o para envios sem Nota Fiscal, e voc\u00ea pode baixar aqui em PDF ou Word (.DOCX).<\/p>\n\n\n\n<div class=\"wp-block-group\"><div class=\"wp-block-group__inner-container is-layout-constrained wp-block-group-is-layout-constrained\"><div class=\"wp-block-image\">\n<figure class=\"aligncenter size-large is-resized\"><img decoding=\"async\" width=\"1024\" height=\"528\" src=\"https:\/\/blog.melhorenvio.com.br\/wp-content\/uploads\/2023\/08\/Atualizacao-de-artigo-no-Blog-2-1024x528.png\" alt=\"Modelo da Declara\u00e7\u00e3o de Conte\u00fado dos Correios Word e PDF.\" class=\"wp-image-47139\" style=\"width:442px;height:228px\" srcset=\"https:\/\/melhorenvio.com.br\/blog\/wp-content\/uploads\/2023\/08\/Atualizacao-de-artigo-no-Blog-2-1024x528.png 1024w, https:\/\/melhorenvio.com.br\/blog\/wp-content\/uploads\/2023\/08\/Atualizacao-de-artigo-no-Blog-2-300x155.png 300w, https:\/\/melhorenvio.com.br\/blog\/wp-content\/uploads\/2023\/08\/Atualizacao-de-artigo-no-Blog-2-768x396.png 768w, https:\/\/melhorenvio.com.br\/blog\/wp-content\/uploads\/2023\/08\/Atualizacao-de-artigo-no-Blog-2-150x77.png 150w, https:\/\/melhorenvio.com.br\/blog\/wp-content\/uploads\/2023\/08\/Atualizacao-de-artigo-no-Blog-2-750x387.png 750w, https:\/\/melhorenvio.com.br\/blog\/wp-content\/uploads\/2023\/08\/Atualizacao-de-artigo-no-Blog-2.png 1080w\" sizes=\"(max-width: 1024px) 100vw, 1024px\" \/><\/figure>\n<\/div><\/div><\/div>\n\n\n\n<div class=\"wp-block-buttons is-content-justification-center is-layout-flex wp-container-core-buttons-is-layout-16018d1d wp-block-buttons-is-layout-flex\">\n<div class=\"wp-block-button\"><a class=\"wp-block-button__link has-background wp-element-button\" href=\"https:\/\/blog.melhorenvio.com.br\/wp-content\/uploads\/2021\/08\/Formulario-Declaracao-de-Conteudo-A5.docx\" style=\"border-radius:4px;background-color:#00519d\" target=\"_blank\" rel=\"noreferrer noopener\">Baixar Word<\/a><\/div>\n\n\n\n<div class=\"wp-block-button\"><a class=\"wp-block-button__link has-background wp-element-button\" href=\"https:\/\/melhorenvio.com.br\/blog\/wp-content\/uploads\/2020\/09\/Formulario-Declaracao-de-Conteudo-A5-1.pdf\" style=\"border-radius:4px;background-color:#00519d\" target=\"_blank\" rel=\"noreferrer noopener\">Baixar PDF<\/a><\/div>\n<\/div>\n\n\n\n<div style=\"height:12px\" aria-hidden=\"true\" class=\"wp-block-spacer\"><\/div>\n\n\n\n<h2 class=\"wp-block-heading\" id=\"A Declara\u00e7\u00e3o pode ser feita a m\u00e3o?\">A Declara\u00e7\u00e3o pode ser feita a m\u00e3o?<\/h2>\n\n\n\n<p><strong>Sim, \u00e9 poss\u00edvel faz\u00ea-la escrita \u00e0 m\u00e3o, seguindo o modelo de Declara\u00e7\u00e3o dos Correios.<\/strong><br><br>Contudo, isso \u00e9 recomendado apenas em casos de emerg\u00eancia e somente para envios n\u00e3o comerciais.&nbsp;<\/p>\n\n\n\n<p>Considerando que se trata de fretes em vendas online, sempre use o modelo impresso e preencha as informa\u00e7\u00f5es necess\u00e1rias para enviar a sua encomenda.<\/p>\n\n\n\n<p><strong>Mas, vale lembrar que algumas transportadoras privadas podem n\u00e3o aceitar a Declara\u00e7\u00e3o de Conte\u00fado nesse formato.<\/strong><\/p>\n\n\n\n<h2 class=\"wp-block-heading\" id=\"Como fazer Declara\u00e7\u00e3o de Conte\u00fado com transportadoras privadas?\">Como fazer Declara\u00e7\u00e3o de Conte\u00fado com transportadoras privadas?<\/h2>\n\n\n\n<p>Algumas transportadoras privadas n\u00e3o aceitam o envio de mercadorias com valor comercial apenas com a Declara\u00e7\u00e3o. E o \u00fanico jeito de saber as regras de cada empresa \u00e9 consult\u00e1-las individualmente.<br><br>Para facilitar a sua rotina, fizemos uma lista com as transportadoras parceiras do Melhor Envio (e mais usadas no e-commerce) e suas pol\u00edticas sobre a Declara\u00e7\u00e3o. Confira:<\/p>\n\n\n\n<ul class=\"wp-block-list\">\n<li><strong>Azul Cargo Express:<\/strong> aceita declara\u00e7\u00e3o \u2705<br><\/li>\n\n\n\n<li><strong>Jadlog: <\/strong>aceita declara\u00e7\u00e3o (exceto para envios com origem no Paran\u00e1) \u2705<br><\/li>\n\n\n\n<li><strong>LATAM Cargo: <\/strong>a empresa aceita declara\u00e7\u00e3o, mas n\u00e3o em toda unidade \u26a0\ufe0f&nbsp;<br><em>Encomendas enviadas de bases fronteiri\u00e7as (como em Foz do Igua\u00e7u, no Paran\u00e1) precisam de Nota Fiscal. Essa medida \u00e9 para evitar contrabando e sonega\u00e7\u00e3o de impostos.<\/em><\/li>\n<\/ul>\n\n\n\n<ul class=\"wp-block-list\">\n<li><strong>Buslog:<\/strong> aceita declara\u00e7\u00e3o \u2705<\/li>\n<\/ul>\n\n\n\n<p><strong>Importante<\/strong>: Em algumas transportadoras, as regras para indeniza\u00e7\u00e3o por avaria ou extravio de encomenda podem variar conforme a documenta\u00e7\u00e3o usada (Declara\u00e7\u00e3o de Conte\u00fado ou Nota Fiscal). Para evitar problemas, \u00e9 importante conhecer as normas da empresa de transporte escolhida. Voc\u00ea encontra mais informa\u00e7\u00f5es no nosso artigo sobre <a href=\"https:\/\/melhorenvio.com.br\/blog\/frete-e-logistica\/minha-carga-sofreu-avaria-ou-extravio\/\" target=\"_blank\" rel=\"noreferrer noopener\">o que fazer em caso de avaria ou extravio de cargas<\/a>.<\/p>\n\n\n\n<h2 class=\"wp-block-heading\" id=\"Economize no frete e declare o conte\u00fado automaticamente com o Melhor Envio\">Economize no frete e declare o conte\u00fado automaticamente com o Melhor Envio<\/h2>\n\n\n\n<p>Quando voc\u00ea contrata uma modalidade de frete dos Correios ou transportadora privada com o Melhor Envio, voc\u00ea economiza tempo e ainda garante etiquetas de frete com at\u00e9<strong> 80% de desconto<\/strong>.&nbsp;&nbsp;<\/p>\n\n\n\n<p>E tem mais!<br><br>Caso escolha fazer seu envio com uma transportadora que aceite Declara\u00e7\u00e3o de Conte\u00fado, nosso sistema gera o documento automaticamente para voc\u00ea, basta preencher os dados e imprimir.<\/p>\n\n\n\n<p>Al\u00e9m da economia e facilidade para declarar o conte\u00fado, voc\u00ea aproveita outros benef\u00edcios, como:<\/p>\n\n\n\n<ul class=\"wp-block-list\">\n<li>Acesso a ferramentas de otimiza\u00e7\u00e3o para e-commerce, como a <a href=\"https:\/\/lp.melhorenvio.com.br\/frete-gratis\/\" target=\"_blank\" rel=\"noreferrer noopener\">Calculadora de Frete Gr\u00e1tis<\/a><\/li>\n\n\n\n<li>Programa de vantagens: oportunidade de acumular pontos a cada envio postado e <a href=\"https:\/\/melhorenvio.com.br\/blog\/sobre-nos\/descontos-e-promocoes-clube-de-beneficios\/\" target=\"_blank\" rel=\"noreferrer noopener\">receber de volta mais descontos<\/a><\/li>\n<\/ul>\n\n\n\n<p><br>Aproveite e crie sua conta gr\u00e1tis e envie encomendas pelo Melhor Envio com at\u00e9 80% de desconto para todo o Brasil.<\/p>\n\n\n\n<div class=\"wp-block-buttons is-layout-flex wp-block-buttons-is-layout-flex\">\n<div class=\"wp-block-button aligncenter\"><a class=\"wp-block-button__link has-background wp-element-button\" href=\"https:\/\/melhorenvio.com.br\/cadastre-se\/\" style=\"border-radius:4px;background-color:#00519d\" target=\"_blank\" rel=\"noreferrer noopener\">Criar conta gr\u00e1tis no Melhor Envio<\/a><\/div>\n<\/div>\n\n\n\n<div style=\"height:23px\" aria-hidden=\"true\" class=\"wp-block-spacer\"><\/div>\n\n\n\n<h2 class=\"wp-block-heading\" id=\"Perguntas frequentes sobre Declara\u00e7\u00e3o de Conte\u00fado\">Perguntas frequentes sobre Declara\u00e7\u00e3o de Conte\u00fado<\/h2>\n\n\n\n<h3 class=\"wp-block-heading\">Precisa de nota fiscal para enviar pelos Correios? <\/h3>\n\n\n\n<p>Depende! Se o envio \u00e9 comercial e voc\u00ea n\u00e3o \u00e9 MEI, ent\u00e3o \u00e9 necess\u00e1rio o uso da Nota Fiscal. Agora se o envio n\u00e3o \u00e9 comercial, como por exemplo, uma troca ou devolu\u00e7\u00e3o, ent\u00e3o voc\u00ea pode utilizar a declara\u00e7\u00e3o de conte\u00fado. <\/p>\n\n\n\n<h3 class=\"wp-block-heading\">Qual a difenren\u00e7a entre nota fiscal e declara\u00e7\u00e3o de conte\u00fado dos Correios? <\/h3>\n\n\n\n<p>A principal diferen\u00e7a \u00e9 a finalidade. A nota fiscal deve ser utilizada para envios com natureza comercial. J\u00e1 a declara\u00e7\u00e3o de conte\u00fado \u00e9 utilizada para envios que n\u00e3o tem fins comerciais, como em casos de troca e devolu\u00e7\u00e3o.<\/p>\n\n\n\n<h3 class=\"wp-block-heading\">O que \u00e9 a Declara\u00e7\u00e3o de Conte\u00fado?<\/h3>\n\n\n\n<p>Declara\u00e7\u00e3o de Conte\u00fado Correios \u00e9 um documento com as informa\u00e7\u00f5es dos itens enviados em uma encomenda.&nbsp;<\/p>\n\n\n\n<p>\u00c9 um documento obrigat\u00f3rio para quem faz vendas para pessoas f\u00edsicas e n\u00e3o emitem Nota Fiscal (como MEIs) ou remetentes que enviam pacotes sem valor comercial.<\/p>\n\n\n\n<h3 class=\"wp-block-heading\">Como gerar a Declara\u00e7\u00e3o de Conte\u00fado dos Correios?<\/h3>\n\n\n\n<p><strong>Siga este passo a passo para criar uma Declara\u00e7\u00e3o de Conte\u00fado:<\/strong><\/p>\n\n\n\n<ol class=\"wp-block-list\">\n<li>Preencha as informa\u00e7\u00f5es de Destinat\u00e1rio<\/li>\n\n\n\n<li>Preencha as informa\u00e7\u00f5es de Remetente<\/li>\n\n\n\n<li>Preencha as informa\u00e7\u00f5es dos Produtos<\/li>\n\n\n\n<li>Prontinho! Voc\u00ea ter\u00e1 acesso \u00e0 Declara\u00e7\u00e3o de Conte\u00fado dos Correios<\/li>\n<\/ol>\n\n\n\n<h3 class=\"wp-block-heading\">A declara\u00e7\u00e3o de conte\u00fado serve como nota fiscal?<\/h3>\n\n\n\n<p>A declara\u00e7\u00e3o de conte\u00fado substitui a nota fiscal em envios n\u00e3o comerciais ou envios contratados por microempreendedores individuais (MEI), desde que o destinat\u00e1rio seja uma pessoa f\u00edsica. <\/p>\n\n\n\n<h3 class=\"wp-block-heading\">Onde colocar a declara\u00e7\u00e3o de conte\u00fado nos envios dos Correios? <\/h3>\n\n\n\n<p>O ideal \u00e9 colocar a declara\u00e7\u00e3o de conte\u00fado em um saco canguru (saquinho pl\u00e1stico) e depois anex\u00e1-lo com fita adesiva na encomenda. <\/p>\n\n\n\n<h3 class=\"wp-block-heading\"><\/h3>\n\n\n\n<p><\/p>\n\n\n\n<p><\/p>\n","protected":false},"excerpt":{"rendered":"<p>Saiba o que \u00e9 Declara\u00e7\u00e3o de Conte\u00fado e como fazer!<\/p>\n","protected":false},"author":55,"featured_media":47152,"comment_status":"closed","ping_status":"open","sticky":false,"template":"","format":"standard","meta":{"_acf_changed":false,"jnews-multi-image_gallery":[],"jnews_single_post":{"subtitle":"","format":"standard","video":"","gallery":"","source_name":"","source_url":"","via_name":"","via_url":"","override_template":"0","override":[{"template":"4","single_blog_custom":"","parallax":"1","fullscreen":"0","layout":"right-sidebar","sidebar":"","second_sidebar":"","sticky_sidebar":"1","share_position":"","share_float_style":"","show_share_counter":"1","show_view_counter":"1","show_featured":"1","show_post_meta":"1","show_post_author":"1","show_post_author_image":"1","show_post_date":"1","post_date_format":"","post_date_format_custom":"","show_post_category":"1","show_post_reading_time":"0","post_reading_time_wpm":"","post_calculate_word_method":"str_word_count","show_zoom_button":"0","zoom_button_out_step":"1","zoom_button_in_step":"1","show_post_tag":"1","show_prev_next_post":"1","show_popup_post":"1","number_popup_post":"1","show_author_box":"0","show_post_related":"0","show_inline_post_related":"0"}],"override_image_size":"0","image_override":[{"single_post_thumbnail_size":"","single_post_gallery_size":""}],"trending_post":"0","trending_post_position":"","trending_post_label":"","sponsored_post":"0","sponsored_post_label":"","sponsored_post_name":"","sponsored_post_url":"","sponsored_post_logo_enable":"0","sponsored_post_logo":"","sponsored_post_desc":"","disable_ad":"0"},"jnews_primary_category":{"id":"","hide":""},"footnotes":""},"categories":[52],"tags":[486],"class_list":["post-31766","post","type-post","status-publish","format-standard","has-post-thumbnail","hentry","category-frete-e-logistica","tag-como-fazer-envio-de-encomendas"],"acf":[],"yoast_head":"<!-- This site is optimized with the Yoast SEO plugin v27.3 - https:\/\/yoast.com\/product\/yoast-seo-wordpress\/ -->\n<title>Declara\u00e7\u00e3o de Conte\u00fado: o que \u00e9 e como fazer?<\/title>\n<meta name=\"description\" content=\"Declara\u00e7\u00e3o de Conte\u00fado: entenda o que \u00e9 esse documento obrigat\u00f3rio, para que serve e como fazer o envio de encomendas sem Nota Fiscal.\" \/>\n<meta name=\"robots\" content=\"index, follow, max-snippet:-1, max-image-preview:large, max-video-preview:-1\" \/>\n<link rel=\"canonical\" href=\"https:\/\/melhorenvio.com.br\/blog\/frete-e-logistica\/declaracao-de-conteudo-correios\/\" \/>\n<meta property=\"og:locale\" content=\"pt_BR\" \/>\n<meta property=\"og:type\" content=\"article\" \/>\n<meta property=\"og:title\" content=\"Declara\u00e7\u00e3o de Conte\u00fado: o que \u00e9 e como fazer?\" \/>\n<meta property=\"og:description\" content=\"Declara\u00e7\u00e3o de Conte\u00fado: entenda o que \u00e9 esse documento obrigat\u00f3rio, para que serve e como fazer o envio de encomendas sem Nota Fiscal.\" \/>\n<meta property=\"og:url\" content=\"https:\/\/melhorenvio.com.br\/blog\/frete-e-logistica\/declaracao-de-conteudo-correios\/\" \/>\n<meta property=\"og:site_name\" content=\"Blog Melhor Envio\" \/>\n<meta property=\"article:publisher\" content=\"https:\/\/www.facebook.com\/MelhorEnvio\/\" \/>\n<meta property=\"article:published_time\" content=\"2024-09-09T21:48:44+00:00\" \/>\n<meta property=\"article:modified_time\" content=\"2025-11-13T12:31:57+00:00\" \/>\n<meta property=\"og:image\" content=\"https:\/\/melhorenvio.com.br\/blog\/wp-content\/uploads\/2023\/08\/Declaracao-de-Conteudo-Melhor-Envio.jpg\" \/>\n\t<meta property=\"og:image:width\" content=\"2500\" \/>\n\t<meta property=\"og:image:height\" content=\"941\" \/>\n\t<meta property=\"og:image:type\" content=\"image\/jpeg\" \/>\n<meta name=\"author\" content=\"Camila Melo\" \/>\n<meta name=\"twitter:card\" content=\"summary_large_image\" \/>\n<meta name=\"twitter:creator\" content=\"@melhorenvio\" \/>\n<meta name=\"twitter:site\" content=\"@melhorenvio\" \/>\n<meta name=\"twitter:label1\" content=\"Escrito por\" \/>\n\t<meta name=\"twitter:data1\" content=\"Camila Melo\" \/>\n\t<meta name=\"twitter:label2\" content=\"Est. tempo de leitura\" \/>\n\t<meta name=\"twitter:data2\" content=\"10 minutos\" \/>\n<script type=\"application\/ld+json\" class=\"yoast-schema-graph\">{\"@context\":\"https:\\\/\\\/schema.org\",\"@graph\":[{\"@type\":\"Article\",\"@id\":\"https:\\\/\\\/melhorenvio.com.br\\\/blog\\\/frete-e-logistica\\\/declaracao-de-conteudo-correios\\\/#article\",\"isPartOf\":{\"@id\":\"https:\\\/\\\/melhorenvio.com.br\\\/blog\\\/frete-e-logistica\\\/declaracao-de-conteudo-correios\\\/\"},\"author\":{\"name\":\"Camila Melo\",\"@id\":\"https:\\\/\\\/blog.melhorenvio.com.br\\\/#\\\/schema\\\/person\\\/cdf418efe1d249fed3a507502c71a9fd\"},\"headline\":\"Declara\u00e7\u00e3o de conte\u00fado Correios: o que \u00e9 e como fazer?\",\"datePublished\":\"2024-09-09T21:48:44+00:00\",\"dateModified\":\"2025-11-13T12:31:57+00:00\",\"mainEntityOfPage\":{\"@id\":\"https:\\\/\\\/melhorenvio.com.br\\\/blog\\\/frete-e-logistica\\\/declaracao-de-conteudo-correios\\\/\"},\"wordCount\":1857,\"publisher\":{\"@id\":\"https:\\\/\\\/blog.melhorenvio.com.br\\\/#organization\"},\"image\":{\"@id\":\"https:\\\/\\\/melhorenvio.com.br\\\/blog\\\/frete-e-logistica\\\/declaracao-de-conteudo-correios\\\/#primaryimage\"},\"thumbnailUrl\":\"https:\\\/\\\/melhorenvio.com.br\\\/blog\\\/wp-content\\\/uploads\\\/2023\\\/08\\\/Declaracao-de-Conteudo-Melhor-Envio.jpg\",\"keywords\":[\"Como fazer envio de encomendas\"],\"articleSection\":[\"Frete e Log\u00edstica\"],\"inLanguage\":\"pt-BR\"},{\"@type\":\"WebPage\",\"@id\":\"https:\\\/\\\/melhorenvio.com.br\\\/blog\\\/frete-e-logistica\\\/declaracao-de-conteudo-correios\\\/\",\"url\":\"https:\\\/\\\/melhorenvio.com.br\\\/blog\\\/frete-e-logistica\\\/declaracao-de-conteudo-correios\\\/\",\"name\":\"Declara\u00e7\u00e3o de Conte\u00fado: o que \u00e9 e como fazer?\",\"isPartOf\":{\"@id\":\"https:\\\/\\\/blog.melhorenvio.com.br\\\/#website\"},\"primaryImageOfPage\":{\"@id\":\"https:\\\/\\\/melhorenvio.com.br\\\/blog\\\/frete-e-logistica\\\/declaracao-de-conteudo-correios\\\/#primaryimage\"},\"image\":{\"@id\":\"https:\\\/\\\/melhorenvio.com.br\\\/blog\\\/frete-e-logistica\\\/declaracao-de-conteudo-correios\\\/#primaryimage\"},\"thumbnailUrl\":\"https:\\\/\\\/melhorenvio.com.br\\\/blog\\\/wp-content\\\/uploads\\\/2023\\\/08\\\/Declaracao-de-Conteudo-Melhor-Envio.jpg\",\"datePublished\":\"2024-09-09T21:48:44+00:00\",\"dateModified\":\"2025-11-13T12:31:57+00:00\",\"description\":\"Declara\u00e7\u00e3o de Conte\u00fado: entenda o que \u00e9 esse documento obrigat\u00f3rio, para que serve e como fazer o envio de encomendas sem Nota Fiscal.\",\"inLanguage\":\"pt-BR\",\"potentialAction\":[{\"@type\":\"ReadAction\",\"target\":[\"https:\\\/\\\/melhorenvio.com.br\\\/blog\\\/frete-e-logistica\\\/declaracao-de-conteudo-correios\\\/\"]}]},{\"@type\":\"ImageObject\",\"inLanguage\":\"pt-BR\",\"@id\":\"https:\\\/\\\/melhorenvio.com.br\\\/blog\\\/frete-e-logistica\\\/declaracao-de-conteudo-correios\\\/#primaryimage\",\"url\":\"https:\\\/\\\/melhorenvio.com.br\\\/blog\\\/wp-content\\\/uploads\\\/2023\\\/08\\\/Declaracao-de-Conteudo-Melhor-Envio.jpg\",\"contentUrl\":\"https:\\\/\\\/melhorenvio.com.br\\\/blog\\\/wp-content\\\/uploads\\\/2023\\\/08\\\/Declaracao-de-Conteudo-Melhor-Envio.jpg\",\"width\":2500,\"height\":941},{\"@type\":\"WebSite\",\"@id\":\"https:\\\/\\\/blog.melhorenvio.com.br\\\/#website\",\"url\":\"https:\\\/\\\/blog.melhorenvio.com.br\\\/\",\"name\":\"Blog Melhor Envio\",\"description\":\"Aprenda a economizar na gest\u00e3o de fretes\",\"publisher\":{\"@id\":\"https:\\\/\\\/blog.melhorenvio.com.br\\\/#organization\"},\"alternateName\":\"Blog do Melhor Envio\",\"potentialAction\":[{\"@type\":\"SearchAction\",\"target\":{\"@type\":\"EntryPoint\",\"urlTemplate\":\"https:\\\/\\\/blog.melhorenvio.com.br\\\/?s={search_term_string}\"},\"query-input\":{\"@type\":\"PropertyValueSpecification\",\"valueRequired\":true,\"valueName\":\"search_term_string\"}}],\"inLanguage\":\"pt-BR\"},{\"@type\":\"Organization\",\"@id\":\"https:\\\/\\\/blog.melhorenvio.com.br\\\/#organization\",\"name\":\"Melhor Envio\",\"alternateName\":\"Melhor Envio\",\"url\":\"https:\\\/\\\/blog.melhorenvio.com.br\\\/\",\"logo\":{\"@type\":\"ImageObject\",\"inLanguage\":\"pt-BR\",\"@id\":\"https:\\\/\\\/blog.melhorenvio.com.br\\\/#\\\/schema\\\/logo\\\/image\\\/\",\"url\":\"https:\\\/\\\/melhorenvio.com.br\\\/blog\\\/wp-content\\\/uploads\\\/2022\\\/12\\\/blog-logo-melhor-envio.webp\",\"contentUrl\":\"https:\\\/\\\/melhorenvio.com.br\\\/blog\\\/wp-content\\\/uploads\\\/2022\\\/12\\\/blog-logo-melhor-envio.webp\",\"width\":188,\"height\":96,\"caption\":\"Melhor Envio\"},\"image\":{\"@id\":\"https:\\\/\\\/blog.melhorenvio.com.br\\\/#\\\/schema\\\/logo\\\/image\\\/\"},\"sameAs\":[\"https:\\\/\\\/www.facebook.com\\\/MelhorEnvio\\\/\",\"https:\\\/\\\/x.com\\\/melhorenvio\",\"https:\\\/\\\/www.instagram.com\\\/melhorenvio\",\"https:\\\/\\\/www.youtube.com\\\/melhorenviooficial\",\"https:\\\/\\\/br.linkedin.com\\\/company\\\/melhorenvio\"]},{\"@type\":\"Person\",\"@id\":\"https:\\\/\\\/blog.melhorenvio.com.br\\\/#\\\/schema\\\/person\\\/cdf418efe1d249fed3a507502c71a9fd\",\"name\":\"Camila Melo\",\"image\":{\"@type\":\"ImageObject\",\"inLanguage\":\"pt-BR\",\"@id\":\"https:\\\/\\\/secure.gravatar.com\\\/avatar\\\/5a891e76424bdb39e91b6d09ecb72a1eff98fbc5a47f87f873569b2fa35b3725?s=96&d=mm&r=g\",\"url\":\"https:\\\/\\\/secure.gravatar.com\\\/avatar\\\/5a891e76424bdb39e91b6d09ecb72a1eff98fbc5a47f87f873569b2fa35b3725?s=96&d=mm&r=g\",\"contentUrl\":\"https:\\\/\\\/secure.gravatar.com\\\/avatar\\\/5a891e76424bdb39e91b6d09ecb72a1eff98fbc5a47f87f873569b2fa35b3725?s=96&d=mm&r=g\",\"caption\":\"Camila Melo\"},\"description\":\"Redatora SEO e estrategista de conte\u00fado que adora descobrir novidades sobre marketing. Amante dos livros, doramas e tecnologia. Vamos bater um papo? Mande um e-mail para mim: cami.melo@melhorenvio.com\",\"sameAs\":[\"https:\\\/\\\/www.linkedin.com\\\/in\\\/camimelos\\\/\"],\"url\":\"https:\\\/\\\/melhorenvio.com.br\\\/blog\\\/author\\\/camilamelo\\\/\"}]}<\/script>\n<!-- \/ Yoast SEO plugin. -->","yoast_head_json":{"title":"Declara\u00e7\u00e3o de Conte\u00fado: o que \u00e9 e como fazer?","description":"Declara\u00e7\u00e3o de Conte\u00fado: entenda o que \u00e9 esse documento obrigat\u00f3rio, para que serve e como fazer o envio de encomendas sem Nota Fiscal.","robots":{"index":"index","follow":"follow","max-snippet":"max-snippet:-1","max-image-preview":"max-image-preview:large","max-video-preview":"max-video-preview:-1"},"canonical":"https:\/\/melhorenvio.com.br\/blog\/frete-e-logistica\/declaracao-de-conteudo-correios\/","og_locale":"pt_BR","og_type":"article","og_title":"Declara\u00e7\u00e3o de Conte\u00fado: o que \u00e9 e como fazer?","og_description":"Declara\u00e7\u00e3o de Conte\u00fado: entenda o que \u00e9 esse documento obrigat\u00f3rio, para que serve e como fazer o envio de encomendas sem Nota Fiscal.","og_url":"https:\/\/melhorenvio.com.br\/blog\/frete-e-logistica\/declaracao-de-conteudo-correios\/","og_site_name":"Blog Melhor Envio","article_publisher":"https:\/\/www.facebook.com\/MelhorEnvio\/","article_published_time":"2024-09-09T21:48:44+00:00","article_modified_time":"2025-11-13T12:31:57+00:00","og_image":[{"width":2500,"height":941,"url":"https:\/\/melhorenvio.com.br\/blog\/wp-content\/uploads\/2023\/08\/Declaracao-de-Conteudo-Melhor-Envio.jpg","type":"image\/jpeg"}],"author":"Camila Melo","twitter_card":"summary_large_image","twitter_creator":"@melhorenvio","twitter_site":"@melhorenvio","twitter_misc":{"Escrito por":"Camila Melo","Est. tempo de leitura":"10 minutos"},"schema":{"@context":"https:\/\/schema.org","@graph":[{"@type":"Article","@id":"https:\/\/melhorenvio.com.br\/blog\/frete-e-logistica\/declaracao-de-conteudo-correios\/#article","isPartOf":{"@id":"https:\/\/melhorenvio.com.br\/blog\/frete-e-logistica\/declaracao-de-conteudo-correios\/"},"author":{"name":"Camila Melo","@id":"https:\/\/blog.melhorenvio.com.br\/#\/schema\/person\/cdf418efe1d249fed3a507502c71a9fd"},"headline":"Declara\u00e7\u00e3o de conte\u00fado Correios: o que \u00e9 e como fazer?","datePublished":"2024-09-09T21:48:44+00:00","dateModified":"2025-11-13T12:31:57+00:00","mainEntityOfPage":{"@id":"https:\/\/melhorenvio.com.br\/blog\/frete-e-logistica\/declaracao-de-conteudo-correios\/"},"wordCount":1857,"publisher":{"@id":"https:\/\/blog.melhorenvio.com.br\/#organization"},"image":{"@id":"https:\/\/melhorenvio.com.br\/blog\/frete-e-logistica\/declaracao-de-conteudo-correios\/#primaryimage"},"thumbnailUrl":"https:\/\/melhorenvio.com.br\/blog\/wp-content\/uploads\/2023\/08\/Declaracao-de-Conteudo-Melhor-Envio.jpg","keywords":["Como fazer envio de encomendas"],"articleSection":["Frete e Log\u00edstica"],"inLanguage":"pt-BR"},{"@type":"WebPage","@id":"https:\/\/melhorenvio.com.br\/blog\/frete-e-logistica\/declaracao-de-conteudo-correios\/","url":"https:\/\/melhorenvio.com.br\/blog\/frete-e-logistica\/declaracao-de-conteudo-correios\/","name":"Declara\u00e7\u00e3o de Conte\u00fado: o que \u00e9 e como fazer?","isPartOf":{"@id":"https:\/\/blog.melhorenvio.com.br\/#website"},"primaryImageOfPage":{"@id":"https:\/\/melhorenvio.com.br\/blog\/frete-e-logistica\/declaracao-de-conteudo-correios\/#primaryimage"},"image":{"@id":"https:\/\/melhorenvio.com.br\/blog\/frete-e-logistica\/declaracao-de-conteudo-correios\/#primaryimage"},"thumbnailUrl":"https:\/\/melhorenvio.com.br\/blog\/wp-content\/uploads\/2023\/08\/Declaracao-de-Conteudo-Melhor-Envio.jpg","datePublished":"2024-09-09T21:48:44+00:00","dateModified":"2025-11-13T12:31:57+00:00","description":"Declara\u00e7\u00e3o de Conte\u00fado: entenda o que \u00e9 esse documento obrigat\u00f3rio, para que serve e como fazer o envio de encomendas sem Nota Fiscal.","inLanguage":"pt-BR","potentialAction":[{"@type":"ReadAction","target":["https:\/\/melhorenvio.com.br\/blog\/frete-e-logistica\/declaracao-de-conteudo-correios\/"]}]},{"@type":"ImageObject","inLanguage":"pt-BR","@id":"https:\/\/melhorenvio.com.br\/blog\/frete-e-logistica\/declaracao-de-conteudo-correios\/#primaryimage","url":"https:\/\/melhorenvio.com.br\/blog\/wp-content\/uploads\/2023\/08\/Declaracao-de-Conteudo-Melhor-Envio.jpg","contentUrl":"https:\/\/melhorenvio.com.br\/blog\/wp-content\/uploads\/2023\/08\/Declaracao-de-Conteudo-Melhor-Envio.jpg","width":2500,"height":941},{"@type":"WebSite","@id":"https:\/\/blog.melhorenvio.com.br\/#website","url":"https:\/\/blog.melhorenvio.com.br\/","name":"Blog Melhor Envio","description":"Aprenda a economizar na gest\u00e3o de fretes","publisher":{"@id":"https:\/\/blog.melhorenvio.com.br\/#organization"},"alternateName":"Blog do Melhor Envio","potentialAction":[{"@type":"SearchAction","target":{"@type":"EntryPoint","urlTemplate":"https:\/\/blog.melhorenvio.com.br\/?s={search_term_string}"},"query-input":{"@type":"PropertyValueSpecification","valueRequired":true,"valueName":"search_term_string"}}],"inLanguage":"pt-BR"},{"@type":"Organization","@id":"https:\/\/blog.melhorenvio.com.br\/#organization","name":"Melhor Envio","alternateName":"Melhor Envio","url":"https:\/\/blog.melhorenvio.com.br\/","logo":{"@type":"ImageObject","inLanguage":"pt-BR","@id":"https:\/\/blog.melhorenvio.com.br\/#\/schema\/logo\/image\/","url":"https:\/\/melhorenvio.com.br\/blog\/wp-content\/uploads\/2022\/12\/blog-logo-melhor-envio.webp","contentUrl":"https:\/\/melhorenvio.com.br\/blog\/wp-content\/uploads\/2022\/12\/blog-logo-melhor-envio.webp","width":188,"height":96,"caption":"Melhor Envio"},"image":{"@id":"https:\/\/blog.melhorenvio.com.br\/#\/schema\/logo\/image\/"},"sameAs":["https:\/\/www.facebook.com\/MelhorEnvio\/","https:\/\/x.com\/melhorenvio","https:\/\/www.instagram.com\/melhorenvio","https:\/\/www.youtube.com\/melhorenviooficial","https:\/\/br.linkedin.com\/company\/melhorenvio"]},{"@type":"Person","@id":"https:\/\/blog.melhorenvio.com.br\/#\/schema\/person\/cdf418efe1d249fed3a507502c71a9fd","name":"Camila Melo","image":{"@type":"ImageObject","inLanguage":"pt-BR","@id":"https:\/\/secure.gravatar.com\/avatar\/5a891e76424bdb39e91b6d09ecb72a1eff98fbc5a47f87f873569b2fa35b3725?s=96&d=mm&r=g","url":"https:\/\/secure.gravatar.com\/avatar\/5a891e76424bdb39e91b6d09ecb72a1eff98fbc5a47f87f873569b2fa35b3725?s=96&d=mm&r=g","contentUrl":"https:\/\/secure.gravatar.com\/avatar\/5a891e76424bdb39e91b6d09ecb72a1eff98fbc5a47f87f873569b2fa35b3725?s=96&d=mm&r=g","caption":"Camila Melo"},"description":"Redatora SEO e estrategista de conte\u00fado que adora descobrir novidades sobre marketing. Amante dos livros, doramas e tecnologia. Vamos bater um papo? Mande um e-mail para mim: cami.melo@melhorenvio.com","sameAs":["https:\/\/www.linkedin.com\/in\/camimelos\/"],"url":"https:\/\/melhorenvio.com.br\/blog\/author\/camilamelo\/"}]}},"_links":{"self":[{"href":"https:\/\/melhorenvio.com.br\/blog\/wp-json\/wp\/v2\/posts\/31766","targetHints":{"allow":["GET"]}}],"collection":[{"href":"https:\/\/melhorenvio.com.br\/blog\/wp-json\/wp\/v2\/posts"}],"about":[{"href":"https:\/\/melhorenvio.com.br\/blog\/wp-json\/wp\/v2\/types\/post"}],"author":[{"embeddable":true,"href":"https:\/\/melhorenvio.com.br\/blog\/wp-json\/wp\/v2\/users\/55"}],"replies":[{"embeddable":true,"href":"https:\/\/melhorenvio.com.br\/blog\/wp-json\/wp\/v2\/comments?post=31766"}],"version-history":[{"count":65,"href":"https:\/\/melhorenvio.com.br\/blog\/wp-json\/wp\/v2\/posts\/31766\/revisions"}],"predecessor-version":[{"id":57332,"href":"https:\/\/melhorenvio.com.br\/blog\/wp-json\/wp\/v2\/posts\/31766\/revisions\/57332"}],"wp:featuredmedia":[{"embeddable":true,"href":"https:\/\/melhorenvio.com.br\/blog\/wp-json\/wp\/v2\/media\/47152"}],"wp:attachment":[{"href":"https:\/\/melhorenvio.com.br\/blog\/wp-json\/wp\/v2\/media?parent=31766"}],"wp:term":[{"taxonomy":"category","embeddable":true,"href":"https:\/\/melhorenvio.com.br\/blog\/wp-json\/wp\/v2\/categories?post=31766"},{"taxonomy":"post_tag","embeddable":true,"href":"https:\/\/melhorenvio.com.br\/blog\/wp-json\/wp\/v2\/tags?post=31766"}],"curies":[{"name":"wp","href":"https:\/\/api.w.org\/{rel}","templated":true}]}}