{"id":31810,"date":"2024-12-27T15:48:18","date_gmt":"2024-12-27T18:48:18","guid":{"rendered":"https:\/\/blog.melhorenvio.com.br\/?p=31810"},"modified":"2026-04-09T15:32:37","modified_gmt":"2026-04-09T18:32:37","slug":"programacao-das-agencias-dos-correios-para-o-fim-de-ano","status":"publish","type":"post","link":"https:\/\/melhorenvio.com.br\/blog\/frete-e-logistica\/programacao-das-agencias-dos-correios-para-o-fim-de-ano\/","title":{"rendered":"Hor\u00e1rio de funcionamento dos Correios e transportadoras no fim do ano"},"content":{"rendered":"\n<p><strong>As ag\u00eancias dos Correios e outras transportadoras parceiras do Melhor Envio ter\u00e3o hor\u00e1rios de funcionamento diferenciados no per\u00edodo de festas de fim de ano. Leia e confira!<\/strong><\/p>\n\n\n\n<p>Cientes do importante papel que exercem no e-commerce, <a href=\"https:\/\/melhorenvio.com.br\/blog\/frete-e-logistica\/quanto-custa-enviar-encomenda-pelos-correio\/\" target=\"_blank\" rel=\"noreferrer noopener\">os Correios<\/a> e as demais transportadoras parceiras do Melhor Envio j\u00e1 divulgaram a programa\u00e7\u00e3o de suas ag\u00eancias para o Natal e o Ano Novo de 2024.&nbsp;<\/p>\n\n\n\n<p>Confira o que vai mudar e antecipe a postagem das suas encomendas!<\/p>\n\n\n\n<p><strong><em>Enviar as encomendas da sua loja virtual pode ser uma tarefa bem mais simples e barata! Com o Melhor Envio \u00e9 poss\u00edvel fazer, em um s\u00f3 lugar, a cota\u00e7\u00e3o do frete mais indicado para cada pedido da sua loja nas principais transportadoras do pa\u00eds, incluindo os Correios. O servi\u00e7o \u00e9 totalmente gr\u00e1tis e voc\u00ea s\u00f3 pagar\u00e1 pelos fretes contratados. Legal, n\u00e9?!<\/em><\/strong><\/p>\n\n\n\n<figure class=\"wp-block-image size-large\"><img decoding=\"async\" width=\"1024\" height=\"330\" src=\"https:\/\/blog.melhorenvio.com.br\/wp-content\/uploads\/2019\/12\/transportadoras-melhor-envio-1024x330.webp\" alt=\"representa\u00e7\u00e3o das transportadoras parceiras do Melhor Envio\" class=\"wp-image-52886\" srcset=\"https:\/\/melhorenvio.com.br\/blog\/wp-content\/uploads\/2019\/12\/transportadoras-melhor-envio-1024x330.webp 1024w, https:\/\/melhorenvio.com.br\/blog\/wp-content\/uploads\/2019\/12\/transportadoras-melhor-envio-300x97.webp 300w, https:\/\/melhorenvio.com.br\/blog\/wp-content\/uploads\/2019\/12\/transportadoras-melhor-envio-768x247.webp 768w, https:\/\/melhorenvio.com.br\/blog\/wp-content\/uploads\/2019\/12\/transportadoras-melhor-envio-150x48.webp 150w, https:\/\/melhorenvio.com.br\/blog\/wp-content\/uploads\/2019\/12\/transportadoras-melhor-envio-750x241.webp 750w, https:\/\/melhorenvio.com.br\/blog\/wp-content\/uploads\/2019\/12\/transportadoras-melhor-envio-1140x367.webp 1140w, https:\/\/melhorenvio.com.br\/blog\/wp-content\/uploads\/2019\/12\/transportadoras-melhor-envio.webp 1199w\" sizes=\"(max-width: 1024px) 100vw, 1024px\" \/><\/figure>\n\n\n\n<div class=\"wp-block-buttons is-content-justification-center is-layout-flex wp-container-core-buttons-is-layout-16018d1d wp-block-buttons-is-layout-flex\">\n<div class=\"wp-block-button\"><a class=\"wp-block-button__link has-background wp-element-button\" href=\"https:\/\/melhorenvio.com.br\/\" style=\"background-color:#00519d\" target=\"_blank\" rel=\"noreferrer noopener\"><strong><strong>Envie pelos Correios mais barato com o Melhor Envio<\/strong><\/strong><\/a><\/div>\n<\/div>\n\n\n\n<h2 class=\"wp-block-heading\">Hor\u00e1rios de funcionamento das ag\u00eancias dos Correios no fim de ano<\/h2>\n\n\n\n<p>As <strong>ag\u00eancias dos Correios<\/strong> v\u00e3o ter altera\u00e7\u00f5es nos hor\u00e1rios de funcionamento durante o per\u00edodo natalino, R\u00e9veillon e come\u00e7o de 2025. Confira qual ser\u00e1 a pol\u00edtica adotada pela estatal e programe seus envios com anteced\u00eancia!<\/p>\n\n\n\n<ul class=\"wp-block-list\">\n<li><strong>Dia 23\/12 (segunda-feira): <\/strong>funcionamento normal, de acordo com o expediente de cada unidade.<\/li>\n\n\n\n<li><strong>Dia 24\/12&nbsp; (ter\u00e7a-feira):<\/strong> expediente de 6h seguidas, de acordo com o expediente de cada unidade.<\/li>\n\n\n\n<li><strong>Dia 25\/12 (quarta-feira):<\/strong> ag\u00eancias fechadas.<\/li>\n\n\n\n<li>D<strong>ias 26\/12 (quinta-feira): <\/strong>funcionamento normal, de acordo com o expediente de cada unidade.<\/li>\n\n\n\n<li><strong>Dia 27\/12 (sexta-feira):<\/strong> funcionamento normal, de acordo com o expediente de cada unidade.<\/li>\n\n\n\n<li><strong>Dia 28\/12 (s\u00e1bado): <\/strong>funcionamento normal, de acordo com o expediente de cada unidade.<\/li>\n\n\n\n<li><strong>Dia 30\/12 (segunda-feira):<\/strong> funcionamento normal, de acordo com o expediente de cada unidade.<\/li>\n\n\n\n<li><strong>Dia 31\/12 (ter\u00e7a-feira):<\/strong> ag\u00eancias fechadas.<\/li>\n\n\n\n<li><strong>Dia 01\/01 (quarta-feira):<\/strong> ag\u00eancias fechadas.<\/li>\n\n\n\n<li><strong>Dia 02\/01 (quinta-feira):<\/strong> funcionamento normal, de acordo com o expediente de cada unidade.<\/li>\n<\/ul>\n\n\n\n<p><strong><mark style=\"background-color:rgba(0, 0, 0, 0)\" class=\"has-inline-color has-vivid-red-color\">Aten\u00e7\u00e3o:<\/mark><\/strong> avise aos seus clientes que objetos coletados ou postados no dia 30\/12\/2024 (ter\u00e7a-feira) consideram o pr\u00f3ximo dia \u00fatil, 02\/01\/2025 (quinta-feira), como dia da postagem. Assim, a contagem do prazo de entrega deve se basear nessa quest\u00e3o, ok?<\/p>\n\n\n\n<h2 class=\"wp-block-heading\">Hor\u00e1rios de funcionamento das principais transportadoras do pa\u00eds no fim de ano<\/h2>\n\n\n\n<p>Durante o Natal e as festas de fim de ano as maiores transportadoras particulares do pa\u00eds tamb\u00e9m v\u00e3o trabalhar em per\u00edodos especiais.<\/p>\n\n\n\n<p>Veja como ser\u00e1 o calend\u00e1rio dessas empresas de transporte durante essa \u00e9poca do ano:<\/p>\n\n\n\n<h3 class=\"wp-block-heading\"><strong>Loggi&nbsp;<\/strong><\/h3>\n\n\n\n<ul class=\"wp-block-list\">\n<li><strong>24\/12 e 31\/12 (ter\u00e7a-feira):<\/strong> funcionamento normal.<\/li>\n\n\n\n<li><strong>25\/12 e 01\/01 (quarta-feira):<\/strong> n\u00e3o haver\u00e1 expediente.<\/li>\n<\/ul>\n\n\n\n<h3 class=\"wp-block-heading\"><strong>J&amp;T Express<\/strong><\/h3>\n\n\n\n<ul class=\"wp-block-list\">\n<li><strong>24\/12 e 31\/12 (ter\u00e7a-feira):<\/strong> n\u00e3o haver\u00e1 expediente.<\/li>\n\n\n\n<li><strong>25\/12 e 01\/01 (quarta-feira):<\/strong> n\u00e3o haver\u00e1 expediente.<\/li>\n<\/ul>\n\n\n\n<h3 class=\"wp-block-heading\"><strong>Jadlog<\/strong><\/h3>\n\n\n\n<ul class=\"wp-block-list\">\n<li><strong>24\/12 e 31\/12 (ter\u00e7a-feira):<\/strong> funcionamento normal.<\/li>\n\n\n\n<li><strong>25\/12 e 01\/01 (quarta-feira):<\/strong> n\u00e3o haver\u00e1 expediente.<\/li>\n<\/ul>\n\n\n\n<h3 class=\"wp-block-heading\"><strong>Buslog<\/strong><\/h3>\n\n\n\n<ul class=\"wp-block-list\">\n<li><strong>24\/12 e 31\/12 (ter\u00e7a-feira):<\/strong> a maioria das ag\u00eancias estar\u00e1 fechada, com exce\u00e7\u00e3o de algumas unidades que funcionar\u00e3o em hor\u00e1rio reduzido. S\u00e3o elas:<\/li>\n<\/ul>\n\n\n\n<ol class=\"wp-block-list\">\n<li>Contagem (MG)<\/li>\n\n\n\n<li>Curitiba (PR)<\/li>\n\n\n\n<li>Niter\u00f3i (RJ)<\/li>\n\n\n\n<li>Torres (RS)<\/li>\n\n\n\n<li>Ararangu\u00e1 (SC)<\/li>\n\n\n\n<li>Conc\u00f3rdia (SC)<\/li>\n\n\n\n<li>Crici\u00fama (SC)<\/li>\n\n\n\n<li>Florian\u00f3polis (SC)<\/li>\n\n\n\n<li>Gaspar (SC)<\/li>\n\n\n\n<li>Indaial (SC)<\/li>\n\n\n\n<li>Itaja\u00ed (SC)<\/li>\n\n\n\n<li>Itapema (SC)<\/li>\n\n\n\n<li>Joinville (SC)<\/li>\n\n\n\n<li>Lages (SC)<\/li>\n\n\n\n<li>Massaranduba (SC)<\/li>\n\n\n\n<li>Pomerode (SC)<\/li>\n\n\n\n<li>Tubar\u00e3o (SC)<\/li>\n\n\n\n<li>Videira (SC)<\/li>\n\n\n\n<li>S\u00e3o Paulo G3 (SP)<\/li>\n<\/ol>\n\n\n\n<ul class=\"wp-block-list\">\n<li><strong>25\/12 e 01\/01 (quarta-feira): <\/strong>n\u00e3o haver\u00e1 expediente.<\/li>\n<\/ul>\n\n\n\n<h3 class=\"wp-block-heading\"><strong>Azul Cargo Express<\/strong><\/h3>\n\n\n\n<ul class=\"wp-block-list\">\n<li><strong>24\/12 e 31\/12 (ter\u00e7a-feira):<\/strong> funcionamento normal.<\/li>\n\n\n\n<li><strong>25\/12 e 01\/01 (quarta-feira):<\/strong> n\u00e3o haver\u00e1 expediente.<\/li>\n<\/ul>\n\n\n\n<h2 class=\"wp-block-heading\">Hor\u00e1rios de funcionamento do Ponto Parceiro Pegaki no fim de ano<\/h2>\n\n\n\n<p>Quem utiliza o Melhor Envio para contratar fretes tem acesso, al\u00e9m das ag\u00eancias pr\u00f3prias das transportadoras, a unidades de postagem adicionais. S\u00e3o os Ponto Parceiros &#8211; Pegaki, que funcionam como centralizadores e distribuidores de cargas.<\/p>\n\n\n\n<p>Voc\u00ea deixa os seus pacotes em com\u00e9rcios de confian\u00e7a do Melhor Envio, onde eles s\u00e3o coletados pelas transportadoras para serem transportados aos respectivos destinat\u00e1rios.<\/p>\n\n\n\n<p>Confira o hor\u00e1rio de funcionamento dos Pontos Parceiros durante o fim de ano:<\/p>\n\n\n\n<h3 class=\"wp-block-heading\">Ponto Parceiro Pegaki por estado<\/h3>\n\n\n\n<p><strong>S\u00e3o Paulo: <\/strong><a href=\"https:\/\/lp.melhorenvio.com.br\/wp-content\/uploads\/2024\/12\/SP.html\" target=\"_blank\" rel=\"noreferrer noopener\"><strong>lista com datas e hor\u00e1rios<\/strong><\/a><\/p>\n\n\n\n<p><strong>Rio de Janeiro: <\/strong><a href=\"https:\/\/lp.melhorenvio.com.br\/wp-content\/uploads\/2024\/12\/RJ.html\" target=\"_blank\" rel=\"noreferrer noopener\"><strong>lista com datas e hor\u00e1rios<\/strong><\/a><\/p>\n\n\n\n<p><strong>Minas Gerais: <\/strong><a href=\"https:\/\/lp.melhorenvio.com.br\/wp-content\/uploads\/2024\/12\/MG.html\" target=\"_blank\" rel=\"noreferrer noopener\"><strong>lista com datas e hor\u00e1rios<\/strong><\/a><\/p>\n\n\n\n<p><strong>Santa Catarina:<\/strong><a href=\"https:\/\/lp.melhorenvio.com.br\/wp-content\/uploads\/2024\/12\/SC.html\" target=\"_blank\" rel=\"noreferrer noopener\"><strong> lista com datas e hor\u00e1rios<\/strong><\/a><\/p>\n\n\n\n<p><strong>Curitiba: <\/strong><a href=\"https:\/\/lp.melhorenvio.com.br\/wp-content\/uploads\/2024\/12\/PR.html\" target=\"_blank\" rel=\"noreferrer noopener\"><strong>lista com datas e hor\u00e1rios<\/strong><\/a><\/p>\n\n\n\n<p><strong>Bras\u00edlia: <\/strong><a href=\"https:\/\/lp.melhorenvio.com.br\/wp-content\/uploads\/2024\/12\/DF.html\" target=\"_blank\" rel=\"noreferrer noopener\"><strong>lista com datas e hor\u00e1rios<\/strong><\/a><\/p>\n\n\n\n<p><strong>Goi\u00e1s: <\/strong><a href=\"https:\/\/lp.melhorenvio.com.br\/wp-content\/uploads\/2024\/12\/GO.html\" target=\"_blank\" rel=\"noreferrer noopener\"><strong>lista com datas e hor\u00e1rios<\/strong><\/a><\/p>\n\n\n\n<p><strong>Leia tamb\u00e9m:&nbsp; <\/strong><a href=\"https:\/\/melhorenvio.com.br\/blog\/sobre-nos\/ponto-parceiro-simplifique-o-envio-de-encomendas-com-ajuda-do-melhor-envio\/\" target=\"_blank\" rel=\"noreferrer noopener\"><strong>Ponto Parceiro<\/strong> <strong>\u2013 simplifique o envio de encomendas com ajuda do Melhor Envio<\/strong><\/a><\/p>\n\n\n\n<h2 class=\"wp-block-heading\">Tenha fretes mais pr\u00e1ticos o ano todo com o Melhor Envio!<\/h2>\n\n\n\n<figure class=\"wp-block-embed aligncenter is-type-video is-provider-youtube wp-block-embed-youtube wp-embed-aspect-16-9 wp-has-aspect-ratio\"><div class=\"wp-block-embed__wrapper\">\n<div class=\"jeg_video_container jeg_video_content\"><iframe loading=\"lazy\" title=\"Como Melhor Envio funciona? Descubra como usar nossos servi\u00e7os!\" width=\"500\" height=\"281\" src=\"https:\/\/www.youtube.com\/embed\/LO4tTWBFnM8?feature=oembed&#038;enablejsapi=1&#038;origin=https:\/\/melhorenvio.com.br\" frameborder=\"0\" allow=\"accelerometer; autoplay; clipboard-write; encrypted-media; gyroscope; picture-in-picture; web-share\" referrerpolicy=\"strict-origin-when-cross-origin\" allowfullscreen><\/iframe><\/div>\n<\/div><\/figure>\n\n\n\n<p>Come\u00e7ar o ano de 2025 enviando as encomendas do seu neg\u00f3cio pagando menos pelo frete \u00e9 poss\u00edvel com o Melhor Envio. O <a href=\"https:\/\/melhorenvio.com.br\/\" target=\"_blank\" rel=\"noreferrer noopener\"><strong>Melhor Envio<\/strong><\/a> \u00e9 uma <strong>plataforma gratuita de cota\u00e7\u00e3o e gest\u00e3o de frete<\/strong> que pode ser utilizada por e-commerces de todos os tipos e tamanhos.&nbsp;<br>Ao fazer o seu cadastro no Melhor Envio a sua loja online ter\u00e1 acesso a ferramentas gratuitas como a Calculadora de Frete, que ao ser <a href=\"https:\/\/melhorenvio.com.br\/blog\/sobre-nos\/como-integrar-melhor-envio\/\" target=\"_blank\" rel=\"noreferrer noopener\"><strong>integrada no carrinho do seu e-commerce<\/strong><\/a> oferece as melhores condi\u00e7\u00f5es de frete nas principais transportadoras do pa\u00eds.<\/p>\n\n\n<link rel=\"stylesheet\" href=\"https:\/\/melhorenvio.com.br\/blog\/wp-content\/themes\/jnews-child\/template-parts\/calculadora\/style.css\"><div class=\"calcBox\">\n    <h2 class=\"ttl\"><strong><span style=\"color: #00448c;\">Calculadora de Frete do Melhor Envio<\/span><\/strong><\/h2>\n    <h4 style=\"text-align: center;\"><span style=\"color: #00448c;\">Encontre o melhor frete para o seu envio<\/span><\/h4>\n    <p>&nbsp;<\/p>\n    <div class=\"wrapper_calc\">\n        <div class=\"boxForm\">\n            <form id=\"calculate\" action=\"javascript:;\" method=\"post\">\n                <div class=\"boxCeps\">\n                    <div class=\"boxCeps__cep\">\n                        <p><label for=\"from\">CEP de Origem<\/label><br \/>\n                            <input id=\"from\" class=\"form\" tabindex=\"1\" name=\"from\" required=\"required\" type=\"text\"\n                                placeholder=\"Digite o CEP\" data-label=\"CEP de Origem\"\n                                data-text=\"N\u00e3o sei meu CEP\" \/><br \/>\n                            <label class=\"hide\" for=\"from_select\">Capital de origem<\/label>\n                          \t<select id=\"from_select\" class=\"form hide\" tabindex=\"1\" name=\"\" data-label=\"Capital de origem\"\n                                data-text=\"Calcular usando CEP\">\n                                <option value=\"\">Selecione<\/option><!-- Op\u00e7\u00f5es de CEP -->\n                            <\/select>\n                        <\/p>\n                    <\/div>\n                    <div class=\"boxCeps__cep\">\n                        <p><label for=\"to\">CEP de Destino<\/label><br \/>\n                            <input id=\"to\" class=\"form\" tabindex=\"2\" name=\"to\" required=\"required\" type=\"text\"\n                                placeholder=\"Digite o CEP\" data-label=\"CEP de Destino\"\n                                data-text=\"Calcular selecionando a Capital\" \/><br \/>\n                          \t<label class=\"hide\" for=\"to_select\">Capital de destino<\/label> \n                          \t<select id=\"to_select\" class=\"form hide\" tabindex=\"2\" name=\"\" data-label=\"Capital de destino\"\n                                data-text=\"Calcular usando CEP\">\n                                <option value=\"\">Selecione<\/option><!-- Op\u00e7\u00f5es de CEP -->\n                            <\/select>\n                        <\/p>\n                    <\/div>\n                <\/div>\n                <div class=\"boxInfo\">\n                    <div><label for=\"input_altura\">Altura<\/label><br \/>\n                        <input id=\"input_altura\" class=\"form dimensions\" title=\"altura\" name=\"height\" required\n                            type=\"text\" value=\"4 cm\" \/>\n                    <\/div>\n                    <div><label for=\"input_largura\">Largura<\/label><br \/>\n                        <input id=\"input_largura\" class=\"form dimensions\" title=\"largura\" name=\"width\" required\n                            type=\"text\" value=\"12 cm\" \/>\n                    <\/div>\n                    <div><label for=\"input_comprimento\">Comprimento<\/label><br \/>\n                        <input id=\"input_comprimento\" class=\"form dimensions\" title=\"comprimento\" name=\"length\" required\n                            type=\"text\" value=\"17 cm\" \/>\n                    <\/div>\n                    <div><label for=\"input_peso\">Peso<\/label><br \/>\n                        <input id=\"input_peso\" class=\"form weight\" title=\"peso\" name=\"weight\" required type=\"text\"\n                            value=\"1,000 kg\" \/>\n                    <\/div>\n                    <div><label for=\"input_seguro\">Seguro<\/label><br \/>\n                        <input id=\"input_seguro\" class=\"form money\" title=\"valor do conte\u00fado\" name=\"declared_value\"\n                            type=\"text\" value=\"R$ 50,00\" \/>\n                    <\/div>\n                <\/div>\n                <div class=\"center\"><button class=\"btnCalc btn-calcular btn\" type=\"submit\">Calcular frete<\/button><\/div>\n            <\/form>\n        <\/div>\n    <\/div>\n    <div class=\"wrapper_calc boxResult\">\n        <div class=\"result\">\n            <table class=\"table\">\n                <colgroup>\n                    <col width=\"22%\" \/>\n                    <col width=\"20%\" \/>\n                    <col width=\"20%\" \/>\n                    <col width=\"15%\" \/>\n                <\/colgroup>\n                <thead>\n                    <tr>\n                        <td style=\"text-align: center;\">Transportadora<\/td>\n                        <td style=\"text-align: center;\">Modalidade de frete<\/td>\n                        <td style=\"text-align: center;\">Valor estimado do frete*<\/td>\n                        <td style=\"text-align: center;\">Prazo estimado<\/td>\n                    <\/tr>\n                <\/thead>\n                <tbody>\n                    <tr>\n                        <td>\n                            <a href=\"https:\/\/melhorenvio.com.br\/cadastre-se\">\n                                <img decoding=\"async\" src=\"https:\/\/www.melhorenvio.com.br\/images\/shipping-companies\/correios.png\"\n                                    alt=\"Correios\" \/>\n                            <\/a>\n                        <\/td>\n                        <td>SEDEX<\/td>\n                        <td><span class=\"price price--me\">R$ &#8212;<\/span><\/td>\n                        <td>&#8212;<\/td>\n                        <td>&#8212;<\/td>\n                    <\/tr>\n                    <tr>\n                        <td>\n                            <a href=\"https:\/\/melhorenvio.com.br\/cadastre-se\">\n                                <img decoding=\"async\" src=\"https:\/\/www.melhorenvio.com.br\/images\/shipping-companies\/jadlog.png\"\n                                    alt=\"Jadlog\" \/>\n                            <\/a>\n                        <\/td>\n                        <td>.Package<\/td>\n                        <td><span class=\"price price--me\">R$ &#8212;<\/span><\/td>\n                        <td>&#8212;<\/td>\n                        <td>&#8212;<\/td>\n                    <\/tr>\n                    <tr>\n                        <td>\n                            <a href=\"https:\/\/melhorenvio.com.br\/cadastre-se\">\n                                <img decoding=\"async\" src=\"https:\/\/www.melhorenvio.com.br\/images\/shipping-companies\/latamcargo.png\"\n                                    alt=\"LATAM Cargo\" \/>\n                            <\/a>\n                        <\/td>\n                        <td>\u00e9F\u00e1cil<\/td>\n                        <td><span class=\"price price--me\">R$ &#8212;<\/span><\/td>\n                        <td>&#8212;<\/td>\n                        <td>&#8212;<\/td>\n                    <\/tr>\n                    <tr>\n                        <td>\n                            <a href=\"https:\/\/melhorenvio.com.br\/cadastre-se\">\n                                <img decoding=\"async\" src=\"https:\/\/www.melhorenvio.com.br\/images\/shipping-companies\/azulcargo.png\"\n                                    alt=\"Azul Cargo Express\" \/>\n                            <\/a>\n                        <\/td>\n                        <td>Amanh\u00e3<\/td>\n                        <td><span class=\"price price--me\">R$ &#8212;<\/span><\/td>\n                        <td>&#8212;<\/td>\n                        <td>&#8212;<\/td>\n                    <\/tr>\n                <\/tbody>\n            <\/table>\n        <\/div>\n    <\/div>\n    <div class=\"wrapper_calc boxError hide\">\n        <p>N\u00e3o foi poss\u00edvel realizar essa cota\u00e7\u00e3o.Por gentileza, revise os par\u00e2metros informados.<\/p>\n    <\/div>\n<\/div>\n<script src=\"https:\/\/static.melhorenvio.com.br\/landing-pages\/share\/calculadora\/scripts.js\"><\/script>\n<span data-mce-type=\"bookmark\" style=\"display: inline-block; width: 0px; overflow: hidden; line-height: 0;\"\n    class=\"mce_SELRES_start\">\ufeff<\/span>\n\n\n<div class=\"wp-block-button aligncenter\"><a class=\"wp-block-button__link has-text-color has-background wp-element-button\" href=\"https:\/\/melhorenvio.com.br\/\" style=\"color:#ffffff;background-color:#00519d\" target=\"_blank\" rel=\"noreferrer noopener\"><strong><strong>Colocar a Calculadora de Frete no meu site<\/strong><\/strong><\/a><\/div>\n\n\n\n<p>Mas o Melhor Envio oferece muito mais que fretes com pre\u00e7os competitivos! Al\u00e9m dos Pontos Parceiros &#8211; Pegaki que falamos anteriormente, quem utiliza o Melhor Envio conta com outras facilidades gratuitas:<br><\/p>\n\n\n\n<ul class=\"wp-block-list\">\n<li>&nbsp;<a href=\"https:\/\/melhorrastreio.com.br\/\" target=\"_blank\" rel=\"noreferrer noopener\"><strong>Melhor Rastreio<\/strong><\/a> (um sistema de rastreio unificado onde \u00e9 poss\u00edvel acompanhar a entrega de encomendas de diferentes transportadoras)<br><\/li>\n\n\n\n<li>&nbsp;<a href=\"https:\/\/lp.melhorenvio.com.br\/descubra-melhornivel\/\" target=\"_blank\" rel=\"noreferrer noopener\"><strong>Melhor N\u00edvel<\/strong><\/a> (um programa de benef\u00edcios onde quanto mais fretes a sua loja contrata mais vantagens s\u00e3o liberadas, como ainda mais desconto nos envios).<\/li>\n<\/ul>\n\n\n\n<p>E a melhor parte \u00e9 que (vale refor\u00e7ar!) <strong>a sua loja n\u00e3o paga nada a mais para ter acesso a fretes mais baratos e a todas essas facilidades<\/strong>. Ou seja, nada de mensalidade, n\u00famero m\u00ednimo de pedidos ou outras pegadinhas. A sua loja s\u00f3 paga pelos fretes contratados dentro da plataforma.&nbsp;<\/p>\n\n\n\n<p>N\u00e3o perca mais tempo! Fa\u00e7a o seu cadastro e facilite o processo de envio de encomendas do seu neg\u00f3cio com o Melhor Envio.<\/p>\n\n\n\n<div class=\"wp-block-buttons is-content-justification-center is-layout-flex wp-container-core-buttons-is-layout-16018d1d wp-block-buttons-is-layout-flex\">\n<div class=\"wp-block-button\"><a class=\"wp-block-button__link has-background wp-element-button\" href=\"https:\/\/melhorenvio.com.br\/\" style=\"background-color:#00519d\" target=\"_blank\" rel=\"noreferrer noopener\"><strong>Cadastre-se no Melhor Envio<\/strong><\/a><\/div>\n<\/div>\n","protected":false},"excerpt":{"rendered":"<p>Confira o hor\u00e1rio de funcionamento dos Correios e transportadoras no fim de ano<\/p>\n","protected":false},"author":51,"featured_media":52887,"comment_status":"closed","ping_status":"open","sticky":false,"template":"","format":"standard","meta":{"_acf_changed":false,"jnews-multi-image_gallery":[],"jnews_single_post":{"subtitle":"","format":"standard","video":"","gallery":"","source_name":"","source_url":"","via_name":"","via_url":"","override_template":"0","override":[{"template":"4","single_blog_custom":"","parallax":"1","fullscreen":"0","layout":"right-sidebar","sidebar":"","second_sidebar":"","sticky_sidebar":"1","share_position":"","share_float_style":"","show_share_counter":"1","show_view_counter":"1","show_featured":"1","show_post_meta":"1","show_post_author":"1","show_post_author_image":"1","show_post_date":"1","post_date_format":"","post_date_format_custom":"","show_post_category":"1","show_post_reading_time":"0","post_reading_time_wpm":"","show_zoom_button":"0","zoom_button_out_step":"1","zoom_button_in_step":"1","show_post_tag":"1","show_prev_next_post":"1","show_popup_post":"1","number_popup_post":"1","show_author_box":"0","show_post_related":"0","show_inline_post_related":"0"}],"override_image_size":"0","image_override":[{"single_post_thumbnail_size":"","single_post_gallery_size":""}],"trending_post":"0","trending_post_position":"","trending_post_label":"","sponsored_post":"0","sponsored_post_label":"","sponsored_post_name":"","sponsored_post_url":"","sponsored_post_logo_enable":"0","sponsored_post_logo":"","sponsored_post_desc":"","disable_ad":"0"},"jnews_primary_category":{"id":"","hide":""},"footnotes":""},"categories":[52],"tags":[673],"class_list":["post-31810","post","type-post","status-publish","format-standard","has-post-thumbnail","hentry","category-frete-e-logistica","tag-horario-de-funcionamento-dos-correios-fim-do-ano"],"acf":[],"yoast_head":"<!-- This site is optimized with the Yoast SEO plugin v27.3 - https:\/\/yoast.com\/product\/yoast-seo-wordpress\/ -->\n<title>Funcionamento dos Correios e transportadoras no fim do ano<\/title>\n<meta name=\"description\" content=\"Confira o hor\u00e1rio de funcionamento dos Correios no fim do ano: 6, 27, 28 e 30\/12 - funcionamento normal; 31\/12 e 1\/01 - fechado\" \/>\n<meta name=\"robots\" content=\"index, follow, max-snippet:-1, max-image-preview:large, max-video-preview:-1\" \/>\n<link rel=\"canonical\" href=\"https:\/\/melhorenvio.com.br\/blog\/frete-e-logistica\/programacao-das-agencias-dos-correios-para-o-fim-de-ano\/\" \/>\n<meta property=\"og:locale\" content=\"pt_BR\" \/>\n<meta property=\"og:type\" content=\"article\" \/>\n<meta property=\"og:title\" content=\"Funcionamento dos Correios e transportadoras no fim do ano\" \/>\n<meta property=\"og:description\" content=\"Confira o hor\u00e1rio de funcionamento dos Correios no fim do ano: 6, 27, 28 e 30\/12 - funcionamento normal; 31\/12 e 1\/01 - fechado\" \/>\n<meta property=\"og:url\" content=\"https:\/\/melhorenvio.com.br\/blog\/frete-e-logistica\/programacao-das-agencias-dos-correios-para-o-fim-de-ano\/\" \/>\n<meta property=\"og:site_name\" content=\"Blog Melhor Envio\" \/>\n<meta property=\"article:publisher\" content=\"https:\/\/www.facebook.com\/MelhorEnvio\/\" \/>\n<meta property=\"article:published_time\" content=\"2024-12-27T18:48:18+00:00\" \/>\n<meta property=\"article:modified_time\" content=\"2026-04-09T18:32:37+00:00\" \/>\n<meta property=\"og:image\" content=\"https:\/\/melhorenvio.com.br\/blog\/wp-content\/uploads\/2019\/12\/horario-de-funcionamento-correios-fim-do-ano.webp\" \/>\n\t<meta property=\"og:image:width\" content=\"2500\" \/>\n\t<meta property=\"og:image:height\" content=\"941\" \/>\n\t<meta property=\"og:image:type\" content=\"image\/webp\" \/>\n<meta name=\"author\" content=\"Thiago Soares\" \/>\n<meta name=\"twitter:card\" content=\"summary_large_image\" \/>\n<meta name=\"twitter:creator\" content=\"@melhorenvio\" \/>\n<meta name=\"twitter:site\" content=\"@melhorenvio\" \/>\n<meta name=\"twitter:label1\" content=\"Escrito por\" \/>\n\t<meta name=\"twitter:data1\" content=\"Thiago Soares\" \/>\n\t<meta name=\"twitter:label2\" content=\"Est. tempo de leitura\" \/>\n\t<meta name=\"twitter:data2\" content=\"6 minutos\" \/>\n<script type=\"application\/ld+json\" class=\"yoast-schema-graph\">{\"@context\":\"https:\\\/\\\/schema.org\",\"@graph\":[{\"@type\":\"Article\",\"@id\":\"https:\\\/\\\/melhorenvio.com.br\\\/blog\\\/frete-e-logistica\\\/programacao-das-agencias-dos-correios-para-o-fim-de-ano\\\/#article\",\"isPartOf\":{\"@id\":\"https:\\\/\\\/melhorenvio.com.br\\\/blog\\\/frete-e-logistica\\\/programacao-das-agencias-dos-correios-para-o-fim-de-ano\\\/\"},\"author\":{\"name\":\"Thiago Soares\",\"@id\":\"https:\\\/\\\/blog.melhorenvio.com.br\\\/#\\\/schema\\\/person\\\/380cc4e5bc565c2d87f20a567a8ff587\"},\"headline\":\"Hor\u00e1rio de funcionamento dos Correios e transportadoras no fim do ano\",\"datePublished\":\"2024-12-27T18:48:18+00:00\",\"dateModified\":\"2026-04-09T18:32:37+00:00\",\"mainEntityOfPage\":{\"@id\":\"https:\\\/\\\/melhorenvio.com.br\\\/blog\\\/frete-e-logistica\\\/programacao-das-agencias-dos-correios-para-o-fim-de-ano\\\/\"},\"wordCount\":1012,\"publisher\":{\"@id\":\"https:\\\/\\\/blog.melhorenvio.com.br\\\/#organization\"},\"image\":{\"@id\":\"https:\\\/\\\/melhorenvio.com.br\\\/blog\\\/frete-e-logistica\\\/programacao-das-agencias-dos-correios-para-o-fim-de-ano\\\/#primaryimage\"},\"thumbnailUrl\":\"https:\\\/\\\/melhorenvio.com.br\\\/blog\\\/wp-content\\\/uploads\\\/2019\\\/12\\\/horario-de-funcionamento-correios-fim-do-ano.webp\",\"keywords\":[\"hor\u00e1rio de funcionamento dos Correios fim do ano\"],\"articleSection\":[\"Frete e Log\u00edstica\"],\"inLanguage\":\"pt-BR\"},{\"@type\":\"WebPage\",\"@id\":\"https:\\\/\\\/melhorenvio.com.br\\\/blog\\\/frete-e-logistica\\\/programacao-das-agencias-dos-correios-para-o-fim-de-ano\\\/\",\"url\":\"https:\\\/\\\/melhorenvio.com.br\\\/blog\\\/frete-e-logistica\\\/programacao-das-agencias-dos-correios-para-o-fim-de-ano\\\/\",\"name\":\"Funcionamento dos Correios e transportadoras no fim do ano\",\"isPartOf\":{\"@id\":\"https:\\\/\\\/blog.melhorenvio.com.br\\\/#website\"},\"primaryImageOfPage\":{\"@id\":\"https:\\\/\\\/melhorenvio.com.br\\\/blog\\\/frete-e-logistica\\\/programacao-das-agencias-dos-correios-para-o-fim-de-ano\\\/#primaryimage\"},\"image\":{\"@id\":\"https:\\\/\\\/melhorenvio.com.br\\\/blog\\\/frete-e-logistica\\\/programacao-das-agencias-dos-correios-para-o-fim-de-ano\\\/#primaryimage\"},\"thumbnailUrl\":\"https:\\\/\\\/melhorenvio.com.br\\\/blog\\\/wp-content\\\/uploads\\\/2019\\\/12\\\/horario-de-funcionamento-correios-fim-do-ano.webp\",\"datePublished\":\"2024-12-27T18:48:18+00:00\",\"dateModified\":\"2026-04-09T18:32:37+00:00\",\"description\":\"Confira o hor\u00e1rio de funcionamento dos Correios no fim do ano: 6, 27, 28 e 30\\\/12 - funcionamento normal; 31\\\/12 e 1\\\/01 - fechado\",\"inLanguage\":\"pt-BR\",\"potentialAction\":[{\"@type\":\"ReadAction\",\"target\":[\"https:\\\/\\\/melhorenvio.com.br\\\/blog\\\/frete-e-logistica\\\/programacao-das-agencias-dos-correios-para-o-fim-de-ano\\\/\"]}]},{\"@type\":\"ImageObject\",\"inLanguage\":\"pt-BR\",\"@id\":\"https:\\\/\\\/melhorenvio.com.br\\\/blog\\\/frete-e-logistica\\\/programacao-das-agencias-dos-correios-para-o-fim-de-ano\\\/#primaryimage\",\"url\":\"https:\\\/\\\/melhorenvio.com.br\\\/blog\\\/wp-content\\\/uploads\\\/2019\\\/12\\\/horario-de-funcionamento-correios-fim-do-ano.webp\",\"contentUrl\":\"https:\\\/\\\/melhorenvio.com.br\\\/blog\\\/wp-content\\\/uploads\\\/2019\\\/12\\\/horario-de-funcionamento-correios-fim-do-ano.webp\",\"width\":2500,\"height\":941,\"caption\":\"entregador sorridente dos Correios segurando caixa\"},{\"@type\":\"WebSite\",\"@id\":\"https:\\\/\\\/blog.melhorenvio.com.br\\\/#website\",\"url\":\"https:\\\/\\\/blog.melhorenvio.com.br\\\/\",\"name\":\"Blog Melhor Envio\",\"description\":\"Aprenda a economizar na gest\u00e3o de fretes\",\"publisher\":{\"@id\":\"https:\\\/\\\/blog.melhorenvio.com.br\\\/#organization\"},\"alternateName\":\"Blog do Melhor Envio\",\"potentialAction\":[{\"@type\":\"SearchAction\",\"target\":{\"@type\":\"EntryPoint\",\"urlTemplate\":\"https:\\\/\\\/blog.melhorenvio.com.br\\\/?s={search_term_string}\"},\"query-input\":{\"@type\":\"PropertyValueSpecification\",\"valueRequired\":true,\"valueName\":\"search_term_string\"}}],\"inLanguage\":\"pt-BR\"},{\"@type\":\"Organization\",\"@id\":\"https:\\\/\\\/blog.melhorenvio.com.br\\\/#organization\",\"name\":\"Melhor Envio\",\"alternateName\":\"Melhor Envio\",\"url\":\"https:\\\/\\\/blog.melhorenvio.com.br\\\/\",\"logo\":{\"@type\":\"ImageObject\",\"inLanguage\":\"pt-BR\",\"@id\":\"https:\\\/\\\/blog.melhorenvio.com.br\\\/#\\\/schema\\\/logo\\\/image\\\/\",\"url\":\"https:\\\/\\\/melhorenvio.com.br\\\/blog\\\/wp-content\\\/uploads\\\/2022\\\/12\\\/blog-logo-melhor-envio.webp\",\"contentUrl\":\"https:\\\/\\\/melhorenvio.com.br\\\/blog\\\/wp-content\\\/uploads\\\/2022\\\/12\\\/blog-logo-melhor-envio.webp\",\"width\":188,\"height\":96,\"caption\":\"Melhor Envio\"},\"image\":{\"@id\":\"https:\\\/\\\/blog.melhorenvio.com.br\\\/#\\\/schema\\\/logo\\\/image\\\/\"},\"sameAs\":[\"https:\\\/\\\/www.facebook.com\\\/MelhorEnvio\\\/\",\"https:\\\/\\\/x.com\\\/melhorenvio\",\"https:\\\/\\\/www.instagram.com\\\/melhorenvio\",\"https:\\\/\\\/www.youtube.com\\\/melhorenviooficial\",\"https:\\\/\\\/br.linkedin.com\\\/company\\\/melhorenvio\"]},{\"@type\":\"Person\",\"@id\":\"https:\\\/\\\/blog.melhorenvio.com.br\\\/#\\\/schema\\\/person\\\/380cc4e5bc565c2d87f20a567a8ff587\",\"name\":\"Thiago Soares\",\"image\":{\"@type\":\"ImageObject\",\"inLanguage\":\"pt-BR\",\"@id\":\"https:\\\/\\\/secure.gravatar.com\\\/avatar\\\/37146dedea0642b5bd93475a3a6131ef2d4889187a2e0517464ed0f537281610?s=96&d=mm&r=g\",\"url\":\"https:\\\/\\\/secure.gravatar.com\\\/avatar\\\/37146dedea0642b5bd93475a3a6131ef2d4889187a2e0517464ed0f537281610?s=96&d=mm&r=g\",\"contentUrl\":\"https:\\\/\\\/secure.gravatar.com\\\/avatar\\\/37146dedea0642b5bd93475a3a6131ef2d4889187a2e0517464ed0f537281610?s=96&d=mm&r=g\",\"caption\":\"Thiago Soares\"},\"description\":\"Especialista em conte\u00fado para e-commerce formado em Letras pela UERJ e com MBA em Marketing pela USP\\\/Esalq. Conta com mais de 12 anos de experi\u00eancia em produ\u00e7\u00e3o de conte\u00fado para grandes marcas do mercado nacional como Buscap\u00e9, Tray, Zoom, Bagy e outras. Atualmente, tem como prop\u00f3sito ajudar lojistas, de todos os tamanhos, a vender mais pela internet. Para isso, atua na equipe de produ\u00e7\u00e3o de conte\u00fado do Melhor Envio, plataforma digital que est\u00e1 revolucionando a log\u00edstica para e-commerce.\",\"sameAs\":[\"https:\\\/\\\/br.linkedin.com\\\/in\\\/thiago-rocha-soares\"],\"url\":\"https:\\\/\\\/melhorenvio.com.br\\\/blog\\\/author\\\/thiago-soares\\\/\"}]}<\/script>\n<!-- \/ Yoast SEO plugin. -->","yoast_head_json":{"title":"Funcionamento dos Correios e transportadoras no fim do ano","description":"Confira o hor\u00e1rio de funcionamento dos Correios no fim do ano: 6, 27, 28 e 30\/12 - funcionamento normal; 31\/12 e 1\/01 - fechado","robots":{"index":"index","follow":"follow","max-snippet":"max-snippet:-1","max-image-preview":"max-image-preview:large","max-video-preview":"max-video-preview:-1"},"canonical":"https:\/\/melhorenvio.com.br\/blog\/frete-e-logistica\/programacao-das-agencias-dos-correios-para-o-fim-de-ano\/","og_locale":"pt_BR","og_type":"article","og_title":"Funcionamento dos Correios e transportadoras no fim do ano","og_description":"Confira o hor\u00e1rio de funcionamento dos Correios no fim do ano: 6, 27, 28 e 30\/12 - funcionamento normal; 31\/12 e 1\/01 - fechado","og_url":"https:\/\/melhorenvio.com.br\/blog\/frete-e-logistica\/programacao-das-agencias-dos-correios-para-o-fim-de-ano\/","og_site_name":"Blog Melhor Envio","article_publisher":"https:\/\/www.facebook.com\/MelhorEnvio\/","article_published_time":"2024-12-27T18:48:18+00:00","article_modified_time":"2026-04-09T18:32:37+00:00","og_image":[{"width":2500,"height":941,"url":"https:\/\/melhorenvio.com.br\/blog\/wp-content\/uploads\/2019\/12\/horario-de-funcionamento-correios-fim-do-ano.webp","type":"image\/webp"}],"author":"Thiago Soares","twitter_card":"summary_large_image","twitter_creator":"@melhorenvio","twitter_site":"@melhorenvio","twitter_misc":{"Escrito por":"Thiago Soares","Est. tempo de leitura":"6 minutos"},"schema":{"@context":"https:\/\/schema.org","@graph":[{"@type":"Article","@id":"https:\/\/melhorenvio.com.br\/blog\/frete-e-logistica\/programacao-das-agencias-dos-correios-para-o-fim-de-ano\/#article","isPartOf":{"@id":"https:\/\/melhorenvio.com.br\/blog\/frete-e-logistica\/programacao-das-agencias-dos-correios-para-o-fim-de-ano\/"},"author":{"name":"Thiago Soares","@id":"https:\/\/blog.melhorenvio.com.br\/#\/schema\/person\/380cc4e5bc565c2d87f20a567a8ff587"},"headline":"Hor\u00e1rio de funcionamento dos Correios e transportadoras no fim do ano","datePublished":"2024-12-27T18:48:18+00:00","dateModified":"2026-04-09T18:32:37+00:00","mainEntityOfPage":{"@id":"https:\/\/melhorenvio.com.br\/blog\/frete-e-logistica\/programacao-das-agencias-dos-correios-para-o-fim-de-ano\/"},"wordCount":1012,"publisher":{"@id":"https:\/\/blog.melhorenvio.com.br\/#organization"},"image":{"@id":"https:\/\/melhorenvio.com.br\/blog\/frete-e-logistica\/programacao-das-agencias-dos-correios-para-o-fim-de-ano\/#primaryimage"},"thumbnailUrl":"https:\/\/melhorenvio.com.br\/blog\/wp-content\/uploads\/2019\/12\/horario-de-funcionamento-correios-fim-do-ano.webp","keywords":["hor\u00e1rio de funcionamento dos Correios fim do ano"],"articleSection":["Frete e Log\u00edstica"],"inLanguage":"pt-BR"},{"@type":"WebPage","@id":"https:\/\/melhorenvio.com.br\/blog\/frete-e-logistica\/programacao-das-agencias-dos-correios-para-o-fim-de-ano\/","url":"https:\/\/melhorenvio.com.br\/blog\/frete-e-logistica\/programacao-das-agencias-dos-correios-para-o-fim-de-ano\/","name":"Funcionamento dos Correios e transportadoras no fim do ano","isPartOf":{"@id":"https:\/\/blog.melhorenvio.com.br\/#website"},"primaryImageOfPage":{"@id":"https:\/\/melhorenvio.com.br\/blog\/frete-e-logistica\/programacao-das-agencias-dos-correios-para-o-fim-de-ano\/#primaryimage"},"image":{"@id":"https:\/\/melhorenvio.com.br\/blog\/frete-e-logistica\/programacao-das-agencias-dos-correios-para-o-fim-de-ano\/#primaryimage"},"thumbnailUrl":"https:\/\/melhorenvio.com.br\/blog\/wp-content\/uploads\/2019\/12\/horario-de-funcionamento-correios-fim-do-ano.webp","datePublished":"2024-12-27T18:48:18+00:00","dateModified":"2026-04-09T18:32:37+00:00","description":"Confira o hor\u00e1rio de funcionamento dos Correios no fim do ano: 6, 27, 28 e 30\/12 - funcionamento normal; 31\/12 e 1\/01 - fechado","inLanguage":"pt-BR","potentialAction":[{"@type":"ReadAction","target":["https:\/\/melhorenvio.com.br\/blog\/frete-e-logistica\/programacao-das-agencias-dos-correios-para-o-fim-de-ano\/"]}]},{"@type":"ImageObject","inLanguage":"pt-BR","@id":"https:\/\/melhorenvio.com.br\/blog\/frete-e-logistica\/programacao-das-agencias-dos-correios-para-o-fim-de-ano\/#primaryimage","url":"https:\/\/melhorenvio.com.br\/blog\/wp-content\/uploads\/2019\/12\/horario-de-funcionamento-correios-fim-do-ano.webp","contentUrl":"https:\/\/melhorenvio.com.br\/blog\/wp-content\/uploads\/2019\/12\/horario-de-funcionamento-correios-fim-do-ano.webp","width":2500,"height":941,"caption":"entregador sorridente dos Correios segurando caixa"},{"@type":"WebSite","@id":"https:\/\/blog.melhorenvio.com.br\/#website","url":"https:\/\/blog.melhorenvio.com.br\/","name":"Blog Melhor Envio","description":"Aprenda a economizar na gest\u00e3o de fretes","publisher":{"@id":"https:\/\/blog.melhorenvio.com.br\/#organization"},"alternateName":"Blog do Melhor Envio","potentialAction":[{"@type":"SearchAction","target":{"@type":"EntryPoint","urlTemplate":"https:\/\/blog.melhorenvio.com.br\/?s={search_term_string}"},"query-input":{"@type":"PropertyValueSpecification","valueRequired":true,"valueName":"search_term_string"}}],"inLanguage":"pt-BR"},{"@type":"Organization","@id":"https:\/\/blog.melhorenvio.com.br\/#organization","name":"Melhor Envio","alternateName":"Melhor Envio","url":"https:\/\/blog.melhorenvio.com.br\/","logo":{"@type":"ImageObject","inLanguage":"pt-BR","@id":"https:\/\/blog.melhorenvio.com.br\/#\/schema\/logo\/image\/","url":"https:\/\/melhorenvio.com.br\/blog\/wp-content\/uploads\/2022\/12\/blog-logo-melhor-envio.webp","contentUrl":"https:\/\/melhorenvio.com.br\/blog\/wp-content\/uploads\/2022\/12\/blog-logo-melhor-envio.webp","width":188,"height":96,"caption":"Melhor Envio"},"image":{"@id":"https:\/\/blog.melhorenvio.com.br\/#\/schema\/logo\/image\/"},"sameAs":["https:\/\/www.facebook.com\/MelhorEnvio\/","https:\/\/x.com\/melhorenvio","https:\/\/www.instagram.com\/melhorenvio","https:\/\/www.youtube.com\/melhorenviooficial","https:\/\/br.linkedin.com\/company\/melhorenvio"]},{"@type":"Person","@id":"https:\/\/blog.melhorenvio.com.br\/#\/schema\/person\/380cc4e5bc565c2d87f20a567a8ff587","name":"Thiago Soares","image":{"@type":"ImageObject","inLanguage":"pt-BR","@id":"https:\/\/secure.gravatar.com\/avatar\/37146dedea0642b5bd93475a3a6131ef2d4889187a2e0517464ed0f537281610?s=96&d=mm&r=g","url":"https:\/\/secure.gravatar.com\/avatar\/37146dedea0642b5bd93475a3a6131ef2d4889187a2e0517464ed0f537281610?s=96&d=mm&r=g","contentUrl":"https:\/\/secure.gravatar.com\/avatar\/37146dedea0642b5bd93475a3a6131ef2d4889187a2e0517464ed0f537281610?s=96&d=mm&r=g","caption":"Thiago Soares"},"description":"Especialista em conte\u00fado para e-commerce formado em Letras pela UERJ e com MBA em Marketing pela USP\/Esalq. Conta com mais de 12 anos de experi\u00eancia em produ\u00e7\u00e3o de conte\u00fado para grandes marcas do mercado nacional como Buscap\u00e9, Tray, Zoom, Bagy e outras. Atualmente, tem como prop\u00f3sito ajudar lojistas, de todos os tamanhos, a vender mais pela internet. Para isso, atua na equipe de produ\u00e7\u00e3o de conte\u00fado do Melhor Envio, plataforma digital que est\u00e1 revolucionando a log\u00edstica para e-commerce.","sameAs":["https:\/\/br.linkedin.com\/in\/thiago-rocha-soares"],"url":"https:\/\/melhorenvio.com.br\/blog\/author\/thiago-soares\/"}]}},"_links":{"self":[{"href":"https:\/\/melhorenvio.com.br\/blog\/wp-json\/wp\/v2\/posts\/31810","targetHints":{"allow":["GET"]}}],"collection":[{"href":"https:\/\/melhorenvio.com.br\/blog\/wp-json\/wp\/v2\/posts"}],"about":[{"href":"https:\/\/melhorenvio.com.br\/blog\/wp-json\/wp\/v2\/types\/post"}],"author":[{"embeddable":true,"href":"https:\/\/melhorenvio.com.br\/blog\/wp-json\/wp\/v2\/users\/51"}],"replies":[{"embeddable":true,"href":"https:\/\/melhorenvio.com.br\/blog\/wp-json\/wp\/v2\/comments?post=31810"}],"version-history":[{"count":22,"href":"https:\/\/melhorenvio.com.br\/blog\/wp-json\/wp\/v2\/posts\/31810\/revisions"}],"predecessor-version":[{"id":59721,"href":"https:\/\/melhorenvio.com.br\/blog\/wp-json\/wp\/v2\/posts\/31810\/revisions\/59721"}],"wp:featuredmedia":[{"embeddable":true,"href":"https:\/\/melhorenvio.com.br\/blog\/wp-json\/wp\/v2\/media\/52887"}],"wp:attachment":[{"href":"https:\/\/melhorenvio.com.br\/blog\/wp-json\/wp\/v2\/media?parent=31810"}],"wp:term":[{"taxonomy":"category","embeddable":true,"href":"https:\/\/melhorenvio.com.br\/blog\/wp-json\/wp\/v2\/categories?post=31810"},{"taxonomy":"post_tag","embeddable":true,"href":"https:\/\/melhorenvio.com.br\/blog\/wp-json\/wp\/v2\/tags?post=31810"}],"curies":[{"name":"wp","href":"https:\/\/api.w.org\/{rel}","templated":true}]}}