{"id":31918,"date":"2020-12-22T14:00:00","date_gmt":"2020-12-22T17:00:00","guid":{"rendered":"https:\/\/blog.melhorenvio.com.br\/?p=31918"},"modified":"2026-04-15T10:23:25","modified_gmt":"2026-04-15T13:23:25","slug":"aproveite-as-datas-comemorativas-para-o-seu-nicho","status":"publish","type":"post","link":"https:\/\/melhorenvio.com.br\/blog\/datas-especiais\/aproveite-as-datas-comemorativas-para-o-seu-nicho\/","title":{"rendered":"Aproveite as datas comemorativas para o seu nicho"},"content":{"rendered":"\n<p><strong><em>Voc\u00ea sabia que as datas comemorativas s\u00e3o \u00f3timas oportunidades para atuar de forma assertiva na eleva\u00e7\u00e3o das vendas de um e-commerce? E planejar o seu neg\u00f3cio alinhado aos principais eventos do calend\u00e1rio varejista \u00e9 a grande sacada para criar campanhas focadas no aumento do faturamento!<\/em><\/strong><\/p>\n\n\n\n<p><em>Por Andressa Barbosa e Gabriela Voigt<\/em><\/p>\n\n\n\n<p>Esse \u00e9 um per\u00edodo muito prop\u00edcio para preparar o terreno para as a\u00e7\u00f5es que voc\u00ea ir\u00e1 desenvolver ao longo do ano! Ent\u00e3o o que voc\u00ea est\u00e1 esperando para entender como arrega\u00e7ar as mangas e ter os <strong>melhores resultados poss\u00edveis em 2021<\/strong>?&nbsp;<\/p>\n\n\n\n<p>Conte com a gente, come\u00e7ando com esta leitura!<\/p>\n\n\n<p><!--HubSpot Call-to-Action Code --><span class=\"hs-cta-wrapper\" id=\"hs-cta-wrapper-08fbc0c7-2e09-486e-b98b-11d105e4c3bd\"><span class=\"hs-cta-node hs-cta-08fbc0c7-2e09-486e-b98b-11d105e4c3bd\" id=\"hs-cta-08fbc0c7-2e09-486e-b98b-11d105e4c3bd\"><!--[if lte IE 8]>\n\n<div id=\"hs-cta-ie-element\"><\/div>\n\n<![endif]--><a href=\"https:\/\/cta-redirect.hubspot.com\/cta\/redirect\/7173970\/08fbc0c7-2e09-486e-b98b-11d105e4c3bd\" target=\"_blank\" rel=\"noopener\"><img decoding=\"async\" class=\"hs-cta-img\" id=\"hs-cta-img-08fbc0c7-2e09-486e-b98b-11d105e4c3bd\" style=\"border-width:0px;\" height=\"400\" width=\"1325\" src=\"https:\/\/no-cache.hubspot.com\/cta\/default\/7173970\/08fbc0c7-2e09-486e-b98b-11d105e4c3bd.png\" alt=\"Baixe gr\u00e1tis o e-book Como vender no E-commerce\"><\/a><\/span><script charset=\"utf-8\" src=\"https:\/\/js.hscta.net\/cta\/current.js\" <=\"\" script=\"\"><script> type=\"text\/javascript\"> hbspt.cta.load(7173970, '08fbc0c7-2e09-486e-b98b-11d105e4c3bd', {\"region\":\"na1\"}); <\/script><\/span><!-- end HubSpot Call-to-Action Code --><\/p>\n\n\n\n<h2 class=\"wp-block-heading\"><strong>Explore o melhor das datas comemorativas!<\/strong><\/h2>\n\n\n\n<p><strong>Planeje seu marketing para as oscila\u00e7\u00f5es do mercado<\/strong> e saia na frente dos concorrentes! Nessa hora, vale se organizar com anteced\u00eancia por dois motivos: primeiro para conseguir <strong>realizar os preparativos em tempo h\u00e1bil <\/strong>de colocar sua campanha na rua.&nbsp;<\/p>\n\n\n\n<p>E, segundo, para fazer a <strong>reposi\u00e7\u00e3o do <\/strong><a href=\"https:\/\/melhorenvio.com.br\/blog\/ecommerce-e-marketplace\/a-melhor-estrategia-para-comecar-o-estoque-do-seu-e-commerce\/\" target=\"_blank\" rel=\"noreferrer noopener\"><strong>estoque<\/strong><\/a><strong> antes dos pre\u00e7os dispararem<\/strong>. Afinal, os fornecedores tamb\u00e9m pensam em lucrar mais com as mesmas datas que voc\u00ea.<\/p>\n\n\n\n<p>Outra dica interessante \u00e9 <strong>analisar a procura pelos produtos em seu e-commerce<\/strong> tanto nos per\u00edodos de grande movimenta\u00e7\u00e3o quanto nos de baixa. Esse conhecimento pode colaborar para a elabora\u00e7\u00e3o de estrat\u00e9gias capazes de colocar os <strong>artigos mais desejados em evid\u00eancia nos momentos certos<\/strong>.&nbsp;<\/p>\n\n\n\n<p>Portanto, n\u00e3o monitore apenas os n\u00fameros do faturamento, fa\u00e7a um acompanhamento tamb\u00e9m do que voc\u00ea teve mais e menos sucesso em comercializar.<\/p>\n\n\n\n<figure class=\"wp-block-image size-large\"><img decoding=\"async\" width=\"1024\" height=\"824\" src=\"https:\/\/blog.melhorenvio.com.br\/wp-content\/uploads\/2020\/12\/Homem-carregando-uma-caixa-com-uma-fita-azul-entrega-de-um-presente-em-uma-data-comemorativa-1024x824.jpg\" alt=\"aproveite-as-datas-comemorativas-para-o-seu-nicho\" class=\"wp-image-36795\" srcset=\"https:\/\/melhorenvio.com.br\/blog\/wp-content\/uploads\/2020\/12\/Homem-carregando-uma-caixa-com-uma-fita-azul-entrega-de-um-presente-em-uma-data-comemorativa-1024x824.jpg 1024w, https:\/\/melhorenvio.com.br\/blog\/wp-content\/uploads\/2020\/12\/Homem-carregando-uma-caixa-com-uma-fita-azul-entrega-de-um-presente-em-uma-data-comemorativa-300x242.jpg 300w, https:\/\/melhorenvio.com.br\/blog\/wp-content\/uploads\/2020\/12\/Homem-carregando-uma-caixa-com-uma-fita-azul-entrega-de-um-presente-em-uma-data-comemorativa-768x618.jpg 768w, https:\/\/melhorenvio.com.br\/blog\/wp-content\/uploads\/2020\/12\/Homem-carregando-uma-caixa-com-uma-fita-azul-entrega-de-um-presente-em-uma-data-comemorativa-1536x1236.jpg 1536w, https:\/\/melhorenvio.com.br\/blog\/wp-content\/uploads\/2020\/12\/Homem-carregando-uma-caixa-com-uma-fita-azul-entrega-de-um-presente-em-uma-data-comemorativa-2048x1649.jpg 2048w, https:\/\/melhorenvio.com.br\/blog\/wp-content\/uploads\/2020\/12\/Homem-carregando-uma-caixa-com-uma-fita-azul-entrega-de-um-presente-em-uma-data-comemorativa-750x604.jpg 750w, https:\/\/melhorenvio.com.br\/blog\/wp-content\/uploads\/2020\/12\/Homem-carregando-uma-caixa-com-uma-fita-azul-entrega-de-um-presente-em-uma-data-comemorativa-1140x918.jpg 1140w\" sizes=\"(max-width: 1024px) 100vw, 1024px\" \/><figcaption class=\"wp-element-caption\">Foto: <em>Unsplash<\/em><\/figcaption><\/figure>\n\n\n\n<p>\ud83d\udc47 Confira mais dicas a seguir:<\/p>\n\n\n\n<h3 class=\"wp-block-heading\">1. <strong>Elabore um calend\u00e1rio de vendas<\/strong><\/h3>\n\n\n\n<p>Como voc\u00ea sabe, <strong>para aproveitar o melhor das datas comemorativas de 2021<\/strong>, a palavra \u00e9 <strong>\u201cplanejamento\u201d<\/strong>. Ent\u00e3o, comece elaborando um calend\u00e1rio com aquelas que podem resultar em vendas para o seu e-commerce.<\/p>\n\n\n\n<p>\ud83d\udc47 Para ajudar nessa miss\u00e3o, destacamos algumas:<\/p>\n\n\n\n<h4 class=\"wp-block-heading\"><strong><em>Dia do Leitor<\/em><\/strong><\/h4>\n\n\n\n<p>\ud83d\udcc5 7 de janeiro<\/p>\n\n\n\n<h4 class=\"wp-block-heading\"><strong><em>Carnaval<\/em><\/strong><\/h4>\n\n\n\n<p>\ud83d\udcc5 16 de fevereiro<\/p>\n\n\n\n<h4 class=\"wp-block-heading\"><strong><em>Dia do Esportista<\/em><\/strong><\/h4>\n\n\n\n<p>\ud83d\udcc5 19 de fevereiro<\/p>\n\n\n\n<h4 class=\"wp-block-heading\"><strong><em>Dia Internacional da Mulher<\/em><\/strong><\/h4>\n\n\n\n<p>\ud83d\udcc5 8 de mar\u00e7o<\/p>\n\n\n\n<h4 class=\"wp-block-heading\"><strong><em>Dia do Consumidor<\/em><\/strong><\/h4>\n\n\n\n<p>\ud83d\udcc5 15 de mar\u00e7o<\/p>\n\n\n\n<h4 class=\"wp-block-heading\"><strong><em>In\u00edcio do Outono<\/em><\/strong><\/h4>\n\n\n\n<p>\ud83d\udcc5 20 de mar\u00e7o<\/p>\n\n\n\n<h4 class=\"wp-block-heading\"><strong><em>P\u00e1scoa<\/em><\/strong><\/h4>\n\n\n\n<p>\ud83d\udcc5 4 de abril<\/p>\n\n\n\n<h4 class=\"wp-block-heading\"><strong><em>Dia do Beijo<\/em><\/strong><\/h4>\n\n\n\n<p>\ud83d\udcc5 13 de abril<\/p>\n\n\n\n<h4 class=\"wp-block-heading\"><strong><em>Dia Mundial do Livro<\/em><\/strong><\/h4>\n\n\n\n<p>\ud83d\udcc5 23 de abril<\/p>\n\n\n\n<h4 class=\"wp-block-heading\"><strong><em>Dia do Frete Gr\u00e1tis<\/em><\/strong><\/h4>\n\n\n\n<p>\ud83d\udcc5 final do m\u00eas de abril<\/p>\n\n\n\n<h4 class=\"wp-block-heading\"><strong><em>Dia do Trabalho<\/em><\/strong><\/h4>\n\n\n\n<p>\ud83d\udcc5 1\u00ba de maio<\/p>\n\n\n\n<h4 class=\"wp-block-heading\"><strong><em>Dia das M\u00e3es<\/em><\/strong><\/h4>\n\n\n\n<p>\ud83d\udcc5 9 de maio<\/p>\n\n\n\n<h4 class=\"wp-block-heading\"><strong><em>Dia do Orgulho Nerd<\/em><\/strong><\/h4>\n\n\n\n<p>\ud83d\udcc5 25 de maio<\/p>\n\n\n\n<h4 class=\"wp-block-heading\"><strong><em>Dia dos Namorados<\/em><\/strong><\/h4>\n\n\n\n<p>\ud83d\udcc5 12 de junho<\/p>\n\n\n\n<h4 class=\"wp-block-heading\"><strong><em>In\u00edcio do Inverno<\/em><\/strong><\/h4>\n\n\n\n<p>\ud83d\udcc5 21 de junho<\/p>\n\n\n\n<h4 class=\"wp-block-heading\"><strong><em>Dia do Rock<\/em><\/strong><\/h4>\n\n\n\n<p>\ud83d\udcc5 13 de julho<\/p>\n\n\n\n<h4 class=\"wp-block-heading\"><strong><em>Dia do Futebol<\/em><\/strong><\/h4>\n\n\n\n<p>\ud83d\udcc5 19 de julho<\/p>\n\n\n\n<h4 class=\"wp-block-heading\"><strong><em>Dia Internacional da Amizade<\/em><\/strong><\/h4>\n\n\n\n<p>\ud83d\udcc5 30 de julho<\/p>\n\n\n\n<h4 class=\"wp-block-heading\"><strong><em>Dia dos Pais<\/em><\/strong><\/h4>\n\n\n\n<p>\ud83d\udcc5 8 de agosto<\/p>\n\n\n\n<h4 class=\"wp-block-heading\"><strong><em>Dia da Inform\u00e1tica<\/em><\/strong><\/h4>\n\n\n\n<p>\ud83d\udcc5 15 de agosto<\/p>\n\n\n\n<h4 class=\"wp-block-heading\"><strong><em>Dia do Cliente<\/em><\/strong><\/h4>\n\n\n\n<p>\ud83d\udcc5 15 de setembro<\/p>\n\n\n\n<h4 class=\"wp-block-heading\"><strong><em>In\u00edcio da Primavera<\/em><\/strong><\/h4>\n\n\n\n<p>\ud83d\udcc5 22 de setembro<\/p>\n\n\n\n<h4 class=\"wp-block-heading\"><strong><em>Dia das Crian\u00e7as<\/em><\/strong><\/h4>\n\n\n\n<p>\ud83d\udcc5 12 de outubro<\/p>\n\n\n\n<h4 class=\"wp-block-heading\"><strong><em>Dia do Professor<\/em><\/strong><\/h4>\n\n\n\n<p>\ud83d\udcc5 15 de outubro<\/p>\n\n\n\n<h4 class=\"wp-block-heading\"><strong><em>Halloween<\/em><\/strong><\/h4>\n\n\n\n<p>\ud83d\udcc5 31 de outubro<\/p>\n\n\n\n<h4 class=\"wp-block-heading\"><strong><em>Black Friday<\/em><\/strong><\/h4>\n\n\n\n<p>\ud83d\udcc5 26 de novembro<\/p>\n\n\n\n<h4 class=\"wp-block-heading\"><strong><em>Cyber Monday<\/em><\/strong><\/h4>\n\n\n\n<p>\ud83d\udcc5 29 de novembro<\/p>\n\n\n\n<h4 class=\"wp-block-heading\"><strong><em>In\u00edcio do ver\u00e3o<\/em><\/strong><\/h4>\n\n\n\n<p>\ud83d\udcc5 21 de dezembro<\/p>\n\n\n\n<h4 class=\"wp-block-heading\"><strong><em>Natal<\/em><\/strong><\/h4>\n\n\n\n<p>\ud83d\udcc5 25 de dezembro<\/p>\n\n\n\n<h4 class=\"wp-block-heading\"><strong><em>Boxing Day<\/em><\/strong><\/h4>\n\n\n\n<p>\ud83d\udcc5 26 de dezembro<\/p>\n\n\n\n<p>E a\u00ed? Alguma que voc\u00ea ainda n\u00e3o conhecia? \ud83e\udd14Lembre de <strong>selecionar aquelas que mais tem a ver com o seu nicho<\/strong>. Ali\u00e1s, de acordo com o que voc\u00ea conhece do seu neg\u00f3cio e do seu p\u00fablico, voc\u00ea pode criar as suas pr\u00f3prias liquida\u00e7\u00f5es.<\/p>\n\n\n\n<figure class=\"wp-block-image size-large\"><img decoding=\"async\" width=\"1024\" height=\"683\" src=\"https:\/\/blog.melhorenvio.com.br\/wp-content\/uploads\/2021\/02\/aproveite-as-datas-comemorativas-para-seu-nicho-1024x683.jpg\" alt=\"Fique de olho nas datas comemorativas para seu nicho e venda mais!\" class=\"wp-image-36796\" srcset=\"https:\/\/melhorenvio.com.br\/blog\/wp-content\/uploads\/2021\/02\/aproveite-as-datas-comemorativas-para-seu-nicho-1024x683.jpg 1024w, https:\/\/melhorenvio.com.br\/blog\/wp-content\/uploads\/2021\/02\/aproveite-as-datas-comemorativas-para-seu-nicho-300x200.jpg 300w, https:\/\/melhorenvio.com.br\/blog\/wp-content\/uploads\/2021\/02\/aproveite-as-datas-comemorativas-para-seu-nicho-768x512.jpg 768w, https:\/\/melhorenvio.com.br\/blog\/wp-content\/uploads\/2021\/02\/aproveite-as-datas-comemorativas-para-seu-nicho-1536x1024.jpg 1536w, https:\/\/melhorenvio.com.br\/blog\/wp-content\/uploads\/2021\/02\/aproveite-as-datas-comemorativas-para-seu-nicho-750x500.jpg 750w, https:\/\/melhorenvio.com.br\/blog\/wp-content\/uploads\/2021\/02\/aproveite-as-datas-comemorativas-para-seu-nicho-1140x760.jpg 1140w, https:\/\/melhorenvio.com.br\/blog\/wp-content\/uploads\/2021\/02\/aproveite-as-datas-comemorativas-para-seu-nicho.jpg 1800w\" sizes=\"(max-width: 1024px) 100vw, 1024px\" \/><figcaption class=\"wp-element-caption\">Fique de olho nas datas comemorativas para seu nicho e venda mais! (Foto: <em>Unsplash<\/em>)<\/figcaption><\/figure>\n\n\n\n<h3 class=\"wp-block-heading\">2. <strong>Crie suas pr\u00f3prias liquida\u00e7\u00f5es<\/strong><\/h3>\n\n\n\n<p>O anivers\u00e1rio do seu e-commerce \u00e9 um excelente motivo para criar uma data comemorativa! Afinal, o seu neg\u00f3cio (e o seu p\u00fablico) merecem um evento que marque esse dia, n\u00e3o \u00e9 mesmo? E se esse momento servir para alavancar as vendas ent\u00e3o, melhor ainda!<\/p>\n\n\n\n<p>Mas qual a <strong>diferen\u00e7a entre as datas comemorativas e as sazonais<\/strong>? Voc\u00ea sabe distingui-las? Se a resposta \u00e9 n\u00e3o, a gente explica: as comemorativas s\u00e3o as mais <strong>tradicionalmente conhecidas<\/strong> pelo p\u00fablico como Dia das M\u00e3es, Dia dos Namorados, Dia dos Pais, Dia das Crian\u00e7as e Natal (para citar as principais). J\u00e1 as sazonais s\u00e3o os eventos - que at\u00e9 ent\u00e3o s\u00e3o de menor porte - mas que tamb\u00e9m<strong> s\u00e3o alvos potenciais de aquecimento da procura<\/strong>.&nbsp;<\/p>\n\n\n\n<p>A orienta\u00e7\u00e3o \u00e9 de que os lojistas mesclem ambas modalidades na formula\u00e7\u00e3o do calend\u00e1rio anual para ampliar sua chance de turbinar os lucros!<\/p>\n\n\n\n<p>Logo, <strong>quem trabalha com um neg\u00f3cio nichado ou est\u00e1 presente em <\/strong><a href=\"https:\/\/melhorenvio.com.br\/blog\/ecommerce-e-marketplace\/conheca-as-vantagens-de-trabalhar-com-marketplace-de-nicho\/\" target=\"_blank\" rel=\"noreferrer noopener\"><strong>marketplaces especializados<\/strong><\/a>, tem muito a ganhar ao investir simultaneamente nas datas sazonais. \u00c9 sobre isso que vamos falar a seguir!<\/p>\n\n\n\n<h3 class=\"wp-block-heading\">3. <strong>Invista tamb\u00e9m nas datas sazonais<\/strong><\/h3>\n\n\n\n<p>Uma dica de ouro para ter sucesso em suas campanhas de marketing \u00e9 n\u00e3o ficar preso apenas \u00e0s datas comemorativas. Aproveite tamb\u00e9m as <strong>sazonais<\/strong>. Elas s\u00e3o os <strong>eventos menos tradicionais, mas que n\u00e3o deixam de caracterizar excelentes per\u00edodos para movimentar as vendas<\/strong>.&nbsp;<\/p>\n\n\n\n<p>Para esclarecer melhor, vamos fazer uma compara\u00e7\u00e3o: Dia das M\u00e3es, Dia das Crian\u00e7as e Natal s\u00e3o datas j\u00e1 consolidadas no varejo f\u00edsico e online. Portanto, est\u00e3o entre as principais datas comemorativas.&nbsp;<\/p>\n\n\n\n<p>J\u00e1 o Dia do Amigo (30 de janeiro), o Dia da Amizade (14 de fevereiro) e o Dia do Frete Gr\u00e1tis (28 de abril) se enquadram entre os exemplos de datas sazonais.<\/p>\n\n\n\n<p>\ud83d\udc47 Voc\u00ea tamb\u00e9m pode acompanhar neste v\u00eddeo do nosso canal do YouTube como <strong>as datas sazonais impactam no e-commerce<\/strong>. Vale a pena!<\/p>\n\n\n\n<figure class=\"wp-block-embed aligncenter is-type-video is-provider-youtube wp-block-embed-youtube wp-embed-aspect-16-9 wp-has-aspect-ratio\"><div class=\"wp-block-embed__wrapper\">\n<div class=\"jeg_video_container jeg_video_content\"><iframe loading=\"lazy\" title=\"Fala, parceiro! #3: Planeje o seu e-commerce para vender mais em datas comemorativas |  MT Solu\u00e7\u00f5es\" width=\"500\" height=\"281\" src=\"https:\/\/www.youtube.com\/embed\/MsOeCCWAGww?feature=oembed&#038;enablejsapi=1&#038;origin=https:\/\/melhorenvio.com.br\" frameborder=\"0\" allow=\"accelerometer; autoplay; clipboard-write; encrypted-media; gyroscope; picture-in-picture; web-share\" referrerpolicy=\"strict-origin-when-cross-origin\" allowfullscreen><\/iframe><\/div>\n<\/div><\/figure>\n\n\n\n<h3 class=\"wp-block-heading\">4. <strong>Leve os eventos para o seu nicho<\/strong><\/h3>\n\n\n\n<p>Outra oportunidade para promover a sua loja virtual \u00e9 segmentar as campanhas de marketing - o que inclui a <strong>sazonalidade do calend\u00e1rio<\/strong> - na divulga\u00e7\u00e3o dos produtos do seu nicho.<\/p>\n\n\n\n<p>Quer um <strong>exemplo pr\u00e1tico do desenvolvimento dessa estrat\u00e9gia<\/strong>? Em 2021 teremos mais uma edi\u00e7\u00e3o das Olimp\u00edadas - adiadas por causa da pandemia de coronav\u00edrus -, ou seja, um evento sazonal. E que representa um prato cheio para quem atua com artigos esportivos, suplementos e alimenta\u00e7\u00e3o saud\u00e1vel.<\/p>\n\n\n\n<p>O mesmo se aplica quando ocorre a Copa do Mundo. Afinal, a pegada \u00e9 a mesma: <strong>usar um grande evento como gancho para uma liquida\u00e7\u00e3o<\/strong>.<\/p>\n\n\n\n<p>Claro que, se voc\u00ea vende lingerie, fica mais dif\u00edcil se encaixar no apelo descrito acima. Por\u00e9m, isso n\u00e3o quer dizer que seja imposs\u00edvel encontrar um momento em que o seu nicho possa se destacar.<\/p>\n\n\n\n<p>Entenda que a import\u00e2ncia de identificar eventos para <strong>colocar os seus itens em evid\u00eancia deve ser um exerc\u00edcio cont\u00ednuo<\/strong>.<\/p>\n\n\n\n<p>Neste caso (para vendedores de lingerie), o Dia dos Namorados \u00e9 praticamente um Natal, n\u00e3o \u00e9 mesmo? Entretanto, al\u00e9m dele tem tamb\u00e9m o Dia do Beijo (13 de abril). Certamente \u00e9 uma das datas sazonais que podem ser <strong>mais uma oportunidade para movimentar a sua loja!<\/strong><\/p>\n\n\n\n<h3 class=\"wp-block-heading\">5. <strong>Prepare o estoque<\/strong><\/h3>\n\n\n\n<p>Ao pensar nas suas a\u00e7\u00f5es com anteced\u00eancia, voc\u00ea ganha tempo para <strong>negociar condi\u00e7\u00f5es especiais com os fornecedores<\/strong>. Essa \u00e9 uma das vantagens de planejar o seu e-commerce para as datas comemorativas de 2021.<\/p>\n\n\n\n<p>J\u00e1 que n\u00e3o h\u00e1 muita procura por artigos de decora\u00e7\u00e3o com tema natalino no primeiro semestre do ano, por exemplo, pode ser um bom momento para antecipar as compras e preparar o seu estoque com pre\u00e7os mais atrativos.<\/p>\n\n\n\n<p>Al\u00e9m disso, \u00e9 indispens\u00e1vel que voc\u00ea <strong>esteja certo de ter a quantidade de produtos necess\u00e1ria em estoque<\/strong> antes de lan\u00e7ar uma promo\u00e7\u00e3o.&nbsp;<\/p>\n\n\n\n<p>Sabemos que acertar exatamente o n\u00famero de vendas de determinado item \u00e9 praticamente imposs\u00edvel. Nesse caso, considere que <strong>\u00e9 melhor sobrar do que faltar algo<\/strong>.<\/p>\n\n\n\n<h3 class=\"wp-block-heading\">6. <strong>Crie promo\u00e7\u00f5es<\/strong><\/h3>\n\n\n\n<figure class=\"wp-block-image size-large\"><img decoding=\"async\" width=\"1024\" height=\"648\" src=\"https:\/\/blog.melhorenvio.com.br\/wp-content\/uploads\/2021\/02\/Pacote-de-presente-cercado-por-etiquetas-escrito-sale-remetendo-as-promocoes-em-datas-comemorativas-1024x648.jpg\" alt=\"Fique de olho nas datas comemorativas para seu nicho e venda mais!\" class=\"wp-image-36797\" srcset=\"https:\/\/melhorenvio.com.br\/blog\/wp-content\/uploads\/2021\/02\/Pacote-de-presente-cercado-por-etiquetas-escrito-sale-remetendo-as-promocoes-em-datas-comemorativas-1024x648.jpg 1024w, https:\/\/melhorenvio.com.br\/blog\/wp-content\/uploads\/2021\/02\/Pacote-de-presente-cercado-por-etiquetas-escrito-sale-remetendo-as-promocoes-em-datas-comemorativas-300x190.jpg 300w, https:\/\/melhorenvio.com.br\/blog\/wp-content\/uploads\/2021\/02\/Pacote-de-presente-cercado-por-etiquetas-escrito-sale-remetendo-as-promocoes-em-datas-comemorativas-768x486.jpg 768w, https:\/\/melhorenvio.com.br\/blog\/wp-content\/uploads\/2021\/02\/Pacote-de-presente-cercado-por-etiquetas-escrito-sale-remetendo-as-promocoes-em-datas-comemorativas-1536x972.jpg 1536w, https:\/\/melhorenvio.com.br\/blog\/wp-content\/uploads\/2021\/02\/Pacote-de-presente-cercado-por-etiquetas-escrito-sale-remetendo-as-promocoes-em-datas-comemorativas-750x475.jpg 750w, https:\/\/melhorenvio.com.br\/blog\/wp-content\/uploads\/2021\/02\/Pacote-de-presente-cercado-por-etiquetas-escrito-sale-remetendo-as-promocoes-em-datas-comemorativas-1140x721.jpg 1140w, https:\/\/melhorenvio.com.br\/blog\/wp-content\/uploads\/2021\/02\/Pacote-de-presente-cercado-por-etiquetas-escrito-sale-remetendo-as-promocoes-em-datas-comemorativas.jpg 1800w\" sizes=\"(max-width: 1024px) 100vw, 1024px\" \/><figcaption class=\"wp-element-caption\">Foto: Unsplash<\/figcaption><\/figure>\n\n\n\n<p>Em datas comemorativas, a aten\u00e7\u00e3o do cliente \u00e9 disputada por muitos lojistas. Por conta disso, <strong>para se destacar \u00e9 preciso apresentar a melhor oferta<\/strong>.<\/p>\n\n\n\n<p>Descontos especiais, diferentes formas de pagamento, sorteios e <a href=\"https:\/\/melhorenvio.com.br\/blog\/frete-e-logistica\/como-e-quando-oferecer-frete-gratis\/\" target=\"_blank\" rel=\"noreferrer noopener\">frete gr\u00e1tis<\/a> s\u00e3o algumas op\u00e7\u00f5es.<\/p>\n\n\n\n<p>Mas lembre que <strong>tudo precisa ser planejado e estar dentro do or\u00e7amento do seu neg\u00f3cio<\/strong>. De nada adianta conquistar novos clientes com as datas comemorativas se a sua loja ficar no preju\u00edzo logo em seguida, n\u00e3o \u00e9 mesmo?<\/p>\n\n\n\n<h3 class=\"wp-block-heading\">7. <strong>Comunique as a\u00e7\u00f5es com anteced\u00eancia<\/strong><\/h3>\n\n\n\n<p>Voc\u00ea j\u00e1 deve ter reparado que, nas lojas f\u00edsicas, o clima natalino come\u00e7a j\u00e1 em novembro, n\u00e9? Pois no com\u00e9rcio eletr\u00f4nico <strong>toda a comunica\u00e7\u00e3o para as datas comemorativas tamb\u00e9m deve come\u00e7ar com anteced\u00eancia<\/strong>.<\/p>\n\n\n\n<p>Especialistas indicam que a divulga\u00e7\u00e3o comece ao menos 1 m\u00eas antes. Dessa forma, d\u00e1 tempo de atrair aqueles consumidores que gostam de planejar a compra de presentes.<\/p>\n\n\n\n<p>Mas como fazer essa comunica\u00e7\u00e3o no e-commerce? Basta entrar no clima da data fazendo <strong>pequenas altera\u00e7\u00f5es no layout da sua loja virtual<\/strong>, com banners e pop-ups, por exemplo. Outra ideia \u00e9 criar uma se\u00e7\u00e3o especial no seu site com produtos relacionados \u00e0 data.<\/p>\n\n\n\n<p>Al\u00e9m de preparar o site, \u00e9 fundamental criar campanhas que levem os clientes at\u00e9 ele. Para isso, explore todo o potencial das redes sociais.<\/p>\n\n\n\n<h3 class=\"wp-block-heading\">8. <strong>Personalize as a\u00e7\u00f5es nas redes sociais<\/strong><\/h3>\n\n\n\n<p>Quando falamos de com\u00e9rcio eletr\u00f4nico, <strong>as redes sociais funcionam como uma esp\u00e9cie de vitrine para os produtos<\/strong>.<\/p>\n\n\n\n<p>Por isso \u00e9 t\u00e3o importante <strong>ser criativo e fazer bom uso<\/strong> da ferramenta. Principalmente ao utiliz\u00e1-las para a divulga\u00e7\u00e3o de campanhas em datas comemorativas.<\/p>\n\n\n\n<p>\ud83d\udca1 Veja tamb\u00e9m: \u201c<a href=\"https:\/\/melhorenvio.com.br\/blog\/marketing-digital\/marketing-digital-para-e-commerce\/\" target=\"_blank\" rel=\"noreferrer noopener\">Marketing digital para e-commerce: guia completo para usar as redes sociais e vender mais<\/a>\u201d.<\/p>\n\n\n\n<p>Assim como o site da sua loja, personalize tamb\u00e9m o visual das suas redes sociais. Dessa forma voc\u00ea ir\u00e1 <strong>chamar a aten\u00e7\u00e3o dos clientes para a data<\/strong> e, na sequ\u00eancia, poder\u00e1 come\u00e7ar a comunicar sobre promo\u00e7\u00f5es e descontos.<\/p>\n\n\n\n<p>Al\u00e9m disso, atrav\u00e9s de ferramentas como o Google Ads e o Facebook Ads <strong>\u00e9 poss\u00edvel configurar as campanhas para atingir o seu p\u00fablico-alvo<\/strong>.<\/p>\n\n\n\n<h3 class=\"wp-block-heading\">9. <strong>Ofere\u00e7a atendimento de qualidade<\/strong><\/h3>\n\n\n\n<p>Considerando que a sua estrat\u00e9gia para as datas comemorativas seja eficiente nos pontos anteriores, sua loja virtual ir\u00e1 receber muitas visitas. Ent\u00e3o <strong>esteja preparado tamb\u00e9m para um consequente aumento na procura por atendimento<\/strong>.<\/p>\n\n\n\n<p>Seja por e-mail, chat, redes sociais\u2026 Deixe sua equipe a postos para responder d\u00favidas e resolver qualquer problema que o consumidor possa encontrar ao realizar uma compra.<\/p>\n\n\n\n<p>Estude ainda a possibilidade de oferecer um <strong>atendimento personalizado nas datas comemorativas<\/strong>. Para isso, muitas lojas virtuais est\u00e3o fazendo uso do Whatsapp.<\/p>\n\n\n\n<p>\ud83d\udca1 Veja: \u201c<a href=\"https:\/\/melhorenvio.com.br\/blog\/marketing-digital\/whatsapp-business-para-vendas\/\" target=\"_blank\" rel=\"noreferrer noopener\">Whatsapp Business: conhe\u00e7a as principais estrat\u00e9gias para vender no aplicativo<\/a>\u201d.<\/p>\n\n\n\n<p>Lembre que oferecer um atendimento de qualidade \u00e9 um importante passo para a fideliza\u00e7\u00e3o do cliente.<\/p>\n\n\n\n<h3 class=\"wp-block-heading\"><strong>10. Aposte na fideliza\u00e7\u00e3o dos clientes em cada evento<\/strong><\/h3>\n\n\n\n<p>Lembre tamb\u00e9m de aumentar a sua lucratividade nas campanhas promocionais e depois da conclus\u00e3o de cada evento! Como? <strong>Elabore a performance do seu e-commerce<\/strong> em datas comemorativas considerando os efeitos delas a longo prazo. E mensurando os resultados de cada etapa vencida.<\/p>\n\n\n\n<p>Sabe os <strong>consumidores que adquiriram artigos com voc\u00ea<\/strong> em uma das datas comemorativas ou sazonais ? N\u00e3o esque\u00e7a deles! Mande um e-mail agradecendo a compra e <strong>presenteie-o com um cupom de desconto<\/strong>. Esse mimo pode ser o convite ideal para aquele cliente voltar a fechar pedidos na sua loja virtual!<\/p>\n\n\n\n<p><strong>\ud83d\udca1 <\/strong>Veja tamb\u00e9m:<strong>\u201c<\/strong>A import\u00e2ncia do e-mail marketing para a sua estrat\u00e9gia\u201d.<\/p>\n\n\n\n<h3 class=\"wp-block-heading\">11. <strong>Aposte no frete para encantar o p\u00fablico!<\/strong><\/h3>\n\n\n\n<p>Trouxemos v\u00e1rias dicas para ajudar o seu neg\u00f3cio a decolar ainda mais nos pr\u00f3ximos meses! Mas, se voc\u00ea quer realmente fidelizar os clientes, n\u00e3o pode esquecer de <strong>pensar tamb\u00e9m em oferecer um frete de qualidade<\/strong>!<\/p>\n\n\n\n<p>Nessa hora <strong>conte com o Melhor Envio<\/strong>, uma solu\u00e7\u00e3o completa de fretes que coloca o seu e-commerce diante de um cat\u00e1logo de entregas que inclui Correios e transportadoras privadas. Tudo ao seu alcance a partir de uma simples cota\u00e7\u00e3o!<\/p>\n\n\n\n<p>\ud83d\udca1 Para saber mais, acesse: \u201c<a href=\"https:\/\/melhorenvio.com.br\/blog\/sobre-nos\/melhor-envio-calculadora-de-frete\/\" target=\"_blank\" rel=\"noreferrer noopener\">Melhor Envio calculadora de frete: como funciona e fazer simula\u00e7\u00e3o<\/a>\u201d<\/p>\n\n\n\n<p>N\u00e3o perca tempo e <strong>conhe\u00e7a agora mesmo as vantagens exclusivas<\/strong> disponibilizadas na tecnologia gratuita para gerar os fretes do seu e-commerce!<\/p>\n\n\n\n<h2 class=\"wp-block-heading\"><strong>Assuma o comando dos holofotes<\/strong><\/h2>\n\n\n\n<p>Em resumo, pense nas datas comemorativas como um todo, mas tamb\u00e9m esteja aberto a <strong>identificar os momentos-chave para o seu nicho!<\/strong> Estas s\u00e3o oportunidades de vendas que a sua marca pode se destacar da concorr\u00eancia. Pense nisso!<\/p>\n\n\n\n<p>Nesta situa\u00e7\u00e3o ou em qualquer outra, o seu sucesso ir\u00e1 depender do n\u00edvel de empenho com que voc\u00ea buscar as oportunidades ao longo do ano (ao inv\u00e9s de deix\u00e1-las passar em branco!).<\/p>\n\n\n\n<p>Se acha sem inspira\u00e7\u00e3o para isso? Mais um motivo para<strong> pesquisar com anteced\u00eancia e montar um calend\u00e1rio<\/strong> para a pr\u00f3xima temporada. Deixar para a \u00faltima hora s\u00f3 servir\u00e1 para adicionar uma press\u00e3o desnecess\u00e1ria sobre seus ombros (e um risco que voc\u00ea tamb\u00e9m n\u00e3o precisa).&nbsp;<\/p>\n\n\n\n<p>Por\u00e9m, <strong>n\u00e3o fique preso somente ao que voc\u00ea elencar agora<\/strong>, se tiver mais ideias, insira-as no planejamento e n\u00e3o desperdice as <strong>brechas para ganhar dinheiro ou visibilidade. <\/strong>M\u00e3os \u00e0 obra hoje e sempre!<\/p>\n","protected":false},"excerpt":{"rendered":"<p>Como as datas comemorativas podem impulsionar o seu nicho? Descubra!<\/p>\n","protected":false},"author":5,"featured_media":36789,"comment_status":"closed","ping_status":"open","sticky":false,"template":"","format":"standard","meta":{"_acf_changed":false,"jnews-multi-image_gallery":[],"jnews_single_post":{"subtitle":"","format":"standard","video":"","gallery":"","source_name":"","source_url":"","via_name":"","via_url":"","override_template":"0","override":[{"template":"4","single_blog_custom":"","parallax":"1","fullscreen":"0","layout":"right-sidebar","sidebar":"","second_sidebar":"","sticky_sidebar":"1","share_position":"","share_float_style":"","show_share_counter":"1","show_view_counter":"1","show_featured":"1","show_post_meta":"1","show_post_author":"1","show_post_author_image":"1","show_post_date":"1","post_date_format":"","post_date_format_custom":"","show_post_category":"1","show_post_reading_time":"0","post_reading_time_wpm":"","post_calculate_word_method":"str_word_count","show_zoom_button":"0","zoom_button_out_step":"1","zoom_button_in_step":"1","show_post_tag":"1","show_prev_next_post":"1","show_popup_post":"1","number_popup_post":"1","show_author_box":"0","show_post_related":"0","show_inline_post_related":"0"}],"override_image_size":"0","image_override":[{"single_post_thumbnail_size":"","single_post_gallery_size":""}],"trending_post":"0","trending_post_position":"","trending_post_label":"","sponsored_post":"0","sponsored_post_label":"","sponsored_post_name":"","sponsored_post_url":"","sponsored_post_logo_enable":"0","sponsored_post_logo":"","sponsored_post_desc":"","disable_ad":"0"},"jnews_primary_category":{"id":"","hide":""},"footnotes":""},"categories":[59],"tags":[],"class_list":["post-31918","post","type-post","status-publish","format-standard","has-post-thumbnail","hentry","category-datas-especiais"],"acf":[],"yoast_head":"<!-- This site is optimized with the Yoast SEO plugin v27.3 - https:\/\/yoast.com\/product\/yoast-seo-wordpress\/ -->\n<title>Datas comemorativas no e-commerce | Blog Melhor Envio<\/title>\n<meta name=\"description\" content=\"As datas comemorativas s\u00e3o oportunidades para alcan\u00e7ar novos clientes e aumentar as vendas do seu e-commerce. Confira nossas dicas!\" \/>\n<meta name=\"robots\" content=\"index, follow, max-snippet:-1, max-image-preview:large, max-video-preview:-1\" \/>\n<link rel=\"canonical\" href=\"https:\/\/melhorenvio.com.br\/blog\/datas-especiais\/aproveite-as-datas-comemorativas-para-o-seu-nicho\/\" \/>\n<meta property=\"og:locale\" content=\"pt_BR\" \/>\n<meta property=\"og:type\" content=\"article\" \/>\n<meta property=\"og:title\" content=\"Datas comemorativas no e-commerce | Blog Melhor Envio\" \/>\n<meta property=\"og:description\" content=\"As datas comemorativas s\u00e3o oportunidades para alcan\u00e7ar novos clientes e aumentar as vendas do seu e-commerce. Confira nossas dicas!\" \/>\n<meta property=\"og:url\" content=\"https:\/\/melhorenvio.com.br\/blog\/datas-especiais\/aproveite-as-datas-comemorativas-para-o-seu-nicho\/\" \/>\n<meta property=\"og:site_name\" content=\"Blog Melhor Envio\" \/>\n<meta property=\"article:publisher\" content=\"https:\/\/www.facebook.com\/MelhorEnvio\/\" \/>\n<meta property=\"article:published_time\" content=\"2020-12-22T17:00:00+00:00\" \/>\n<meta property=\"article:modified_time\" content=\"2026-04-15T13:23:25+00:00\" \/>\n<meta property=\"og:image\" content=\"https:\/\/melhorenvio.com.br\/blog\/wp-content\/uploads\/2020\/12\/BLOG_-Aproveite-as-datas-comemorativas-para-o-seu-nicho.png\" \/>\n\t<meta property=\"og:image:width\" content=\"1200\" \/>\n\t<meta property=\"og:image:height\" content=\"630\" \/>\n\t<meta property=\"og:image:type\" content=\"image\/png\" \/>\n<meta name=\"author\" content=\"Gabriela Voigt\" \/>\n<meta name=\"twitter:card\" content=\"summary_large_image\" \/>\n<meta name=\"twitter:creator\" content=\"@melhorenvio\" \/>\n<meta name=\"twitter:site\" content=\"@melhorenvio\" \/>\n<meta name=\"twitter:label1\" content=\"Escrito por\" \/>\n\t<meta name=\"twitter:data1\" content=\"Gabriela Voigt\" \/>\n\t<meta name=\"twitter:label2\" content=\"Est. tempo de leitura\" \/>\n\t<meta name=\"twitter:data2\" content=\"13 minutos\" \/>\n<script type=\"application\/ld+json\" class=\"yoast-schema-graph\">{\"@context\":\"https:\\\/\\\/schema.org\",\"@graph\":[{\"@type\":\"Article\",\"@id\":\"https:\\\/\\\/melhorenvio.com.br\\\/blog\\\/datas-especiais\\\/aproveite-as-datas-comemorativas-para-o-seu-nicho\\\/#article\",\"isPartOf\":{\"@id\":\"https:\\\/\\\/melhorenvio.com.br\\\/blog\\\/datas-especiais\\\/aproveite-as-datas-comemorativas-para-o-seu-nicho\\\/\"},\"author\":{\"name\":\"Gabriela Voigt\",\"@id\":\"https:\\\/\\\/blog.melhorenvio.com.br\\\/#\\\/schema\\\/person\\\/41c3ef6dce43f7613f4f884c6692d56e\"},\"headline\":\"Aproveite as datas comemorativas para o seu nicho\",\"datePublished\":\"2020-12-22T17:00:00+00:00\",\"dateModified\":\"2026-04-15T13:23:25+00:00\",\"mainEntityOfPage\":{\"@id\":\"https:\\\/\\\/melhorenvio.com.br\\\/blog\\\/datas-especiais\\\/aproveite-as-datas-comemorativas-para-o-seu-nicho\\\/\"},\"wordCount\":2151,\"publisher\":{\"@id\":\"https:\\\/\\\/blog.melhorenvio.com.br\\\/#organization\"},\"image\":{\"@id\":\"https:\\\/\\\/melhorenvio.com.br\\\/blog\\\/datas-especiais\\\/aproveite-as-datas-comemorativas-para-o-seu-nicho\\\/#primaryimage\"},\"thumbnailUrl\":\"https:\\\/\\\/melhorenvio.com.br\\\/blog\\\/wp-content\\\/uploads\\\/2020\\\/12\\\/BLOG_-Aproveite-as-datas-comemorativas-para-o-seu-nicho.png\",\"articleSection\":[\"Datas especiais\"],\"inLanguage\":\"pt-BR\"},{\"@type\":\"WebPage\",\"@id\":\"https:\\\/\\\/melhorenvio.com.br\\\/blog\\\/datas-especiais\\\/aproveite-as-datas-comemorativas-para-o-seu-nicho\\\/\",\"url\":\"https:\\\/\\\/melhorenvio.com.br\\\/blog\\\/datas-especiais\\\/aproveite-as-datas-comemorativas-para-o-seu-nicho\\\/\",\"name\":\"Datas comemorativas no e-commerce | Blog Melhor Envio\",\"isPartOf\":{\"@id\":\"https:\\\/\\\/blog.melhorenvio.com.br\\\/#website\"},\"primaryImageOfPage\":{\"@id\":\"https:\\\/\\\/melhorenvio.com.br\\\/blog\\\/datas-especiais\\\/aproveite-as-datas-comemorativas-para-o-seu-nicho\\\/#primaryimage\"},\"image\":{\"@id\":\"https:\\\/\\\/melhorenvio.com.br\\\/blog\\\/datas-especiais\\\/aproveite-as-datas-comemorativas-para-o-seu-nicho\\\/#primaryimage\"},\"thumbnailUrl\":\"https:\\\/\\\/melhorenvio.com.br\\\/blog\\\/wp-content\\\/uploads\\\/2020\\\/12\\\/BLOG_-Aproveite-as-datas-comemorativas-para-o-seu-nicho.png\",\"datePublished\":\"2020-12-22T17:00:00+00:00\",\"dateModified\":\"2026-04-15T13:23:25+00:00\",\"description\":\"As datas comemorativas s\u00e3o oportunidades para alcan\u00e7ar novos clientes e aumentar as vendas do seu e-commerce. Confira nossas dicas!\",\"inLanguage\":\"pt-BR\",\"potentialAction\":[{\"@type\":\"ReadAction\",\"target\":[\"https:\\\/\\\/melhorenvio.com.br\\\/blog\\\/datas-especiais\\\/aproveite-as-datas-comemorativas-para-o-seu-nicho\\\/\"]}]},{\"@type\":\"ImageObject\",\"inLanguage\":\"pt-BR\",\"@id\":\"https:\\\/\\\/melhorenvio.com.br\\\/blog\\\/datas-especiais\\\/aproveite-as-datas-comemorativas-para-o-seu-nicho\\\/#primaryimage\",\"url\":\"https:\\\/\\\/melhorenvio.com.br\\\/blog\\\/wp-content\\\/uploads\\\/2020\\\/12\\\/BLOG_-Aproveite-as-datas-comemorativas-para-o-seu-nicho.png\",\"contentUrl\":\"https:\\\/\\\/melhorenvio.com.br\\\/blog\\\/wp-content\\\/uploads\\\/2020\\\/12\\\/BLOG_-Aproveite-as-datas-comemorativas-para-o-seu-nicho.png\",\"width\":1200,\"height\":630,\"caption\":\"Aproveite as datas comemorativas para o seu nicho\"},{\"@type\":\"WebSite\",\"@id\":\"https:\\\/\\\/blog.melhorenvio.com.br\\\/#website\",\"url\":\"https:\\\/\\\/blog.melhorenvio.com.br\\\/\",\"name\":\"Blog Melhor Envio\",\"description\":\"Aprenda a economizar na gest\u00e3o de fretes\",\"publisher\":{\"@id\":\"https:\\\/\\\/blog.melhorenvio.com.br\\\/#organization\"},\"alternateName\":\"Blog do Melhor Envio\",\"potentialAction\":[{\"@type\":\"SearchAction\",\"target\":{\"@type\":\"EntryPoint\",\"urlTemplate\":\"https:\\\/\\\/blog.melhorenvio.com.br\\\/?s={search_term_string}\"},\"query-input\":{\"@type\":\"PropertyValueSpecification\",\"valueRequired\":true,\"valueName\":\"search_term_string\"}}],\"inLanguage\":\"pt-BR\"},{\"@type\":\"Organization\",\"@id\":\"https:\\\/\\\/blog.melhorenvio.com.br\\\/#organization\",\"name\":\"Melhor Envio\",\"alternateName\":\"Melhor Envio\",\"url\":\"https:\\\/\\\/blog.melhorenvio.com.br\\\/\",\"logo\":{\"@type\":\"ImageObject\",\"inLanguage\":\"pt-BR\",\"@id\":\"https:\\\/\\\/blog.melhorenvio.com.br\\\/#\\\/schema\\\/logo\\\/image\\\/\",\"url\":\"https:\\\/\\\/melhorenvio.com.br\\\/blog\\\/wp-content\\\/uploads\\\/2022\\\/12\\\/blog-logo-melhor-envio.webp\",\"contentUrl\":\"https:\\\/\\\/melhorenvio.com.br\\\/blog\\\/wp-content\\\/uploads\\\/2022\\\/12\\\/blog-logo-melhor-envio.webp\",\"width\":188,\"height\":96,\"caption\":\"Melhor Envio\"},\"image\":{\"@id\":\"https:\\\/\\\/blog.melhorenvio.com.br\\\/#\\\/schema\\\/logo\\\/image\\\/\"},\"sameAs\":[\"https:\\\/\\\/www.facebook.com\\\/MelhorEnvio\\\/\",\"https:\\\/\\\/x.com\\\/melhorenvio\",\"https:\\\/\\\/www.instagram.com\\\/melhorenvio\",\"https:\\\/\\\/www.youtube.com\\\/melhorenviooficial\",\"https:\\\/\\\/br.linkedin.com\\\/company\\\/melhorenvio\"]},{\"@type\":\"Person\",\"@id\":\"https:\\\/\\\/blog.melhorenvio.com.br\\\/#\\\/schema\\\/person\\\/41c3ef6dce43f7613f4f884c6692d56e\",\"name\":\"Gabriela Voigt\",\"image\":{\"@type\":\"ImageObject\",\"inLanguage\":\"pt-BR\",\"@id\":\"https:\\\/\\\/secure.gravatar.com\\\/avatar\\\/687e161b707cbcb0d5378b50a04c2a84502f37d0d70db7ea6acceaa3206e97f5?s=96&d=mm&r=g\",\"url\":\"https:\\\/\\\/secure.gravatar.com\\\/avatar\\\/687e161b707cbcb0d5378b50a04c2a84502f37d0d70db7ea6acceaa3206e97f5?s=96&d=mm&r=g\",\"contentUrl\":\"https:\\\/\\\/secure.gravatar.com\\\/avatar\\\/687e161b707cbcb0d5378b50a04c2a84502f37d0d70db7ea6acceaa3206e97f5?s=96&d=mm&r=g\",\"caption\":\"Gabriela Voigt\"},\"description\":\"Jornalista e produtora de conte\u00fado do Melhor Envio, plataforma digital que est\u00e1 revolucionando o acesso a fretes para lojas virtuais de todo o pa\u00eds. Em seus artigos, tem o objetivo de ajudar lojistas a simplificar os desafios de seus neg\u00f3cios.\",\"url\":\"https:\\\/\\\/melhorenvio.com.br\\\/blog\\\/author\\\/gabriela-voigt\\\/\"}]}<\/script>\n<!-- \/ Yoast SEO plugin. -->","yoast_head_json":{"title":"Datas comemorativas no e-commerce | Blog Melhor Envio","description":"As datas comemorativas s\u00e3o oportunidades para alcan\u00e7ar novos clientes e aumentar as vendas do seu e-commerce. Confira nossas dicas!","robots":{"index":"index","follow":"follow","max-snippet":"max-snippet:-1","max-image-preview":"max-image-preview:large","max-video-preview":"max-video-preview:-1"},"canonical":"https:\/\/melhorenvio.com.br\/blog\/datas-especiais\/aproveite-as-datas-comemorativas-para-o-seu-nicho\/","og_locale":"pt_BR","og_type":"article","og_title":"Datas comemorativas no e-commerce | Blog Melhor Envio","og_description":"As datas comemorativas s\u00e3o oportunidades para alcan\u00e7ar novos clientes e aumentar as vendas do seu e-commerce. Confira nossas dicas!","og_url":"https:\/\/melhorenvio.com.br\/blog\/datas-especiais\/aproveite-as-datas-comemorativas-para-o-seu-nicho\/","og_site_name":"Blog Melhor Envio","article_publisher":"https:\/\/www.facebook.com\/MelhorEnvio\/","article_published_time":"2020-12-22T17:00:00+00:00","article_modified_time":"2026-04-15T13:23:25+00:00","og_image":[{"width":1200,"height":630,"url":"https:\/\/melhorenvio.com.br\/blog\/wp-content\/uploads\/2020\/12\/BLOG_-Aproveite-as-datas-comemorativas-para-o-seu-nicho.png","type":"image\/png"}],"author":"Gabriela Voigt","twitter_card":"summary_large_image","twitter_creator":"@melhorenvio","twitter_site":"@melhorenvio","twitter_misc":{"Escrito por":"Gabriela Voigt","Est. tempo de leitura":"13 minutos"},"schema":{"@context":"https:\/\/schema.org","@graph":[{"@type":"Article","@id":"https:\/\/melhorenvio.com.br\/blog\/datas-especiais\/aproveite-as-datas-comemorativas-para-o-seu-nicho\/#article","isPartOf":{"@id":"https:\/\/melhorenvio.com.br\/blog\/datas-especiais\/aproveite-as-datas-comemorativas-para-o-seu-nicho\/"},"author":{"name":"Gabriela Voigt","@id":"https:\/\/blog.melhorenvio.com.br\/#\/schema\/person\/41c3ef6dce43f7613f4f884c6692d56e"},"headline":"Aproveite as datas comemorativas para o seu nicho","datePublished":"2020-12-22T17:00:00+00:00","dateModified":"2026-04-15T13:23:25+00:00","mainEntityOfPage":{"@id":"https:\/\/melhorenvio.com.br\/blog\/datas-especiais\/aproveite-as-datas-comemorativas-para-o-seu-nicho\/"},"wordCount":2151,"publisher":{"@id":"https:\/\/blog.melhorenvio.com.br\/#organization"},"image":{"@id":"https:\/\/melhorenvio.com.br\/blog\/datas-especiais\/aproveite-as-datas-comemorativas-para-o-seu-nicho\/#primaryimage"},"thumbnailUrl":"https:\/\/melhorenvio.com.br\/blog\/wp-content\/uploads\/2020\/12\/BLOG_-Aproveite-as-datas-comemorativas-para-o-seu-nicho.png","articleSection":["Datas especiais"],"inLanguage":"pt-BR"},{"@type":"WebPage","@id":"https:\/\/melhorenvio.com.br\/blog\/datas-especiais\/aproveite-as-datas-comemorativas-para-o-seu-nicho\/","url":"https:\/\/melhorenvio.com.br\/blog\/datas-especiais\/aproveite-as-datas-comemorativas-para-o-seu-nicho\/","name":"Datas comemorativas no e-commerce | Blog Melhor Envio","isPartOf":{"@id":"https:\/\/blog.melhorenvio.com.br\/#website"},"primaryImageOfPage":{"@id":"https:\/\/melhorenvio.com.br\/blog\/datas-especiais\/aproveite-as-datas-comemorativas-para-o-seu-nicho\/#primaryimage"},"image":{"@id":"https:\/\/melhorenvio.com.br\/blog\/datas-especiais\/aproveite-as-datas-comemorativas-para-o-seu-nicho\/#primaryimage"},"thumbnailUrl":"https:\/\/melhorenvio.com.br\/blog\/wp-content\/uploads\/2020\/12\/BLOG_-Aproveite-as-datas-comemorativas-para-o-seu-nicho.png","datePublished":"2020-12-22T17:00:00+00:00","dateModified":"2026-04-15T13:23:25+00:00","description":"As datas comemorativas s\u00e3o oportunidades para alcan\u00e7ar novos clientes e aumentar as vendas do seu e-commerce. Confira nossas dicas!","inLanguage":"pt-BR","potentialAction":[{"@type":"ReadAction","target":["https:\/\/melhorenvio.com.br\/blog\/datas-especiais\/aproveite-as-datas-comemorativas-para-o-seu-nicho\/"]}]},{"@type":"ImageObject","inLanguage":"pt-BR","@id":"https:\/\/melhorenvio.com.br\/blog\/datas-especiais\/aproveite-as-datas-comemorativas-para-o-seu-nicho\/#primaryimage","url":"https:\/\/melhorenvio.com.br\/blog\/wp-content\/uploads\/2020\/12\/BLOG_-Aproveite-as-datas-comemorativas-para-o-seu-nicho.png","contentUrl":"https:\/\/melhorenvio.com.br\/blog\/wp-content\/uploads\/2020\/12\/BLOG_-Aproveite-as-datas-comemorativas-para-o-seu-nicho.png","width":1200,"height":630,"caption":"Aproveite as datas comemorativas para o seu nicho"},{"@type":"WebSite","@id":"https:\/\/blog.melhorenvio.com.br\/#website","url":"https:\/\/blog.melhorenvio.com.br\/","name":"Blog Melhor Envio","description":"Aprenda a economizar na gest\u00e3o de fretes","publisher":{"@id":"https:\/\/blog.melhorenvio.com.br\/#organization"},"alternateName":"Blog do Melhor Envio","potentialAction":[{"@type":"SearchAction","target":{"@type":"EntryPoint","urlTemplate":"https:\/\/blog.melhorenvio.com.br\/?s={search_term_string}"},"query-input":{"@type":"PropertyValueSpecification","valueRequired":true,"valueName":"search_term_string"}}],"inLanguage":"pt-BR"},{"@type":"Organization","@id":"https:\/\/blog.melhorenvio.com.br\/#organization","name":"Melhor Envio","alternateName":"Melhor Envio","url":"https:\/\/blog.melhorenvio.com.br\/","logo":{"@type":"ImageObject","inLanguage":"pt-BR","@id":"https:\/\/blog.melhorenvio.com.br\/#\/schema\/logo\/image\/","url":"https:\/\/melhorenvio.com.br\/blog\/wp-content\/uploads\/2022\/12\/blog-logo-melhor-envio.webp","contentUrl":"https:\/\/melhorenvio.com.br\/blog\/wp-content\/uploads\/2022\/12\/blog-logo-melhor-envio.webp","width":188,"height":96,"caption":"Melhor Envio"},"image":{"@id":"https:\/\/blog.melhorenvio.com.br\/#\/schema\/logo\/image\/"},"sameAs":["https:\/\/www.facebook.com\/MelhorEnvio\/","https:\/\/x.com\/melhorenvio","https:\/\/www.instagram.com\/melhorenvio","https:\/\/www.youtube.com\/melhorenviooficial","https:\/\/br.linkedin.com\/company\/melhorenvio"]},{"@type":"Person","@id":"https:\/\/blog.melhorenvio.com.br\/#\/schema\/person\/41c3ef6dce43f7613f4f884c6692d56e","name":"Gabriela Voigt","image":{"@type":"ImageObject","inLanguage":"pt-BR","@id":"https:\/\/secure.gravatar.com\/avatar\/687e161b707cbcb0d5378b50a04c2a84502f37d0d70db7ea6acceaa3206e97f5?s=96&d=mm&r=g","url":"https:\/\/secure.gravatar.com\/avatar\/687e161b707cbcb0d5378b50a04c2a84502f37d0d70db7ea6acceaa3206e97f5?s=96&d=mm&r=g","contentUrl":"https:\/\/secure.gravatar.com\/avatar\/687e161b707cbcb0d5378b50a04c2a84502f37d0d70db7ea6acceaa3206e97f5?s=96&d=mm&r=g","caption":"Gabriela Voigt"},"description":"Jornalista e produtora de conte\u00fado do Melhor Envio, plataforma digital que est\u00e1 revolucionando o acesso a fretes para lojas virtuais de todo o pa\u00eds. Em seus artigos, tem o objetivo de ajudar lojistas a simplificar os desafios de seus neg\u00f3cios.","url":"https:\/\/melhorenvio.com.br\/blog\/author\/gabriela-voigt\/"}]}},"_links":{"self":[{"href":"https:\/\/melhorenvio.com.br\/blog\/wp-json\/wp\/v2\/posts\/31918","targetHints":{"allow":["GET"]}}],"collection":[{"href":"https:\/\/melhorenvio.com.br\/blog\/wp-json\/wp\/v2\/posts"}],"about":[{"href":"https:\/\/melhorenvio.com.br\/blog\/wp-json\/wp\/v2\/types\/post"}],"author":[{"embeddable":true,"href":"https:\/\/melhorenvio.com.br\/blog\/wp-json\/wp\/v2\/users\/5"}],"replies":[{"embeddable":true,"href":"https:\/\/melhorenvio.com.br\/blog\/wp-json\/wp\/v2\/comments?post=31918"}],"version-history":[{"count":18,"href":"https:\/\/melhorenvio.com.br\/blog\/wp-json\/wp\/v2\/posts\/31918\/revisions"}],"predecessor-version":[{"id":59770,"href":"https:\/\/melhorenvio.com.br\/blog\/wp-json\/wp\/v2\/posts\/31918\/revisions\/59770"}],"wp:featuredmedia":[{"embeddable":true,"href":"https:\/\/melhorenvio.com.br\/blog\/wp-json\/wp\/v2\/media\/36789"}],"wp:attachment":[{"href":"https:\/\/melhorenvio.com.br\/blog\/wp-json\/wp\/v2\/media?parent=31918"}],"wp:term":[{"taxonomy":"category","embeddable":true,"href":"https:\/\/melhorenvio.com.br\/blog\/wp-json\/wp\/v2\/categories?post=31918"},{"taxonomy":"post_tag","embeddable":true,"href":"https:\/\/melhorenvio.com.br\/blog\/wp-json\/wp\/v2\/tags?post=31918"}],"curies":[{"name":"wp","href":"https:\/\/api.w.org\/{rel}","templated":true}]}}