{"id":32546,"date":"2020-02-06T14:00:00","date_gmt":"2020-02-06T17:00:00","guid":{"rendered":"https:\/\/blog.melhorenvio.com.br\/?p=32546"},"modified":"2026-04-20T16:50:59","modified_gmt":"2026-04-20T19:50:59","slug":"como-programar-postagens-no-instagram","status":"publish","type":"post","link":"https:\/\/melhorenvio.com.br\/blog\/marketing-digital\/como-programar-postagens-no-instagram\/","title":{"rendered":"Como programar postagens no Instagram de forma gratuita?"},"content":{"rendered":"\n<p><strong>Voc\u00ea sabe como programar postagens no Instagram sem pagar nenhuma ferramenta para fazer isso? Continue lendo e descubra!<\/strong><\/p>\n\n\n\n<p>As primeiras empresas que come\u00e7aram a usar o Instagram com fins comerciais tinham um problema: a<strong> rede social n\u00e3o permitia o agendamento de publica\u00e7\u00f5es.&nbsp;<\/strong><\/p>\n\n\n\n<p>Mas, se voc\u00ea reparou no tempo verbal da \u00faltima frase, deve ter percebido que <strong>esse problema ficou no passado. <\/strong>Hoje em dia existem v\u00e1rias ferramentas que possibilitam programar postagens no Instagram.&nbsp;<\/p>\n\n\n\n<p>S\u00f3 que a\u00ed surge outra quest\u00e3o: elas costumam ser pagas. O que pouca gente diz \u00e9 que tem um jeito de agendar postagens usando uma <strong>ferramenta gratuita criada pelo Facebook<\/strong>, empresa dona do Instagram.&nbsp;<\/p>\n\n\n\n<p>Antes de aprender como programar as postagens do Instagram, programe-se para economizar no frete do seu e-commerce. Com o Melhor Envio voc\u00ea paga apenas pelas etiquetas de frete que gerar e ainda pode <a href=\"https:\/\/melhorenvio.com.br\/blog\/sobre-nos\/ponto-parceiro-simplifique-o-envio-de-encomendas-com-ajuda-do-melhor-envio\/\" target=\"_blank\" rel=\"noreferrer noopener\">usar o Ponto Parceiro para agilizar as postagens<\/a> dos envios gerados na plataforma.<\/p>\n\n\n\n<div class=\"wp-block-buttons is-layout-flex wp-block-buttons-is-layout-flex\">\n<div class=\"wp-block-button\"><a class=\"wp-block-button__link has-background wp-element-button\" href=\"https:\/\/melhorenvio.com.br\/cadastre-se\" style=\"background-color:#00519d\" target=\"_blank\" rel=\"Fa\u00e7a seu cadastro no Melhor Envio e venha economizar tempo dinheiro! noopener\">Fa\u00e7a seu cadastro no Melhor Envio e venha economizar tempo e dinheiro!<\/a><\/div>\n<\/div>\n\n\n\n<h2 class=\"wp-block-heading\">Tutorial: como programar postagens no Instagram usando o Est\u00fadio de Cria\u00e7\u00e3o do Facebook<\/h2>\n\n\n\n<p>O <strong>Est\u00fadio de Cria\u00e7\u00e3o do Facebook<\/strong> re\u00fane uma s\u00e9rie de funcionalidades para quem cria conte\u00fado no Instagram e no pr\u00f3prio <a href=\"https:\/\/melhorenvio.com.br\/blog\/marketing-digital\/como-criar-uma-loja-no-facebook\/\" target=\"_blank\" rel=\"noreferrer noopener\">Facebook<\/a>. \u00c9 com ele que voc\u00ea vai conseguir agendar as suas publica\u00e7\u00f5es de forma gratuita. Vamos mostrar como fazer isso passo a passo. Bora l\u00e1?<\/p>\n\n\n\n<p><strong>Mas antes, alguns requisitos para o tutorial funcionar:&nbsp;<\/strong><\/p>\n\n\n\n<ul class=\"wp-block-list\">\n<li>Voc\u00ea precisa ter conta no Facebook<\/li>\n\n\n\n<li>Um <a href=\"https:\/\/www.facebook.com\/help\/502981923235522\" target=\"_blank\" rel=\"noreferrer noopener\" aria-label=\" (abre numa nova aba)\">perfil comercial<\/a> no Instagram<\/li>\n\n\n\n<li>E prontinho, \u00e9 s\u00f3 isso mesmo!<\/li>\n<\/ul>\n\n\n\n<h2 class=\"wp-block-heading\"><strong>Passo 1: acesse o Est\u00fadio de Cria\u00e7\u00e3o do Facebook<\/strong><\/h2>\n\n\n\n<p>A primeira coisa que voc\u00ea precisa fazer \u00e9 <a href=\"https:\/\/business.facebook.com\/creatorstudio\/\" target=\"_blank\" rel=\"noreferrer noopener\" aria-label=\" (abre numa nova aba)\">acessar o site do Est\u00fadio de Cria\u00e7\u00e3o do Facebook<\/a>. Depois \u00e9 s\u00f3 entrar com o seu usu\u00e1rio e senha do Facebook. <\/p>\n\n\n<div class=\"wp-block-image\">\n<figure class=\"aligncenter size-large\"><img decoding=\"async\" width=\"1000\" height=\"487\" src=\"https:\/\/blog.melhorenvio.com.br\/wp-content\/uploads\/2020\/02\/tela-de-login-do-estudio-de-criacao-e1580990035742-1-1.png\" alt=\"tela de login do est\u00fadio de cria\u00e7\u00e3o \" class=\"wp-image-38392\" srcset=\"https:\/\/melhorenvio.com.br\/blog\/wp-content\/uploads\/2020\/02\/tela-de-login-do-estudio-de-criacao-e1580990035742-1-1.png 1000w, https:\/\/melhorenvio.com.br\/blog\/wp-content\/uploads\/2020\/02\/tela-de-login-do-estudio-de-criacao-e1580990035742-1-1-300x146.png 300w, https:\/\/melhorenvio.com.br\/blog\/wp-content\/uploads\/2020\/02\/tela-de-login-do-estudio-de-criacao-e1580990035742-1-1-768x374.png 768w, https:\/\/melhorenvio.com.br\/blog\/wp-content\/uploads\/2020\/02\/tela-de-login-do-estudio-de-criacao-e1580990035742-1-1-750x365.png 750w\" sizes=\"(max-width: 1000px) 100vw, 1000px\" \/><\/figure>\n<\/div>\n\n\n<h2 class=\"wp-block-heading\"><strong>Passo 2: clique no \u00edcone do Instagram<\/strong><\/h2>\n\n\n\n<p>As p\u00e1ginas que voc\u00ea gerencia no Facebook v\u00e3o ser as primeiras coisas que voc\u00ea vai ver quando fizer login no<strong> Est\u00fadio de Cria\u00e7\u00e3o.<\/strong>&nbsp;<\/p>\n\n\n\n<p>Mas o que queremos \u00e9 <strong>agendar posts no Instagram<\/strong>, n\u00e9? Por isso, selecione o bot\u00e3o com o \u00edcone da rede social. Ele fica centralizado bem no topo da p\u00e1gina.&nbsp;<\/p>\n\n\n\n<p>Voc\u00ea vai reparar que a cor da tela vai mudar de tons de azul para tons de roxo, como ilustra a imagem abaixo.<\/p>\n\n\n<div class=\"wp-block-image\">\n<figure class=\"aligncenter size-large\"><img decoding=\"async\" width=\"796\" height=\"189\" src=\"https:\/\/blog.melhorenvio.com.br\/wp-content\/uploads\/2020\/02\/foto-reproduzida-do-facebook-2.png\" alt=\"foto reproduzida do Facebook\" class=\"wp-image-38393\" srcset=\"https:\/\/melhorenvio.com.br\/blog\/wp-content\/uploads\/2020\/02\/foto-reproduzida-do-facebook-2.png 796w, https:\/\/melhorenvio.com.br\/blog\/wp-content\/uploads\/2020\/02\/foto-reproduzida-do-facebook-2-300x71.png 300w, https:\/\/melhorenvio.com.br\/blog\/wp-content\/uploads\/2020\/02\/foto-reproduzida-do-facebook-2-768x182.png 768w, https:\/\/melhorenvio.com.br\/blog\/wp-content\/uploads\/2020\/02\/foto-reproduzida-do-facebook-2-750x178.png 750w\" sizes=\"(max-width: 796px) 100vw, 796px\" \/><figcaption class=\"wp-element-caption\">Imagem: Facebook (reprodu\u00e7\u00e3o)<\/figcaption><\/figure>\n<\/div>\n\n\n<h2 class=\"wp-block-heading\"><strong>Passo 3: conecte sua conta do Instagram ao Est\u00fadio de Cria\u00e7\u00e3o<\/strong><\/h2>\n\n\n\n<p>Se a sua <strong>conta do Instagram<\/strong> j\u00e1 estiver logada no computador, voc\u00ea vai conseguir visualizar o conte\u00fado dela imediatamente ap\u00f3s clicar no \u00edcone da rede social. Caso contr\u00e1rio, ser\u00e1 preciso fazer o login.&nbsp;Ao <strong>adicionar contas do Instagram ao Est\u00fadio de Cria\u00e7\u00e3o<\/strong>, uma tela como a mostrada abaixo provavelmente vai aparecer para voc\u00ea.  <\/p>\n\n\n<div class=\"wp-block-image\">\n<figure class=\"aligncenter size-large\"><img decoding=\"async\" width=\"663\" height=\"428\" src=\"https:\/\/blog.melhorenvio.com.br\/wp-content\/uploads\/2020\/02\/compartilhar-acesso-ao-instagram-com-os-membros-da-pagina-do-facebook-1.png\" alt=\"clique &quot;Ok&quot; na tela de &quot;compartilhar acesso do Instagram com p\u00e1gina do facebook&quot;\" class=\"wp-image-32549\" srcset=\"https:\/\/melhorenvio.com.br\/blog\/wp-content\/uploads\/2020\/02\/compartilhar-acesso-ao-instagram-com-os-membros-da-pagina-do-facebook-1.png 663w, https:\/\/melhorenvio.com.br\/blog\/wp-content\/uploads\/2020\/02\/compartilhar-acesso-ao-instagram-com-os-membros-da-pagina-do-facebook-1-300x194.png 300w\" sizes=\"(max-width: 663px) 100vw, 663px\" \/><\/figure>\n<\/div>\n\n\n<p>Ela \u00e9 um aviso de que qualquer administrador ou editor de uma p\u00e1gina do Facebook pode usar o Est\u00fadio de Cria\u00e7\u00e3o para publicar em uma conta do Instagram vinculada a essa p\u00e1gina. Caso queira saber mais sobre isso, acesse a <a href=\"https:\/\/help.instagram.com\/402748553849926\" target=\"_blank\" rel=\"noreferrer noopener\">central de ajuda do Instagram<\/a>.<\/p>\n\n\n\n<h2 class=\"wp-block-heading\"><strong>Passo 4: selecione o bot\u00e3o \u201ccriar publica\u00e7\u00e3o\u201d<\/strong><\/h2>\n\n\n\n<p>Depois de fazer o login na conta do Instagram em que voc\u00ea quer agendar um post, selecione o bot\u00e3o \u201c<strong>Criar publica\u00e7\u00e3o\u201d<\/strong> (localizado no canto superior esquerdo da tela).&nbsp;<\/p>\n\n\n\n<p>Duas op\u00e7\u00f5es v\u00e3o aparecer: <strong>feed do Instagram ou IGTV.<\/strong> Isso significa que voc\u00ea pode agendar publica\u00e7\u00f5es (fotos e v\u00eddeos) no feed do perfil e tamb\u00e9m no IGTV, a ferramenta de v\u00eddeos verticais da rede social.&nbsp;<\/p>\n\n\n\n<p>Como as publica\u00e7\u00f5es no feed s\u00e3o predominantes no dia a dia de quem lida com o Instagram, vamos mostrar como agendar esse modelo de post daqui para a frente.<\/p>\n\n\n<div class=\"wp-block-image\">\n<figure class=\"aligncenter size-large\"><img decoding=\"async\" src=\"https:\/\/melhorenvio.com.br\/blog\/wp-content\/uploads\/2020\/02\/passo-1-1-1024x517.png\" alt=\"imagem mostra tutorial de como programar postagens no Instagram\"\/><\/figure>\n<\/div>\n\n\n<h2 class=\"wp-block-heading\"><strong>Passo 5: agende sua publica\u00e7\u00e3o<\/strong><\/h2>\n\n\n\n<p>A partir da\u00ed o processo se torna bastante familiar para quem j\u00e1 agendou publica\u00e7\u00f5es em <a href=\"https:\/\/melhorenvio.com.br\/blog\/marketing-digital\/vender-mais-pelas-redes-sociais\/\" target=\"_blank\" rel=\"noreferrer noopener\" aria-label=\" (abre numa nova aba)\">redes sociais<\/a>. Basta adicionar o texto e a imagem do post \u2014 ou imagens, no plural, pois o Est\u00fadio de Cria\u00e7\u00e3o permite posts no formato carrossel. Legal, n\u00e9? <\/p>\n\n\n<div class=\"wp-block-image\">\n<figure class=\"aligncenter size-large\"><img decoding=\"async\" src=\"https:\/\/melhorenvio.com.br\/blog\/wp-content\/uploads\/2020\/02\/passo-2-1-1024x517.png\" alt=\"imagem mostra tutorial de como programar postagens no Instagram\"\/><\/figure>\n<\/div>\n\n\n<p>Quando terminar de inserir texto e imagem da publica\u00e7\u00e3o, clique na setinha ao lado do bot\u00e3o <strong>\u201cPublicar\u201d<\/strong>. A op\u00e7\u00e3o <strong>\u201cPrograma\u00e7\u00e3o\u201d<\/strong> ficar\u00e1 vis\u00edvel na tela. Selecione ela e escolha a data e hor\u00e1rio do seu post. Depois disso \u00e9 s\u00f3 clicar no bot\u00e3o \u201cPrograma\u00e7\u00e3o\u201d (que agora vai estar aparecendo no lugar de \u201cPublicar\u201d).<\/p>\n\n\n<div class=\"wp-block-image\">\n<figure class=\"aligncenter size-large\"><img decoding=\"async\" src=\"https:\/\/melhorenvio.com.br\/blog\/wp-content\/uploads\/2020\/02\/passo-3-1-1024x517.png\" alt=\"imagem mostra tutorial de como programar postagens no Instagram\"\/><\/figure>\n<\/div>\n\n\n<h3 class=\"wp-block-heading\">E depois de agendar?&nbsp;<\/h3>\n\n\n\n<p>Voc\u00ea pode conferir todas as suas publica\u00e7\u00f5es no menu <strong>\u201cBiblioteca de conte\u00fado\u201d<\/strong>, localizado na barra \u00e0 esquerda da tela. \u00c9 poss\u00edvel usar o menu <strong>\u201cStatus da publica\u00e7\u00e3o\u201d<\/strong> para fazer um filtro e visualizar apenas as suas publica\u00e7\u00f5es agendadas (veja o exemplo na imagem abaixo). O legal dessa funcionalidade \u00e9 que voc\u00ea consegue conferir se est\u00e1 tudo certinho com os posts agendados.<\/p>\n\n\n<div class=\"wp-block-image\">\n<figure class=\"aligncenter size-large\"><img decoding=\"async\" src=\"https:\/\/melhorenvio.com.br\/blog\/wp-content\/uploads\/2020\/02\/passo-4-1-1024x517.png\" alt=\"use o filtro &quot;Status de publica\u00e7\u00e3o&quot; para visualizar publica\u00e7\u00f5es agendadas\"\/><\/figure>\n<\/div>\n\n\n<p><strong>E tem mais:<\/strong> depois que o post for publicado, voc\u00ea consegue usar o menu <strong>\u201cBiblioteca de conte\u00fado\u201d<\/strong> para acessar informa\u00e7\u00f5es sobre o desempenho da publica\u00e7\u00e3o \u2014 n\u00famero de curtidas, coment\u00e1rios, contas alcan\u00e7adas e outros dados relevantes para a sua estrat\u00e9gia. <\/p>\n\n\n<div class=\"wp-block-image\">\n<figure class=\"aligncenter size-large\"><img decoding=\"async\" src=\"https:\/\/melhorenvio.com.br\/blog\/wp-content\/uploads\/2020\/02\/exemplo-de-desempenho-da-publicacao-1-1024x500.png\" alt=\"No campo direito verifique o desempenho da publica\u00e7\u00e3o\"\/><\/figure>\n<\/div>\n\n\n<h2 class=\"wp-block-heading\">O que mais voc\u00ea consegue fazer no Est\u00fadio de Cria\u00e7\u00e3o do Facebook?<\/h2>\n\n\n\n<p>A fun\u00e7\u00e3o de programar postagens no Instagram \u00e9 apenas uma dentre <strong>v\u00e1rias outras funcionalidades<\/strong> do Est\u00fadio de Cria\u00e7\u00e3o do Facebook. Vamos falar um pouco mais sobre outras utilidades da ferramenta que podem ajudar a facilitar o dia a dia de quem vende pela internet.&nbsp;<\/p>\n\n\n<div class=\"wp-block-image\">\n<figure class=\"alignleft size-large\"><img decoding=\"async\" width=\"24\" height=\"24\" src=\"https:\/\/blog.melhorenvio.com.br\/wp-content\/uploads\/2021\/07\/58881912_1253355598175015_2959470313642917888_n.png\" alt=\"\u00edcone Facebook\" class=\"wp-image-38400\"\/><\/figure>\n<\/div>\n\n\n<p class=\"has-medium-font-size\"><strong>Na aba Facebook, use o Est\u00fadio de Cria\u00e7\u00e3o para\u2026<\/strong><\/p>\n\n\n\n<ul class=\"wp-block-list\">\n<li>Criar publica\u00e7\u00f5es com imagens e v\u00eddeos<\/li>\n\n\n\n<li>Fazer transmiss\u00f5es ao vivo<\/li>\n\n\n\n<li>Publicar o mesmo v\u00eddeo em todas as suas p\u00e1ginas<\/li>\n\n\n\n<li>Responder mensagens da sua caixa de entrada do Facebook e do Instagram<\/li>\n\n\n\n<li>Acompanhar informa\u00e7\u00f5es sobre o desempenho das suas p\u00e1ginas\/publica\u00e7\u00f5es<\/li>\n<\/ul>\n\n\n<div class=\"wp-block-image\">\n<figure class=\"alignleft size-large\"><img decoding=\"async\" width=\"24\" height=\"24\" src=\"https:\/\/blog.melhorenvio.com.br\/wp-content\/uploads\/2021\/07\/58777987_2455532418066589_7841306223050752000_n-1.png\" alt=\"\u00edcone Instagram\" class=\"wp-image-38399\"\/><\/figure>\n<\/div>\n\n\n<p class=\"has-medium-font-size\"><strong>Na aba Instagram, use o Est\u00fadio de Cria\u00e7\u00e3o para\u2026<\/strong><\/p>\n\n\n\n<ul class=\"wp-block-list\">\n<li>Programar publica\u00e7\u00f5es no feed e no IGTV<\/li>\n\n\n\n<li>Acompanhar informa\u00e7\u00f5es sobre o desempenho dos seus perfis\/publica\u00e7\u00f5es<\/li>\n<\/ul>\n\n\n\n<p>Algumas dessas funcionalidades podem ser bem \u00fateis para quem tem e-commerce. Iremos comentar as que achamos mais interessantes nas pr\u00f3ximas linhas, confira!<\/p>\n\n\n\n<h2 class=\"wp-block-heading\">Responda mensagens do Instagram pelo computador<\/h2>\n\n\n\n<p>Quem recebe muitas mensagens sabe como pode ser<strong> dif\u00edcil responder usando o celular.<\/strong> \u00c0s vezes, o teclado do computador facilita bastante a tarefa de conversar com um grande n\u00famero de pessoas.<\/p>\n\n\n\n<p>Ciente dessa dificuldade, o Facebook desenvolveu uma fun\u00e7\u00e3o que permite <strong>conectar a caixa de entrada do seu Instagram ao Est\u00fadio de Cria\u00e7\u00e3o. <\/strong>Com isso, voc\u00ea consegue responder as mensagens dos seus seguidores usando a agilidade do teclado dos computadores de mesa.<\/p>\n\n\n\n<p class=\"has-medium-font-size\"><strong>Passo a passo para responder as mensagens do Instagram no Est\u00fadio de Cria\u00e7\u00e3o<\/strong><\/p>\n\n\n\n<p>1) Selecione a aba com o \u00edcone do Facebook <img decoding=\"async\" width=\"24\" height=\"24\" class=\"wp-image-38400\" style=\"width: 24px;\" src=\"https:\/\/blog.melhorenvio.com.br\/wp-content\/uploads\/2021\/07\/58881912_1253355598175015_2959470313642917888_n.png\" alt=\"\u00edcone Facebook\"><\/p>\n\n\n\n<p>2) V\u00e1 at\u00e9 o menu <strong>Caixa de Entrada,<\/strong> clique em<strong> Instagram Direct<\/strong> e conecte a sua conta<strong>&nbsp;<\/strong><\/p>\n\n\n\n<p>Prontinho! Depois de fazer isso, as suas mensagens v\u00e3o come\u00e7ar a aparecer na se\u00e7\u00e3o <strong>\u201cCaixa de Entrada\u201d <\/strong>do Est\u00fadio de Cria\u00e7\u00e3o.&nbsp;<\/p>\n\n\n\n<h2 class=\"wp-block-heading\">Acompanhe as informa\u00e7\u00f5es sobre suas publica\u00e7\u00f5es<\/h2>\n\n\n\n<p>O<strong> <\/strong>Est\u00fadio de Cria\u00e7\u00e3o re\u00fane uma s\u00e9rie de dados sobre as suas publica\u00e7\u00f5es. <strong>Na aba Facebook<\/strong>, voc\u00ea consegue acessar informa\u00e7\u00f5es bastante completas sobre o desempenho das suas publica\u00e7\u00f5es de fotos e v\u00eddeos. \u00c9 poss\u00edvel at\u00e9 visualizar o tempo m\u00e9dio de visualiza\u00e7\u00e3o dos seus v\u00eddeos, um indicador importante para medir o interesse do p\u00fablico no seu conte\u00fado.<\/p>\n\n\n\n<p><strong>J\u00e1 a aba Instagram<\/strong> mostra dados mais simplificados, mas ainda assim \u00fateis. \u00c9 poss\u00edvel analisar informa\u00e7\u00f5es sobre o seu p\u00fablico (idade, g\u00eanero, localiza\u00e7\u00e3o), ver quantas visitas voc\u00ea est\u00e1 recebendo e at\u00e9 descobrir como as pessoas est\u00e3o encontrando o seu perfil.<\/p>\n\n\n\n<p>Tudo isso pode ser muito \u00fatil para aumentar a compreens\u00e3o que voc\u00ea tem do seu p\u00fablico. Prestar aten\u00e7\u00e3o aos dados \u00e9 essencial para perceber <strong>quais tipos de conte\u00fado<\/strong> funcionam com o seu p\u00fablico (e quais n\u00e3o funcionam).<\/p>\n\n\n\n<h2 class=\"wp-block-heading\">Encontre m\u00fasicas para usar nos seus v\u00eddeos<\/h2>\n\n\n\n<p>Voc\u00ea provavelmente j\u00e1 sabe disso, mas n\u00e3o custa falar: as leis de direitos autorais <strong>n\u00e3o permitem que voc\u00ea utilize m\u00fasicas de terceiros sem autoriza\u00e7\u00e3o. <\/strong>Ou seja: nada de colocar m\u00fasicas de artistas famosos como trilha sonora dos seus v\u00eddeos.<\/p>\n\n\n\n<p>O <strong>Facebook e o Instagram<\/strong> s\u00e3o bastante rigorosos quanto a isso. Quem j\u00e1 tentou sabe que essas redes simplesmente n\u00e3o deixam que voc\u00ea publique um conte\u00fado que possua m\u00fasicas com direitos autorais. Mas isso n\u00e3o significa que as suas produ\u00e7\u00f5es audiovisuais precisem ser silenciosas!<\/p>\n\n\n\n<p>Assim como o YouTube tem sua <a href=\"https:\/\/support.google.com\/youtube\/answer\/3376882?hl=pt-BR\" target=\"_blank\" rel=\"noreferrer noopener\">Audio Library<\/a>, com m\u00fasicas gratuitas, o Est\u00fadio de Cria\u00e7\u00e3o do Facebook possui uma<strong> Cole\u00e7\u00e3o de Sons<\/strong> livres de direitos autorais. Aproveite esse recurso para enriquecer as suas produ\u00e7\u00f5es!<\/p>\n\n\n<div class=\"wp-block-image\">\n<figure class=\"aligncenter size-large\"><img decoding=\"async\" src=\"https:\/\/melhorenvio.com.br\/blog\/wp-content\/uploads\/2020\/02\/colecao-de-sons-do-facebook-1-1024x500.png\" alt=\"como programar postagens no instagram\"\/><\/figure>\n<\/div>\n\n\n<h2 class=\"wp-block-heading\">Crie e gerencie p\u00e1ginas do Facebook<\/h2>\n\n\n\n<p>Al\u00e9m de tudo isso que j\u00e1 citamos, voc\u00ea tamb\u00e9m consegue usar o Est\u00fadio de Cria\u00e7\u00e3o para <strong>criar e gerenciar suas p\u00e1ginas do Facebook.<\/strong> Basta selecionar o menu \u201cP\u00e1ginas\u201d, localizado \u00e0 esquerda da tela.&nbsp;<\/p>\n\n\n\n<p>Uma fun\u00e7\u00e3o interessante dessa se\u00e7\u00e3o \u00e9 a possibilidade de <strong>adicionar pessoas \u00e0s suas p\u00e1ginas <\/strong>j\u00e1 existentes. E por que isso \u00e9 \u00fatil?<\/p>\n\n\n\n<p>Bom, imagine que voc\u00ea gerencia muitas p\u00e1ginas. Com o Est\u00fadio de Cria\u00e7\u00e3o, voc\u00ea consegue <strong>selecionar v\u00e1rias delas ao mesmo tempo<\/strong> e inserir pessoas com fun\u00e7\u00f5es administrativas variadas (editores, administradores) com pouqu\u00edssimos cliques, sem precisar entrar em cada uma das p\u00e1ginas e adicionar moderadores manualmente. <\/p>\n","protected":false},"excerpt":{"rendered":"<p>Voc\u00ea sabe como programar postagens no Instagram sem pagar nenhuma ferramenta para fazer isso? Continue lendo e descubra! As primeiras empresas que come\u00e7aram a usar o Instagram com fins comerciais tinham um problema: a rede social n\u00e3o permitia o agendamento de publica\u00e7\u00f5es.&nbsp; Mas, se voc\u00ea reparou no tempo verbal da \u00faltima frase, deve ter percebido [&hellip;]<\/p>\n","protected":false},"author":3,"featured_media":32563,"comment_status":"closed","ping_status":"open","sticky":false,"template":"","format":"standard","meta":{"_acf_changed":false,"jnews-multi-image_gallery":[],"jnews_single_post":{"subtitle":"","format":"standard","video":"","gallery":"","source_name":"","source_url":"","via_name":"","via_url":"","override_template":"0","override":[{"template":"4","single_blog_custom":"","parallax":"1","fullscreen":"0","layout":"right-sidebar","sidebar":"","second_sidebar":"","sticky_sidebar":"1","share_position":"","share_float_style":"","show_share_counter":"1","show_view_counter":"1","show_featured":"1","show_post_meta":"1","show_post_author":"1","show_post_author_image":"1","show_post_date":"1","post_date_format":"","post_date_format_custom":"","show_post_category":"1","show_post_reading_time":"0","post_reading_time_wpm":"","post_calculate_word_method":"str_word_count","show_zoom_button":"0","zoom_button_out_step":"1","zoom_button_in_step":"1","show_post_tag":"1","show_prev_next_post":"1","show_popup_post":"1","number_popup_post":"1","show_author_box":"0","show_post_related":"0","show_inline_post_related":"0"}],"override_image_size":"0","image_override":[{"single_post_thumbnail_size":"","single_post_gallery_size":""}],"trending_post":"0","trending_post_position":"","trending_post_label":"","sponsored_post":"0","sponsored_post_label":"","sponsored_post_name":"","sponsored_post_url":"","sponsored_post_logo_enable":"0","sponsored_post_logo":"","sponsored_post_desc":"","disable_ad":"0"},"jnews_primary_category":{"id":"","hide":""},"footnotes":""},"categories":[67],"tags":[487],"class_list":["post-32546","post","type-post","status-publish","format-standard","has-post-thumbnail","hentry","category-marketing-digital","tag-instagram-para-e-commerce"],"acf":[],"yoast_head":"<!-- This site is optimized with the Yoast SEO plugin v27.3 - https:\/\/yoast.com\/product\/yoast-seo-wordpress\/ -->\n<title>Como programar postagens no Instagram | Blog Melhor Envio<\/title>\n<meta name=\"description\" content=\"Acesse um tutorial com imagens que te ensinam como programar postagens no Instagram de forma gratuita usando o Est\u00fadio de Cria\u00e7\u00e3o do Facebook.\" \/>\n<meta name=\"robots\" content=\"index, follow, max-snippet:-1, max-image-preview:large, max-video-preview:-1\" \/>\n<link rel=\"canonical\" href=\"https:\/\/melhorenvio.com.br\/blog\/marketing-digital\/como-programar-postagens-no-instagram\/\" \/>\n<meta property=\"og:locale\" content=\"pt_BR\" \/>\n<meta property=\"og:type\" content=\"article\" \/>\n<meta property=\"og:title\" content=\"Como programar postagens no Instagram | Blog Melhor Envio\" \/>\n<meta property=\"og:description\" content=\"Acesse um tutorial com imagens que te ensinam como programar postagens no Instagram de forma gratuita usando o Est\u00fadio de Cria\u00e7\u00e3o do Facebook.\" \/>\n<meta property=\"og:url\" content=\"https:\/\/melhorenvio.com.br\/blog\/marketing-digital\/como-programar-postagens-no-instagram\/\" \/>\n<meta property=\"og:site_name\" content=\"Blog Melhor Envio\" \/>\n<meta property=\"article:publisher\" content=\"https:\/\/www.facebook.com\/MelhorEnvio\/\" \/>\n<meta property=\"article:published_time\" content=\"2020-02-06T17:00:00+00:00\" \/>\n<meta property=\"article:modified_time\" content=\"2026-04-20T19:50:59+00:00\" \/>\n<meta property=\"og:image\" content=\"https:\/\/melhorenvio.com.br\/blog\/wp-content\/uploads\/2020\/02\/Blog-Como-programar-posts-no-Instagram-1.png\" \/>\n\t<meta property=\"og:image:width\" content=\"1200\" \/>\n\t<meta property=\"og:image:height\" content=\"630\" \/>\n\t<meta property=\"og:image:type\" content=\"image\/png\" \/>\n<meta name=\"author\" content=\"Lucas Zanini\" \/>\n<meta name=\"twitter:card\" content=\"summary_large_image\" \/>\n<meta name=\"twitter:creator\" content=\"@melhorenvio\" \/>\n<meta name=\"twitter:site\" content=\"@melhorenvio\" \/>\n<meta name=\"twitter:label1\" content=\"Escrito por\" \/>\n\t<meta name=\"twitter:data1\" content=\"Lucas Zanini\" \/>\n\t<meta name=\"twitter:label2\" content=\"Est. tempo de leitura\" \/>\n\t<meta name=\"twitter:data2\" content=\"11 minutos\" \/>\n<script type=\"application\/ld+json\" class=\"yoast-schema-graph\">{\"@context\":\"https:\\\/\\\/schema.org\",\"@graph\":[{\"@type\":\"Article\",\"@id\":\"https:\\\/\\\/melhorenvio.com.br\\\/blog\\\/marketing-digital\\\/como-programar-postagens-no-instagram\\\/#article\",\"isPartOf\":{\"@id\":\"https:\\\/\\\/melhorenvio.com.br\\\/blog\\\/marketing-digital\\\/como-programar-postagens-no-instagram\\\/\"},\"author\":{\"name\":\"Lucas Zanini\",\"@id\":\"https:\\\/\\\/blog.melhorenvio.com.br\\\/#\\\/schema\\\/person\\\/bfd08487de82bd39e561d2d87d468cf9\"},\"headline\":\"Como programar postagens no Instagram de forma gratuita?\",\"datePublished\":\"2020-02-06T17:00:00+00:00\",\"dateModified\":\"2026-04-20T19:50:59+00:00\",\"mainEntityOfPage\":{\"@id\":\"https:\\\/\\\/melhorenvio.com.br\\\/blog\\\/marketing-digital\\\/como-programar-postagens-no-instagram\\\/\"},\"wordCount\":1609,\"publisher\":{\"@id\":\"https:\\\/\\\/blog.melhorenvio.com.br\\\/#organization\"},\"image\":{\"@id\":\"https:\\\/\\\/melhorenvio.com.br\\\/blog\\\/marketing-digital\\\/como-programar-postagens-no-instagram\\\/#primaryimage\"},\"thumbnailUrl\":\"https:\\\/\\\/melhorenvio.com.br\\\/blog\\\/wp-content\\\/uploads\\\/2020\\\/02\\\/Blog-Como-programar-posts-no-Instagram-1.png\",\"keywords\":[\"Instagram para e-commerce\"],\"articleSection\":[\"Marketing Digital\"],\"inLanguage\":\"pt-BR\"},{\"@type\":\"WebPage\",\"@id\":\"https:\\\/\\\/melhorenvio.com.br\\\/blog\\\/marketing-digital\\\/como-programar-postagens-no-instagram\\\/\",\"url\":\"https:\\\/\\\/melhorenvio.com.br\\\/blog\\\/marketing-digital\\\/como-programar-postagens-no-instagram\\\/\",\"name\":\"Como programar postagens no Instagram | Blog Melhor Envio\",\"isPartOf\":{\"@id\":\"https:\\\/\\\/blog.melhorenvio.com.br\\\/#website\"},\"primaryImageOfPage\":{\"@id\":\"https:\\\/\\\/melhorenvio.com.br\\\/blog\\\/marketing-digital\\\/como-programar-postagens-no-instagram\\\/#primaryimage\"},\"image\":{\"@id\":\"https:\\\/\\\/melhorenvio.com.br\\\/blog\\\/marketing-digital\\\/como-programar-postagens-no-instagram\\\/#primaryimage\"},\"thumbnailUrl\":\"https:\\\/\\\/melhorenvio.com.br\\\/blog\\\/wp-content\\\/uploads\\\/2020\\\/02\\\/Blog-Como-programar-posts-no-Instagram-1.png\",\"datePublished\":\"2020-02-06T17:00:00+00:00\",\"dateModified\":\"2026-04-20T19:50:59+00:00\",\"description\":\"Acesse um tutorial com imagens que te ensinam como programar postagens no Instagram de forma gratuita usando o Est\u00fadio de Cria\u00e7\u00e3o do Facebook.\",\"inLanguage\":\"pt-BR\",\"potentialAction\":[{\"@type\":\"ReadAction\",\"target\":[\"https:\\\/\\\/melhorenvio.com.br\\\/blog\\\/marketing-digital\\\/como-programar-postagens-no-instagram\\\/\"]}]},{\"@type\":\"ImageObject\",\"inLanguage\":\"pt-BR\",\"@id\":\"https:\\\/\\\/melhorenvio.com.br\\\/blog\\\/marketing-digital\\\/como-programar-postagens-no-instagram\\\/#primaryimage\",\"url\":\"https:\\\/\\\/melhorenvio.com.br\\\/blog\\\/wp-content\\\/uploads\\\/2020\\\/02\\\/Blog-Como-programar-posts-no-Instagram-1.png\",\"contentUrl\":\"https:\\\/\\\/melhorenvio.com.br\\\/blog\\\/wp-content\\\/uploads\\\/2020\\\/02\\\/Blog-Como-programar-posts-no-Instagram-1.png\",\"width\":1200,\"height\":630},{\"@type\":\"WebSite\",\"@id\":\"https:\\\/\\\/blog.melhorenvio.com.br\\\/#website\",\"url\":\"https:\\\/\\\/blog.melhorenvio.com.br\\\/\",\"name\":\"Blog Melhor Envio\",\"description\":\"Aprenda a economizar na gest\u00e3o de fretes\",\"publisher\":{\"@id\":\"https:\\\/\\\/blog.melhorenvio.com.br\\\/#organization\"},\"alternateName\":\"Blog do Melhor Envio\",\"potentialAction\":[{\"@type\":\"SearchAction\",\"target\":{\"@type\":\"EntryPoint\",\"urlTemplate\":\"https:\\\/\\\/blog.melhorenvio.com.br\\\/?s={search_term_string}\"},\"query-input\":{\"@type\":\"PropertyValueSpecification\",\"valueRequired\":true,\"valueName\":\"search_term_string\"}}],\"inLanguage\":\"pt-BR\"},{\"@type\":\"Organization\",\"@id\":\"https:\\\/\\\/blog.melhorenvio.com.br\\\/#organization\",\"name\":\"Melhor Envio\",\"alternateName\":\"Melhor Envio\",\"url\":\"https:\\\/\\\/blog.melhorenvio.com.br\\\/\",\"logo\":{\"@type\":\"ImageObject\",\"inLanguage\":\"pt-BR\",\"@id\":\"https:\\\/\\\/blog.melhorenvio.com.br\\\/#\\\/schema\\\/logo\\\/image\\\/\",\"url\":\"https:\\\/\\\/melhorenvio.com.br\\\/blog\\\/wp-content\\\/uploads\\\/2022\\\/12\\\/blog-logo-melhor-envio.webp\",\"contentUrl\":\"https:\\\/\\\/melhorenvio.com.br\\\/blog\\\/wp-content\\\/uploads\\\/2022\\\/12\\\/blog-logo-melhor-envio.webp\",\"width\":188,\"height\":96,\"caption\":\"Melhor Envio\"},\"image\":{\"@id\":\"https:\\\/\\\/blog.melhorenvio.com.br\\\/#\\\/schema\\\/logo\\\/image\\\/\"},\"sameAs\":[\"https:\\\/\\\/www.facebook.com\\\/MelhorEnvio\\\/\",\"https:\\\/\\\/x.com\\\/melhorenvio\",\"https:\\\/\\\/www.instagram.com\\\/melhorenvio\",\"https:\\\/\\\/www.youtube.com\\\/melhorenviooficial\",\"https:\\\/\\\/br.linkedin.com\\\/company\\\/melhorenvio\"]},{\"@type\":\"Person\",\"@id\":\"https:\\\/\\\/blog.melhorenvio.com.br\\\/#\\\/schema\\\/person\\\/bfd08487de82bd39e561d2d87d468cf9\",\"name\":\"Lucas Zanini\",\"image\":{\"@type\":\"ImageObject\",\"inLanguage\":\"pt-BR\",\"@id\":\"https:\\\/\\\/secure.gravatar.com\\\/avatar\\\/3761dd5740e59f7c80a9de35d5da814b0e1e4098e0f9de8b8113863877ac9794?s=96&d=mm&r=g\",\"url\":\"https:\\\/\\\/secure.gravatar.com\\\/avatar\\\/3761dd5740e59f7c80a9de35d5da814b0e1e4098e0f9de8b8113863877ac9794?s=96&d=mm&r=g\",\"contentUrl\":\"https:\\\/\\\/secure.gravatar.com\\\/avatar\\\/3761dd5740e59f7c80a9de35d5da814b0e1e4098e0f9de8b8113863877ac9794?s=96&d=mm&r=g\",\"caption\":\"Lucas Zanini\"},\"description\":\"Jornalista que l\u00ea de tudo um pouco e escreve sobre um pouco de tudo. Apaixonado por criar materiais \u00fateis para quem vende online, Lucas integra a equipe de produ\u00e7\u00e3o de conte\u00fado do Melhor Envio, plataforma que simplifica o frete para milhares de lojistas.\",\"url\":\"https:\\\/\\\/melhorenvio.com.br\\\/blog\\\/author\\\/lucas-zanini\\\/\"}]}<\/script>\n<!-- \/ Yoast SEO plugin. -->","yoast_head_json":{"title":"Como programar postagens no Instagram | Blog Melhor Envio","description":"Acesse um tutorial com imagens que te ensinam como programar postagens no Instagram de forma gratuita usando o Est\u00fadio de Cria\u00e7\u00e3o do Facebook.","robots":{"index":"index","follow":"follow","max-snippet":"max-snippet:-1","max-image-preview":"max-image-preview:large","max-video-preview":"max-video-preview:-1"},"canonical":"https:\/\/melhorenvio.com.br\/blog\/marketing-digital\/como-programar-postagens-no-instagram\/","og_locale":"pt_BR","og_type":"article","og_title":"Como programar postagens no Instagram | Blog Melhor Envio","og_description":"Acesse um tutorial com imagens que te ensinam como programar postagens no Instagram de forma gratuita usando o Est\u00fadio de Cria\u00e7\u00e3o do Facebook.","og_url":"https:\/\/melhorenvio.com.br\/blog\/marketing-digital\/como-programar-postagens-no-instagram\/","og_site_name":"Blog Melhor Envio","article_publisher":"https:\/\/www.facebook.com\/MelhorEnvio\/","article_published_time":"2020-02-06T17:00:00+00:00","article_modified_time":"2026-04-20T19:50:59+00:00","og_image":[{"width":1200,"height":630,"url":"https:\/\/melhorenvio.com.br\/blog\/wp-content\/uploads\/2020\/02\/Blog-Como-programar-posts-no-Instagram-1.png","type":"image\/png"}],"author":"Lucas Zanini","twitter_card":"summary_large_image","twitter_creator":"@melhorenvio","twitter_site":"@melhorenvio","twitter_misc":{"Escrito por":"Lucas Zanini","Est. tempo de leitura":"11 minutos"},"schema":{"@context":"https:\/\/schema.org","@graph":[{"@type":"Article","@id":"https:\/\/melhorenvio.com.br\/blog\/marketing-digital\/como-programar-postagens-no-instagram\/#article","isPartOf":{"@id":"https:\/\/melhorenvio.com.br\/blog\/marketing-digital\/como-programar-postagens-no-instagram\/"},"author":{"name":"Lucas Zanini","@id":"https:\/\/blog.melhorenvio.com.br\/#\/schema\/person\/bfd08487de82bd39e561d2d87d468cf9"},"headline":"Como programar postagens no Instagram de forma gratuita?","datePublished":"2020-02-06T17:00:00+00:00","dateModified":"2026-04-20T19:50:59+00:00","mainEntityOfPage":{"@id":"https:\/\/melhorenvio.com.br\/blog\/marketing-digital\/como-programar-postagens-no-instagram\/"},"wordCount":1609,"publisher":{"@id":"https:\/\/blog.melhorenvio.com.br\/#organization"},"image":{"@id":"https:\/\/melhorenvio.com.br\/blog\/marketing-digital\/como-programar-postagens-no-instagram\/#primaryimage"},"thumbnailUrl":"https:\/\/melhorenvio.com.br\/blog\/wp-content\/uploads\/2020\/02\/Blog-Como-programar-posts-no-Instagram-1.png","keywords":["Instagram para e-commerce"],"articleSection":["Marketing Digital"],"inLanguage":"pt-BR"},{"@type":"WebPage","@id":"https:\/\/melhorenvio.com.br\/blog\/marketing-digital\/como-programar-postagens-no-instagram\/","url":"https:\/\/melhorenvio.com.br\/blog\/marketing-digital\/como-programar-postagens-no-instagram\/","name":"Como programar postagens no Instagram | Blog Melhor Envio","isPartOf":{"@id":"https:\/\/blog.melhorenvio.com.br\/#website"},"primaryImageOfPage":{"@id":"https:\/\/melhorenvio.com.br\/blog\/marketing-digital\/como-programar-postagens-no-instagram\/#primaryimage"},"image":{"@id":"https:\/\/melhorenvio.com.br\/blog\/marketing-digital\/como-programar-postagens-no-instagram\/#primaryimage"},"thumbnailUrl":"https:\/\/melhorenvio.com.br\/blog\/wp-content\/uploads\/2020\/02\/Blog-Como-programar-posts-no-Instagram-1.png","datePublished":"2020-02-06T17:00:00+00:00","dateModified":"2026-04-20T19:50:59+00:00","description":"Acesse um tutorial com imagens que te ensinam como programar postagens no Instagram de forma gratuita usando o Est\u00fadio de Cria\u00e7\u00e3o do Facebook.","inLanguage":"pt-BR","potentialAction":[{"@type":"ReadAction","target":["https:\/\/melhorenvio.com.br\/blog\/marketing-digital\/como-programar-postagens-no-instagram\/"]}]},{"@type":"ImageObject","inLanguage":"pt-BR","@id":"https:\/\/melhorenvio.com.br\/blog\/marketing-digital\/como-programar-postagens-no-instagram\/#primaryimage","url":"https:\/\/melhorenvio.com.br\/blog\/wp-content\/uploads\/2020\/02\/Blog-Como-programar-posts-no-Instagram-1.png","contentUrl":"https:\/\/melhorenvio.com.br\/blog\/wp-content\/uploads\/2020\/02\/Blog-Como-programar-posts-no-Instagram-1.png","width":1200,"height":630},{"@type":"WebSite","@id":"https:\/\/blog.melhorenvio.com.br\/#website","url":"https:\/\/blog.melhorenvio.com.br\/","name":"Blog Melhor Envio","description":"Aprenda a economizar na gest\u00e3o de fretes","publisher":{"@id":"https:\/\/blog.melhorenvio.com.br\/#organization"},"alternateName":"Blog do Melhor Envio","potentialAction":[{"@type":"SearchAction","target":{"@type":"EntryPoint","urlTemplate":"https:\/\/blog.melhorenvio.com.br\/?s={search_term_string}"},"query-input":{"@type":"PropertyValueSpecification","valueRequired":true,"valueName":"search_term_string"}}],"inLanguage":"pt-BR"},{"@type":"Organization","@id":"https:\/\/blog.melhorenvio.com.br\/#organization","name":"Melhor Envio","alternateName":"Melhor Envio","url":"https:\/\/blog.melhorenvio.com.br\/","logo":{"@type":"ImageObject","inLanguage":"pt-BR","@id":"https:\/\/blog.melhorenvio.com.br\/#\/schema\/logo\/image\/","url":"https:\/\/melhorenvio.com.br\/blog\/wp-content\/uploads\/2022\/12\/blog-logo-melhor-envio.webp","contentUrl":"https:\/\/melhorenvio.com.br\/blog\/wp-content\/uploads\/2022\/12\/blog-logo-melhor-envio.webp","width":188,"height":96,"caption":"Melhor Envio"},"image":{"@id":"https:\/\/blog.melhorenvio.com.br\/#\/schema\/logo\/image\/"},"sameAs":["https:\/\/www.facebook.com\/MelhorEnvio\/","https:\/\/x.com\/melhorenvio","https:\/\/www.instagram.com\/melhorenvio","https:\/\/www.youtube.com\/melhorenviooficial","https:\/\/br.linkedin.com\/company\/melhorenvio"]},{"@type":"Person","@id":"https:\/\/blog.melhorenvio.com.br\/#\/schema\/person\/bfd08487de82bd39e561d2d87d468cf9","name":"Lucas Zanini","image":{"@type":"ImageObject","inLanguage":"pt-BR","@id":"https:\/\/secure.gravatar.com\/avatar\/3761dd5740e59f7c80a9de35d5da814b0e1e4098e0f9de8b8113863877ac9794?s=96&d=mm&r=g","url":"https:\/\/secure.gravatar.com\/avatar\/3761dd5740e59f7c80a9de35d5da814b0e1e4098e0f9de8b8113863877ac9794?s=96&d=mm&r=g","contentUrl":"https:\/\/secure.gravatar.com\/avatar\/3761dd5740e59f7c80a9de35d5da814b0e1e4098e0f9de8b8113863877ac9794?s=96&d=mm&r=g","caption":"Lucas Zanini"},"description":"Jornalista que l\u00ea de tudo um pouco e escreve sobre um pouco de tudo. Apaixonado por criar materiais \u00fateis para quem vende online, Lucas integra a equipe de produ\u00e7\u00e3o de conte\u00fado do Melhor Envio, plataforma que simplifica o frete para milhares de lojistas.","url":"https:\/\/melhorenvio.com.br\/blog\/author\/lucas-zanini\/"}]}},"_links":{"self":[{"href":"https:\/\/melhorenvio.com.br\/blog\/wp-json\/wp\/v2\/posts\/32546","targetHints":{"allow":["GET"]}}],"collection":[{"href":"https:\/\/melhorenvio.com.br\/blog\/wp-json\/wp\/v2\/posts"}],"about":[{"href":"https:\/\/melhorenvio.com.br\/blog\/wp-json\/wp\/v2\/types\/post"}],"author":[{"embeddable":true,"href":"https:\/\/melhorenvio.com.br\/blog\/wp-json\/wp\/v2\/users\/3"}],"replies":[{"embeddable":true,"href":"https:\/\/melhorenvio.com.br\/blog\/wp-json\/wp\/v2\/comments?post=32546"}],"version-history":[{"count":20,"href":"https:\/\/melhorenvio.com.br\/blog\/wp-json\/wp\/v2\/posts\/32546\/revisions"}],"predecessor-version":[{"id":59901,"href":"https:\/\/melhorenvio.com.br\/blog\/wp-json\/wp\/v2\/posts\/32546\/revisions\/59901"}],"wp:featuredmedia":[{"embeddable":true,"href":"https:\/\/melhorenvio.com.br\/blog\/wp-json\/wp\/v2\/media\/32563"}],"wp:attachment":[{"href":"https:\/\/melhorenvio.com.br\/blog\/wp-json\/wp\/v2\/media?parent=32546"}],"wp:term":[{"taxonomy":"category","embeddable":true,"href":"https:\/\/melhorenvio.com.br\/blog\/wp-json\/wp\/v2\/categories?post=32546"},{"taxonomy":"post_tag","embeddable":true,"href":"https:\/\/melhorenvio.com.br\/blog\/wp-json\/wp\/v2\/tags?post=32546"}],"curies":[{"name":"wp","href":"https:\/\/api.w.org\/{rel}","templated":true}]}}