{"id":32745,"date":"2026-04-09T16:33:01","date_gmt":"2026-04-09T19:33:01","guid":{"rendered":"https:\/\/blog.melhorenvio.com.br\/?p=32745"},"modified":"2026-04-09T16:36:55","modified_gmt":"2026-04-09T19:36:55","slug":"dia-do-frete-gratis","status":"publish","type":"post","link":"https:\/\/melhorenvio.com.br\/blog\/ecommerce-e-marketplace\/dia-do-frete-gratis\/","title":{"rendered":"Dia do Frete Gr\u00e1tis 2026: dicas de venda e calculadora de frete gr\u00e1tis"},"content":{"rendered":"\n<p class=\"has-text-align-center\"><strong><em>O Dia do Frete Gr\u00e1tis 2026 acontece no dia 28 de abril. Veja como oferecer frete gr\u00e1tis para o seu cliente com a nossa Calculadora de frete gr\u00e1tis<\/em><\/strong><\/p>\n\n\n\n<p>A gente piscou o olho e o <strong>Dia do Frete Gr\u00e1tis 2026<\/strong> j\u00e1 est\u00e1 batendo na nossa porta.<\/p>\n\n\n\n<p>Depois do <a href=\"https:\/\/melhorenvio.com.br\/blog\/datas-especiais\/dia-do-consumidor-2025\/\" target=\"_blank\" rel=\"noreferrer noopener\">Dia do Consumidor<\/a>, o Dia do Frete Gr\u00e1tis \u00e9 a segunda grande oportunidade de vendas do e-commerce no primeiro semestre.&nbsp;<\/p>\n\n\n\n<p>Essa \u00e9 uma <a href=\"https:\/\/melhorenvio.com.br\/blog\/sobre-nos\/planner-mensal-2025-para-imprimir-e-virtual-gratis\/\" target=\"_blank\" rel=\"noreferrer noopener\">data promocional<\/a> que, assim como a Black Friday, varia a cada ano. <strong>Em 2026, o Dia do Frete Gr\u00e1tis acontece no dia 28 de abril, uma ter\u00e7a-feira.<\/strong><\/p>\n\n\n\n<p>Nesse artigo vamos te contar <strong>como vender mais no Dia do Frete Gr\u00e1tis<\/strong> e ainda oferecer uma <strong>Calculadora de Frete Gr\u00e1tis gratuita<\/strong> para saber se a sua loja online pode oferecer esse benef\u00edcio. Confira tudo isso, e muito mais, a seguir!<\/p>\n\n\n\n<div class=\"wp-block-buttons is-content-justification-center is-layout-flex wp-container-core-buttons-is-layout-16018d1d wp-block-buttons-is-layout-flex\">\n<div class=\"wp-block-button\"><a class=\"wp-block-button__link has-background wp-element-button\" href=\"https:\/\/melhorenvio.com.br\/\" style=\"background-color:#00519d\" target=\"_blank\" rel=\"noreferrer noopener\"><strong>Contrate frete at\u00e9 80%OFF no Melhor Envio<\/strong><\/a><\/div>\n<\/div>\n\n\n\n<h2 class=\"wp-block-heading\">O que \u00e9 o Dia do Frete Gr\u00e1tis?<\/h2>\n\n\n\n<p>O Dia do Frete Gr\u00e1tis \u00e9 uma data comemorativa em que lojistas oferecem a oportunidade dos clientes comprarem em suas lojas sem precisar pagar pela entrega.&nbsp;<\/p>\n\n\n\n<p>Essa celebra\u00e7\u00e3o surgiu em 2008 nos Estados Unidos, sob o nome de <strong>Free Shipping Day<\/strong>, com a\u00e7\u00f5es programadas para o m\u00eas de dezembro, com a Black Friday e a Cyber Monday.<\/p>\n\n\n\n<p><strong>J\u00e1 no Brasil, o Dia do Frete Gr\u00e1tis \u2013 ou Semana do Frete Gr\u00e1tis \u2013 passou para o primeiro semestre e tem se tornado cada vez mais popular.<\/strong><\/p>\n\n\n\n<figure class=\"wp-block-embed is-type-video is-provider-youtube wp-block-embed-youtube wp-embed-aspect-16-9 wp-has-aspect-ratio\"><div class=\"wp-block-embed__wrapper\">\n<div class=\"jeg_video_container jeg_video_content\"><iframe loading=\"lazy\" title=\"Como oferecer frete gr\u00e1tis na sua loja SEM PREJU\u00cdZO em 2026? B\u00f4nus: Calculadora de Frete Gr\u00e1tis\" width=\"500\" height=\"281\" src=\"https:\/\/www.youtube.com\/embed\/s4mqxSxwUac?feature=oembed&#038;enablejsapi=1&#038;origin=https:\/\/melhorenvio.com.br\" frameborder=\"0\" allow=\"accelerometer; autoplay; clipboard-write; encrypted-media; gyroscope; picture-in-picture; web-share\" referrerpolicy=\"strict-origin-when-cross-origin\" allowfullscreen><\/iframe><\/div>\n<\/div><\/figure>\n\n\n\n<h2 class=\"wp-block-heading\">Quando \u00e9 o Dia do Frete Gr\u00e1tis?<\/h2>\n\n\n\n<p>Como dissemos, o Dia do Frete Gr\u00e1tis 2026 ser\u00e1 no dia 28 de abril. A data \u00e9 comemorada todos os anos no dia 28 de abril e a Semana do Frete Gr\u00e1tis sempre \u00e9 comemorada na \u00faltima semana do m\u00eas de abril.<\/p>\n\n\n\n<h2 class=\"wp-block-heading\">Import\u00e2ncia do Dia do Frete Gr\u00e1tis para o e-commerce no Brasil<\/h2>\n\n\n\n<p><strong>O custo do frete acaba sendo um dos principais obst\u00e1culos na hora de fechar uma compra pela internet. <\/strong>O valor muitas vezes assusta e pode at\u00e9 atrapalhar a finaliza\u00e7\u00e3o da compra.<\/p>\n\n\n\n<p>De acordo com estudo realizado pela Octadesk em parceria com a Opinion Box, <strong>63% dos consumidores j\u00e1 desistiram de finalizar <\/strong>uma compra por causa do pre\u00e7o da entrega.\u00a0<\/p>\n\n\n\n<p>O mesmo levantamento perguntou quais a\u00e7\u00f5es as empresas poderiam adotar para melhorar a experi\u00eancia de compra online, sendo a <strong>redu\u00e7\u00e3o do pre\u00e7o do frete<\/strong> e o <strong>prazo de entrega menor<\/strong> uma das respostas mais recorrentes.<\/p>\n\n\n\n<p>Esse cen\u00e1rio mostra a import\u00e2ncia das campanhas promocionais focadas no envio de produtos, sendo <strong>o frete gr\u00e1tis o grande carro-chefe<\/strong> desse tipo de a\u00e7\u00e3o.&nbsp;\u00c9 isso que tamb\u00e9m mostra um estudo realizado pela eBit | Nielsen, em que o frete gratuito aparece como <strong>a promo\u00e7\u00e3o preferida de 78% de consumidores<\/strong><\/p>\n\n\n<div class=\"wp-block-image\">\n<figure class=\"aligncenter size-large is-resized\"><img decoding=\"async\" width=\"720\" height=\"480\" src=\"https:\/\/blog.melhorenvio.com.br\/wp-content\/uploads\/2021\/03\/image-from-rawpixel-id-1205198-jpeg.png\" alt=\"homem olhando sorrindo para o smartphone\" class=\"wp-image-37405\" style=\"width:658px;height:438px\" srcset=\"https:\/\/melhorenvio.com.br\/blog\/wp-content\/uploads\/2021\/03\/image-from-rawpixel-id-1205198-jpeg.png 720w, https:\/\/melhorenvio.com.br\/blog\/wp-content\/uploads\/2021\/03\/image-from-rawpixel-id-1205198-jpeg-300x200.png 300w\" sizes=\"(max-width: 720px) 100vw, 720px\" \/><figcaption class=\"wp-element-caption\">O valor da entrega, informado na hora de finalizar uma compra pela internet, possui um peso grande na decis\u00e3o de concluir ou procurar outras lojas virtuais. Reprodu\u00e7\u00e3o: Rawpixel.<\/figcaption><\/figure>\n<\/div>\n\n\n<h2 class=\"wp-block-heading\">Principais vantagens de participar do Dia do Frete Gr\u00e1tis<\/h2>\n\n\n\n<p>A data \u00e9 uma \u00f3tima maneira de recompensar seus clientes e aumentar as suas vendas.<\/p>\n\n\n\n<p>Se voc\u00ea \u00e9 como a maioria dos lojistas, provavelmente j\u00e1 tem algum tipo de oferta de frete gr\u00e1tis. Mas se n\u00e3o, agora \u00e9 o momento perfeito para come\u00e7ar um!<\/p>\n\n\n\n<p>Confira as primeiras dicas que separamos. Vamos l\u00e1!<\/p>\n\n\n\n<ul class=\"wp-block-list\">\n<li>Afasta um dos principais vil\u00f5es das vendas: o valor do frete<\/li>\n\n\n\n<li>Contribui para atrair mais clientes e turbinar os lucros<\/li>\n\n\n\n<li>\u00c9 um diferencial extra para vencer a concorr\u00eancia<\/li>\n\n\n\n<li>Impacta no aumento do ticket m\u00e9dio com a amplia\u00e7\u00e3o do faturamento<\/li>\n\n\n\n<li>Permite fazer um giro no estoque para vender produtos parados<\/li>\n\n\n\n<li>\u00c9 uma forma de divulga\u00e7\u00e3o que amplia a visibilidade de lojas virtuais<\/li>\n<\/ul>\n\n\n\n<p>Leia tamb\u00e9m: <a href=\"https:\/\/melhorenvio.com.br\/blog\/frete-e-logistica\/campanhas-de-frete\/\" target=\"_blank\" rel=\"noreferrer noopener\">Dicas de campanhas de frete promocional para a loja online<\/a><\/p>\n\n\n\n<h2 class=\"wp-block-heading\">Calculadora de Frete Gr\u00e1tis: descubra se a sua loja pode oferecer o benef\u00edcio<\/h2>\n\n\n\n<p>A gente preparou uma ferramenta exclusiva e totalmente gr\u00e1tis para voc\u00ea descobrir se a sua loja virtual pode oferecer frete gr\u00e1tis sem ter preju\u00edzo. Estamos falando da <strong>Calculadora de Frete Gr\u00e1tis<\/strong>. Veja como \u00e9 simples utilizar a ferramenta:&nbsp;<\/p>\n\n\n\n<h3 class=\"wp-block-heading\">Como utilizar o simulador de frete gr\u00e1tis<\/h3>\n\n\n\n<ol class=\"wp-block-list\">\n<li>Digite o custo do produto (valor de aquisi\u00e7\u00e3o para revenda ou custo de produ\u00e7\u00e3o)<\/li>\n\n\n\n<li>Digite o custo do frete para o destinat\u00e1rio<\/li>\n\n\n\n<li>Informe o valor da venda do produto<\/li>\n\n\n\n<li>Digite a margem de lucro desejada na opera\u00e7\u00e3o<\/li>\n\n\n\n<li>Pronto! Clique em calcular para saber se a sua loja ter\u00e1 lucro ou preju\u00edzo com frete gr\u00e1tis para esse produto.<\/li>\n<\/ol>\n\n\n\n<div class=\"calc-container\">\n    <div class=\"calc-box\">\n        <h2>Simulador de Frete Gr\u00e1tis<\/h2>\n        \n        <label for=\"CustoProduto\">\n            <strong>Custo do Produto<\/strong>\n            <span class=\"help-icon\" data-tooltip=\"Valor gasto na produ\u00e7\u00e3o ou aquisi\u00e7\u00e3o da mercadoria.\">?<\/span>\n        <\/label>\n        <div class=\"input-group\">\n            <span class=\"input-group-text\">R$<\/span>\n            <input type=\"number\" id=\"CustoProduto\" name=\"CustoProduto\" step=\"0.01\" placeholder=\"Exemplo: 100\" min=\"0\" required>\n        <\/div>\n\n        <label for=\"CustoFrete\">\n            <strong>Custo do Frete<\/strong>\n            <span class=\"help-icon\" data-tooltip=\"Valor do transporte da mercadoria at\u00e9 o destinat\u00e1rio.\">?<\/span>\n        <\/label>\n        <div class=\"input-group\">\n            <span class=\"input-group-text\">R$<\/span>\n            <input type=\"number\" id=\"CustoFrete\" name=\"CustoFrete\" step=\"0.01\" placeholder=\"Exemplo: 20\" min=\"0\" required>\n        <\/div>\n\n        <label for=\"PrecoVenda\">\n            <strong>Pre\u00e7o de Venda<\/strong>\n            <span class=\"help-icon\" data-tooltip=\"Valor pelo qual o produto \u00e9 oferecido ao consumidor final.\">?<\/span>\n        <\/label>\n        <div class=\"input-group\">\n            <span class=\"input-group-text\">R$<\/span>\n            <input type=\"number\" id=\"PrecoVenda\" name=\"PrecoVenda\" step=\"0.01\" placeholder=\"Exemplo: 171,43\" min=\"0\" required>\n        <\/div>\n        \n        <label for=\"MargemLucro\">\n            <strong>Margem de Lucro Desejada<\/strong>\n            <span class=\"help-icon\" data-tooltip=\"Porcentagem do lucro que deseja manter.\">?<\/span>\n        <\/label>\n        <div class=\"input-group\">\n            <span class=\"input-group-text\">%<\/span>\n            <input type=\"number\" id=\"MargemLucro\" name=\"MargemLucro\" step=\"0.01\" placeholder=\"Exemplo: 30\"  min=\"0\" required>\n        <\/div>\n\n        <button onclick=\"updateCalculations()\">Calcular<\/button>\n        <button type=\"button\" id=\"resetButton\" aria-label=\"Limpar os campos\" onclick=\"clearForm()\">Refazer<\/button>\n\n        <!-- Se\u00e7\u00e3o fixa para o resultado -->\n        <h2 class=\"result\">\n            <strong>Oferecer Frete Gr\u00e1tis:<\/strong> <span id=\"freteGratis\">&#8211;<\/span>\n            <div id=\"responseHeader\">\n                <p><strong>Lucro (R$):<\/strong> <span id=\"lucroFinalR\">&#8211;<\/span><\/p>\n                <p><strong>Lucro (%):<\/strong> <span id=\"lucroFinalP\">&#8211;<\/span><\/p>\n                <p id=\"freteGratisMotivo\">&#8211;<\/p>\n            <\/div>\n        <\/h2>\n    <\/div>\n<\/div>\n\n<style>\n    .calc-container {\n        font-family: Arial, sans-serif;\n        background-color: #ffffff;\n        display: flex;\n        justify-content: center;\n        align-items: center;\n        padding: 10px;\n        margin: auto;\n        border-radius: 8px;\n        border: 1px solid #d0d0d0;\n        box-sizing: border-box;\n        max-width: 720px;\n    }\n\n    .calc-box {\n        background-color: white;\n        padding: 20px;\n        border-radius: 8px;\n        width: 100%;\n        height: auto;\n        box-sizing: border-box;\n        display: flex;\n        flex-direction: column;\n        align-items: left;\n    }\n\n    .calc-box h2 {\n        font-size: 24px;\n        margin-bottom: 20px;\n        text-align: center;\n        color: #333;\n    }\n\n    .calc-box form {\n        display: flex;\n        flex-direction: column;\n        width: 100%;\n        max-width: 500px;\n    }\n\n    .calc-box label {\n        font-size: 16px;\n        margin-bottom: 5px;\n        color: #555;\n        display: flex;\n        align-items: center;\n        position: relative; \/* Necess\u00e1rio para o tooltip *\/\n    }\n\n   .help-icon {\n        font-size: 16px;\n        color: #555; \/* Cor preta para o \u00edcone *\/\n        font-weight: bold;\n        margin-left: 8px;\n        cursor: pointer;\n        display: inline-block;\n        width: 16px;\n        height: 16px;\n        text-align: center;\n        line-height: 16px;\n        border-radius: 50%;\n        border: 1px solid #000;\n    }\n\n    \/* Tooltip *\/\n    .help-icon:hover::after {\n        content: attr(data-tooltip);\n        position: absolute;\n        background-color: #333;\n        color: #fff;\n        padding: 10px;\n        border-radius: 8px; \/* Formato arredondado *\/\n        font-size: 14px;\n        white-space: pre-line; \/* quebras de linha em texto *\/\n        margin-top: -20px;\n        margin-left: 20px;\n        z-index: 1;\n        box-shadow: 0 2px 4px rgba(0, 0, 0, 0.2);\n        max-width: 200px; \/* Limita a largura da tooltip *\/\n        word-wrap: break-word; \/* Garante que o texto n\u00e3o saia do bal\u00e3o *\/\n        display: block;\n    }\n\n    .input-group {\n        display: flex;\n        align-items: stretch;\n        margin-bottom: 20px;\n        width: 100%;\n    }\n\n    .input-group-text {\n        padding: 10px;\n        background-color: #f0f0f0;\n        border: 1px solid #ccc;\n        border-radius: 5px 0 0 5px;\n        font-size: 16px;\n        color: #555;\n        display: flex;\n        align-items: center;\n        justify-content: center;\n    }\n\n    .calc-box input {\n        padding: 10px;\n        font-size: 16px;\n        border: 1px solid #ccc;\n        border-radius: 0 5px 5px 0;\n        width: 100%;\n        flex-grow: 1;\n        box-sizing: border-box;\n    }\n\n    .calc-box button {\n        padding: 12px;\n        font-size: 16px;\n        background-color: #00448c;\n        color: white;\n        border: none;\n        border-radius: 5px;\n        cursor: pointer;\n        transition: background-color 0.3s ease;\n        margin-top: 10px;\n    }\n\n    .calc-box button:hover {\n        background-color: #003366;\n    }\n\n    .calc-box .result {\n        margin-top: 20px;\n        text-align: center;\n        display: flex;\n        flex-direction: column;\n        align-items: center;\n        border-top: 1px solid #d0d0d0;\n        padding-top: 20px;\n        min-height: 100px; \/* Altura m\u00ednima para garantir o espa\u00e7o *\/\n    }\n\n    .calc-box #output {\n        font-size: 18px;\n        font-weight: bold;\n        color: #333;\n    }\n\n    \/* Responsividade para telas menores *\/\n    @media (max-width: 768px) {\n        .calc-container {\n            max-width: 100%;\n        }\n    }\n<\/style>\n\n<script> \n    function updateCalculations() {\n        const custoProduto = parseFloat(document.getElementById('CustoProduto').value);\n        const custoFrete = parseFloat(document.getElementById('CustoFrete').value);\n        const precoVenda = parseFloat(document.getElementById('PrecoVenda').value);\n        let margemLucro = parseFloat(document.getElementById('MargemLucro').value);\n\n        \/\/ Verificando se os campos essenciais foram preenchidos\n        if (isNaN(custoProduto) || isNaN(custoFrete) || isNaN(precoVenda)) {\n            document.getElementById('freteGratis').textContent = \"Por favor, insira os dados para calcular\";\n            document.getElementById('lucroFinalR').textContent = \"\";\n            document.getElementById('lucroFinalP').textContent = \"\";\n            document.getElementById('freteGratisMotivo').textContent = \"\";\n            return; \/\/ Interrompe o c\u00e1lculo caso os dados n\u00e3o sejam v\u00e1lidos\n        }\n\n        \/\/ Caso a margem de lucro n\u00e3o tenha sido preenchida, assume-se o valor 0\n        if (isNaN(margemLucro)) {\n            margemLucro = 0; \/\/ Assumindo 0 se n\u00e3o for preenchido\n        } else {\n            margemLucro = margemLucro \/ 100; \/\/ Convertendo para decimal\n        }\n\n        const custoTotal = custoProduto + custoFrete;\n        const lucro = precoVenda - custoTotal;\n        const lucroPercentual = (lucro \/ precoVenda) * 100;\n\n        let freteGratis = \"N\u00c3O\";\n        let freteGratisMotivo = \"\";\n        let freteGratisCor = \"red\"; \/\/ Cor padr\u00e3o para \"N\u00c3O\"\n\n        if (lucroPercentual >= margemLucro * 100) {\n            if (custoTotal <= precoVenda) {\n                freteGratis = \"SIM\";  \n                freteGratisMotivo = \"A margem de lucro permite cobrir o custo do frete.\";\n                freteGratisCor = \"blue\"; \/\/ Cor padr\u00e3o para \"SIM\"\n            } else {\n                freteGratisMotivo = \"N\u00e3o \u00e9 poss\u00edvel oferecer frete gr\u00e1tis com o custo atual.\";\n            }\n        } else {\n            freteGratisMotivo = `A margem de lucro da venda (${lucroPercentual.toFixed(2)}%) est\u00e1 abaixo da margem de lucro desejada de (${(margemLucro * 100).toFixed(2)}%)`;\n        }\n\n        \/\/ Atualizando os resultados no HTML\n        document.getElementById('freteGratis').textContent = freteGratis;\n\t\tdocument.getElementById('lucroFinalR').textContent = lucro.toLocaleString('pt-BR', { style: 'currency', currency: 'BRL' });\n        document.getElementById('lucroFinalP').textContent = lucroPercentual.toFixed(2) + \"%\";\n        document.getElementById('freteGratisMotivo').textContent = freteGratisMotivo;\n        document.getElementById('freteGratis').style.color = freteGratisCor;\n    }\n\n    function clearForm() {\n        document.getElementById('CustoProduto').value = '';\n        document.getElementById('CustoFrete').value = '';\n        document.getElementById('PrecoVenda').value = '';\n        document.getElementById('MargemLucro').value = '';\n        document.getElementById('freteGratis').textContent = '';\n        document.getElementById('lucroFinalR').textContent = '';\n        document.getElementById('lucroFinalP').textContent = '';\n        document.getElementById('freteGratisMotivo').textContent = '-';\n    }\n<\/script>\n\n\n\n<p>A seguir vamos dar algumas dicas de como conseguir ainda mais margem de lucro com a campanha de frete gr\u00e1tis ou ajustar a sua estrat\u00e9gia para conseguir oferecer frete gratuito para o cliente sem ter preju\u00edzo operacional.<\/p>\n\n\n\n<h2 class=\"wp-block-heading\">Dicas para oferecer frete gr\u00e1tis o seu neg\u00f3cio<\/h2>\n\n\n\n<p>Oferecer frete gr\u00e1tis sem nenhum planejamento pode n\u00e3o ser interessante e lucrativo. Mas algumas estrat\u00e9gias podem ajudar a conquistar mais vendas no e-commerce. Confira algumas delas:<\/p>\n\n\n\n<ol class=\"wp-block-list\">\n<li>Defina quais produtos v\u00e3o fazer parte da a\u00e7\u00e3o promocional (os mais leves e com maior ticket m\u00e9dio s\u00e3o as melhores op\u00e7\u00f5es).<\/li>\n\n\n\n<li>Inclua o frete gr\u00e1tis em compras acima de determinado valor, aumentando o ticket m\u00e9dio.<\/li>\n\n\n\n<li>Considere a oferta de kits de produtos com entrega gr\u00e1tis.<\/li>\n\n\n\n<li>Ofere\u00e7a frete gr\u00e1tis direcionado a determinadas regi\u00f5es.<\/li>\n<\/ol>\n\n\n\n<h2 class=\"wp-block-heading\">Como come\u00e7ar a elaborar a estrat\u00e9gia para a data<\/h2>\n\n\n\n<p>Obviamente, \u00e9 preciso tomar alguns cuidados e antecipar o planejamento da sua estrat\u00e9gia. Mas, n\u00e3o precisa se preocupar, n\u00f3s te ajudamos com o checklist.<\/p>\n\n\n\n<ol class=\"wp-block-list\">\n<li>Organize sua campanha.<\/li>\n\n\n\n<li>Fa\u00e7a seu planejamento.<\/li>\n\n\n\n<li>Invista na visibilidade das ofertas que voc\u00ea preparar para a data.<\/li>\n\n\n\n<li>Otimize a gest\u00e3o da entrega dos pedidos.<\/li>\n\n\n\n<li>Trabalhe como uma plataforma de frete para e-commerce gratuita, como o Melhor Envio.&nbsp;<\/li>\n<\/ol>\n\n\n\n<h3 class=\"wp-block-heading\">Como o Melhor Envio pode ajudar o seu e-commerce a reduzir os custos com a entrega<\/h3>\n\n\n\n<p>Entre as v\u00e1rias dicas e orienta\u00e7\u00f5es desse post, ressaltamos a import\u00e2ncia de buscar solu\u00e7\u00f5es que contribuam com suas campanhas.&nbsp;<\/p>\n\n\n\n<p>Com o Dia do Frete Gr\u00e1tis e as oportunidades do calend\u00e1rio do e-commerce n\u00e3o poderia ser diferente.<\/p>\n\n\n\n<p><strong>Utilizando o Melhor Envio \u00e9 bem mais f\u00e1cil garantir fretes de qualidade, com os melhores prazos e condi\u00e7\u00f5es feitas para a realidade do seu neg\u00f3cio.<\/strong><\/p>\n\n\n\n<p>O Melhor Envio \u00e9 uma plataforma de cota\u00e7\u00e3o e gest\u00e3o de frete gratuita onde \u00e9 poss\u00edvel ter acesso a pre\u00e7os e prazos exclusivos nas principais transportadoras do pa\u00eds, incluindo os Correios.&nbsp;<\/p>\n\n\n\n<p>Al\u00e9m de frete mais baratos, o Melhor Envio conta com outras ferramentas log\u00edsticas que v\u00e3o facilitar o processo de postagem e acompanhamento de entregas do seu e-commerce.&nbsp;<\/p>\n\n\n\n<p><strong>Confira as principais vantagens:<\/strong><\/p>\n\n\n\n<ul class=\"wp-block-list\">\n<li>Calculadora de Fretes para cota\u00e7\u00e3o e gera\u00e7\u00e3o de fretes sem burocracias integrada diretamente ao carrinho do seu e-commerce.<\/li>\n\n\n\n<li>Condi\u00e7\u00f5es especiais nos Correios e transportadoras privadas para voc\u00ea n\u00e3o precisar negociar contratos individuais.<\/li>\n\n\n\n<li>Pontos parceiros de postagem adicionais al\u00e9m das unidades das transportadoras.<\/li>\n\n\n\n<li>Melhor Rastreio, um servi\u00e7o de rastreio de encomendas unificado onde \u00e9 poss\u00edvel, em um s\u00f3 lugar, acompanhar as entregas realizadas por diferentes transportadoras.&nbsp;<\/li>\n\n\n\n<li>Clube de vantagens, onde quanto mais fretes a sua loja contrata ainda mais descontos s\u00e3o liberados para os pr\u00f3ximos fretes.<\/li>\n\n\n\n<li>Servi\u00e7os totalmente gratuitos! Nada de mensalidade, n\u00famero m\u00ednimo de pedidos e outras pegadinhas. A sua loja s\u00f3 paga pelos fretes contratados utilizando o servi\u00e7o.<\/li>\n<\/ul>\n\n\n\n<p>N\u00e3o perca tempo e comece a aproveitar todas essas vantagens competitivas a favor do seu neg\u00f3cio com o Melhor Envio.<\/p>\n\n\n\n<div class=\"wp-block-buttons is-layout-flex wp-block-buttons-is-layout-flex\">\n<div class=\"wp-block-button aligncenter\"><a class=\"wp-block-button__link has-background wp-element-button\" href=\"https:\/\/melhorenvio.com.br\/\" style=\"background-color:#00519d\" target=\"_blank\" rel=\"noreferrer noopener\">Colocar o Melhor Envio no meu site<\/a><\/div>\n<\/div>\n\n\n\n<h2 class=\"wp-block-heading\">O que \u00e9 o Dia do Frete Gr\u00e1tis?<\/h2>\n\n\n\n<p>Dia do Frete Gr\u00e1tis \u00e9 uma data especial em que as lojas oferecem descontos em produtos ou regi\u00f5es para engajar mais clientes e aumentar as vendas.<\/p>\n\n\n\n<h3 class=\"wp-block-heading\">Quando \u00e9 o Dia do Frete Gr\u00e1tis em 2026?<\/h3>\n\n\n\n<p>O Dia do Frete Gr\u00e1tis acontece no dia 28 de abril, uma ter\u00e7a-feira.<\/p>\n","protected":false},"excerpt":{"rendered":"<p>Descubra como turbinar suas vendas no Dia do Frete Gr\u00e1tis<\/p>\n","protected":false},"author":51,"featured_media":59723,"comment_status":"closed","ping_status":"open","sticky":false,"template":"","format":"standard","meta":{"_acf_changed":false,"jnews-multi-image_gallery":[],"jnews_single_post":{"subtitle":"","format":"standard","video":"","gallery":"","source_name":"","source_url":"","via_name":"","via_url":"","override_template":"0","override":[{"template":"4","single_blog_custom":"","parallax":"1","fullscreen":"0","layout":"right-sidebar","sidebar":"","second_sidebar":"","sticky_sidebar":"1","share_position":"","share_float_style":"","show_share_counter":"1","show_view_counter":"1","show_featured":"1","show_post_meta":"1","show_post_author":"1","show_post_author_image":"1","show_post_date":"1","post_date_format":"","post_date_format_custom":"","show_post_category":"1","show_post_reading_time":"0","post_reading_time_wpm":"","show_zoom_button":"0","zoom_button_out_step":"1","zoom_button_in_step":"1","show_post_tag":"1","show_prev_next_post":"1","show_popup_post":"1","number_popup_post":"1","show_author_box":"0","show_post_related":"0","show_inline_post_related":"0"}],"override_image_size":"0","image_override":[{"single_post_thumbnail_size":"","single_post_gallery_size":""}],"trending_post":"0","trending_post_position":"","trending_post_label":"","sponsored_post":"0","sponsored_post_label":"","sponsored_post_name":"","sponsored_post_url":"","sponsored_post_logo_enable":"0","sponsored_post_logo":"","sponsored_post_desc":"","disable_ad":"0"},"jnews_primary_category":{"id":"","hide":""},"footnotes":""},"categories":[60],"tags":[688],"class_list":["post-32745","post","type-post","status-publish","format-standard","has-post-thumbnail","hentry","category-ecommerce-e-marketplace","tag-dia-do-frete-gratis"],"acf":[],"yoast_head":"<!-- This site is optimized with the Yoast SEO plugin v27.3 - https:\/\/yoast.com\/product\/yoast-seo-wordpress\/ -->\n<title>Dia do Frete Gr\u00e1tis 2026: calculadora e dicas para vender mais<\/title>\n<meta name=\"description\" content=\"O Dia do Frete Gr\u00e1tis 2026 ser\u00e1 no dia 28 de abril,. Descubra se a sua loja online pode oferecer esse benef\u00edcio com a Calculado de Frete\" \/>\n<meta name=\"robots\" content=\"index, follow, max-snippet:-1, max-image-preview:large, max-video-preview:-1\" \/>\n<link rel=\"canonical\" href=\"https:\/\/melhorenvio.com.br\/blog\/ecommerce-e-marketplace\/dia-do-frete-gratis\/\" \/>\n<meta property=\"og:locale\" content=\"pt_BR\" \/>\n<meta property=\"og:type\" content=\"article\" \/>\n<meta property=\"og:title\" content=\"Dia do Frete Gr\u00e1tis 2026: calculadora e dicas para vender mais\" \/>\n<meta property=\"og:description\" content=\"O Dia do Frete Gr\u00e1tis 2026 ser\u00e1 no dia 28 de abril,. Descubra se a sua loja online pode oferecer esse benef\u00edcio com a Calculado de Frete\" \/>\n<meta property=\"og:url\" content=\"https:\/\/melhorenvio.com.br\/blog\/ecommerce-e-marketplace\/dia-do-frete-gratis\/\" \/>\n<meta property=\"og:site_name\" content=\"Blog Melhor Envio\" \/>\n<meta property=\"article:publisher\" content=\"https:\/\/www.facebook.com\/MelhorEnvio\/\" \/>\n<meta property=\"article:published_time\" content=\"2026-04-09T19:33:01+00:00\" \/>\n<meta property=\"article:modified_time\" content=\"2026-04-09T19:36:55+00:00\" \/>\n<meta property=\"og:image\" content=\"https:\/\/melhorenvio.com.br\/blog\/wp-content\/uploads\/2025\/03\/dia-do-frete-gratis.webp\" \/>\n\t<meta property=\"og:image:width\" content=\"1500\" \/>\n\t<meta property=\"og:image:height\" content=\"1000\" \/>\n\t<meta property=\"og:image:type\" content=\"image\/webp\" \/>\n<meta name=\"author\" content=\"Thiago Soares\" \/>\n<meta name=\"twitter:card\" content=\"summary_large_image\" \/>\n<meta name=\"twitter:creator\" content=\"@melhorenvio\" \/>\n<meta name=\"twitter:site\" content=\"@melhorenvio\" \/>\n<meta name=\"twitter:label1\" content=\"Escrito por\" \/>\n\t<meta name=\"twitter:data1\" content=\"Thiago Soares\" \/>\n\t<meta name=\"twitter:label2\" content=\"Est. tempo de leitura\" \/>\n\t<meta name=\"twitter:data2\" content=\"8 minutos\" \/>\n<script type=\"application\/ld+json\" class=\"yoast-schema-graph\">{\"@context\":\"https:\\\/\\\/schema.org\",\"@graph\":[{\"@type\":\"Article\",\"@id\":\"https:\\\/\\\/melhorenvio.com.br\\\/blog\\\/ecommerce-e-marketplace\\\/dia-do-frete-gratis\\\/#article\",\"isPartOf\":{\"@id\":\"https:\\\/\\\/melhorenvio.com.br\\\/blog\\\/ecommerce-e-marketplace\\\/dia-do-frete-gratis\\\/\"},\"author\":{\"name\":\"Thiago Soares\",\"@id\":\"https:\\\/\\\/blog.melhorenvio.com.br\\\/#\\\/schema\\\/person\\\/380cc4e5bc565c2d87f20a567a8ff587\"},\"headline\":\"Dia do Frete Gr\u00e1tis 2026: dicas de venda e calculadora de frete gr\u00e1tis\",\"datePublished\":\"2026-04-09T19:33:01+00:00\",\"dateModified\":\"2026-04-09T19:36:55+00:00\",\"mainEntityOfPage\":{\"@id\":\"https:\\\/\\\/melhorenvio.com.br\\\/blog\\\/ecommerce-e-marketplace\\\/dia-do-frete-gratis\\\/\"},\"wordCount\":1398,\"publisher\":{\"@id\":\"https:\\\/\\\/blog.melhorenvio.com.br\\\/#organization\"},\"image\":{\"@id\":\"https:\\\/\\\/melhorenvio.com.br\\\/blog\\\/ecommerce-e-marketplace\\\/dia-do-frete-gratis\\\/#primaryimage\"},\"thumbnailUrl\":\"https:\\\/\\\/melhorenvio.com.br\\\/blog\\\/wp-content\\\/uploads\\\/2025\\\/03\\\/dia-do-frete-gratis-e1776952915220.webp\",\"keywords\":[\"dia do frete gr\u00e1tis\"],\"articleSection\":[\"E-commerce e Marketplace\"],\"inLanguage\":\"pt-BR\"},{\"@type\":\"WebPage\",\"@id\":\"https:\\\/\\\/melhorenvio.com.br\\\/blog\\\/ecommerce-e-marketplace\\\/dia-do-frete-gratis\\\/\",\"url\":\"https:\\\/\\\/melhorenvio.com.br\\\/blog\\\/ecommerce-e-marketplace\\\/dia-do-frete-gratis\\\/\",\"name\":\"Dia do Frete Gr\u00e1tis 2026: calculadora e dicas para vender mais\",\"isPartOf\":{\"@id\":\"https:\\\/\\\/blog.melhorenvio.com.br\\\/#website\"},\"primaryImageOfPage\":{\"@id\":\"https:\\\/\\\/melhorenvio.com.br\\\/blog\\\/ecommerce-e-marketplace\\\/dia-do-frete-gratis\\\/#primaryimage\"},\"image\":{\"@id\":\"https:\\\/\\\/melhorenvio.com.br\\\/blog\\\/ecommerce-e-marketplace\\\/dia-do-frete-gratis\\\/#primaryimage\"},\"thumbnailUrl\":\"https:\\\/\\\/melhorenvio.com.br\\\/blog\\\/wp-content\\\/uploads\\\/2025\\\/03\\\/dia-do-frete-gratis-e1776952915220.webp\",\"datePublished\":\"2026-04-09T19:33:01+00:00\",\"dateModified\":\"2026-04-09T19:36:55+00:00\",\"description\":\"O Dia do Frete Gr\u00e1tis 2026 ser\u00e1 no dia 28 de abril,. Descubra se a sua loja online pode oferecer esse benef\u00edcio com a Calculado de Frete\",\"inLanguage\":\"pt-BR\",\"potentialAction\":[{\"@type\":\"ReadAction\",\"target\":[\"https:\\\/\\\/melhorenvio.com.br\\\/blog\\\/ecommerce-e-marketplace\\\/dia-do-frete-gratis\\\/\"]}]},{\"@type\":\"ImageObject\",\"inLanguage\":\"pt-BR\",\"@id\":\"https:\\\/\\\/melhorenvio.com.br\\\/blog\\\/ecommerce-e-marketplace\\\/dia-do-frete-gratis\\\/#primaryimage\",\"url\":\"https:\\\/\\\/melhorenvio.com.br\\\/blog\\\/wp-content\\\/uploads\\\/2025\\\/03\\\/dia-do-frete-gratis-e1776952915220.webp\",\"contentUrl\":\"https:\\\/\\\/melhorenvio.com.br\\\/blog\\\/wp-content\\\/uploads\\\/2025\\\/03\\\/dia-do-frete-gratis-e1776952915220.webp\",\"width\":750,\"height\":500,\"caption\":\"vendedora sorrindo com pacote pronto para postagem\"},{\"@type\":\"WebSite\",\"@id\":\"https:\\\/\\\/blog.melhorenvio.com.br\\\/#website\",\"url\":\"https:\\\/\\\/blog.melhorenvio.com.br\\\/\",\"name\":\"Blog Melhor Envio\",\"description\":\"Aprenda a economizar na gest\u00e3o de fretes\",\"publisher\":{\"@id\":\"https:\\\/\\\/blog.melhorenvio.com.br\\\/#organization\"},\"alternateName\":\"Blog do Melhor Envio\",\"potentialAction\":[{\"@type\":\"SearchAction\",\"target\":{\"@type\":\"EntryPoint\",\"urlTemplate\":\"https:\\\/\\\/blog.melhorenvio.com.br\\\/?s={search_term_string}\"},\"query-input\":{\"@type\":\"PropertyValueSpecification\",\"valueRequired\":true,\"valueName\":\"search_term_string\"}}],\"inLanguage\":\"pt-BR\"},{\"@type\":\"Organization\",\"@id\":\"https:\\\/\\\/blog.melhorenvio.com.br\\\/#organization\",\"name\":\"Melhor Envio\",\"alternateName\":\"Melhor Envio\",\"url\":\"https:\\\/\\\/blog.melhorenvio.com.br\\\/\",\"logo\":{\"@type\":\"ImageObject\",\"inLanguage\":\"pt-BR\",\"@id\":\"https:\\\/\\\/blog.melhorenvio.com.br\\\/#\\\/schema\\\/logo\\\/image\\\/\",\"url\":\"https:\\\/\\\/melhorenvio.com.br\\\/blog\\\/wp-content\\\/uploads\\\/2022\\\/12\\\/blog-logo-melhor-envio.webp\",\"contentUrl\":\"https:\\\/\\\/melhorenvio.com.br\\\/blog\\\/wp-content\\\/uploads\\\/2022\\\/12\\\/blog-logo-melhor-envio.webp\",\"width\":188,\"height\":96,\"caption\":\"Melhor Envio\"},\"image\":{\"@id\":\"https:\\\/\\\/blog.melhorenvio.com.br\\\/#\\\/schema\\\/logo\\\/image\\\/\"},\"sameAs\":[\"https:\\\/\\\/www.facebook.com\\\/MelhorEnvio\\\/\",\"https:\\\/\\\/x.com\\\/melhorenvio\",\"https:\\\/\\\/www.instagram.com\\\/melhorenvio\",\"https:\\\/\\\/www.youtube.com\\\/melhorenviooficial\",\"https:\\\/\\\/br.linkedin.com\\\/company\\\/melhorenvio\"]},{\"@type\":\"Person\",\"@id\":\"https:\\\/\\\/blog.melhorenvio.com.br\\\/#\\\/schema\\\/person\\\/380cc4e5bc565c2d87f20a567a8ff587\",\"name\":\"Thiago Soares\",\"image\":{\"@type\":\"ImageObject\",\"inLanguage\":\"pt-BR\",\"@id\":\"https:\\\/\\\/secure.gravatar.com\\\/avatar\\\/37146dedea0642b5bd93475a3a6131ef2d4889187a2e0517464ed0f537281610?s=96&d=mm&r=g\",\"url\":\"https:\\\/\\\/secure.gravatar.com\\\/avatar\\\/37146dedea0642b5bd93475a3a6131ef2d4889187a2e0517464ed0f537281610?s=96&d=mm&r=g\",\"contentUrl\":\"https:\\\/\\\/secure.gravatar.com\\\/avatar\\\/37146dedea0642b5bd93475a3a6131ef2d4889187a2e0517464ed0f537281610?s=96&d=mm&r=g\",\"caption\":\"Thiago Soares\"},\"description\":\"Especialista em conte\u00fado para e-commerce formado em Letras pela UERJ e com MBA em Marketing pela USP\\\/Esalq. Conta com mais de 12 anos de experi\u00eancia em produ\u00e7\u00e3o de conte\u00fado para grandes marcas do mercado nacional como Buscap\u00e9, Tray, Zoom, Bagy e outras. Atualmente, tem como prop\u00f3sito ajudar lojistas, de todos os tamanhos, a vender mais pela internet. Para isso, atua na equipe de produ\u00e7\u00e3o de conte\u00fado do Melhor Envio, plataforma digital que est\u00e1 revolucionando a log\u00edstica para e-commerce.\",\"sameAs\":[\"https:\\\/\\\/br.linkedin.com\\\/in\\\/thiago-rocha-soares\"],\"url\":\"https:\\\/\\\/melhorenvio.com.br\\\/blog\\\/author\\\/thiago-soares\\\/\"}]}<\/script>\n<!-- \/ Yoast SEO plugin. -->","yoast_head_json":{"title":"Dia do Frete Gr\u00e1tis 2026: calculadora e dicas para vender mais","description":"O Dia do Frete Gr\u00e1tis 2026 ser\u00e1 no dia 28 de abril,. Descubra se a sua loja online pode oferecer esse benef\u00edcio com a Calculado de Frete","robots":{"index":"index","follow":"follow","max-snippet":"max-snippet:-1","max-image-preview":"max-image-preview:large","max-video-preview":"max-video-preview:-1"},"canonical":"https:\/\/melhorenvio.com.br\/blog\/ecommerce-e-marketplace\/dia-do-frete-gratis\/","og_locale":"pt_BR","og_type":"article","og_title":"Dia do Frete Gr\u00e1tis 2026: calculadora e dicas para vender mais","og_description":"O Dia do Frete Gr\u00e1tis 2026 ser\u00e1 no dia 28 de abril,. Descubra se a sua loja online pode oferecer esse benef\u00edcio com a Calculado de Frete","og_url":"https:\/\/melhorenvio.com.br\/blog\/ecommerce-e-marketplace\/dia-do-frete-gratis\/","og_site_name":"Blog Melhor Envio","article_publisher":"https:\/\/www.facebook.com\/MelhorEnvio\/","article_published_time":"2026-04-09T19:33:01+00:00","article_modified_time":"2026-04-09T19:36:55+00:00","og_image":[{"width":1500,"height":1000,"url":"https:\/\/melhorenvio.com.br\/blog\/wp-content\/uploads\/2025\/03\/dia-do-frete-gratis.webp","type":"image\/webp"}],"author":"Thiago Soares","twitter_card":"summary_large_image","twitter_creator":"@melhorenvio","twitter_site":"@melhorenvio","twitter_misc":{"Escrito por":"Thiago Soares","Est. tempo de leitura":"8 minutos"},"schema":{"@context":"https:\/\/schema.org","@graph":[{"@type":"Article","@id":"https:\/\/melhorenvio.com.br\/blog\/ecommerce-e-marketplace\/dia-do-frete-gratis\/#article","isPartOf":{"@id":"https:\/\/melhorenvio.com.br\/blog\/ecommerce-e-marketplace\/dia-do-frete-gratis\/"},"author":{"name":"Thiago Soares","@id":"https:\/\/blog.melhorenvio.com.br\/#\/schema\/person\/380cc4e5bc565c2d87f20a567a8ff587"},"headline":"Dia do Frete Gr\u00e1tis 2026: dicas de venda e calculadora de frete gr\u00e1tis","datePublished":"2026-04-09T19:33:01+00:00","dateModified":"2026-04-09T19:36:55+00:00","mainEntityOfPage":{"@id":"https:\/\/melhorenvio.com.br\/blog\/ecommerce-e-marketplace\/dia-do-frete-gratis\/"},"wordCount":1398,"publisher":{"@id":"https:\/\/blog.melhorenvio.com.br\/#organization"},"image":{"@id":"https:\/\/melhorenvio.com.br\/blog\/ecommerce-e-marketplace\/dia-do-frete-gratis\/#primaryimage"},"thumbnailUrl":"https:\/\/melhorenvio.com.br\/blog\/wp-content\/uploads\/2025\/03\/dia-do-frete-gratis-e1776952915220.webp","keywords":["dia do frete gr\u00e1tis"],"articleSection":["E-commerce e Marketplace"],"inLanguage":"pt-BR"},{"@type":"WebPage","@id":"https:\/\/melhorenvio.com.br\/blog\/ecommerce-e-marketplace\/dia-do-frete-gratis\/","url":"https:\/\/melhorenvio.com.br\/blog\/ecommerce-e-marketplace\/dia-do-frete-gratis\/","name":"Dia do Frete Gr\u00e1tis 2026: calculadora e dicas para vender mais","isPartOf":{"@id":"https:\/\/blog.melhorenvio.com.br\/#website"},"primaryImageOfPage":{"@id":"https:\/\/melhorenvio.com.br\/blog\/ecommerce-e-marketplace\/dia-do-frete-gratis\/#primaryimage"},"image":{"@id":"https:\/\/melhorenvio.com.br\/blog\/ecommerce-e-marketplace\/dia-do-frete-gratis\/#primaryimage"},"thumbnailUrl":"https:\/\/melhorenvio.com.br\/blog\/wp-content\/uploads\/2025\/03\/dia-do-frete-gratis-e1776952915220.webp","datePublished":"2026-04-09T19:33:01+00:00","dateModified":"2026-04-09T19:36:55+00:00","description":"O Dia do Frete Gr\u00e1tis 2026 ser\u00e1 no dia 28 de abril,. Descubra se a sua loja online pode oferecer esse benef\u00edcio com a Calculado de Frete","inLanguage":"pt-BR","potentialAction":[{"@type":"ReadAction","target":["https:\/\/melhorenvio.com.br\/blog\/ecommerce-e-marketplace\/dia-do-frete-gratis\/"]}]},{"@type":"ImageObject","inLanguage":"pt-BR","@id":"https:\/\/melhorenvio.com.br\/blog\/ecommerce-e-marketplace\/dia-do-frete-gratis\/#primaryimage","url":"https:\/\/melhorenvio.com.br\/blog\/wp-content\/uploads\/2025\/03\/dia-do-frete-gratis-e1776952915220.webp","contentUrl":"https:\/\/melhorenvio.com.br\/blog\/wp-content\/uploads\/2025\/03\/dia-do-frete-gratis-e1776952915220.webp","width":750,"height":500,"caption":"vendedora sorrindo com pacote pronto para postagem"},{"@type":"WebSite","@id":"https:\/\/blog.melhorenvio.com.br\/#website","url":"https:\/\/blog.melhorenvio.com.br\/","name":"Blog Melhor Envio","description":"Aprenda a economizar na gest\u00e3o de fretes","publisher":{"@id":"https:\/\/blog.melhorenvio.com.br\/#organization"},"alternateName":"Blog do Melhor Envio","potentialAction":[{"@type":"SearchAction","target":{"@type":"EntryPoint","urlTemplate":"https:\/\/blog.melhorenvio.com.br\/?s={search_term_string}"},"query-input":{"@type":"PropertyValueSpecification","valueRequired":true,"valueName":"search_term_string"}}],"inLanguage":"pt-BR"},{"@type":"Organization","@id":"https:\/\/blog.melhorenvio.com.br\/#organization","name":"Melhor Envio","alternateName":"Melhor Envio","url":"https:\/\/blog.melhorenvio.com.br\/","logo":{"@type":"ImageObject","inLanguage":"pt-BR","@id":"https:\/\/blog.melhorenvio.com.br\/#\/schema\/logo\/image\/","url":"https:\/\/melhorenvio.com.br\/blog\/wp-content\/uploads\/2022\/12\/blog-logo-melhor-envio.webp","contentUrl":"https:\/\/melhorenvio.com.br\/blog\/wp-content\/uploads\/2022\/12\/blog-logo-melhor-envio.webp","width":188,"height":96,"caption":"Melhor Envio"},"image":{"@id":"https:\/\/blog.melhorenvio.com.br\/#\/schema\/logo\/image\/"},"sameAs":["https:\/\/www.facebook.com\/MelhorEnvio\/","https:\/\/x.com\/melhorenvio","https:\/\/www.instagram.com\/melhorenvio","https:\/\/www.youtube.com\/melhorenviooficial","https:\/\/br.linkedin.com\/company\/melhorenvio"]},{"@type":"Person","@id":"https:\/\/blog.melhorenvio.com.br\/#\/schema\/person\/380cc4e5bc565c2d87f20a567a8ff587","name":"Thiago Soares","image":{"@type":"ImageObject","inLanguage":"pt-BR","@id":"https:\/\/secure.gravatar.com\/avatar\/37146dedea0642b5bd93475a3a6131ef2d4889187a2e0517464ed0f537281610?s=96&d=mm&r=g","url":"https:\/\/secure.gravatar.com\/avatar\/37146dedea0642b5bd93475a3a6131ef2d4889187a2e0517464ed0f537281610?s=96&d=mm&r=g","contentUrl":"https:\/\/secure.gravatar.com\/avatar\/37146dedea0642b5bd93475a3a6131ef2d4889187a2e0517464ed0f537281610?s=96&d=mm&r=g","caption":"Thiago Soares"},"description":"Especialista em conte\u00fado para e-commerce formado em Letras pela UERJ e com MBA em Marketing pela USP\/Esalq. Conta com mais de 12 anos de experi\u00eancia em produ\u00e7\u00e3o de conte\u00fado para grandes marcas do mercado nacional como Buscap\u00e9, Tray, Zoom, Bagy e outras. Atualmente, tem como prop\u00f3sito ajudar lojistas, de todos os tamanhos, a vender mais pela internet. Para isso, atua na equipe de produ\u00e7\u00e3o de conte\u00fado do Melhor Envio, plataforma digital que est\u00e1 revolucionando a log\u00edstica para e-commerce.","sameAs":["https:\/\/br.linkedin.com\/in\/thiago-rocha-soares"],"url":"https:\/\/melhorenvio.com.br\/blog\/author\/thiago-soares\/"}]}},"_links":{"self":[{"href":"https:\/\/melhorenvio.com.br\/blog\/wp-json\/wp\/v2\/posts\/32745","targetHints":{"allow":["GET"]}}],"collection":[{"href":"https:\/\/melhorenvio.com.br\/blog\/wp-json\/wp\/v2\/posts"}],"about":[{"href":"https:\/\/melhorenvio.com.br\/blog\/wp-json\/wp\/v2\/types\/post"}],"author":[{"embeddable":true,"href":"https:\/\/melhorenvio.com.br\/blog\/wp-json\/wp\/v2\/users\/51"}],"replies":[{"embeddable":true,"href":"https:\/\/melhorenvio.com.br\/blog\/wp-json\/wp\/v2\/comments?post=32745"}],"version-history":[{"count":32,"href":"https:\/\/melhorenvio.com.br\/blog\/wp-json\/wp\/v2\/posts\/32745\/revisions"}],"predecessor-version":[{"id":59766,"href":"https:\/\/melhorenvio.com.br\/blog\/wp-json\/wp\/v2\/posts\/32745\/revisions\/59766"}],"wp:featuredmedia":[{"embeddable":true,"href":"https:\/\/melhorenvio.com.br\/blog\/wp-json\/wp\/v2\/media\/59723"}],"wp:attachment":[{"href":"https:\/\/melhorenvio.com.br\/blog\/wp-json\/wp\/v2\/media?parent=32745"}],"wp:term":[{"taxonomy":"category","embeddable":true,"href":"https:\/\/melhorenvio.com.br\/blog\/wp-json\/wp\/v2\/categories?post=32745"},{"taxonomy":"post_tag","embeddable":true,"href":"https:\/\/melhorenvio.com.br\/blog\/wp-json\/wp\/v2\/tags?post=32745"}],"curies":[{"name":"wp","href":"https:\/\/api.w.org\/{rel}","templated":true}]}}