{"id":32764,"date":"2026-02-10T13:08:46","date_gmt":"2026-02-10T16:08:46","guid":{"rendered":"https:\/\/blog.melhorenvio.com.br\/?p=32764"},"modified":"2026-04-08T13:57:34","modified_gmt":"2026-04-08T16:57:34","slug":"horario-de-funcionamento-dos-correios-no-carnaval","status":"publish","type":"post","link":"https:\/\/melhorenvio.com.br\/blog\/frete-e-logistica\/horario-de-funcionamento-dos-correios-no-carnaval\/","title":{"rendered":"Correios funciona no Carnaval? Hor\u00e1rio de funcionamento dos Correios e transportadoras no Carnaval 2026"},"content":{"rendered":"\n<p class=\"has-text-align-center\"><strong>O hor\u00e1rio de funcionamento dos Correios no Carnaval 2026 pede aten\u00e7\u00e3o total dos lojistas.<\/strong>&nbsp;<\/p>\n\n\n\n<p>Seja qual for o tamanho da sua opera\u00e7\u00e3o, \u00e9 preciso se atentar \u00e0s datas em que os servi\u00e7os de postagem e entrega ser\u00e3o realizados pela empresa para n\u00e3o atrasar a chegada dos pedidos.&nbsp;<\/p>\n\n\n\n<p>Nesse artigo vamos te contar, al\u00e9m do hor\u00e1rio de atendimento dos Correios durante o Carnaval, como ser\u00e3o as opera\u00e7\u00f5es das principais transportadoras particulares do pa\u00eds durante os dias de folia.<\/p>\n\n\n\n<p>Mas aten\u00e7\u00e3o! Fa\u00e7a uma simula\u00e7\u00e3o de pre\u00e7o nas principais transportadoras do pa\u00eds (incluindo os Correios) no Melhor Envio, escolha a op\u00e7\u00e3o mais vantajosa com at\u00e9 80%OFF e antecipe o seu envio para n\u00e3o perder o prazo de entrega durante o Carnaval.<\/p>\n\n\n<link rel=\"stylesheet\" href=\"https:\/\/melhorenvio.com.br\/blog\/wp-content\/themes\/jnews-child\/template-parts\/calculadora\/style.css\"><div class=\"calcBox\">\n    <h2 class=\"ttl\"><strong><span style=\"color: #00448c;\">Calculadora de Frete do Melhor Envio<\/span><\/strong><\/h2>\n    <h4 style=\"text-align: center;\"><span style=\"color: #00448c;\">Encontre o melhor frete para o seu envio<\/span><\/h4>\n    <p>&nbsp;<\/p>\n    <div class=\"wrapper_calc\">\n        <div class=\"boxForm\">\n            <form id=\"calculate\" action=\"javascript:;\" method=\"post\">\n                <div class=\"boxCeps\">\n                    <div class=\"boxCeps__cep\">\n                        <p><label for=\"from\">CEP de Origem<\/label><br \/>\n                            <input id=\"from\" class=\"form\" tabindex=\"1\" name=\"from\" required=\"required\" type=\"text\"\n                                placeholder=\"Digite o CEP\" data-label=\"CEP de Origem\"\n                                data-text=\"N\u00e3o sei meu CEP\" \/><br \/>\n                            <label class=\"hide\" for=\"from_select\">Capital de origem<\/label>\n                          \t<select id=\"from_select\" class=\"form hide\" tabindex=\"1\" name=\"\" data-label=\"Capital de origem\"\n                                data-text=\"Calcular usando CEP\">\n                                <option value=\"\">Selecione<\/option><!-- Op\u00e7\u00f5es de CEP -->\n                            <\/select>\n                        <\/p>\n                    <\/div>\n                    <div class=\"boxCeps__cep\">\n                        <p><label for=\"to\">CEP de Destino<\/label><br \/>\n                            <input id=\"to\" class=\"form\" tabindex=\"2\" name=\"to\" required=\"required\" type=\"text\"\n                                placeholder=\"Digite o CEP\" data-label=\"CEP de Destino\"\n                                data-text=\"Calcular selecionando a Capital\" \/><br \/>\n                          \t<label class=\"hide\" for=\"to_select\">Capital de destino<\/label> \n                          \t<select id=\"to_select\" class=\"form hide\" tabindex=\"2\" name=\"\" data-label=\"Capital de destino\"\n                                data-text=\"Calcular usando CEP\">\n                                <option value=\"\">Selecione<\/option><!-- Op\u00e7\u00f5es de CEP -->\n                            <\/select>\n                        <\/p>\n                    <\/div>\n                <\/div>\n                <div class=\"boxInfo\">\n                    <div><label for=\"input_altura\">Altura<\/label><br \/>\n                        <input id=\"input_altura\" class=\"form dimensions\" title=\"altura\" name=\"height\" required\n                            type=\"text\" value=\"4 cm\" \/>\n                    <\/div>\n                    <div><label for=\"input_largura\">Largura<\/label><br \/>\n                        <input id=\"input_largura\" class=\"form dimensions\" title=\"largura\" name=\"width\" required\n                            type=\"text\" value=\"12 cm\" \/>\n                    <\/div>\n                    <div><label for=\"input_comprimento\">Comprimento<\/label><br \/>\n                        <input id=\"input_comprimento\" class=\"form dimensions\" title=\"comprimento\" name=\"length\" required\n                            type=\"text\" value=\"17 cm\" \/>\n                    <\/div>\n                    <div><label for=\"input_peso\">Peso<\/label><br \/>\n                        <input id=\"input_peso\" class=\"form weight\" title=\"peso\" name=\"weight\" required type=\"text\"\n                            value=\"1,000 kg\" \/>\n                    <\/div>\n                    <div><label for=\"input_seguro\">Seguro<\/label><br \/>\n                        <input id=\"input_seguro\" class=\"form money\" title=\"valor do conte\u00fado\" name=\"declared_value\"\n                            type=\"text\" value=\"R$ 50,00\" \/>\n                    <\/div>\n                <\/div>\n                <div class=\"center\"><button class=\"btnCalc btn-calcular btn\" type=\"submit\">Calcular frete<\/button><\/div>\n            <\/form>\n        <\/div>\n    <\/div>\n    <div class=\"wrapper_calc boxResult\">\n        <div class=\"result\">\n            <table class=\"table\">\n                <colgroup>\n                    <col width=\"22%\" \/>\n                    <col width=\"20%\" \/>\n                    <col width=\"20%\" \/>\n                    <col width=\"15%\" \/>\n                <\/colgroup>\n                <thead>\n                    <tr>\n                        <td style=\"text-align: center;\">Transportadora<\/td>\n                        <td style=\"text-align: center;\">Modalidade de frete<\/td>\n                        <td style=\"text-align: center;\">Valor estimado do frete*<\/td>\n                        <td style=\"text-align: center;\">Prazo estimado<\/td>\n                    <\/tr>\n                <\/thead>\n                <tbody>\n                    <tr>\n                        <td>\n                            <a href=\"https:\/\/melhorenvio.com.br\/cadastre-se\">\n                                <img decoding=\"async\" src=\"https:\/\/www.melhorenvio.com.br\/images\/shipping-companies\/correios.png\"\n                                    alt=\"Correios\" \/>\n                            <\/a>\n                        <\/td>\n                        <td>SEDEX<\/td>\n                        <td><span class=\"price price--me\">R$ &#8212;<\/span><\/td>\n                        <td>&#8212;<\/td>\n                        <td>&#8212;<\/td>\n                    <\/tr>\n                    <tr>\n                        <td>\n                            <a href=\"https:\/\/melhorenvio.com.br\/cadastre-se\">\n                                <img decoding=\"async\" src=\"https:\/\/www.melhorenvio.com.br\/images\/shipping-companies\/jadlog.png\"\n                                    alt=\"Jadlog\" \/>\n                            <\/a>\n                        <\/td>\n                        <td>.Package<\/td>\n                        <td><span class=\"price price--me\">R$ &#8212;<\/span><\/td>\n                        <td>&#8212;<\/td>\n                        <td>&#8212;<\/td>\n                    <\/tr>\n                    <tr>\n                        <td>\n                            <a href=\"https:\/\/melhorenvio.com.br\/cadastre-se\">\n                                <img decoding=\"async\" src=\"https:\/\/www.melhorenvio.com.br\/images\/shipping-companies\/latamcargo.png\"\n                                    alt=\"LATAM Cargo\" \/>\n                            <\/a>\n                        <\/td>\n                        <td>\u00e9F\u00e1cil<\/td>\n                        <td><span class=\"price price--me\">R$ &#8212;<\/span><\/td>\n                        <td>&#8212;<\/td>\n                        <td>&#8212;<\/td>\n                    <\/tr>\n                    <tr>\n                        <td>\n                            <a href=\"https:\/\/melhorenvio.com.br\/cadastre-se\">\n                                <img decoding=\"async\" src=\"https:\/\/www.melhorenvio.com.br\/images\/shipping-companies\/azulcargo.png\"\n                                    alt=\"Azul Cargo Express\" \/>\n                            <\/a>\n                        <\/td>\n                        <td>Amanh\u00e3<\/td>\n                        <td><span class=\"price price--me\">R$ &#8212;<\/span><\/td>\n                        <td>&#8212;<\/td>\n                        <td>&#8212;<\/td>\n                    <\/tr>\n                <\/tbody>\n            <\/table>\n        <\/div>\n    <\/div>\n    <div class=\"wrapper_calc boxError hide\">\n        <p>N\u00e3o foi poss\u00edvel realizar essa cota\u00e7\u00e3o.Por gentileza, revise os par\u00e2metros informados.<\/p>\n    <\/div>\n<\/div>\n<script src=\"https:\/\/static.melhorenvio.com.br\/landing-pages\/share\/calculadora\/scripts.js\"><\/script>\n<span data-mce-type=\"bookmark\" style=\"display: inline-block; width: 0px; overflow: hidden; line-height: 0;\"\n    class=\"mce_SELRES_start\">\ufeff<\/span>\n\n\n<div class=\"wp-block-buttons is-layout-flex wp-block-buttons-is-layout-flex\">\n<div class=\"wp-block-button aligncenter\"><a class=\"wp-block-button__link has-background wp-element-button\" href=\"https:\/\/melhorenvio.com.br\/\" style=\"border-radius:5px;background-color:#00448c\" target=\"_blank\" rel=\"noreferrer noopener\"><strong>Contrate o frete mais vantajoso<\/strong><\/a><\/div>\n<\/div>\n\n\n\n<h2 class=\"wp-block-heading\"><strong>Hor\u00e1rio de funcionamento dos Correios no Carnaval 2026<\/strong><\/h2>\n\n\n\n<p>Hor\u00e1rio de funcionamento das ag\u00eancias dos Correios no Carnaval 2026<\/p>\n\n\n\n<p><strong><em><mark style=\"background-color:rgba(0, 0, 0, 0)\" class=\"has-inline-color has-vivid-red-color\">*Hor\u00e1rio confirmado pelos Correios<\/mark><\/em><\/strong><\/p>\n\n\n\n<ul class=\"wp-block-list\">\n<li>Dia <strong>13\/02<\/strong> (sexta-feira) \u2013 <strong>Funcionamento normal.<\/strong><\/li>\n\n\n\n<li>Dia <strong>14\/02 <\/strong>(s\u00e1bado) \u2013 <strong>Funcionamento normal<\/strong> para as ag\u00eancias que trabalham aos s\u00e1bados.<\/li>\n\n\n\n<li>Dias <strong>15\/02, 16\/02 e 17\/02 <\/strong>(domingo a ter\u00e7a-feira) \u2013 <strong>N\u00e3o haver\u00e1 funcionamento.<\/strong><\/li>\n\n\n\n<li>Dia <strong>18\/02 <\/strong>(quarta-feira) \u2013 <strong>Funcionamento a partir do per\u00edodo de 12h.<\/strong><\/li>\n<\/ul>\n\n\n\n<h3 class=\"wp-block-heading\">Informa\u00e7\u00f5es complementares sobre a opera\u00e7\u00e3o dos Correios no Carnaval 2026:<\/h3>\n\n\n\n<p><strong>1 &#8211;<\/strong> N\u00e3o haver\u00e1 presta\u00e7\u00e3o do servi\u00e7o Log\u00edstica Reversa Domicili\u00e1ria no dia 18\/02\/2026.<\/p>\n\n\n\n<p><strong>2 &#8211; <\/strong>Objetos Sedex captados em 13\/02 (sexta-feira) e 14\/02 (s\u00e1bado) para efeito de contagem de prazo, ter\u00e3o o dia da postagem considerado como 18\/02\/2026 (quarta-feira).<\/p>\n\n\n\n<p><strong>3 &#8211; <\/strong>Como funcionar\u00e1 a postagem de encomendas que ser\u00e3o entregues pelos Correios nos pontos parceiros do Melhor Envio?<\/p>\n\n\n\n<ul class=\"wp-block-list\">\n<li><strong>Dia 13\/02 <\/strong>(sexta-feira)<strong>: funcionamento normal para postagem de Sedex e PAC, mas n\u00e3o haver\u00e1 capta\u00e7\u00e3o dos servi\u00e7os Premium, como o Sedex 10 E Sedex 12<\/strong>.<\/li>\n\n\n\n<li><strong>Dia 14\/02 <\/strong>(s\u00e1bado)<strong>: funcionamento normal nas unidades que atendem aos s\u00e1bados.<\/strong><\/li>\n\n\n\n<li><strong>Dia 15\/02 <\/strong>(domingo)<strong>: n\u00e3o haver\u00e1 atendimento&nbsp;<\/strong><\/li>\n\n\n\n<li><strong>Dia 16\/02 <\/strong>(segunda-feira)<strong>: Regime de plant\u00e3o para atendimento das linhas de transportes programadas.<\/strong><\/li>\n\n\n\n<li><strong>Dia 17\/02 <\/strong>(ter\u00e7a-feira)<strong>: n\u00e3o haver\u00e1 atendimento&nbsp;<\/strong><\/li>\n\n\n\n<li><strong>Dia 18\/02 <\/strong>(quarta-feira)<strong>: funcionamento normal para postagem<\/strong><\/li>\n<\/ul>\n\n\n\n<p><strong>Dica para o lojista: <\/strong>\u00e9 recomendado informar ao cliente com anteced\u00eancia sobre poss\u00edveis altera\u00e7\u00f5es na data de entrega dos produtos com recebimento previsto para o per\u00edodo do Carnaval e a semana seguinte.<\/p>\n\n\n\n<p>&nbsp;<strong>Leia tamb\u00e9m: <\/strong><a href=\"https:\/\/melhorenvio.com.br\/blog\/frete-e-logistica\/como-calcular-o-frete-dos-correios\/\" target=\"_blank\" rel=\"noreferrer noopener\"><strong>Como calcular o frete dos Correios no Melhor Envio<\/strong><\/a><\/p>\n\n\n\n<h2 class=\"wp-block-heading\"><strong>Hor\u00e1rio de funcionamento das principais transportadoras e servi\u00e7os de frete do pa\u00eds durante o Carnaval<\/strong><\/h2>\n\n\n\n<p><strong><em><mark style=\"background-color:rgba(0, 0, 0, 0)\" class=\"has-inline-color has-vivid-red-color\">*Hor\u00e1rios confirmados pelas transportadoras.&nbsp;<\/mark><\/em><\/strong><\/p>\n\n\n\n<h3 class=\"wp-block-heading\"><strong>Hor\u00e1rio de funcionamento da transportadora Loggi no Carnaval 2026<\/strong><\/h3>\n\n\n\n<ul class=\"wp-block-list\">\n<li><strong>16\/02<\/strong> (segunda-feira) \u2013 <strong><strong>Expediente normal<\/strong>.&nbsp;<\/strong><\/li>\n\n\n\n<li><strong>17\/02<\/strong> (ter\u00e7a-feira) \u2013 <strong>Ponto facultativo (ser\u00e1 considerado feriado no sistema)<\/strong>.<\/li>\n\n\n\n<li><strong>18\/02 <\/strong>(quarta-feira) \u2013 <strong>Funcionamento normal.<\/strong><\/li>\n<\/ul>\n\n\n\n<h3 class=\"wp-block-heading\"><strong>Hor\u00e1rio de funcionamento <strong>da transportadora<\/strong><\/strong> <strong>Jadlog no Carnaval 2026<\/strong><\/h3>\n\n\n\n<ul class=\"wp-block-list\">\n<li><strong>16\/02<\/strong> (segunda-feira) \u2013<strong>&nbsp;<\/strong> <strong>Funcionamento normal.<\/strong><\/li>\n\n\n\n<li><strong>17\/02<\/strong> (ter\u00e7a-feira) \u2013 <strong>Funcionamento normal (mesmo durante o feriado)<\/strong>.<\/li>\n\n\n\n<li><strong>18\/02 <\/strong>(quarta-feira) \u2013 <strong><strong>Funcionamento normal.<\/strong><\/strong><\/li>\n<\/ul>\n\n\n\n<h3 class=\"wp-block-heading\"><strong>Hor\u00e1rio de funcionamento da transportadora Buslog no Carnaval 2026<\/strong><\/h3>\n\n\n\n<ul class=\"wp-block-list\">\n<li><strong>16\/02 (segunda-feira) \u2013&nbsp; N\u00e3o haver\u00e1 expediente.<\/strong><\/li>\n\n\n\n<li><strong>17\/02 (ter\u00e7a-feira) \u2013 N\u00e3o haver\u00e1 expediente.<\/strong><\/li>\n\n\n\n<li><strong>18\/02 (quarta-feira) \u2013 Funcionamento normal.<\/strong><\/li>\n<\/ul>\n\n\n\n<h3 class=\"wp-block-heading\"><strong>Hor\u00e1rio de funcionamento da transportadora J&amp;T Express no Carnaval 2026<\/strong><\/h3>\n\n\n\n<ul class=\"wp-block-list\">\n<li><strong>16\/02 (segunda-feira) \u2013&nbsp; N\u00e3o haver\u00e1 expediente.<\/strong><\/li>\n\n\n\n<li><strong>17\/02 (ter\u00e7a-feira) \u2013 N\u00e3o haver\u00e1 expediente.<\/strong><\/li>\n\n\n\n<li><strong>18\/02 (quarta-feira) \u2013 Funcionamento normal.<\/strong><\/li>\n<\/ul>\n\n\n\n<h3 class=\"wp-block-heading\"><strong>Hor\u00e1rio de funcionamento LATAM Cargo Express no Carnaval 2026<\/strong><\/h3>\n\n\n\n<ul class=\"wp-block-list\">\n<li><strong>16\/02 (segunda-feira) \u2013&nbsp; Funcionamento normal.<\/strong><\/li>\n\n\n\n<li><strong>17\/02 (ter\u00e7a-feira) \u2013 Funcionamento normal (mesmo durante o feriado).<\/strong><\/li>\n\n\n\n<li><strong>18\/02 (quarta-feira) \u2013 Funcionamento normal.<\/strong><\/li>\n<\/ul>\n\n\n\n<h3 class=\"wp-block-heading\"><strong>Hor\u00e1rio de funcionamento Pegaki no Carnaval 2026<\/strong><\/h3>\n\n\n\n<p>O hor\u00e1rio de funcionamento das unidades de postagem Pegaki vai variar conforme a op\u00e7\u00e3o escolhida no momento da contrata\u00e7\u00e3o do frete. <\/p>\n\n\n\n<p>Separamos a programa\u00e7\u00e3o completa <strong>apenas das unidades de postagem que estar\u00e3o abertas ao longo do per\u00edodo de Carnaval<\/strong>. <\/p>\n\n\n\n<p><strong><mark style=\"background-color:rgba(0, 0, 0, 0)\" class=\"has-inline-color has-vivid-red-color\">Mas aten\u00e7\u00e3o:<\/mark><\/strong> Caso o seu ponto habitual n\u00e3o apare\u00e7a na lista de unidades ativas para o feriado, n\u00e3o se preocupe! Os demais pontos <strong>retomar\u00e3o o atendimento normal na quinta-feira (19\/02)<\/strong>. Clique no bot\u00e3o abaixo e confira!<\/p>\n\n\n\n<div class=\"wp-block-buttons is-content-justification-center is-layout-flex wp-container-core-buttons-is-layout-16018d1d wp-block-buttons-is-layout-flex\">\n<div class=\"wp-block-button\"><a class=\"wp-block-button__link has-vivid-green-cyan-background-color has-background has-text-align-center wp-element-button\" href=\"https:\/\/melhorenvio.com.br\/blog\/wp-content\/uploads\/2026\/02\/Horarios-pegaki-carnaval-2026-melhor-envio-2.pdf\" target=\"_blank\" rel=\"noreferrer noopener\"><strong>Hor\u00e1rio de funcionamento unidades Pegaki no Carnaval 2026<\/strong><\/a><\/div>\n<\/div>\n\n\n\n<h2 class=\"wp-block-heading\"><strong>Contrate fretes mais baratos com a ajuda do Melhor Envio<\/strong><\/h2>\n\n\n\n<p>O <a href=\"https:\/\/melhorenvio.com.br\/\" target=\"_blank\" rel=\"noreferrer noopener\"><strong>Melhor Envio<\/strong><\/a> \u00e9 uma plataforma gratuita de cota\u00e7\u00e3o e log\u00edstica de frete para lojas virtuais. Na nossa <a href=\"https:\/\/melhorenvio.com.br\/blog\/sobre-nos\/melhor-envio-calculadora-de-frete\/\" target=\"_blank\" rel=\"noreferrer noopener\"><strong>Calculadora de Fretes<\/strong><\/a>, voc\u00ea ter\u00e1 acesso a&nbsp; pre\u00e7os e prazos de entrega nas principais transportadoras do pa\u00eds.<\/p>\n\n\n<div class=\"wp-block-image\">\n<figure class=\"aligncenter size-large\"><img decoding=\"async\" width=\"1024\" height=\"330\" src=\"https:\/\/melhorenvio.com.br\/blog\/wp-content\/uploads\/2024\/02\/transportadoras-melhor-envio-1024x330.webp\" alt=\"Conectamos voc\u00ea \u00e0s principais transportadoras do Brasil \" class=\"wp-image-54518\" srcset=\"https:\/\/melhorenvio.com.br\/blog\/wp-content\/uploads\/2024\/02\/transportadoras-melhor-envio-1024x330.webp 1024w, https:\/\/melhorenvio.com.br\/blog\/wp-content\/uploads\/2024\/02\/transportadoras-melhor-envio-300x97.webp 300w, https:\/\/melhorenvio.com.br\/blog\/wp-content\/uploads\/2024\/02\/transportadoras-melhor-envio-768x247.webp 768w, https:\/\/melhorenvio.com.br\/blog\/wp-content\/uploads\/2024\/02\/transportadoras-melhor-envio-150x48.webp 150w, https:\/\/melhorenvio.com.br\/blog\/wp-content\/uploads\/2024\/02\/transportadoras-melhor-envio-750x241.webp 750w, https:\/\/melhorenvio.com.br\/blog\/wp-content\/uploads\/2024\/02\/transportadoras-melhor-envio-1140x367.webp 1140w, https:\/\/melhorenvio.com.br\/blog\/wp-content\/uploads\/2024\/02\/transportadoras-melhor-envio.webp 1199w\" sizes=\"(max-width: 1024px) 100vw, 1024px\" \/><\/figure>\n<\/div>\n\n\n<p>E o melhor, <strong>o servi\u00e7o \u00e9 gr\u00e1tis<\/strong>! Isso mesmo, sem mensalidade, n\u00famero m\u00ednimo de pedidos ou outras pegadinhas. Ou seja, a sua loja s\u00f3 pagar\u00e1 pelos fretes contratados dentro da plataforma.<\/p>\n\n\n\n<p>E o melhor, como dissemos, <strong>o servi\u00e7o do Melhor Envio \u00e9 gr\u00e1tis<\/strong>! Isso mesmo, sem mensalidade, n\u00famero m\u00ednimo de pedidos ou outras pegadinhas. Ou seja, a sua loja s\u00f3 pagar\u00e1 pelos fretes contratados dentro da plataforma.<\/p>\n\n\n\n<p>A Calculadora de Frete pode ser utilizada direto no site do Melhor Envio ou com a melhor op\u00e7\u00e3o que \u00e9 integrar a Calculadora diretamente no carrinho do seu e-commerce, o que possibilita o cliente escolher a melhor op\u00e7\u00e3o de frete para o seu pedido e, ao mesmo tempo, aumentar a taxa de convers\u00e3o do seu neg\u00f3cio.<\/p>\n\n\n\n<p>Lojas parceiras do Melhor Envio ainda contam com outras ferramentas log\u00edsticas gratuitas, como o <a href=\"https:\/\/melhorrastreio.com.br\/\" target=\"_blank\" rel=\"noreferrer noopener\"><strong>Melhor Rastreio<\/strong><\/a>, <strong>servi\u00e7o que possibilita o rastreio de entregas realizadas por transportadoras diferentes<\/strong>, mais de <a href=\"https:\/\/melhorenvio.com.br\/blog\/sobre-nos\/ponto-parceiro-mais-proximo\/\" target=\"_blank\" rel=\"noreferrer noopener\"><strong>14.000 Pontos Parceiros<\/strong><\/a><strong> de recebimento de pedidos extras espalhados por todo o Brasil<\/strong> e ainda benef\u00edcios exclusivos como o<strong> <\/strong><a href=\"https:\/\/lp.melhorenvio.com.br\/descubra-melhornivel\/\" target=\"_blank\" rel=\"noreferrer noopener\"><strong>Melhor N\u00edvel<\/strong><\/a>, <strong>programa de vantagens onde quando mais fretes contratos mais benef\u00edcios s\u00e3o liberados para o vendedor<\/strong>.<\/p>\n\n\n\n<p>N\u00e3o perca tempo, comece a aproveitar todas essas vantagens competitivas a favor da sua loja virtual:<\/p>\n\n\n\n<div class=\"wp-block-buttons is-content-justification-center is-layout-flex wp-container-core-buttons-is-layout-16018d1d wp-block-buttons-is-layout-flex\">\n<div class=\"wp-block-button\"><a class=\"wp-block-button__link has-background wp-element-button\" href=\"https:\/\/melhorenvio.com.br\/cadastre-se\" style=\"background-color:#00519d\" target=\"_blank\" rel=\"noreferrer noopener\"><strong>Colocar o Melhor Envio no meu site<\/strong><\/a><\/div>\n<\/div>\n","protected":false},"excerpt":{"rendered":"<p>Veja o hor\u00e1rio dos Correios e das transportadoras particulares no Carnaval 2026.<\/p>\n","protected":false},"author":51,"featured_media":48456,"comment_status":"closed","ping_status":"open","sticky":false,"template":"","format":"standard","meta":{"_acf_changed":false,"jnews-multi-image_gallery":[],"jnews_single_post":{"subtitle":"","format":"standard","video":"","gallery":"","source_name":"","source_url":"","via_name":"","via_url":"","override_template":"0","override":[{"template":"4","single_blog_custom":"","parallax":"1","fullscreen":"0","layout":"right-sidebar","sidebar":"","second_sidebar":"","sticky_sidebar":"1","share_position":"","share_float_style":"","show_share_counter":"1","show_view_counter":"1","show_featured":"1","show_post_meta":"1","show_post_author":"1","show_post_author_image":"1","show_post_date":"1","post_date_format":"","post_date_format_custom":"","show_post_category":"1","show_post_reading_time":"0","post_reading_time_wpm":"","show_zoom_button":"0","zoom_button_out_step":"1","zoom_button_in_step":"1","show_post_tag":"1","show_prev_next_post":"1","show_popup_post":"1","number_popup_post":"1","show_author_box":"0","show_post_related":"0","show_inline_post_related":"0"}],"override_image_size":"0","image_override":[{"single_post_thumbnail_size":"","single_post_gallery_size":""}],"trending_post":"0","trending_post_position":"","trending_post_label":"","sponsored_post":"0","sponsored_post_label":"","sponsored_post_name":"","sponsored_post_url":"","sponsored_post_logo_enable":"0","sponsored_post_logo":"","sponsored_post_desc":"","disable_ad":"0"},"jnews_primary_category":{"id":"","hide":""},"footnotes":""},"categories":[52],"tags":[866,867],"class_list":["post-32764","post","type-post","status-publish","format-standard","has-post-thumbnail","hentry","category-frete-e-logistica","tag-correios-funcional-no-carnaval","tag-horario-de-funcionamento-dos-correios-no-carnaval"],"acf":[],"yoast_head":"<!-- This site is optimized with the Yoast SEO plugin v27.3 - https:\/\/yoast.com\/product\/yoast-seo-wordpress\/ -->\n<title>Hor\u00e1rio de funcionamento dos Correios no Carnaval 2026<\/title>\n<meta name=\"description\" content=\"Hor\u00e1rio de funcionamento Correios Carnaval 2026: 13\/02 normal; 14\/02 parcial; 15\/02 fechado; 16\/02 fechado; 17\/02 fechado; 18\/02 normal\" \/>\n<meta name=\"robots\" content=\"index, follow, max-snippet:-1, max-image-preview:large, max-video-preview:-1\" \/>\n<link rel=\"canonical\" href=\"https:\/\/melhorenvio.com.br\/blog\/frete-e-logistica\/horario-de-funcionamento-dos-correios-no-carnaval\/\" \/>\n<meta property=\"og:locale\" content=\"pt_BR\" \/>\n<meta property=\"og:type\" content=\"article\" \/>\n<meta property=\"og:title\" content=\"Hor\u00e1rio de funcionamento dos Correios no Carnaval 2026\" \/>\n<meta property=\"og:description\" content=\"Hor\u00e1rio de funcionamento Correios Carnaval 2026: 13\/02 normal; 14\/02 parcial; 15\/02 fechado; 16\/02 fechado; 17\/02 fechado; 18\/02 normal\" \/>\n<meta property=\"og:url\" content=\"https:\/\/melhorenvio.com.br\/blog\/frete-e-logistica\/horario-de-funcionamento-dos-correios-no-carnaval\/\" \/>\n<meta property=\"og:site_name\" content=\"Blog Melhor Envio\" \/>\n<meta property=\"article:publisher\" content=\"https:\/\/www.facebook.com\/MelhorEnvio\/\" \/>\n<meta property=\"article:published_time\" content=\"2026-02-10T16:08:46+00:00\" \/>\n<meta property=\"article:modified_time\" content=\"2026-04-08T16:57:34+00:00\" \/>\n<meta property=\"og:image\" content=\"https:\/\/melhorenvio.com.br\/blog\/wp-content\/uploads\/2023\/02\/correios-funciona-no-carnaval-blog-melhor-envio-destacada.webp\" \/>\n\t<meta property=\"og:image:width\" content=\"2500\" \/>\n\t<meta property=\"og:image:height\" content=\"941\" \/>\n\t<meta property=\"og:image:type\" content=\"image\/webp\" \/>\n<meta name=\"author\" content=\"Thiago Soares\" \/>\n<meta name=\"twitter:card\" content=\"summary_large_image\" \/>\n<meta name=\"twitter:creator\" content=\"@melhorenvio\" \/>\n<meta name=\"twitter:site\" content=\"@melhorenvio\" \/>\n<meta name=\"twitter:label1\" content=\"Escrito por\" \/>\n\t<meta name=\"twitter:data1\" content=\"Thiago Soares\" \/>\n\t<meta name=\"twitter:label2\" content=\"Est. tempo de leitura\" \/>\n\t<meta name=\"twitter:data2\" content=\"6 minutos\" \/>\n<script type=\"application\/ld+json\" class=\"yoast-schema-graph\">{\"@context\":\"https:\\\/\\\/schema.org\",\"@graph\":[{\"@type\":\"Article\",\"@id\":\"https:\\\/\\\/melhorenvio.com.br\\\/blog\\\/frete-e-logistica\\\/horario-de-funcionamento-dos-correios-no-carnaval\\\/#article\",\"isPartOf\":{\"@id\":\"https:\\\/\\\/melhorenvio.com.br\\\/blog\\\/frete-e-logistica\\\/horario-de-funcionamento-dos-correios-no-carnaval\\\/\"},\"author\":{\"name\":\"Thiago Soares\",\"@id\":\"https:\\\/\\\/blog.melhorenvio.com.br\\\/#\\\/schema\\\/person\\\/380cc4e5bc565c2d87f20a567a8ff587\"},\"headline\":\"Correios funciona no Carnaval? Hor\u00e1rio de funcionamento dos Correios e transportadoras no Carnaval 2026\",\"datePublished\":\"2026-02-10T16:08:46+00:00\",\"dateModified\":\"2026-04-08T16:57:34+00:00\",\"mainEntityOfPage\":{\"@id\":\"https:\\\/\\\/melhorenvio.com.br\\\/blog\\\/frete-e-logistica\\\/horario-de-funcionamento-dos-correios-no-carnaval\\\/\"},\"wordCount\":930,\"publisher\":{\"@id\":\"https:\\\/\\\/blog.melhorenvio.com.br\\\/#organization\"},\"image\":{\"@id\":\"https:\\\/\\\/melhorenvio.com.br\\\/blog\\\/frete-e-logistica\\\/horario-de-funcionamento-dos-correios-no-carnaval\\\/#primaryimage\"},\"thumbnailUrl\":\"https:\\\/\\\/melhorenvio.com.br\\\/blog\\\/wp-content\\\/uploads\\\/2023\\\/02\\\/correios-funciona-no-carnaval-blog-melhor-envio-destacada.webp\",\"keywords\":[\"correios funcional no carnaval\",\"horario de funcionamento dos Correios no Carnaval\"],\"articleSection\":[\"Frete e Log\u00edstica\"],\"inLanguage\":\"pt-BR\"},{\"@type\":\"WebPage\",\"@id\":\"https:\\\/\\\/melhorenvio.com.br\\\/blog\\\/frete-e-logistica\\\/horario-de-funcionamento-dos-correios-no-carnaval\\\/\",\"url\":\"https:\\\/\\\/melhorenvio.com.br\\\/blog\\\/frete-e-logistica\\\/horario-de-funcionamento-dos-correios-no-carnaval\\\/\",\"name\":\"Hor\u00e1rio de funcionamento dos Correios no Carnaval 2026\",\"isPartOf\":{\"@id\":\"https:\\\/\\\/blog.melhorenvio.com.br\\\/#website\"},\"primaryImageOfPage\":{\"@id\":\"https:\\\/\\\/melhorenvio.com.br\\\/blog\\\/frete-e-logistica\\\/horario-de-funcionamento-dos-correios-no-carnaval\\\/#primaryimage\"},\"image\":{\"@id\":\"https:\\\/\\\/melhorenvio.com.br\\\/blog\\\/frete-e-logistica\\\/horario-de-funcionamento-dos-correios-no-carnaval\\\/#primaryimage\"},\"thumbnailUrl\":\"https:\\\/\\\/melhorenvio.com.br\\\/blog\\\/wp-content\\\/uploads\\\/2023\\\/02\\\/correios-funciona-no-carnaval-blog-melhor-envio-destacada.webp\",\"datePublished\":\"2026-02-10T16:08:46+00:00\",\"dateModified\":\"2026-04-08T16:57:34+00:00\",\"description\":\"Hor\u00e1rio de funcionamento Correios Carnaval 2026: 13\\\/02 normal; 14\\\/02 parcial; 15\\\/02 fechado; 16\\\/02 fechado; 17\\\/02 fechado; 18\\\/02 normal\",\"inLanguage\":\"pt-BR\",\"potentialAction\":[{\"@type\":\"ReadAction\",\"target\":[\"https:\\\/\\\/melhorenvio.com.br\\\/blog\\\/frete-e-logistica\\\/horario-de-funcionamento-dos-correios-no-carnaval\\\/\"]}]},{\"@type\":\"ImageObject\",\"inLanguage\":\"pt-BR\",\"@id\":\"https:\\\/\\\/melhorenvio.com.br\\\/blog\\\/frete-e-logistica\\\/horario-de-funcionamento-dos-correios-no-carnaval\\\/#primaryimage\",\"url\":\"https:\\\/\\\/melhorenvio.com.br\\\/blog\\\/wp-content\\\/uploads\\\/2023\\\/02\\\/correios-funciona-no-carnaval-blog-melhor-envio-destacada.webp\",\"contentUrl\":\"https:\\\/\\\/melhorenvio.com.br\\\/blog\\\/wp-content\\\/uploads\\\/2023\\\/02\\\/correios-funciona-no-carnaval-blog-melhor-envio-destacada.webp\",\"width\":2500,\"height\":941,\"caption\":\"M\u00e1scara de carnaval e serpentinas dentro de caixa de papel\u00e3o\"},{\"@type\":\"WebSite\",\"@id\":\"https:\\\/\\\/blog.melhorenvio.com.br\\\/#website\",\"url\":\"https:\\\/\\\/blog.melhorenvio.com.br\\\/\",\"name\":\"Blog Melhor Envio\",\"description\":\"Aprenda a economizar na gest\u00e3o de fretes\",\"publisher\":{\"@id\":\"https:\\\/\\\/blog.melhorenvio.com.br\\\/#organization\"},\"alternateName\":\"Blog do Melhor Envio\",\"potentialAction\":[{\"@type\":\"SearchAction\",\"target\":{\"@type\":\"EntryPoint\",\"urlTemplate\":\"https:\\\/\\\/blog.melhorenvio.com.br\\\/?s={search_term_string}\"},\"query-input\":{\"@type\":\"PropertyValueSpecification\",\"valueRequired\":true,\"valueName\":\"search_term_string\"}}],\"inLanguage\":\"pt-BR\"},{\"@type\":\"Organization\",\"@id\":\"https:\\\/\\\/blog.melhorenvio.com.br\\\/#organization\",\"name\":\"Melhor Envio\",\"alternateName\":\"Melhor Envio\",\"url\":\"https:\\\/\\\/blog.melhorenvio.com.br\\\/\",\"logo\":{\"@type\":\"ImageObject\",\"inLanguage\":\"pt-BR\",\"@id\":\"https:\\\/\\\/blog.melhorenvio.com.br\\\/#\\\/schema\\\/logo\\\/image\\\/\",\"url\":\"https:\\\/\\\/melhorenvio.com.br\\\/blog\\\/wp-content\\\/uploads\\\/2022\\\/12\\\/blog-logo-melhor-envio.webp\",\"contentUrl\":\"https:\\\/\\\/melhorenvio.com.br\\\/blog\\\/wp-content\\\/uploads\\\/2022\\\/12\\\/blog-logo-melhor-envio.webp\",\"width\":188,\"height\":96,\"caption\":\"Melhor Envio\"},\"image\":{\"@id\":\"https:\\\/\\\/blog.melhorenvio.com.br\\\/#\\\/schema\\\/logo\\\/image\\\/\"},\"sameAs\":[\"https:\\\/\\\/www.facebook.com\\\/MelhorEnvio\\\/\",\"https:\\\/\\\/x.com\\\/melhorenvio\",\"https:\\\/\\\/www.instagram.com\\\/melhorenvio\",\"https:\\\/\\\/www.youtube.com\\\/melhorenviooficial\",\"https:\\\/\\\/br.linkedin.com\\\/company\\\/melhorenvio\"]},{\"@type\":\"Person\",\"@id\":\"https:\\\/\\\/blog.melhorenvio.com.br\\\/#\\\/schema\\\/person\\\/380cc4e5bc565c2d87f20a567a8ff587\",\"name\":\"Thiago Soares\",\"image\":{\"@type\":\"ImageObject\",\"inLanguage\":\"pt-BR\",\"@id\":\"https:\\\/\\\/secure.gravatar.com\\\/avatar\\\/37146dedea0642b5bd93475a3a6131ef2d4889187a2e0517464ed0f537281610?s=96&d=mm&r=g\",\"url\":\"https:\\\/\\\/secure.gravatar.com\\\/avatar\\\/37146dedea0642b5bd93475a3a6131ef2d4889187a2e0517464ed0f537281610?s=96&d=mm&r=g\",\"contentUrl\":\"https:\\\/\\\/secure.gravatar.com\\\/avatar\\\/37146dedea0642b5bd93475a3a6131ef2d4889187a2e0517464ed0f537281610?s=96&d=mm&r=g\",\"caption\":\"Thiago Soares\"},\"description\":\"Especialista em conte\u00fado para e-commerce formado em Letras pela UERJ e com MBA em Marketing pela USP\\\/Esalq. Conta com mais de 12 anos de experi\u00eancia em produ\u00e7\u00e3o de conte\u00fado para grandes marcas do mercado nacional como Buscap\u00e9, Tray, Zoom, Bagy e outras. Atualmente, tem como prop\u00f3sito ajudar lojistas, de todos os tamanhos, a vender mais pela internet. Para isso, atua na equipe de produ\u00e7\u00e3o de conte\u00fado do Melhor Envio, plataforma digital que est\u00e1 revolucionando a log\u00edstica para e-commerce.\",\"sameAs\":[\"https:\\\/\\\/br.linkedin.com\\\/in\\\/thiago-rocha-soares\"],\"url\":\"https:\\\/\\\/melhorenvio.com.br\\\/blog\\\/author\\\/thiago-soares\\\/\"}]}<\/script>\n<!-- \/ Yoast SEO plugin. -->","yoast_head_json":{"title":"Hor\u00e1rio de funcionamento dos Correios no Carnaval 2026","description":"Hor\u00e1rio de funcionamento Correios Carnaval 2026: 13\/02 normal; 14\/02 parcial; 15\/02 fechado; 16\/02 fechado; 17\/02 fechado; 18\/02 normal","robots":{"index":"index","follow":"follow","max-snippet":"max-snippet:-1","max-image-preview":"max-image-preview:large","max-video-preview":"max-video-preview:-1"},"canonical":"https:\/\/melhorenvio.com.br\/blog\/frete-e-logistica\/horario-de-funcionamento-dos-correios-no-carnaval\/","og_locale":"pt_BR","og_type":"article","og_title":"Hor\u00e1rio de funcionamento dos Correios no Carnaval 2026","og_description":"Hor\u00e1rio de funcionamento Correios Carnaval 2026: 13\/02 normal; 14\/02 parcial; 15\/02 fechado; 16\/02 fechado; 17\/02 fechado; 18\/02 normal","og_url":"https:\/\/melhorenvio.com.br\/blog\/frete-e-logistica\/horario-de-funcionamento-dos-correios-no-carnaval\/","og_site_name":"Blog Melhor Envio","article_publisher":"https:\/\/www.facebook.com\/MelhorEnvio\/","article_published_time":"2026-02-10T16:08:46+00:00","article_modified_time":"2026-04-08T16:57:34+00:00","og_image":[{"width":2500,"height":941,"url":"https:\/\/melhorenvio.com.br\/blog\/wp-content\/uploads\/2023\/02\/correios-funciona-no-carnaval-blog-melhor-envio-destacada.webp","type":"image\/webp"}],"author":"Thiago Soares","twitter_card":"summary_large_image","twitter_creator":"@melhorenvio","twitter_site":"@melhorenvio","twitter_misc":{"Escrito por":"Thiago Soares","Est. tempo de leitura":"6 minutos"},"schema":{"@context":"https:\/\/schema.org","@graph":[{"@type":"Article","@id":"https:\/\/melhorenvio.com.br\/blog\/frete-e-logistica\/horario-de-funcionamento-dos-correios-no-carnaval\/#article","isPartOf":{"@id":"https:\/\/melhorenvio.com.br\/blog\/frete-e-logistica\/horario-de-funcionamento-dos-correios-no-carnaval\/"},"author":{"name":"Thiago Soares","@id":"https:\/\/blog.melhorenvio.com.br\/#\/schema\/person\/380cc4e5bc565c2d87f20a567a8ff587"},"headline":"Correios funciona no Carnaval? Hor\u00e1rio de funcionamento dos Correios e transportadoras no Carnaval 2026","datePublished":"2026-02-10T16:08:46+00:00","dateModified":"2026-04-08T16:57:34+00:00","mainEntityOfPage":{"@id":"https:\/\/melhorenvio.com.br\/blog\/frete-e-logistica\/horario-de-funcionamento-dos-correios-no-carnaval\/"},"wordCount":930,"publisher":{"@id":"https:\/\/blog.melhorenvio.com.br\/#organization"},"image":{"@id":"https:\/\/melhorenvio.com.br\/blog\/frete-e-logistica\/horario-de-funcionamento-dos-correios-no-carnaval\/#primaryimage"},"thumbnailUrl":"https:\/\/melhorenvio.com.br\/blog\/wp-content\/uploads\/2023\/02\/correios-funciona-no-carnaval-blog-melhor-envio-destacada.webp","keywords":["correios funcional no carnaval","horario de funcionamento dos Correios no Carnaval"],"articleSection":["Frete e Log\u00edstica"],"inLanguage":"pt-BR"},{"@type":"WebPage","@id":"https:\/\/melhorenvio.com.br\/blog\/frete-e-logistica\/horario-de-funcionamento-dos-correios-no-carnaval\/","url":"https:\/\/melhorenvio.com.br\/blog\/frete-e-logistica\/horario-de-funcionamento-dos-correios-no-carnaval\/","name":"Hor\u00e1rio de funcionamento dos Correios no Carnaval 2026","isPartOf":{"@id":"https:\/\/blog.melhorenvio.com.br\/#website"},"primaryImageOfPage":{"@id":"https:\/\/melhorenvio.com.br\/blog\/frete-e-logistica\/horario-de-funcionamento-dos-correios-no-carnaval\/#primaryimage"},"image":{"@id":"https:\/\/melhorenvio.com.br\/blog\/frete-e-logistica\/horario-de-funcionamento-dos-correios-no-carnaval\/#primaryimage"},"thumbnailUrl":"https:\/\/melhorenvio.com.br\/blog\/wp-content\/uploads\/2023\/02\/correios-funciona-no-carnaval-blog-melhor-envio-destacada.webp","datePublished":"2026-02-10T16:08:46+00:00","dateModified":"2026-04-08T16:57:34+00:00","description":"Hor\u00e1rio de funcionamento Correios Carnaval 2026: 13\/02 normal; 14\/02 parcial; 15\/02 fechado; 16\/02 fechado; 17\/02 fechado; 18\/02 normal","inLanguage":"pt-BR","potentialAction":[{"@type":"ReadAction","target":["https:\/\/melhorenvio.com.br\/blog\/frete-e-logistica\/horario-de-funcionamento-dos-correios-no-carnaval\/"]}]},{"@type":"ImageObject","inLanguage":"pt-BR","@id":"https:\/\/melhorenvio.com.br\/blog\/frete-e-logistica\/horario-de-funcionamento-dos-correios-no-carnaval\/#primaryimage","url":"https:\/\/melhorenvio.com.br\/blog\/wp-content\/uploads\/2023\/02\/correios-funciona-no-carnaval-blog-melhor-envio-destacada.webp","contentUrl":"https:\/\/melhorenvio.com.br\/blog\/wp-content\/uploads\/2023\/02\/correios-funciona-no-carnaval-blog-melhor-envio-destacada.webp","width":2500,"height":941,"caption":"M\u00e1scara de carnaval e serpentinas dentro de caixa de papel\u00e3o"},{"@type":"WebSite","@id":"https:\/\/blog.melhorenvio.com.br\/#website","url":"https:\/\/blog.melhorenvio.com.br\/","name":"Blog Melhor Envio","description":"Aprenda a economizar na gest\u00e3o de fretes","publisher":{"@id":"https:\/\/blog.melhorenvio.com.br\/#organization"},"alternateName":"Blog do Melhor Envio","potentialAction":[{"@type":"SearchAction","target":{"@type":"EntryPoint","urlTemplate":"https:\/\/blog.melhorenvio.com.br\/?s={search_term_string}"},"query-input":{"@type":"PropertyValueSpecification","valueRequired":true,"valueName":"search_term_string"}}],"inLanguage":"pt-BR"},{"@type":"Organization","@id":"https:\/\/blog.melhorenvio.com.br\/#organization","name":"Melhor Envio","alternateName":"Melhor Envio","url":"https:\/\/blog.melhorenvio.com.br\/","logo":{"@type":"ImageObject","inLanguage":"pt-BR","@id":"https:\/\/blog.melhorenvio.com.br\/#\/schema\/logo\/image\/","url":"https:\/\/melhorenvio.com.br\/blog\/wp-content\/uploads\/2022\/12\/blog-logo-melhor-envio.webp","contentUrl":"https:\/\/melhorenvio.com.br\/blog\/wp-content\/uploads\/2022\/12\/blog-logo-melhor-envio.webp","width":188,"height":96,"caption":"Melhor Envio"},"image":{"@id":"https:\/\/blog.melhorenvio.com.br\/#\/schema\/logo\/image\/"},"sameAs":["https:\/\/www.facebook.com\/MelhorEnvio\/","https:\/\/x.com\/melhorenvio","https:\/\/www.instagram.com\/melhorenvio","https:\/\/www.youtube.com\/melhorenviooficial","https:\/\/br.linkedin.com\/company\/melhorenvio"]},{"@type":"Person","@id":"https:\/\/blog.melhorenvio.com.br\/#\/schema\/person\/380cc4e5bc565c2d87f20a567a8ff587","name":"Thiago Soares","image":{"@type":"ImageObject","inLanguage":"pt-BR","@id":"https:\/\/secure.gravatar.com\/avatar\/37146dedea0642b5bd93475a3a6131ef2d4889187a2e0517464ed0f537281610?s=96&d=mm&r=g","url":"https:\/\/secure.gravatar.com\/avatar\/37146dedea0642b5bd93475a3a6131ef2d4889187a2e0517464ed0f537281610?s=96&d=mm&r=g","contentUrl":"https:\/\/secure.gravatar.com\/avatar\/37146dedea0642b5bd93475a3a6131ef2d4889187a2e0517464ed0f537281610?s=96&d=mm&r=g","caption":"Thiago Soares"},"description":"Especialista em conte\u00fado para e-commerce formado em Letras pela UERJ e com MBA em Marketing pela USP\/Esalq. Conta com mais de 12 anos de experi\u00eancia em produ\u00e7\u00e3o de conte\u00fado para grandes marcas do mercado nacional como Buscap\u00e9, Tray, Zoom, Bagy e outras. Atualmente, tem como prop\u00f3sito ajudar lojistas, de todos os tamanhos, a vender mais pela internet. Para isso, atua na equipe de produ\u00e7\u00e3o de conte\u00fado do Melhor Envio, plataforma digital que est\u00e1 revolucionando a log\u00edstica para e-commerce.","sameAs":["https:\/\/br.linkedin.com\/in\/thiago-rocha-soares"],"url":"https:\/\/melhorenvio.com.br\/blog\/author\/thiago-soares\/"}]}},"_links":{"self":[{"href":"https:\/\/melhorenvio.com.br\/blog\/wp-json\/wp\/v2\/posts\/32764","targetHints":{"allow":["GET"]}}],"collection":[{"href":"https:\/\/melhorenvio.com.br\/blog\/wp-json\/wp\/v2\/posts"}],"about":[{"href":"https:\/\/melhorenvio.com.br\/blog\/wp-json\/wp\/v2\/types\/post"}],"author":[{"embeddable":true,"href":"https:\/\/melhorenvio.com.br\/blog\/wp-json\/wp\/v2\/users\/51"}],"replies":[{"embeddable":true,"href":"https:\/\/melhorenvio.com.br\/blog\/wp-json\/wp\/v2\/comments?post=32764"}],"version-history":[{"count":71,"href":"https:\/\/melhorenvio.com.br\/blog\/wp-json\/wp\/v2\/posts\/32764\/revisions"}],"predecessor-version":[{"id":59471,"href":"https:\/\/melhorenvio.com.br\/blog\/wp-json\/wp\/v2\/posts\/32764\/revisions\/59471"}],"wp:featuredmedia":[{"embeddable":true,"href":"https:\/\/melhorenvio.com.br\/blog\/wp-json\/wp\/v2\/media\/48456"}],"wp:attachment":[{"href":"https:\/\/melhorenvio.com.br\/blog\/wp-json\/wp\/v2\/media?parent=32764"}],"wp:term":[{"taxonomy":"category","embeddable":true,"href":"https:\/\/melhorenvio.com.br\/blog\/wp-json\/wp\/v2\/categories?post=32764"},{"taxonomy":"post_tag","embeddable":true,"href":"https:\/\/melhorenvio.com.br\/blog\/wp-json\/wp\/v2\/tags?post=32764"}],"curies":[{"name":"wp","href":"https:\/\/api.w.org\/{rel}","templated":true}]}}