{"id":37235,"date":"2024-06-19T16:47:18","date_gmt":"2024-06-19T19:47:18","guid":{"rendered":"https:\/\/blog.melhorenvio.com.br\/?p=37235"},"modified":"2026-04-10T13:27:00","modified_gmt":"2026-04-10T16:27:00","slug":"azul-cargo-express-no-melhor-envio","status":"publish","type":"post","link":"https:\/\/melhorenvio.com.br\/blog\/frete-e-logistica\/azul-cargo-express-no-melhor-envio\/","title":{"rendered":"Azul Cargo Express: como funciona no Melhor Envio"},"content":{"rendered":"\n<p>O Brasil \u00e9 um pa\u00eds de dimens\u00f5es continentais. Para ser mais exato, s\u00e3o 8.516.000 km\u00b2, fazendo do pa\u00eds o 5\u00ba maior do mundo em dimens\u00e3o territorial. Dessa maneira, o transporte a\u00e9reo de cargas acaba sendo uma op\u00e7\u00e3o necess\u00e1ria para agilizar a log\u00edstica em um territ\u00f3rio t\u00e3o grande.<\/p>\n\n\n\n<p>Existem diversas empresas que atuam no transporte de carga a\u00e9rea, a Azul Cargo Express uma das mais populares do pa\u00eds.&nbsp;<\/p>\n\n\n\n<p>A seguir, voc\u00ea vai conhecer mais sobre a Azul Cargo, entender como contratar frete mais barato com a transportadora usando o Melhor Envio e muito mais.<\/p>\n\n\n\n<p><strong><em>Mas antes, que tal fazer uma simula\u00e7\u00e3o de frete do Melhor Envio e descobrir o menor pre\u00e7o para a sua entrega. Confira!<\/em><\/strong><\/p>\n\n\n<link rel=\"stylesheet\" href=\"https:\/\/melhorenvio.com.br\/blog\/wp-content\/themes\/jnews-child\/template-parts\/calculadora\/style.css\"><div class=\"calcBox\">\n    <h2 class=\"ttl\"><strong><span style=\"color: #00448c;\">Calculadora de Frete do Melhor Envio<\/span><\/strong><\/h2>\n    <h4 style=\"text-align: center;\"><span style=\"color: #00448c;\">Encontre o melhor frete para o seu envio<\/span><\/h4>\n    <p>&nbsp;<\/p>\n    <div class=\"wrapper_calc\">\n        <div class=\"boxForm\">\n            <form id=\"calculate\" action=\"javascript:;\" method=\"post\">\n                <div class=\"boxCeps\">\n                    <div class=\"boxCeps__cep\">\n                        <p><label for=\"from\">CEP de Origem<\/label><br \/>\n                            <input id=\"from\" class=\"form\" tabindex=\"1\" name=\"from\" required=\"required\" type=\"text\"\n                                placeholder=\"Digite o CEP\" data-label=\"CEP de Origem\"\n                                data-text=\"N\u00e3o sei meu CEP\" \/><br \/>\n                            <label class=\"hide\" for=\"from_select\">Capital de origem<\/label>\n                          \t<select id=\"from_select\" class=\"form hide\" tabindex=\"1\" name=\"\" data-label=\"Capital de origem\"\n                                data-text=\"Calcular usando CEP\">\n                                <option value=\"\">Selecione<\/option><!-- Op\u00e7\u00f5es de CEP -->\n                            <\/select>\n                        <\/p>\n                    <\/div>\n                    <div class=\"boxCeps__cep\">\n                        <p><label for=\"to\">CEP de Destino<\/label><br \/>\n                            <input id=\"to\" class=\"form\" tabindex=\"2\" name=\"to\" required=\"required\" type=\"text\"\n                                placeholder=\"Digite o CEP\" data-label=\"CEP de Destino\"\n                                data-text=\"Calcular selecionando a Capital\" \/><br \/>\n                          \t<label class=\"hide\" for=\"to_select\">Capital de destino<\/label> \n                          \t<select id=\"to_select\" class=\"form hide\" tabindex=\"2\" name=\"\" data-label=\"Capital de destino\"\n                                data-text=\"Calcular usando CEP\">\n                                <option value=\"\">Selecione<\/option><!-- Op\u00e7\u00f5es de CEP -->\n                            <\/select>\n                        <\/p>\n                    <\/div>\n                <\/div>\n                <div class=\"boxInfo\">\n                    <div><label for=\"input_altura\">Altura<\/label><br \/>\n                        <input id=\"input_altura\" class=\"form dimensions\" title=\"altura\" name=\"height\" required\n                            type=\"text\" value=\"4 cm\" \/>\n                    <\/div>\n                    <div><label for=\"input_largura\">Largura<\/label><br \/>\n                        <input id=\"input_largura\" class=\"form dimensions\" title=\"largura\" name=\"width\" required\n                            type=\"text\" value=\"12 cm\" \/>\n                    <\/div>\n                    <div><label for=\"input_comprimento\">Comprimento<\/label><br \/>\n                        <input id=\"input_comprimento\" class=\"form dimensions\" title=\"comprimento\" name=\"length\" required\n                            type=\"text\" value=\"17 cm\" \/>\n                    <\/div>\n                    <div><label for=\"input_peso\">Peso<\/label><br \/>\n                        <input id=\"input_peso\" class=\"form weight\" title=\"peso\" name=\"weight\" required type=\"text\"\n                            value=\"1,000 kg\" \/>\n                    <\/div>\n                    <div><label for=\"input_seguro\">Seguro<\/label><br \/>\n                        <input id=\"input_seguro\" class=\"form money\" title=\"valor do conte\u00fado\" name=\"declared_value\"\n                            type=\"text\" value=\"R$ 50,00\" \/>\n                    <\/div>\n                <\/div>\n                <div class=\"center\"><button class=\"btnCalc btn-calcular btn\" type=\"submit\">Calcular frete<\/button><\/div>\n            <\/form>\n        <\/div>\n    <\/div>\n    <div class=\"wrapper_calc boxResult\">\n        <div class=\"result\">\n            <table class=\"table\">\n                <colgroup>\n                    <col width=\"22%\" \/>\n                    <col width=\"20%\" \/>\n                    <col width=\"20%\" \/>\n                    <col width=\"15%\" \/>\n                <\/colgroup>\n                <thead>\n                    <tr>\n                        <td style=\"text-align: center;\">Transportadora<\/td>\n                        <td style=\"text-align: center;\">Modalidade de frete<\/td>\n                        <td style=\"text-align: center;\">Valor estimado do frete*<\/td>\n                        <td style=\"text-align: center;\">Prazo estimado<\/td>\n                    <\/tr>\n                <\/thead>\n                <tbody>\n                    <tr>\n                        <td>\n                            <a href=\"https:\/\/melhorenvio.com.br\/cadastre-se\">\n                                <img decoding=\"async\" src=\"https:\/\/www.melhorenvio.com.br\/images\/shipping-companies\/correios.png\"\n                                    alt=\"Correios\" \/>\n                            <\/a>\n                        <\/td>\n                        <td>SEDEX<\/td>\n                        <td><span class=\"price price--me\">R$ &#8212;<\/span><\/td>\n                        <td>&#8212;<\/td>\n                        <td>&#8212;<\/td>\n                    <\/tr>\n                    <tr>\n                        <td>\n                            <a href=\"https:\/\/melhorenvio.com.br\/cadastre-se\">\n                                <img decoding=\"async\" src=\"https:\/\/www.melhorenvio.com.br\/images\/shipping-companies\/jadlog.png\"\n                                    alt=\"Jadlog\" \/>\n                            <\/a>\n                        <\/td>\n                        <td>.Package<\/td>\n                        <td><span class=\"price price--me\">R$ &#8212;<\/span><\/td>\n                        <td>&#8212;<\/td>\n                        <td>&#8212;<\/td>\n                    <\/tr>\n                    <tr>\n                        <td>\n                            <a href=\"https:\/\/melhorenvio.com.br\/cadastre-se\">\n                                <img decoding=\"async\" src=\"https:\/\/www.melhorenvio.com.br\/images\/shipping-companies\/latamcargo.png\"\n                                    alt=\"LATAM Cargo\" \/>\n                            <\/a>\n                        <\/td>\n                        <td>\u00e9F\u00e1cil<\/td>\n                        <td><span class=\"price price--me\">R$ &#8212;<\/span><\/td>\n                        <td>&#8212;<\/td>\n                        <td>&#8212;<\/td>\n                    <\/tr>\n                    <tr>\n                        <td>\n                            <a href=\"https:\/\/melhorenvio.com.br\/cadastre-se\">\n                                <img decoding=\"async\" src=\"https:\/\/www.melhorenvio.com.br\/images\/shipping-companies\/azulcargo.png\"\n                                    alt=\"Azul Cargo Express\" \/>\n                            <\/a>\n                        <\/td>\n                        <td>Amanh\u00e3<\/td>\n                        <td><span class=\"price price--me\">R$ &#8212;<\/span><\/td>\n                        <td>&#8212;<\/td>\n                        <td>&#8212;<\/td>\n                    <\/tr>\n                <\/tbody>\n            <\/table>\n        <\/div>\n    <\/div>\n    <div class=\"wrapper_calc boxError hide\">\n        <p>N\u00e3o foi poss\u00edvel realizar essa cota\u00e7\u00e3o.Por gentileza, revise os par\u00e2metros informados.<\/p>\n    <\/div>\n<\/div>\n<script src=\"https:\/\/static.melhorenvio.com.br\/landing-pages\/share\/calculadora\/scripts.js\"><\/script>\n<span data-mce-type=\"bookmark\" style=\"display: inline-block; width: 0px; overflow: hidden; line-height: 0;\"\n    class=\"mce_SELRES_start\">\ufeff<\/span>\n\n\n<div class=\"wp-block-buttons is-content-justification-center is-layout-flex wp-container-core-buttons-is-layout-16018d1d wp-block-buttons-is-layout-flex\">\n<div class=\"wp-block-button\"><a class=\"wp-block-button__link has-background wp-element-button\" href=\"https:\/\/melhorenvio.com.br\/\" style=\"background-color:#00519d\" target=\"_blank\" rel=\"noreferrer noopener\"><strong>Contrate frete barato para e-commerce com o Melhor Envio<\/strong><\/a><\/div>\n<\/div>\n\n\n\n<h4 class=\"wp-block-heading\">O que voc\u00ea encontra por aqui:<\/h4>\n\n\n\n<ul class=\"wp-block-list\">\n<li><a href=\"#O que \u00e9 a Azul Cargo Express?\">O que \u00e9 a Azul Cargo Express?<\/a><\/li>\n\n\n\n<li><a href=\"#Como funciona Azul Cargo Express pelo Melhor Envio?\">Como funciona Azul Cargo Express pelo Melhor Envio?<\/a><\/li>\n\n\n\n<li><a href=\"#Como contratar frete da Azul Cargo pelo Melhor Envio?\">Como contratar frete da Azul Cargo pelo Melhor Envio?<\/a><\/li>\n\n\n\n<li><a href=\"#Rastreamento Azul Cargo Express: como acompanhar o andamento da minha carga?\">Rastreamento Azul Cargo Express: como acompanhar o andamento da minha carga?<\/a><\/li>\n<\/ul>\n\n\n\n<h2 class=\"wp-block-heading\" id=\"O que \u00e9 a Azul Cargo Express?\"><strong>O que \u00e9 a Azul Cargo Express?<\/strong><\/h2>\n\n\n\n<p>A Azul Cargo Express \u00e9 o bra\u00e7o log\u00edstico da Azul Linhas A\u00e9reas. A empresa atua no modal a\u00e9reo, oferecendo servi\u00e7os de entregas para todo o Brasil.<\/p>\n\n\n\n<p>No mercado desde 2009, a Azul Cargo conta com mais de 300 lojas espalhadas por todo o pa\u00eds, abrangendo uma \u00e1rea de cobertura de mais de 5 mil munic\u00edpios.<\/p>\n\n\n<div class=\"wp-block-image\">\n<figure class=\"aligncenter size-full\"><img decoding=\"async\" width=\"700\" height=\"412\" src=\"https:\/\/blog.melhorenvio.com.br\/wp-content\/uploads\/2024\/06\/azul-carg-frota.webp\" alt=\"Avi\u00e3o e van da azul Express\" class=\"wp-image-49274\" srcset=\"https:\/\/melhorenvio.com.br\/blog\/wp-content\/uploads\/2024\/06\/azul-carg-frota.webp 700w, https:\/\/melhorenvio.com.br\/blog\/wp-content\/uploads\/2024\/06\/azul-carg-frota-300x177.webp 300w, https:\/\/melhorenvio.com.br\/blog\/wp-content\/uploads\/2024\/06\/azul-carg-frota-150x88.webp 150w\" sizes=\"(max-width: 700px) 100vw, 700px\" \/><\/figure>\n<\/div>\n\n\n<p>Um dos grandes diferenciais da Azul Cargo \u00e9 estar presente com um bom n\u00famero de ag\u00eancias em cidades de pequeno e m\u00e9dio porte que possuem aeroporto.<\/p>\n\n\n\n<h2 class=\"wp-block-heading\" id=\"Como funciona Azul Cargo Express pelo Melhor Envio?\"><strong>Como funciona Azul Cargo Express pelo Melhor Envio?<\/strong><\/h2>\n\n\n\n<p>O Melhor Envio \u00e9 uma plataforma completa de cota\u00e7\u00e3o e gest\u00e3o de frete para e-commerces, de todos os tipos e tamanhos.&nbsp;<\/p>\n\n\n\n<p>O <strong>servi\u00e7o \u00e9 gratuito <\/strong>e nele \u00e9 poss\u00edvel ter acesso a uma s\u00e9rie de ferramentas log\u00edsticas exclusivas. Uma delas \u00e9 a <a href=\"https:\/\/melhorenvio.com.br\/blog\/sobre-nos\/melhor-envio-calculadora-de-frete\/\">Calculadora de Frete<\/a>, que oferece a <strong>compara\u00e7\u00e3o de pre\u00e7o e fretes com valores exclusivos nas principais transportadoras do pa\u00eds<\/strong>, incluindo a Azul Cargo Express,<\/p>\n\n\n<div class=\"wp-block-image\">\n<figure class=\"aligncenter size-large\"><img decoding=\"async\" width=\"1024\" height=\"330\" src=\"https:\/\/blog.melhorenvio.com.br\/wp-content\/uploads\/2024\/06\/azul-cargo-melhor-envio-1024x330.webp\" alt=\"Conectamos voc\u00ea \u00e0s principais transportadoras do Brasil\" class=\"wp-image-49272\" srcset=\"https:\/\/melhorenvio.com.br\/blog\/wp-content\/uploads\/2024\/06\/azul-cargo-melhor-envio-1024x330.webp 1024w, https:\/\/melhorenvio.com.br\/blog\/wp-content\/uploads\/2024\/06\/azul-cargo-melhor-envio-300x97.webp 300w, https:\/\/melhorenvio.com.br\/blog\/wp-content\/uploads\/2024\/06\/azul-cargo-melhor-envio-768x247.webp 768w, https:\/\/melhorenvio.com.br\/blog\/wp-content\/uploads\/2024\/06\/azul-cargo-melhor-envio-150x48.webp 150w, https:\/\/melhorenvio.com.br\/blog\/wp-content\/uploads\/2024\/06\/azul-cargo-melhor-envio-750x241.webp 750w, https:\/\/melhorenvio.com.br\/blog\/wp-content\/uploads\/2024\/06\/azul-cargo-melhor-envio-1140x367.webp 1140w, https:\/\/melhorenvio.com.br\/blog\/wp-content\/uploads\/2024\/06\/azul-cargo-melhor-envio.webp 1199w\" sizes=\"(max-width: 1024px) 100vw, 1024px\" \/><\/figure>\n<\/div>\n\n\n<p>Usando a plataforma do Melhor Envio, \u00e9 poss\u00edvel cotar e contratar fretes Azul Cargo em duas modalidades<strong>:&nbsp;&nbsp;<\/strong><\/p>\n\n\n\n<ul class=\"wp-block-list\">\n<li><strong>Modalidade Amanh\u00e3 <\/strong>(entrega expressa).<\/li>\n\n\n\n<li><strong>Modalidade E-Commerce<\/strong> (entrega padr\u00e3o).<\/li>\n<\/ul>\n\n\n\n<h3 class=\"wp-block-heading\">Medidas aceitas pela transportadora<\/h3>\n\n\n\n<h4 class=\"wp-block-heading\">Modalidade Azul Cargo Amanh\u00e3<\/h4>\n\n\n\n<p><strong>Dimens\u00f5es <\/strong><strong>(<\/strong><strong><em>altura + largura + comprimento<\/em><\/strong><strong>)<\/strong><\/p>\n\n\n\n<ul class=\"wp-block-list\">\n<li><strong>Medida m\u00e1xima:<\/strong> 100 cm x 80 cm x 70 cm.<\/li>\n\n\n\n<li><strong>Medida m\u00ednima: <\/strong><strong>&nbsp;<\/strong>15 cm x 15 cm x 15 cm.<\/li>\n<\/ul>\n\n\n\n<p><strong>Peso<\/strong><\/p>\n\n\n\n<ul class=\"wp-block-list\">\n<li><strong>Peso m\u00e1ximo:<\/strong> 60 kg.<\/li>\n\n\n\n<li><strong>Peso m\u00ednimo:<\/strong> 100 g.<\/li>\n<\/ul>\n\n\n\n<h4 class=\"wp-block-heading\">Modalidade Azul Cargo E-commerce<\/h4>\n\n\n\n<p><strong>Dimens\u00f5es <\/strong><strong>(<\/strong><strong><em>altura + largura + comprimento<\/em><\/strong><strong>)<\/strong><\/p>\n\n\n\n<ul class=\"wp-block-list\">\n<li><strong>Medida m\u00e1xima:<\/strong> 100 cm x 80 cm x 70 cm.<\/li>\n\n\n\n<li><strong>Medida m\u00ednima: <\/strong><strong>&nbsp;<\/strong>15 cm x 15 cm x 15 cm.<\/li>\n<\/ul>\n\n\n\n<p><strong>Peso<\/strong><\/p>\n\n\n\n<ul class=\"wp-block-list\">\n<li><strong>Peso m\u00e1ximo:<\/strong> 30 kg.<\/li>\n\n\n\n<li><strong>Peso m\u00ednimo:<\/strong> 100 g.<\/li>\n<\/ul>\n\n\n\n<p>A seguir, voc\u00ea vai entender como contratar um frete da Azul Cargo com o Melhor Envio e porque isso \u00e9 vantajoso para o seu neg\u00f3cio.<\/p>\n\n\n\n<h2 class=\"wp-block-heading\" id=\"Como contratar frete da Azul Cargo pelo Melhor Envio?\"><strong>Como contratar frete da Azul Cargo pelo Melhor Envio?<\/strong><\/h2>\n\n\n\n<p>Existem duas formas de contratar frete Azul Cargo Express pelo Melhor Envio: <strong>direto pelo site da plataforma<\/strong> ou <strong>integrando o Melhor Envio ao carrinho do seu e-commerce<\/strong>.&nbsp;<\/p>\n\n\n\n<p>Veja como realizar o processo em cada um desses casos:<\/p>\n\n\n\n<h3 class=\"wp-block-heading\">Frete Azul Cargo Express pelo site do Melhor Envio<\/h3>\n\n\n\n<figure class=\"wp-block-embed is-type-video is-provider-youtube wp-block-embed-youtube wp-embed-aspect-16-9 wp-has-aspect-ratio\"><div class=\"wp-block-embed__wrapper\">\n<div class=\"jeg_video_container jeg_video_content\"><iframe loading=\"lazy\" title=\"Como fazer envios pela Azul Cargo Express | S\u00e9rie Meu Envio - Ep. 06\" width=\"500\" height=\"281\" src=\"https:\/\/www.youtube.com\/embed\/VuHB6JVmUes?feature=oembed&#038;enablejsapi=1&#038;origin=https:\/\/melhorenvio.com.br\" frameborder=\"0\" allow=\"accelerometer; autoplay; clipboard-write; encrypted-media; gyroscope; picture-in-picture; web-share\" referrerpolicy=\"strict-origin-when-cross-origin\" allowfullscreen><\/iframe><\/div>\n<\/div><\/figure>\n\n\n\n<p>1 &#8211; Ap\u00f3s realizar o <a href=\"https:\/\/melhorenvio.com.br\/\" target=\"_blank\" rel=\"noreferrer noopener\">cadastro<\/a>, <strong>fa\u00e7a <\/strong><a href=\"https:\/\/melhorenvio.com.br\/login\" target=\"_blank\" rel=\"noreferrer noopener\"><strong>login no Melhor Envio<\/strong><\/a>.<\/p>\n\n\n<div class=\"wp-block-image\">\n<figure class=\"aligncenter size-large\"><img decoding=\"async\" width=\"1024\" height=\"602\" src=\"https:\/\/blog.melhorenvio.com.br\/wp-content\/uploads\/2024\/06\/passo-azul-cargo-expresso-1024x602.webp\" alt=\"Tela de login do Melhor Envio\" class=\"wp-image-49261\" srcset=\"https:\/\/melhorenvio.com.br\/blog\/wp-content\/uploads\/2024\/06\/passo-azul-cargo-expresso-1024x602.webp 1024w, https:\/\/melhorenvio.com.br\/blog\/wp-content\/uploads\/2024\/06\/passo-azul-cargo-expresso-300x176.webp 300w, https:\/\/melhorenvio.com.br\/blog\/wp-content\/uploads\/2024\/06\/passo-azul-cargo-expresso-768x452.webp 768w, https:\/\/melhorenvio.com.br\/blog\/wp-content\/uploads\/2024\/06\/passo-azul-cargo-expresso-150x88.webp 150w, https:\/\/melhorenvio.com.br\/blog\/wp-content\/uploads\/2024\/06\/passo-azul-cargo-expresso-750x441.webp 750w, https:\/\/melhorenvio.com.br\/blog\/wp-content\/uploads\/2024\/06\/passo-azul-cargo-expresso.webp 1058w\" sizes=\"(max-width: 1024px) 100vw, 1024px\" \/><\/figure>\n<\/div>\n\n\n<p>2 &#8211; Acesse o Painel de Controle e <strong>clique no \u00edcone da calculadora<\/strong>, localizado na barra lateral esquerda e no topo da tela.<\/p>\n\n\n<div class=\"wp-block-image\">\n<figure class=\"aligncenter size-full\"><img decoding=\"async\" width=\"988\" height=\"437\" src=\"https:\/\/blog.melhorenvio.com.br\/wp-content\/uploads\/2024\/06\/calculadora-azul-cargo-melhor-envio.webp\" alt=\"Tela do painel do Melhor Envio. Calculadora pode ser localizada na aba lateral e no cabe\u00e7alho\" class=\"wp-image-49262\" srcset=\"https:\/\/melhorenvio.com.br\/blog\/wp-content\/uploads\/2024\/06\/calculadora-azul-cargo-melhor-envio.webp 988w, https:\/\/melhorenvio.com.br\/blog\/wp-content\/uploads\/2024\/06\/calculadora-azul-cargo-melhor-envio-300x133.webp 300w, https:\/\/melhorenvio.com.br\/blog\/wp-content\/uploads\/2024\/06\/calculadora-azul-cargo-melhor-envio-768x340.webp 768w, https:\/\/melhorenvio.com.br\/blog\/wp-content\/uploads\/2024\/06\/calculadora-azul-cargo-melhor-envio-150x66.webp 150w, https:\/\/melhorenvio.com.br\/blog\/wp-content\/uploads\/2024\/06\/calculadora-azul-cargo-melhor-envio-750x332.webp 750w\" sizes=\"(max-width: 988px) 100vw, 988px\" \/><\/figure>\n<\/div>\n\n\n<p>3 &#8211; <strong>Informe os dados necess\u00e1rios para o envio<\/strong>: CEP do remetente e destinat\u00e1rio, medidas da embalagem e valor segurado. Depois, clique em \u201c<strong>calcular<\/strong>\u201d.<\/p>\n\n\n<div class=\"wp-block-image\">\n<figure class=\"aligncenter size-large\"><img decoding=\"async\" width=\"1024\" height=\"340\" src=\"https:\/\/blog.melhorenvio.com.br\/wp-content\/uploads\/2024\/06\/passo-2-azul-cargo-express-1024x340.webp\" alt=\"Calculadora do Melhor Envio, campos de CEPS, valor segurado e dimens\u00f5es do volume.\" class=\"wp-image-49263\" srcset=\"https:\/\/melhorenvio.com.br\/blog\/wp-content\/uploads\/2024\/06\/passo-2-azul-cargo-express-1024x340.webp 1024w, https:\/\/melhorenvio.com.br\/blog\/wp-content\/uploads\/2024\/06\/passo-2-azul-cargo-express-300x100.webp 300w, https:\/\/melhorenvio.com.br\/blog\/wp-content\/uploads\/2024\/06\/passo-2-azul-cargo-express-768x255.webp 768w, https:\/\/melhorenvio.com.br\/blog\/wp-content\/uploads\/2024\/06\/passo-2-azul-cargo-express-1536x510.webp 1536w, https:\/\/melhorenvio.com.br\/blog\/wp-content\/uploads\/2024\/06\/passo-2-azul-cargo-express-150x50.webp 150w, https:\/\/melhorenvio.com.br\/blog\/wp-content\/uploads\/2024\/06\/passo-2-azul-cargo-express-750x249.webp 750w, https:\/\/melhorenvio.com.br\/blog\/wp-content\/uploads\/2024\/06\/passo-2-azul-cargo-express-1140x379.webp 1140w, https:\/\/melhorenvio.com.br\/blog\/wp-content\/uploads\/2024\/06\/passo-2-azul-cargo-express.webp 1578w\" sizes=\"(max-width: 1024px) 100vw, 1024px\" \/><\/figure>\n<\/div>\n\n\n<p>4 &#8211; <strong>Escolha a modalidade de frete desejada<\/strong> com Azul Cargo, ou com outra transportadora que ofere\u00e7a uma condi\u00e7\u00e3o melhor para a entrega. Logo ap\u00f3s, <strong>clique em \u201cselecionar\u201d<\/strong>.<\/p>\n\n\n<div class=\"wp-block-image\">\n<figure class=\"aligncenter size-large\"><img decoding=\"async\" width=\"1024\" height=\"491\" src=\"https:\/\/blog.melhorenvio.com.br\/wp-content\/uploads\/2024\/06\/azul-cargo-express-passo-1024x491.webp\" alt=\"tela de resultado exibindo transportadoras, modalidades, prazos e pre\u00e7os\" class=\"wp-image-49264\" srcset=\"https:\/\/melhorenvio.com.br\/blog\/wp-content\/uploads\/2024\/06\/azul-cargo-express-passo-1024x491.webp 1024w, https:\/\/melhorenvio.com.br\/blog\/wp-content\/uploads\/2024\/06\/azul-cargo-express-passo-300x144.webp 300w, https:\/\/melhorenvio.com.br\/blog\/wp-content\/uploads\/2024\/06\/azul-cargo-express-passo-768x368.webp 768w, https:\/\/melhorenvio.com.br\/blog\/wp-content\/uploads\/2024\/06\/azul-cargo-express-passo-1536x736.webp 1536w, https:\/\/melhorenvio.com.br\/blog\/wp-content\/uploads\/2024\/06\/azul-cargo-express-passo-150x72.webp 150w, https:\/\/melhorenvio.com.br\/blog\/wp-content\/uploads\/2024\/06\/azul-cargo-express-passo-750x360.webp 750w, https:\/\/melhorenvio.com.br\/blog\/wp-content\/uploads\/2024\/06\/azul-cargo-express-passo-1140x547.webp 1140w, https:\/\/melhorenvio.com.br\/blog\/wp-content\/uploads\/2024\/06\/azul-cargo-express-passo.webp 1825w\" sizes=\"(max-width: 1024px) 100vw, 1024px\" \/><\/figure>\n<\/div>\n\n\n<p>5 &#8211; Em seguida,<strong> confirme que o pacote se trata de uma venda realizada por loja online<\/strong>.<\/p>\n\n\n<div class=\"wp-block-image\">\n<figure class=\"aligncenter size-full\"><img decoding=\"async\" width=\"990\" height=\"357\" src=\"https:\/\/blog.melhorenvio.com.br\/wp-content\/uploads\/2024\/06\/azul-cargo-express-passo-5.webp\" alt=\"exemplo de mensagem solicitando concord\u00e2ncia com os termos da declara\u00e7\u00e3o de conte\u00fado da Azul\" class=\"wp-image-49265\" srcset=\"https:\/\/melhorenvio.com.br\/blog\/wp-content\/uploads\/2024\/06\/azul-cargo-express-passo-5.webp 990w, https:\/\/melhorenvio.com.br\/blog\/wp-content\/uploads\/2024\/06\/azul-cargo-express-passo-5-300x108.webp 300w, https:\/\/melhorenvio.com.br\/blog\/wp-content\/uploads\/2024\/06\/azul-cargo-express-passo-5-768x277.webp 768w, https:\/\/melhorenvio.com.br\/blog\/wp-content\/uploads\/2024\/06\/azul-cargo-express-passo-5-150x54.webp 150w, https:\/\/melhorenvio.com.br\/blog\/wp-content\/uploads\/2024\/06\/azul-cargo-express-passo-5-750x270.webp 750w\" sizes=\"(max-width: 990px) 100vw, 990px\" \/><\/figure>\n<\/div>\n\n\n<p>6 &#8211; Na tela a seguir,<strong> preencha os dados necess\u00e1rios<\/strong> para uma entrega comercial. Primeiro,<strong> anexe a <\/strong><a href=\"https:\/\/melhorenvio.com.br\/blog\/frete-e-logistica\/nota-fiscal-e-declaracao-de-conteudo\/\" target=\"_blank\" rel=\"noreferrer noopener\"><strong>nota fiscal ou declara\u00e7\u00e3o de conte\u00fado<\/strong><\/a> que ser\u00e1 fixada ao pacote.<\/p>\n\n\n\n<p>Em seguida, <strong>escolha a unidade de postagem<\/strong> do pacote (apenas para a modalidade Express).<\/p>\n\n\n<div class=\"wp-block-image\">\n<figure class=\"aligncenter size-large\"><img decoding=\"async\" width=\"1024\" height=\"741\" src=\"https:\/\/blog.melhorenvio.com.br\/wp-content\/uploads\/2024\/06\/azul-cargo-express-passo-6-1024x741.webp\" alt=\"Escolha entre Nota fiscal ou Declara\u00e7\u00e3o de conte\u00fado\" class=\"wp-image-49266\" srcset=\"https:\/\/melhorenvio.com.br\/blog\/wp-content\/uploads\/2024\/06\/azul-cargo-express-passo-6-1024x741.webp 1024w, https:\/\/melhorenvio.com.br\/blog\/wp-content\/uploads\/2024\/06\/azul-cargo-express-passo-6-300x217.webp 300w, https:\/\/melhorenvio.com.br\/blog\/wp-content\/uploads\/2024\/06\/azul-cargo-express-passo-6-768x556.webp 768w, https:\/\/melhorenvio.com.br\/blog\/wp-content\/uploads\/2024\/06\/azul-cargo-express-passo-6-150x108.webp 150w, https:\/\/melhorenvio.com.br\/blog\/wp-content\/uploads\/2024\/06\/azul-cargo-express-passo-6-120x86.webp 120w, https:\/\/melhorenvio.com.br\/blog\/wp-content\/uploads\/2024\/06\/azul-cargo-express-passo-6-750x542.webp 750w, https:\/\/melhorenvio.com.br\/blog\/wp-content\/uploads\/2024\/06\/azul-cargo-express-passo-6.webp 1124w\" sizes=\"(max-width: 1024px) 100vw, 1024px\" \/><\/figure>\n<\/div>\n\n\n<p>6.1 &#8211; Al\u00e9m disso, nessa tela est\u00e3o os campos para o <strong>preenchimento das informa\u00e7\u00f5es do destinat\u00e1rio e do remetente<\/strong>.<\/p>\n\n\n<div class=\"wp-block-image\">\n<figure class=\"aligncenter size-full\"><img decoding=\"async\" width=\"973\" height=\"753\" src=\"https:\/\/blog.melhorenvio.com.br\/wp-content\/uploads\/2024\/06\/passo-6-1-como-enviar-azul-cargo.webp\" alt=\"Formul\u00e1rio de destinat\u00e1rio e remetente\" class=\"wp-image-49267\" srcset=\"https:\/\/melhorenvio.com.br\/blog\/wp-content\/uploads\/2024\/06\/passo-6-1-como-enviar-azul-cargo.webp 973w, https:\/\/melhorenvio.com.br\/blog\/wp-content\/uploads\/2024\/06\/passo-6-1-como-enviar-azul-cargo-300x232.webp 300w, https:\/\/melhorenvio.com.br\/blog\/wp-content\/uploads\/2024\/06\/passo-6-1-como-enviar-azul-cargo-768x594.webp 768w, https:\/\/melhorenvio.com.br\/blog\/wp-content\/uploads\/2024\/06\/passo-6-1-como-enviar-azul-cargo-150x116.webp 150w, https:\/\/melhorenvio.com.br\/blog\/wp-content\/uploads\/2024\/06\/passo-6-1-como-enviar-azul-cargo-750x580.webp 750w\" sizes=\"(max-width: 973px) 100vw, 973px\" \/><\/figure>\n<\/div>\n\n\n<p>Antes de finalizar, <strong>confira se as informa\u00e7\u00f5es <\/strong>est\u00e3o corretas e <strong>marque a caixinha de sele\u00e7\u00e3o<\/strong> \u201cEstou ciente e aceito as regras de embarque da transportadora\u201d.<\/p>\n\n\n<div class=\"wp-block-image\">\n<figure class=\"aligncenter size-large\"><img decoding=\"async\" width=\"1024\" height=\"305\" src=\"https:\/\/blog.melhorenvio.com.br\/wp-content\/uploads\/2024\/06\/pagar-frete-aereo-melhor-envio_1-1024x305.webp\" alt=\"Aceite as regras de embarque e clique em &quot;Pagar agora&quot; ou &quot;Adicionar ao carrinho&quot;\" class=\"wp-image-49268\" srcset=\"https:\/\/melhorenvio.com.br\/blog\/wp-content\/uploads\/2024\/06\/pagar-frete-aereo-melhor-envio_1-1024x305.webp 1024w, https:\/\/melhorenvio.com.br\/blog\/wp-content\/uploads\/2024\/06\/pagar-frete-aereo-melhor-envio_1-300x89.webp 300w, https:\/\/melhorenvio.com.br\/blog\/wp-content\/uploads\/2024\/06\/pagar-frete-aereo-melhor-envio_1-768x229.webp 768w, https:\/\/melhorenvio.com.br\/blog\/wp-content\/uploads\/2024\/06\/pagar-frete-aereo-melhor-envio_1-150x45.webp 150w, https:\/\/melhorenvio.com.br\/blog\/wp-content\/uploads\/2024\/06\/pagar-frete-aereo-melhor-envio_1-750x224.webp 750w, https:\/\/melhorenvio.com.br\/blog\/wp-content\/uploads\/2024\/06\/pagar-frete-aereo-melhor-envio_1-1140x340.webp 1140w, https:\/\/melhorenvio.com.br\/blog\/wp-content\/uploads\/2024\/06\/pagar-frete-aereo-melhor-envio_1.webp 1482w\" sizes=\"(max-width: 1024px) 100vw, 1024px\" \/><\/figure>\n<\/div>\n\n\n<p>Caso voc\u00ea queira continuar gerando mais etiquetas de frete, clique em \u201c<strong>adicionar ao carrinho<\/strong>\u201d. Mas se preferir pagar apenas a etiqueta j\u00e1 gerada, escolha <strong>\u201cpagar agora<\/strong>\u201d.<\/p>\n\n\n\n<p>7 &#8211; Escolha a forma de pagamento desejada e clique em \u201c<strong>pagar agora<\/strong>\u201d.<\/p>\n\n\n<div class=\"wp-block-image\">\n<figure class=\"aligncenter size-large\"><img decoding=\"async\" width=\"1024\" height=\"561\" src=\"https:\/\/blog.melhorenvio.com.br\/wp-content\/uploads\/2024\/06\/azul-cargo-express-passo-7-1024x561.webp\" alt=\"m\u00e9todos de pagamento: saldo, pix, cr\u00e9dito, boleto\" class=\"wp-image-49269\" srcset=\"https:\/\/melhorenvio.com.br\/blog\/wp-content\/uploads\/2024\/06\/azul-cargo-express-passo-7-1024x561.webp 1024w, https:\/\/melhorenvio.com.br\/blog\/wp-content\/uploads\/2024\/06\/azul-cargo-express-passo-7-300x164.webp 300w, https:\/\/melhorenvio.com.br\/blog\/wp-content\/uploads\/2024\/06\/azul-cargo-express-passo-7-768x421.webp 768w, https:\/\/melhorenvio.com.br\/blog\/wp-content\/uploads\/2024\/06\/azul-cargo-express-passo-7-150x82.webp 150w, https:\/\/melhorenvio.com.br\/blog\/wp-content\/uploads\/2024\/06\/azul-cargo-express-passo-7-750x411.webp 750w, https:\/\/melhorenvio.com.br\/blog\/wp-content\/uploads\/2024\/06\/azul-cargo-express-passo-7-1140x625.webp 1140w, https:\/\/melhorenvio.com.br\/blog\/wp-content\/uploads\/2024\/06\/azul-cargo-express-passo-7.webp 1441w\" sizes=\"(max-width: 1024px) 100vw, 1024px\" \/><\/figure>\n<\/div>\n\n\n<p>8 &#8211; Ap\u00f3s a confirma\u00e7\u00e3o do pagamento, a etiqueta de frete fica dispon\u00edvel para impress\u00e3o em &nbsp;<strong>Painel de Controle &gt; Meus Envios &gt; Envios Liberados.<\/strong><\/p>\n\n\n\n<p>Prontinho! Agora \u00e9 s\u00f3 imprimir a etiqueta de frete e preparar o envio do pedido.<\/p>\n\n\n\n<h3 class=\"wp-block-heading\">Frete Azul Cargo Express com integra\u00e7\u00e3o direto no carrinho da loja virtual<\/h3>\n\n\n\n<p>Como dissemos, al\u00e9m de calcular o frete de encomendas utilizando o site do Melhor Envio, \u00e9 poss\u00edvel tamb\u00e9m <a href=\"https:\/\/melhorenvio.com.br\/blog\/sobre-nos\/como-integrar-melhor-envio\/\" target=\"_blank\" rel=\"noreferrer noopener\">integrar a Calculadora de Frete <\/a>direto no site do produto e carrinho de compras do seu e-commerce.<\/p>\n\n\n\n<p>Essa integra\u00e7\u00e3o, ao mesmo tempo que oferece ao seu cliente as melhores condi\u00e7\u00f5es de frete nas maiores transportadoras do pa\u00eds, reduz tamb\u00e9m o indicador de abandono de carrinho por motivos relacionados \u00e0 entrega. O que, consequentemente, faz com que a sua loja venda mais!<\/p>\n\n\n\n<p>O Melhor Envio est\u00e1 dispon\u00edvel para integra\u00e7\u00e3o facilitada nas principais plataformas de e-commerce e marketplaces do Brasil, al\u00e9m de possuir uma API p\u00fablica que pode ser utilizada para quem possui site com desenvolvimento pr\u00f3prio.&nbsp;<\/p>\n\n\n\n<p>Confira um pouco sobre cada uma dessas formas de integra\u00e7\u00e3o em nosso v\u00eddeo exclusivo sobre o assunto.<\/p>\n\n\n\n<figure class=\"wp-block-embed is-type-video is-provider-youtube wp-block-embed-youtube wp-embed-aspect-16-9 wp-has-aspect-ratio\"><div class=\"wp-block-embed__wrapper\">\n<div class=\"jeg_video_container jeg_video_content\"><iframe loading=\"lazy\" title=\"#7 Como funcionam as integra\u00e7\u00f5es com o Melhor Envio\" width=\"500\" height=\"281\" src=\"https:\/\/www.youtube.com\/embed\/L8WD91k4Iy8?feature=oembed&#038;enablejsapi=1&#038;origin=https:\/\/melhorenvio.com.br\" frameborder=\"0\" allow=\"accelerometer; autoplay; clipboard-write; encrypted-media; gyroscope; picture-in-picture; web-share\" referrerpolicy=\"strict-origin-when-cross-origin\" allowfullscreen><\/iframe><\/div>\n<\/div><\/figure>\n\n\n\n<div class=\"wp-block-buttons is-content-justification-center is-layout-flex wp-container-core-buttons-is-layout-16018d1d wp-block-buttons-is-layout-flex\">\n<div class=\"wp-block-button\"><a class=\"wp-block-button__link has-background wp-element-button\" href=\"https:\/\/lp.melhorenvio.com.br\/integracao-melhor-envio\/\" style=\"background-color:#00519d\">Integre o Melhor Envio \u00e0 sua loja virtual<\/a><\/div>\n<\/div>\n\n\n\n<h2 class=\"wp-block-heading\" id=\"Rastreamento Azul Cargo Express: como acompanhar o andamento da minha carga?\"><strong><a href=\"https:\/\/melhorenvio.com.br\/blog\/frete-e-logistica\/azul-cargo-rastreio\/\">Rastreamento Azul Cargo Express<\/a>: como acompanhar o andamento da minha carga?<\/strong><\/h2>\n\n\n\n<p>O Melhor Rastreio \u00e9 uma solu\u00e7\u00e3o gratuita desenvolvida pelo Melhor Envio para centralizar as informa\u00e7\u00f5es de rastreamento de envios em um mesmo painel.&nbsp;<\/p>\n\n\n\n<p>Usando o Melhor Rastreio, <strong>\u00e9 poss\u00edvel acompanhar o andamento dos pedidos por meio de c\u00f3digos de rastreio gerados pelas transportadoras parceiras do Melhor Envio <\/strong>(Azul Cargo Express, Correios, J&amp;T Express, LATAM Cargo, Loggi, Buslog e Jadlog).<\/p>\n\n\n\n<p>Para fazer uma consulta simples no Melhor Rastreio basta:<\/p>\n\n\n\n<p>1 &#8211; Acessar a p\u00e1gina do <a href=\"https:\/\/melhorrastreio.com.br\/\" target=\"_blank\" rel=\"noreferrer noopener\">Melhor Rastreio<\/a>.<\/p>\n\n\n\n<p>2 &#8211; Digitar o <a href=\"https:\/\/melhorenvio.com.br\/blog\/frete-e-logistica\/codigo-de-rastreio\/\" target=\"_blank\" rel=\"noreferrer noopener\">c\u00f3digo de rastreio<\/a> e <strong>clicar em rastrear<\/strong>.&nbsp;<\/p>\n\n\n<div class=\"wp-block-image\">\n<figure class=\"aligncenter size-large\"><img decoding=\"async\" width=\"1024\" height=\"512\" src=\"https:\/\/blog.melhorenvio.com.br\/wp-content\/uploads\/2024\/06\/azul-carg-express-rastreio-melhor-envio-1024x512.webp\" alt=\"Tela da p\u00e1gina inicial do Melhor Rastreio\" class=\"wp-image-49270\" srcset=\"https:\/\/melhorenvio.com.br\/blog\/wp-content\/uploads\/2024\/06\/azul-carg-express-rastreio-melhor-envio-1024x512.webp 1024w, https:\/\/melhorenvio.com.br\/blog\/wp-content\/uploads\/2024\/06\/azul-carg-express-rastreio-melhor-envio-300x150.webp 300w, https:\/\/melhorenvio.com.br\/blog\/wp-content\/uploads\/2024\/06\/azul-carg-express-rastreio-melhor-envio-768x384.webp 768w, https:\/\/melhorenvio.com.br\/blog\/wp-content\/uploads\/2024\/06\/azul-carg-express-rastreio-melhor-envio-1536x768.webp 1536w, https:\/\/melhorenvio.com.br\/blog\/wp-content\/uploads\/2024\/06\/azul-carg-express-rastreio-melhor-envio-150x75.webp 150w, https:\/\/melhorenvio.com.br\/blog\/wp-content\/uploads\/2024\/06\/azul-carg-express-rastreio-melhor-envio-360x180.webp 360w, https:\/\/melhorenvio.com.br\/blog\/wp-content\/uploads\/2024\/06\/azul-carg-express-rastreio-melhor-envio-750x375.webp 750w, https:\/\/melhorenvio.com.br\/blog\/wp-content\/uploads\/2024\/06\/azul-carg-express-rastreio-melhor-envio-1140x570.webp 1140w, https:\/\/melhorenvio.com.br\/blog\/wp-content\/uploads\/2024\/06\/azul-carg-express-rastreio-melhor-envio.webp 1600w\" sizes=\"(max-width: 1024px) 100vw, 1024px\" \/><\/figure>\n<\/div>\n\n\n<p>E n\u00e3o para por a\u00ed, com o Melhor Rastreio tamb\u00e9m \u00e9 poss\u00edvel cadastrar remessas para que o cliente seja avisado automaticamente sobre cada movimenta\u00e7\u00e3o do pacote.<\/p>\n\n\n<div class=\"wp-block-image\">\n<figure class=\"aligncenter size-large\"><img decoding=\"async\" width=\"1024\" height=\"300\" src=\"https:\/\/blog.melhorenvio.com.br\/wp-content\/uploads\/2024\/06\/azul-cargo-rastreio-melhor-envio-enviar-alerta-1024x300.webp\" alt=\"Vantagens do Melhor Rastreio: Busque e acompanhe encomenda e receba notifica\u00e7\u00f5es\" class=\"wp-image-49271\" srcset=\"https:\/\/melhorenvio.com.br\/blog\/wp-content\/uploads\/2024\/06\/azul-cargo-rastreio-melhor-envio-enviar-alerta-1024x300.webp 1024w, https:\/\/melhorenvio.com.br\/blog\/wp-content\/uploads\/2024\/06\/azul-cargo-rastreio-melhor-envio-enviar-alerta-300x88.webp 300w, https:\/\/melhorenvio.com.br\/blog\/wp-content\/uploads\/2024\/06\/azul-cargo-rastreio-melhor-envio-enviar-alerta-768x225.webp 768w, https:\/\/melhorenvio.com.br\/blog\/wp-content\/uploads\/2024\/06\/azul-cargo-rastreio-melhor-envio-enviar-alerta-150x44.webp 150w, https:\/\/melhorenvio.com.br\/blog\/wp-content\/uploads\/2024\/06\/azul-cargo-rastreio-melhor-envio-enviar-alerta-750x220.webp 750w, https:\/\/melhorenvio.com.br\/blog\/wp-content\/uploads\/2024\/06\/azul-cargo-rastreio-melhor-envio-enviar-alerta-1140x334.webp 1140w, https:\/\/melhorenvio.com.br\/blog\/wp-content\/uploads\/2024\/06\/azul-cargo-rastreio-melhor-envio-enviar-alerta.webp 1464w\" sizes=\"(max-width: 1024px) 100vw, 1024px\" \/><\/figure>\n<\/div>\n\n\n<p>No entanto, para ter acesso a recursos avan\u00e7ados \u00e9 necess\u00e1rio fazer o cadastro gratuito no Melhor Rastreio (mesmo quem j\u00e1 \u00e9 cadastrado no Melhor Envio).&nbsp;<\/p>\n\n\n\n<p>Fa\u00e7a o seu cadastro agora mesmo, e aproveite!<\/p>\n\n\n\n<div class=\"wp-block-buttons is-content-justification-center is-layout-flex wp-container-core-buttons-is-layout-16018d1d wp-block-buttons-is-layout-flex\">\n<div class=\"wp-block-button\"><a class=\"wp-block-button__link has-background wp-element-button\" href=\"https:\/\/melhorrastreio.com.br\/?utm_source=blog&amp;utm_medium=ctapost&amp;utm_campaign=post&amp;utm_content=transportadora-loggi-no-melhor-envio\" style=\"background-color:#0b519d\" target=\"_blank\" rel=\"noreferrer noopener\">Cadastre-se gr\u00e1tis no Melhor Rastreio<\/a><\/div>\n<\/div>\n","protected":false},"excerpt":{"rendered":"<p>Aprenda como contratar um frete da Azul Cargo Express pelo Melhor Envio.<\/p>\n","protected":false},"author":51,"featured_media":49277,"comment_status":"closed","ping_status":"open","sticky":false,"template":"","format":"standard","meta":{"_acf_changed":false,"jnews-multi-image_gallery":[],"jnews_single_post":{"subtitle":"","format":"standard","video":"","gallery":"","source_name":"","source_url":"","via_name":"","via_url":"","override_template":"0","override":[{"template":"4","single_blog_custom":"","parallax":"1","fullscreen":"0","layout":"right-sidebar","sidebar":"","second_sidebar":"","sticky_sidebar":"1","share_position":"","share_float_style":"","show_share_counter":"1","show_view_counter":"1","show_featured":"1","show_post_meta":"1","show_post_author":"1","show_post_author_image":"1","show_post_date":"1","post_date_format":"","post_date_format_custom":"","show_post_category":"1","show_post_reading_time":"0","post_reading_time_wpm":"","show_zoom_button":"0","zoom_button_out_step":"1","zoom_button_in_step":"1","show_post_tag":"1","show_prev_next_post":"1","show_popup_post":"1","number_popup_post":"1","show_author_box":"0","show_post_related":"0","show_inline_post_related":"0"}],"override_image_size":"0","image_override":[{"single_post_thumbnail_size":"","single_post_gallery_size":""}],"trending_post":"0","trending_post_position":"","trending_post_label":"","sponsored_post":"0","sponsored_post_label":"","sponsored_post_name":"","sponsored_post_url":"","sponsored_post_logo_enable":"0","sponsored_post_logo":"","sponsored_post_desc":"","disable_ad":"0"},"jnews_primary_category":{"id":"","hide":""},"footnotes":""},"categories":[52],"tags":[635,636,482],"class_list":["post-37235","post","type-post","status-publish","format-standard","has-post-thumbnail","hentry","category-frete-e-logistica","tag-azul-cargo","tag-azul-cargo-express","tag-transportadoras"],"acf":[],"yoast_head":"<!-- This site is optimized with the Yoast SEO plugin v27.3 - https:\/\/yoast.com\/product\/yoast-seo-wordpress\/ -->\n<title>Azul Cargo Express: tudo sobre a transportadora \u00e1rea [GUIA 2025]<\/title>\n<meta name=\"description\" content=\"A Azul Cargo Express \u00e9 o bra\u00e7o log\u00edstico da Azul Linhas A\u00e9reas. Descubra como calcular frete Azul Cargo barato com o Melhor Envio.\" \/>\n<meta name=\"robots\" content=\"index, follow, max-snippet:-1, max-image-preview:large, max-video-preview:-1\" \/>\n<link rel=\"canonical\" href=\"https:\/\/melhorenvio.com.br\/blog\/frete-e-logistica\/azul-cargo-express-no-melhor-envio\/\" \/>\n<meta property=\"og:locale\" content=\"pt_BR\" \/>\n<meta property=\"og:type\" content=\"article\" \/>\n<meta property=\"og:title\" content=\"Azul Cargo Express: tudo sobre a transportadora \u00e1rea [GUIA 2025]\" \/>\n<meta property=\"og:description\" content=\"A Azul Cargo Express \u00e9 o bra\u00e7o log\u00edstico da Azul Linhas A\u00e9reas. Descubra como calcular frete Azul Cargo barato com o Melhor Envio.\" \/>\n<meta property=\"og:url\" content=\"https:\/\/melhorenvio.com.br\/blog\/frete-e-logistica\/azul-cargo-express-no-melhor-envio\/\" \/>\n<meta property=\"og:site_name\" content=\"Blog Melhor Envio\" \/>\n<meta property=\"article:publisher\" content=\"https:\/\/www.facebook.com\/MelhorEnvio\/\" \/>\n<meta property=\"article:published_time\" content=\"2024-06-19T19:47:18+00:00\" \/>\n<meta property=\"article:modified_time\" content=\"2026-04-10T16:27:00+00:00\" \/>\n<meta property=\"og:image\" content=\"https:\/\/melhorenvio.com.br\/blog\/wp-content\/uploads\/2021\/02\/azul-cargo-expres-blog-melhor-envio-destacada-1.webp\" \/>\n\t<meta property=\"og:image:width\" content=\"2500\" \/>\n\t<meta property=\"og:image:height\" content=\"941\" \/>\n\t<meta property=\"og:image:type\" content=\"image\/webp\" \/>\n<meta name=\"author\" content=\"Thiago Soares\" \/>\n<meta name=\"twitter:card\" content=\"summary_large_image\" \/>\n<meta name=\"twitter:creator\" content=\"@melhorenvio\" \/>\n<meta name=\"twitter:site\" content=\"@melhorenvio\" \/>\n<meta name=\"twitter:label1\" content=\"Escrito por\" \/>\n\t<meta name=\"twitter:data1\" content=\"Thiago Soares\" \/>\n\t<meta name=\"twitter:label2\" content=\"Est. tempo de leitura\" \/>\n\t<meta name=\"twitter:data2\" content=\"9 minutos\" \/>\n<script type=\"application\/ld+json\" class=\"yoast-schema-graph\">{\"@context\":\"https:\\\/\\\/schema.org\",\"@graph\":[{\"@type\":\"Article\",\"@id\":\"https:\\\/\\\/melhorenvio.com.br\\\/blog\\\/frete-e-logistica\\\/azul-cargo-express-no-melhor-envio\\\/#article\",\"isPartOf\":{\"@id\":\"https:\\\/\\\/melhorenvio.com.br\\\/blog\\\/frete-e-logistica\\\/azul-cargo-express-no-melhor-envio\\\/\"},\"author\":{\"name\":\"Thiago Soares\",\"@id\":\"https:\\\/\\\/blog.melhorenvio.com.br\\\/#\\\/schema\\\/person\\\/380cc4e5bc565c2d87f20a567a8ff587\"},\"headline\":\"Azul Cargo Express: como funciona no Melhor Envio\",\"datePublished\":\"2024-06-19T19:47:18+00:00\",\"dateModified\":\"2026-04-10T16:27:00+00:00\",\"mainEntityOfPage\":{\"@id\":\"https:\\\/\\\/melhorenvio.com.br\\\/blog\\\/frete-e-logistica\\\/azul-cargo-express-no-melhor-envio\\\/\"},\"wordCount\":1177,\"publisher\":{\"@id\":\"https:\\\/\\\/blog.melhorenvio.com.br\\\/#organization\"},\"image\":{\"@id\":\"https:\\\/\\\/melhorenvio.com.br\\\/blog\\\/frete-e-logistica\\\/azul-cargo-express-no-melhor-envio\\\/#primaryimage\"},\"thumbnailUrl\":\"https:\\\/\\\/melhorenvio.com.br\\\/blog\\\/wp-content\\\/uploads\\\/2021\\\/02\\\/azul-cargo-expres-blog-melhor-envio-destacada-1.webp\",\"keywords\":[\"Azul Cargo\",\"Azul Cargo Express\",\"Transportadoras\"],\"articleSection\":[\"Frete e Log\u00edstica\"],\"inLanguage\":\"pt-BR\"},{\"@type\":\"WebPage\",\"@id\":\"https:\\\/\\\/melhorenvio.com.br\\\/blog\\\/frete-e-logistica\\\/azul-cargo-express-no-melhor-envio\\\/\",\"url\":\"https:\\\/\\\/melhorenvio.com.br\\\/blog\\\/frete-e-logistica\\\/azul-cargo-express-no-melhor-envio\\\/\",\"name\":\"Azul Cargo Express: tudo sobre a transportadora \u00e1rea [GUIA 2025]\",\"isPartOf\":{\"@id\":\"https:\\\/\\\/blog.melhorenvio.com.br\\\/#website\"},\"primaryImageOfPage\":{\"@id\":\"https:\\\/\\\/melhorenvio.com.br\\\/blog\\\/frete-e-logistica\\\/azul-cargo-express-no-melhor-envio\\\/#primaryimage\"},\"image\":{\"@id\":\"https:\\\/\\\/melhorenvio.com.br\\\/blog\\\/frete-e-logistica\\\/azul-cargo-express-no-melhor-envio\\\/#primaryimage\"},\"thumbnailUrl\":\"https:\\\/\\\/melhorenvio.com.br\\\/blog\\\/wp-content\\\/uploads\\\/2021\\\/02\\\/azul-cargo-expres-blog-melhor-envio-destacada-1.webp\",\"datePublished\":\"2024-06-19T19:47:18+00:00\",\"dateModified\":\"2026-04-10T16:27:00+00:00\",\"description\":\"A Azul Cargo Express \u00e9 o bra\u00e7o log\u00edstico da Azul Linhas A\u00e9reas. Descubra como calcular frete Azul Cargo barato com o Melhor Envio.\",\"inLanguage\":\"pt-BR\",\"potentialAction\":[{\"@type\":\"ReadAction\",\"target\":[\"https:\\\/\\\/melhorenvio.com.br\\\/blog\\\/frete-e-logistica\\\/azul-cargo-express-no-melhor-envio\\\/\"]}]},{\"@type\":\"ImageObject\",\"inLanguage\":\"pt-BR\",\"@id\":\"https:\\\/\\\/melhorenvio.com.br\\\/blog\\\/frete-e-logistica\\\/azul-cargo-express-no-melhor-envio\\\/#primaryimage\",\"url\":\"https:\\\/\\\/melhorenvio.com.br\\\/blog\\\/wp-content\\\/uploads\\\/2021\\\/02\\\/azul-cargo-expres-blog-melhor-envio-destacada-1.webp\",\"contentUrl\":\"https:\\\/\\\/melhorenvio.com.br\\\/blog\\\/wp-content\\\/uploads\\\/2021\\\/02\\\/azul-cargo-expres-blog-melhor-envio-destacada-1.webp\",\"width\":2500,\"height\":941,\"caption\":\"avi\u00e3o planando no c\u00e9u azul acima das nuvens\"},{\"@type\":\"WebSite\",\"@id\":\"https:\\\/\\\/blog.melhorenvio.com.br\\\/#website\",\"url\":\"https:\\\/\\\/blog.melhorenvio.com.br\\\/\",\"name\":\"Blog Melhor Envio\",\"description\":\"Aprenda a economizar na gest\u00e3o de fretes\",\"publisher\":{\"@id\":\"https:\\\/\\\/blog.melhorenvio.com.br\\\/#organization\"},\"alternateName\":\"Blog do Melhor Envio\",\"potentialAction\":[{\"@type\":\"SearchAction\",\"target\":{\"@type\":\"EntryPoint\",\"urlTemplate\":\"https:\\\/\\\/blog.melhorenvio.com.br\\\/?s={search_term_string}\"},\"query-input\":{\"@type\":\"PropertyValueSpecification\",\"valueRequired\":true,\"valueName\":\"search_term_string\"}}],\"inLanguage\":\"pt-BR\"},{\"@type\":\"Organization\",\"@id\":\"https:\\\/\\\/blog.melhorenvio.com.br\\\/#organization\",\"name\":\"Melhor Envio\",\"alternateName\":\"Melhor Envio\",\"url\":\"https:\\\/\\\/blog.melhorenvio.com.br\\\/\",\"logo\":{\"@type\":\"ImageObject\",\"inLanguage\":\"pt-BR\",\"@id\":\"https:\\\/\\\/blog.melhorenvio.com.br\\\/#\\\/schema\\\/logo\\\/image\\\/\",\"url\":\"https:\\\/\\\/melhorenvio.com.br\\\/blog\\\/wp-content\\\/uploads\\\/2022\\\/12\\\/blog-logo-melhor-envio.webp\",\"contentUrl\":\"https:\\\/\\\/melhorenvio.com.br\\\/blog\\\/wp-content\\\/uploads\\\/2022\\\/12\\\/blog-logo-melhor-envio.webp\",\"width\":188,\"height\":96,\"caption\":\"Melhor Envio\"},\"image\":{\"@id\":\"https:\\\/\\\/blog.melhorenvio.com.br\\\/#\\\/schema\\\/logo\\\/image\\\/\"},\"sameAs\":[\"https:\\\/\\\/www.facebook.com\\\/MelhorEnvio\\\/\",\"https:\\\/\\\/x.com\\\/melhorenvio\",\"https:\\\/\\\/www.instagram.com\\\/melhorenvio\",\"https:\\\/\\\/www.youtube.com\\\/melhorenviooficial\",\"https:\\\/\\\/br.linkedin.com\\\/company\\\/melhorenvio\"]},{\"@type\":\"Person\",\"@id\":\"https:\\\/\\\/blog.melhorenvio.com.br\\\/#\\\/schema\\\/person\\\/380cc4e5bc565c2d87f20a567a8ff587\",\"name\":\"Thiago Soares\",\"image\":{\"@type\":\"ImageObject\",\"inLanguage\":\"pt-BR\",\"@id\":\"https:\\\/\\\/secure.gravatar.com\\\/avatar\\\/37146dedea0642b5bd93475a3a6131ef2d4889187a2e0517464ed0f537281610?s=96&d=mm&r=g\",\"url\":\"https:\\\/\\\/secure.gravatar.com\\\/avatar\\\/37146dedea0642b5bd93475a3a6131ef2d4889187a2e0517464ed0f537281610?s=96&d=mm&r=g\",\"contentUrl\":\"https:\\\/\\\/secure.gravatar.com\\\/avatar\\\/37146dedea0642b5bd93475a3a6131ef2d4889187a2e0517464ed0f537281610?s=96&d=mm&r=g\",\"caption\":\"Thiago Soares\"},\"description\":\"Especialista em conte\u00fado para e-commerce formado em Letras pela UERJ e com MBA em Marketing pela USP\\\/Esalq. Conta com mais de 12 anos de experi\u00eancia em produ\u00e7\u00e3o de conte\u00fado para grandes marcas do mercado nacional como Buscap\u00e9, Tray, Zoom, Bagy e outras. Atualmente, tem como prop\u00f3sito ajudar lojistas, de todos os tamanhos, a vender mais pela internet. Para isso, atua na equipe de produ\u00e7\u00e3o de conte\u00fado do Melhor Envio, plataforma digital que est\u00e1 revolucionando a log\u00edstica para e-commerce.\",\"sameAs\":[\"https:\\\/\\\/br.linkedin.com\\\/in\\\/thiago-rocha-soares\"],\"url\":\"https:\\\/\\\/melhorenvio.com.br\\\/blog\\\/author\\\/thiago-soares\\\/\"}]}<\/script>\n<!-- \/ Yoast SEO plugin. -->","yoast_head_json":{"title":"Azul Cargo Express: tudo sobre a transportadora \u00e1rea [GUIA 2025]","description":"A Azul Cargo Express \u00e9 o bra\u00e7o log\u00edstico da Azul Linhas A\u00e9reas. Descubra como calcular frete Azul Cargo barato com o Melhor Envio.","robots":{"index":"index","follow":"follow","max-snippet":"max-snippet:-1","max-image-preview":"max-image-preview:large","max-video-preview":"max-video-preview:-1"},"canonical":"https:\/\/melhorenvio.com.br\/blog\/frete-e-logistica\/azul-cargo-express-no-melhor-envio\/","og_locale":"pt_BR","og_type":"article","og_title":"Azul Cargo Express: tudo sobre a transportadora \u00e1rea [GUIA 2025]","og_description":"A Azul Cargo Express \u00e9 o bra\u00e7o log\u00edstico da Azul Linhas A\u00e9reas. Descubra como calcular frete Azul Cargo barato com o Melhor Envio.","og_url":"https:\/\/melhorenvio.com.br\/blog\/frete-e-logistica\/azul-cargo-express-no-melhor-envio\/","og_site_name":"Blog Melhor Envio","article_publisher":"https:\/\/www.facebook.com\/MelhorEnvio\/","article_published_time":"2024-06-19T19:47:18+00:00","article_modified_time":"2026-04-10T16:27:00+00:00","og_image":[{"width":2500,"height":941,"url":"https:\/\/melhorenvio.com.br\/blog\/wp-content\/uploads\/2021\/02\/azul-cargo-expres-blog-melhor-envio-destacada-1.webp","type":"image\/webp"}],"author":"Thiago Soares","twitter_card":"summary_large_image","twitter_creator":"@melhorenvio","twitter_site":"@melhorenvio","twitter_misc":{"Escrito por":"Thiago Soares","Est. tempo de leitura":"9 minutos"},"schema":{"@context":"https:\/\/schema.org","@graph":[{"@type":"Article","@id":"https:\/\/melhorenvio.com.br\/blog\/frete-e-logistica\/azul-cargo-express-no-melhor-envio\/#article","isPartOf":{"@id":"https:\/\/melhorenvio.com.br\/blog\/frete-e-logistica\/azul-cargo-express-no-melhor-envio\/"},"author":{"name":"Thiago Soares","@id":"https:\/\/blog.melhorenvio.com.br\/#\/schema\/person\/380cc4e5bc565c2d87f20a567a8ff587"},"headline":"Azul Cargo Express: como funciona no Melhor Envio","datePublished":"2024-06-19T19:47:18+00:00","dateModified":"2026-04-10T16:27:00+00:00","mainEntityOfPage":{"@id":"https:\/\/melhorenvio.com.br\/blog\/frete-e-logistica\/azul-cargo-express-no-melhor-envio\/"},"wordCount":1177,"publisher":{"@id":"https:\/\/blog.melhorenvio.com.br\/#organization"},"image":{"@id":"https:\/\/melhorenvio.com.br\/blog\/frete-e-logistica\/azul-cargo-express-no-melhor-envio\/#primaryimage"},"thumbnailUrl":"https:\/\/melhorenvio.com.br\/blog\/wp-content\/uploads\/2021\/02\/azul-cargo-expres-blog-melhor-envio-destacada-1.webp","keywords":["Azul Cargo","Azul Cargo Express","Transportadoras"],"articleSection":["Frete e Log\u00edstica"],"inLanguage":"pt-BR"},{"@type":"WebPage","@id":"https:\/\/melhorenvio.com.br\/blog\/frete-e-logistica\/azul-cargo-express-no-melhor-envio\/","url":"https:\/\/melhorenvio.com.br\/blog\/frete-e-logistica\/azul-cargo-express-no-melhor-envio\/","name":"Azul Cargo Express: tudo sobre a transportadora \u00e1rea [GUIA 2025]","isPartOf":{"@id":"https:\/\/blog.melhorenvio.com.br\/#website"},"primaryImageOfPage":{"@id":"https:\/\/melhorenvio.com.br\/blog\/frete-e-logistica\/azul-cargo-express-no-melhor-envio\/#primaryimage"},"image":{"@id":"https:\/\/melhorenvio.com.br\/blog\/frete-e-logistica\/azul-cargo-express-no-melhor-envio\/#primaryimage"},"thumbnailUrl":"https:\/\/melhorenvio.com.br\/blog\/wp-content\/uploads\/2021\/02\/azul-cargo-expres-blog-melhor-envio-destacada-1.webp","datePublished":"2024-06-19T19:47:18+00:00","dateModified":"2026-04-10T16:27:00+00:00","description":"A Azul Cargo Express \u00e9 o bra\u00e7o log\u00edstico da Azul Linhas A\u00e9reas. Descubra como calcular frete Azul Cargo barato com o Melhor Envio.","inLanguage":"pt-BR","potentialAction":[{"@type":"ReadAction","target":["https:\/\/melhorenvio.com.br\/blog\/frete-e-logistica\/azul-cargo-express-no-melhor-envio\/"]}]},{"@type":"ImageObject","inLanguage":"pt-BR","@id":"https:\/\/melhorenvio.com.br\/blog\/frete-e-logistica\/azul-cargo-express-no-melhor-envio\/#primaryimage","url":"https:\/\/melhorenvio.com.br\/blog\/wp-content\/uploads\/2021\/02\/azul-cargo-expres-blog-melhor-envio-destacada-1.webp","contentUrl":"https:\/\/melhorenvio.com.br\/blog\/wp-content\/uploads\/2021\/02\/azul-cargo-expres-blog-melhor-envio-destacada-1.webp","width":2500,"height":941,"caption":"avi\u00e3o planando no c\u00e9u azul acima das nuvens"},{"@type":"WebSite","@id":"https:\/\/blog.melhorenvio.com.br\/#website","url":"https:\/\/blog.melhorenvio.com.br\/","name":"Blog Melhor Envio","description":"Aprenda a economizar na gest\u00e3o de fretes","publisher":{"@id":"https:\/\/blog.melhorenvio.com.br\/#organization"},"alternateName":"Blog do Melhor Envio","potentialAction":[{"@type":"SearchAction","target":{"@type":"EntryPoint","urlTemplate":"https:\/\/blog.melhorenvio.com.br\/?s={search_term_string}"},"query-input":{"@type":"PropertyValueSpecification","valueRequired":true,"valueName":"search_term_string"}}],"inLanguage":"pt-BR"},{"@type":"Organization","@id":"https:\/\/blog.melhorenvio.com.br\/#organization","name":"Melhor Envio","alternateName":"Melhor Envio","url":"https:\/\/blog.melhorenvio.com.br\/","logo":{"@type":"ImageObject","inLanguage":"pt-BR","@id":"https:\/\/blog.melhorenvio.com.br\/#\/schema\/logo\/image\/","url":"https:\/\/melhorenvio.com.br\/blog\/wp-content\/uploads\/2022\/12\/blog-logo-melhor-envio.webp","contentUrl":"https:\/\/melhorenvio.com.br\/blog\/wp-content\/uploads\/2022\/12\/blog-logo-melhor-envio.webp","width":188,"height":96,"caption":"Melhor Envio"},"image":{"@id":"https:\/\/blog.melhorenvio.com.br\/#\/schema\/logo\/image\/"},"sameAs":["https:\/\/www.facebook.com\/MelhorEnvio\/","https:\/\/x.com\/melhorenvio","https:\/\/www.instagram.com\/melhorenvio","https:\/\/www.youtube.com\/melhorenviooficial","https:\/\/br.linkedin.com\/company\/melhorenvio"]},{"@type":"Person","@id":"https:\/\/blog.melhorenvio.com.br\/#\/schema\/person\/380cc4e5bc565c2d87f20a567a8ff587","name":"Thiago Soares","image":{"@type":"ImageObject","inLanguage":"pt-BR","@id":"https:\/\/secure.gravatar.com\/avatar\/37146dedea0642b5bd93475a3a6131ef2d4889187a2e0517464ed0f537281610?s=96&d=mm&r=g","url":"https:\/\/secure.gravatar.com\/avatar\/37146dedea0642b5bd93475a3a6131ef2d4889187a2e0517464ed0f537281610?s=96&d=mm&r=g","contentUrl":"https:\/\/secure.gravatar.com\/avatar\/37146dedea0642b5bd93475a3a6131ef2d4889187a2e0517464ed0f537281610?s=96&d=mm&r=g","caption":"Thiago Soares"},"description":"Especialista em conte\u00fado para e-commerce formado em Letras pela UERJ e com MBA em Marketing pela USP\/Esalq. Conta com mais de 12 anos de experi\u00eancia em produ\u00e7\u00e3o de conte\u00fado para grandes marcas do mercado nacional como Buscap\u00e9, Tray, Zoom, Bagy e outras. Atualmente, tem como prop\u00f3sito ajudar lojistas, de todos os tamanhos, a vender mais pela internet. Para isso, atua na equipe de produ\u00e7\u00e3o de conte\u00fado do Melhor Envio, plataforma digital que est\u00e1 revolucionando a log\u00edstica para e-commerce.","sameAs":["https:\/\/br.linkedin.com\/in\/thiago-rocha-soares"],"url":"https:\/\/melhorenvio.com.br\/blog\/author\/thiago-soares\/"}]}},"_links":{"self":[{"href":"https:\/\/melhorenvio.com.br\/blog\/wp-json\/wp\/v2\/posts\/37235","targetHints":{"allow":["GET"]}}],"collection":[{"href":"https:\/\/melhorenvio.com.br\/blog\/wp-json\/wp\/v2\/posts"}],"about":[{"href":"https:\/\/melhorenvio.com.br\/blog\/wp-json\/wp\/v2\/types\/post"}],"author":[{"embeddable":true,"href":"https:\/\/melhorenvio.com.br\/blog\/wp-json\/wp\/v2\/users\/51"}],"replies":[{"embeddable":true,"href":"https:\/\/melhorenvio.com.br\/blog\/wp-json\/wp\/v2\/comments?post=37235"}],"version-history":[{"count":43,"href":"https:\/\/melhorenvio.com.br\/blog\/wp-json\/wp\/v2\/posts\/37235\/revisions"}],"predecessor-version":[{"id":59734,"href":"https:\/\/melhorenvio.com.br\/blog\/wp-json\/wp\/v2\/posts\/37235\/revisions\/59734"}],"wp:featuredmedia":[{"embeddable":true,"href":"https:\/\/melhorenvio.com.br\/blog\/wp-json\/wp\/v2\/media\/49277"}],"wp:attachment":[{"href":"https:\/\/melhorenvio.com.br\/blog\/wp-json\/wp\/v2\/media?parent=37235"}],"wp:term":[{"taxonomy":"category","embeddable":true,"href":"https:\/\/melhorenvio.com.br\/blog\/wp-json\/wp\/v2\/categories?post=37235"},{"taxonomy":"post_tag","embeddable":true,"href":"https:\/\/melhorenvio.com.br\/blog\/wp-json\/wp\/v2\/tags?post=37235"}],"curies":[{"name":"wp","href":"https:\/\/api.w.org\/{rel}","templated":true}]}}