{"id":37592,"date":"2021-04-22T14:00:00","date_gmt":"2021-04-22T17:00:00","guid":{"rendered":"https:\/\/blog.melhorenvio.com.br\/?p=37592"},"modified":"2026-04-16T17:39:15","modified_gmt":"2026-04-16T20:39:15","slug":"e-commerce-e-acessibilidade-na-web-o-que-sua-loja-virtual-pode-fazer","status":"publish","type":"post","link":"https:\/\/melhorenvio.com.br\/blog\/ecommerce-e-marketplace\/e-commerce-e-acessibilidade-na-web-o-que-sua-loja-virtual-pode-fazer\/","title":{"rendered":"E-commerce e acessibilidade na web: o que sua loja virtual pode fazer?"},"content":{"rendered":"\n<p><strong><em>Entenda o que \u00e9 acessibilidade na web, porque esse assunto \u00e9 muito importante e como os e-commerces podem se adaptar para oferecer uma melhor experi\u00eancia de compra a pessoas com defici\u00eancia.<\/em><\/strong><\/p>\n\n\n\n<p>Trazer \u00e0 tona a quest\u00e3o da <strong>acessibilidade na web<\/strong> voltada para e-commerces \u00e9 muito importante porque, por mais que o com\u00e9rcio eletr\u00f4nico esteja crescendo bastante, ainda n\u00e3o nota-se uma preocupa\u00e7\u00e3o geral sobre tornar os espa\u00e7os virtuais de compra mais inclusivos. E olha que n\u00e3o estamos falando de um mercado pequeno&#8230;<\/p>\n\n\n\n<p>Segundo dados do IBGE, <strong>cerca de 45 milh\u00f5es de brasileiros possuem algum tipo de defici\u00eancia<\/strong>, o que representa mais de 24% da popula\u00e7\u00e3o. Desse total, os tipos de defici\u00eancia mais comuns s\u00e3o visual, motora e auditiva.<\/p>\n\n\n\n<p>Os dados t\u00eam como base o Censo 2010, j\u00e1 que a pr\u00f3xima pesquisa do tipo ainda est\u00e1 em constru\u00e7\u00e3o. No gr\u00e1fico abaixo, \u00e9 poss\u00edvel compreender melhor como se configura a popula\u00e7\u00e3o de brasileiros com algum tipo de defici\u00eancia.<\/p>\n\n\n\n<figure class=\"wp-block-image size-full\"><img decoding=\"async\" width=\"682\" height=\"560\" src=\"https:\/\/melhorenvio.com.br\/blog\/wp-content\/uploads\/2021\/04\/ayZeBuV602MCbQzs7gDRC-Tlxks8xo-A8Yqc-8atuQJRllIo4-sxgsGWF0sKV_56nmfoKY4_41LIgN2GZjphodjNBoAya3JW357_3fDKcpCAoHWKOSyCLo8gADeIj5fq3gkN1Y0D.jpg\" alt=\"cerca de 45 milhoes de brasileiros possuem algum tipo de deficiencia\" class=\"wp-image-57704\" srcset=\"https:\/\/melhorenvio.com.br\/blog\/wp-content\/uploads\/2021\/04\/ayZeBuV602MCbQzs7gDRC-Tlxks8xo-A8Yqc-8atuQJRllIo4-sxgsGWF0sKV_56nmfoKY4_41LIgN2GZjphodjNBoAya3JW357_3fDKcpCAoHWKOSyCLo8gADeIj5fq3gkN1Y0D.jpg 682w, https:\/\/melhorenvio.com.br\/blog\/wp-content\/uploads\/2021\/04\/ayZeBuV602MCbQzs7gDRC-Tlxks8xo-A8Yqc-8atuQJRllIo4-sxgsGWF0sKV_56nmfoKY4_41LIgN2GZjphodjNBoAya3JW357_3fDKcpCAoHWKOSyCLo8gADeIj5fq3gkN1Y0D-300x246.jpg 300w, https:\/\/melhorenvio.com.br\/blog\/wp-content\/uploads\/2021\/04\/ayZeBuV602MCbQzs7gDRC-Tlxks8xo-A8Yqc-8atuQJRllIo4-sxgsGWF0sKV_56nmfoKY4_41LIgN2GZjphodjNBoAya3JW357_3fDKcpCAoHWKOSyCLo8gADeIj5fq3gkN1Y0D-150x123.jpg 150w\" sizes=\"(max-width: 682px) 100vw, 682px\" \/><\/figure>\n\n\n\n<p>Os n\u00fameros acima refor\u00e7am a import\u00e2ncia da acessibilidade na web voltada para e-commerces. Muito mais do que oferecer um diferencial ou expandir o mercado de atua\u00e7\u00e3o, tornar uma loja virtual inclusiva \u00e9 uma quest\u00e3o de garantir autonomia a essa parcela do p\u00fablico consumidor. Mas, o que pode ser feito?<\/p>\n\n\n\n<h2 class=\"wp-block-heading\">Acessibilidade na web: um panorama do mercado brasileiro<\/h2>\n\n\n\n<p>Antes de mais nada, <strong>o que \u00e9 acessibilidade na web<\/strong>? Quando falamos sobre esse assunto, estamos nos referindo a um <strong>conjunto de a\u00e7\u00f5es e cuidados que precisam ser tomados para garantir que pessoas com defici\u00eancia consigam acessar websites<\/strong>. Tais sites devem ser responsivos a aparelhos e softwares que muitas vezes s\u00e3o usados por pessoas com algum tipo de defici\u00eancia, como leitores de tela, entrada por voz e display Braille.<\/p>\n\n\n\n<p>O mercado em potencial \u00e9 grande. S\u00f3 para se ter uma ideia, a Sociedade Brasileira de Varejo e Consumo (SBVC) realizou uma pesquisa em parceria com a Toluna para tra\u00e7ar os h\u00e1bitos de consumo online das pessoas com defici\u00eancia no Brasil. De acordo com o estudo, 37% desse p\u00fablico compram pela internet mensalmente, e 23% quinzenalmente. O computador (50%) e o smartphone (46%) s\u00e3o os dispositivos mais usados para realizar as compras.<\/p>\n\n\n\n<p>Apesar dos n\u00fameros expressivos, outra pesquisa mostra a dificuldade que esse p\u00fablico ainda enfrenta para comprar com autonomia, seja em lojas f\u00edsicas ou online. De acordo com relat\u00f3rio divulgado no final de 2020 pelo N\u00facleo de Intelig\u00eancia e Pesquisas da Escola de Prote\u00e7\u00e3o e Defesa do Consumidor do Procon-SP, 59,15% das pessoas com defici\u00eancia entrevistadas informaram que \u201c\u00e0s vezes\u201d encontram dificuldade para comprar em lojas f\u00edsicas e 34,74% disseram que \u201csempre\u201d enfrentam problemas.<\/p>\n\n\n\n<p>Em rela\u00e7\u00e3o ao com\u00e9rcio eletr\u00f4nico, 74,18% dos entrevistados dizem que <a href=\"https:\/\/melhorenvio.com.br\/blog\/ecommerce-e-marketplace\/como-criar-uma-marca-para-comecar-a-vender-pela-internet\/\" target=\"_blank\" rel=\"noreferrer noopener\">usam a internet para comprar<\/a>. Desses, 39,24% alegam que enfrentam problemas para comprar pela internet. As quest\u00f5es sens\u00edveis mais relatadas s\u00e3o a <strong>dificuldade para conseguir atendimento (SAC e outros canais), site n\u00e3o acess\u00edvel e falta de informa\u00e7\u00f5es sobre produtos<\/strong>.&nbsp;<\/p>\n\n\n\n<p>Como pode ser observado, quando falamos de acessibilidade na web, estamos nos referindo a um p\u00fablico consumidor grande e cada vez mais conectado. Prestar aten\u00e7\u00e3o em como os canais de venda e atendimento do seu e-commerce recebem esses consumidores \u00e9 muito importante tanto para atender a esse p\u00fablico quanto para promover a inclus\u00e3o.<\/p>\n\n\n\n<h2 class=\"wp-block-heading\">O que a lei diz sobre acessibilidade na web?<\/h2>\n\n\n\n<p>O<strong> <\/strong><a href=\"https:\/\/www2.senado.leg.br\/bdsf\/bitstream\/handle\/id\/533814\/cdc_e_normas_correlatas_2ed.pdf?sequence=1\" target=\"_blank\" rel=\"noreferrer noopener\"><strong>C\u00f3digo de Defesa do Consumidor (CDC)<\/strong><\/a><strong> protege a pessoa com defici\u00eancia <\/strong>e deixa claro que \u00e9 obriga\u00e7\u00e3o do lojista oferecer uma experi\u00eancia de compra acess\u00edvel a esse p\u00fablico &#8211; tanto no meio f\u00edsico quanto virtual.<\/p>\n\n\n\n<p>Por exemplo, o <strong>Decreto n\u00ba 6.523\/2008<\/strong> faz alguns complementos ao C\u00f3digo de Defesa do Consumidor no que diz respeito ao atendimento. O Cap\u00edtulo II, Art. 6\u00ba diz:<\/p>\n\n\n\n<p><em>\u201cO acesso das pessoas com defici\u00eancia auditiva ou de fala ser\u00e1 garantido pelo SAC, em car\u00e1ter preferencial, facultado \u00e0 empresa atribuir n\u00famero telef\u00f4nico espec\u00edfico para este fim\u201d.<\/em><\/p>\n\n\n\n<p>A <strong>Lei n\u00ba 12.965\/2014<\/strong>, que estabelece princ\u00edpios, garantias, direitos e deveres para o uso da Internet no Brasil, \u00e9 anexada ao CDC e tamb\u00e9m explicita a necessidade de o ecossistema de e-commerce prestar aten\u00e7\u00e3o \u00e0 quest\u00e3o da acessibilidade na web. No Cap\u00edtulo II, Art. 7\u00ba e par\u00e1grafos XII e XIII, o texto diz:<\/p>\n\n\n\n<p><em>\u201cO acesso \u00e0 internet \u00e9 essencial ao exerc\u00edcio da cidadania, e ao usu\u00e1rio s\u00e3o assegurados os seguintes direitos:&nbsp;<\/em><\/p>\n\n\n\n<p><em>XII &#8211; acessibilidade, consideradas as caracter\u00edsticas f\u00edsico-motoras, perceptivas, sensoriais, intelectuais e mentais do usu\u00e1rio, nos termos da lei.&nbsp;&nbsp;<\/em><\/p>\n\n\n\n<p><em>XIII &#8211; aplica\u00e7\u00e3o das normas de prote\u00e7\u00e3o e defesa do consumidor nas rela\u00e7\u00f5es de consumo realizadas na internet\u201d.<\/em><\/p>\n\n\n\n<p>Por fim, o <strong>Decreto n\u00ba 7.963\/2013<\/strong>, que estabelece o&nbsp; Plano Nacional de Consumo e Cidadania e cria a C\u00e2mara Nacional das Rela\u00e7\u00f5es de Consumo, trata tamb\u00e9m da <strong>import\u00e2ncia da acessibilidade na web<\/strong> e fora dela, firmando um compromisso do governo em ajudar a promover espa\u00e7os &#8211; f\u00edsicos e virtuais &#8211; mais acess\u00edveis. O par\u00e1grafo \u00fanico do artigo 2\u00ba explica:<\/p>\n\n\n\n<p>\u201c<em>Para fins do disposto neste Decreto, considera-se acessibilidade a possibilidade e a condi\u00e7\u00e3o de alcance para utiliza\u00e7\u00e3o, com seguran\u00e7a e autonomia, de espa\u00e7os, mobili\u00e1rios, equipamentos urbanos, edifica\u00e7\u00f5es, transportes, informa\u00e7\u00e3o e comunica\u00e7\u00e3o, inclusive seus sistemas e suas tecnologias, e de outros servi\u00e7os e instala\u00e7\u00f5es abertos ao p\u00fablico, de uso p\u00fablico ou privados de uso coletivo, tanto na zona urbana como na rural, por pessoa com defici\u00eancia ou com mobilidade reduzida<\/em>\u201d.<\/p>\n\n\n\n<p>Caso sinta que n\u00e3o teve suas necessidades atendidas, que a falta de acessibilidade de alguma loja feriu as disposi\u00e7\u00f5es descritas no CDC e que isso interferiu em sua autonomia enquanto consumidora, <strong>a pessoa com defici\u00eancia pode acionar o PROCON de sua cidade<\/strong>, explicar o ocorrido e receber orienta\u00e7\u00f5es sobre como proceder.&nbsp;<\/p>\n\n\n<div class=\"wp-block-image\">\n<figure class=\"aligncenter size-large is-resized\"><img decoding=\"async\" width=\"1024\" height=\"683\" src=\"https:\/\/blog.melhorenvio.com.br\/wp-content\/uploads\/2021\/04\/acessibilidade-no-ecommerce-1024x683.jpg\" alt=\"acessibilidade na web e c\u00f3digo de defesa do consumidor\" class=\"wp-image-37600\" style=\"width:1024px;height:683px\" srcset=\"https:\/\/melhorenvio.com.br\/blog\/wp-content\/uploads\/2021\/04\/acessibilidade-no-ecommerce-1024x683.jpg 1024w, https:\/\/melhorenvio.com.br\/blog\/wp-content\/uploads\/2021\/04\/acessibilidade-no-ecommerce-300x200.jpg 300w, https:\/\/melhorenvio.com.br\/blog\/wp-content\/uploads\/2021\/04\/acessibilidade-no-ecommerce-768x512.jpg 768w, https:\/\/melhorenvio.com.br\/blog\/wp-content\/uploads\/2021\/04\/acessibilidade-no-ecommerce-750x500.jpg 750w, https:\/\/melhorenvio.com.br\/blog\/wp-content\/uploads\/2021\/04\/acessibilidade-no-ecommerce-1140x760.jpg 1140w, https:\/\/melhorenvio.com.br\/blog\/wp-content\/uploads\/2021\/04\/acessibilidade-no-ecommerce.jpg 1200w\" sizes=\"(max-width: 1024px) 100vw, 1024px\" \/><figcaption class=\"wp-element-caption\">O C\u00f3digo de Defesa do Consumidor estabelece diretrizes para garantir que consumidores com defici\u00eancia sejam atendidos pelas lojas. (Foto: Freepik)<\/figcaption><\/figure>\n<\/div>\n\n\n<h2 class=\"wp-block-heading\">Acessibilidade na web: no que os e-commerces precisam se atentar?<\/h2>\n\n\n\n<p>Quando o assunto \u00e9 acessibilidade na web, ainda h\u00e1 muito o que se discutir. A respeito do potencial do mercado para pessoas com defici\u00eancia, Edmar Bulla, presidente da consultoria Croma Solutions, deu uma <a href=\"https:\/\/brasil.estadao.com.br\/blogs\/vencer-limites\/pesquisa-destaca-despreparo-do-comercio-para-atender-pessoas-com-deficiencia\/\" target=\"_blank\" rel=\"noreferrer noopener\">entrevista para o jornal O Estado de S. Paulo<\/a> onde disse que \u201c<em>os desejos dos consumidores com defici\u00eancia n\u00e3o s\u00e3o atendidos porque <\/em><strong><em>as empresas n\u00e3o conseguem compreender o potencial desse mercado<\/em><\/strong>\u201d.<\/p>\n\n\n\n<p>Tentando entender mais a fundo as dificuldades que as pessoas com defici\u00eancia enfrentam no e-commerce brasileiro, o Movimento Web Para Todos, em parceria com o Ceweb, realizou uma pesquisa que <strong>mapeou os problemas envolvendo acessibilidade na web que o com\u00e9rcio eletr\u00f4nico precisa solucionar<\/strong>.<\/p>\n\n\n\n<p>Para isso, consumidores com os mais diferentes tipos de defici\u00eancia foram convidados a <a href=\"https:\/\/melhorenvio.com.br\/blog\/ecommerce-e-marketplace\/como-contratar-plataforma-de-e-commerce-saiba-como-escolher-a-ideal\/\" target=\"_blank\" rel=\"noreferrer noopener\">acessar v\u00e1rios sites de com\u00e9rcio eletr\u00f4nico<\/a> brasileiros e relatar suas experi\u00eancias.<\/p>\n\n\n\n<p>O estudo mostrou, por exemplo, que apenas 25% dos usu\u00e1rios de leitores de tela (que possuem diferentes n\u00edveis de defici\u00eancia visual) puderam perceber e compreender as imagens utilizando o aparelho. Esse n\u00famero evidenciou <strong>a baixa ades\u00e3o do e-commerce \u00e0 pr\u00e1tica de colocar texto alternativo em imagens<\/strong>.<\/p>\n\n\n\n<p>Al\u00e9m disso, apenas 17% dos sites avaliados tinham uma <strong>estrutura de cabe\u00e7alhos adequada para possibilitar a navega\u00e7\u00e3o por leitores de tela<\/strong>, recurso que ajuda muito as pessoas com defici\u00eancia visual a se localizarem no site e saberem qual caminho precisam tomar para chegar onde desejam dentro do website.<\/p>\n\n\n\n<p>Outro dado importante mostrou que <strong>apenas 54% dos e-commerces avaliados apresentaram boa resolu\u00e7\u00e3o quando aplicado um zoom de tela de 200%<\/strong>, par\u00e2metro geralmente adotado por pessoas com baixa vis\u00e3o. Nos demais casos, o site apresentou dificuldade de leitura e visualiza\u00e7\u00e3o ao receber essa configura\u00e7\u00e3o.<\/p>\n\n\n\n<p>O Movimento Web Para Todos verificou ainda se os avaliadores conseguiram pesquisar um produto navegando pelo menu do site. Nesse estudo foram testadas as mais diversas situa\u00e7\u00f5es: com leitores de tela, com simula\u00e7\u00e3o de dificuldade motora e tamb\u00e9m por navega\u00e7\u00e3o com teclado. O resultado apontou problemas de acessibilidade na web, pois<strong> em 55% dos casos n\u00e3o foi poss\u00edvel navegar plenamente pelo menu do site<\/strong>.<\/p>\n\n\n\n<p>\ud83d\udc49 Por fim, 28% dos participantes do estudo relataram que <strong>n\u00e3o conseguiram concluir o cadastro de conta no e-commerce<\/strong> por dificuldade em alguma das etapas do processo, evidenciando a <strong>necessidade de simplifica\u00e7\u00e3o do processo<\/strong>.<\/p>\n\n\n\n<p>\ud83d\udccc Para mais insights, leia o estudo completo sobre <a href=\"https:\/\/mwpt.com.br\/estudo-sobre-navegacao-em-sites-de-e-commerce\/\" target=\"_blank\" rel=\"noreferrer noopener\">Navega\u00e7\u00e3o em sites de e-commerce<\/a>.<\/p>\n\n\n\n<p>Diante de tantos dados importantes, no que o e-commerce pode se atentar para promover uma melhor acessibilidade na web? Confira o checklist.<\/p>\n\n\n\n<h3 class=\"wp-block-heading\">Defici\u00eancia visual<\/h3>\n\n\n\n<p>Em rela\u00e7\u00e3o aos consumidores com defici\u00eancia visual, os e-commerces podem promover uma maior acessibilidade na web se atentando a quest\u00f5es como:<\/p>\n\n\n\n<p>\u2714\ufe0f preencher o <a href=\"https:\/\/melhorenvio.com.br\/blog\/ecommerce-e-marketplace\/seo-para-loja-virtual\/\" target=\"_blank\" rel=\"noreferrer noopener\">texto alternativo de todas as imagens<\/a>, pois \u00e9 ele que ser\u00e1 lido no caso de pessoas que usam leitores de tela<\/p>\n\n\n\n<p>\u2714\ufe0f adaptar o site para continuar sendo responsivo mesmo ap\u00f3s um zoom de 200% ser aplicado<\/p>\n\n\n\n<p>\u2714\ufe0f se atentar ao uso de fontes grandes, especialmente em menus, t\u00edtulos, etc<\/p>\n\n\n\n<p>\u2714\ufe0f contar com acessibilidade para <strong>display Braille<\/strong>, um dispositivo de sa\u00edda t\u00e1til para visualiza\u00e7\u00e3o das letras no sistema Braille<\/p>\n\n\n\n<p>\u2714\ufe0f oferecer a op\u00e7\u00e3o \u201cselecionar para falar\u201d, facilitando a usabilidade<\/p>\n\n\n\n<p>\u2714\ufe0f promover um cadastro simplificado, apenas com os dados essenciais, para facilitar o processo para pessoas com defici\u00eancia<\/p>\n\n\n\n<figure class=\"wp-block-image size-large\"><img decoding=\"async\" width=\"1024\" height=\"768\" src=\"https:\/\/melhorenvio.com.br\/blog\/wp-content\/uploads\/2021\/04\/o2WBqMg_4dMepreAeNKZUnHVFF3LKHe0wBVQ_7Cn1Z9dGqpquldziJR2DM2eKuxnUZa21DJ_RQGSDXFqAQnrXlbTe9sxFugEnFPY9v4ZQyBL-en3RlBVdICDQSBHsknBaqDZkOZ6-1024x768.jpg\" alt=\"display Braille, aparelho que transforma as informa\u00e7\u00f5es do site em escrita t\u00e1til Braille. \n\" class=\"wp-image-57706\" srcset=\"https:\/\/melhorenvio.com.br\/blog\/wp-content\/uploads\/2021\/04\/o2WBqMg_4dMepreAeNKZUnHVFF3LKHe0wBVQ_7Cn1Z9dGqpquldziJR2DM2eKuxnUZa21DJ_RQGSDXFqAQnrXlbTe9sxFugEnFPY9v4ZQyBL-en3RlBVdICDQSBHsknBaqDZkOZ6-1024x768.jpg 1024w, https:\/\/melhorenvio.com.br\/blog\/wp-content\/uploads\/2021\/04\/o2WBqMg_4dMepreAeNKZUnHVFF3LKHe0wBVQ_7Cn1Z9dGqpquldziJR2DM2eKuxnUZa21DJ_RQGSDXFqAQnrXlbTe9sxFugEnFPY9v4ZQyBL-en3RlBVdICDQSBHsknBaqDZkOZ6-300x225.jpg 300w, https:\/\/melhorenvio.com.br\/blog\/wp-content\/uploads\/2021\/04\/o2WBqMg_4dMepreAeNKZUnHVFF3LKHe0wBVQ_7Cn1Z9dGqpquldziJR2DM2eKuxnUZa21DJ_RQGSDXFqAQnrXlbTe9sxFugEnFPY9v4ZQyBL-en3RlBVdICDQSBHsknBaqDZkOZ6-768x576.jpg 768w, https:\/\/melhorenvio.com.br\/blog\/wp-content\/uploads\/2021\/04\/o2WBqMg_4dMepreAeNKZUnHVFF3LKHe0wBVQ_7Cn1Z9dGqpquldziJR2DM2eKuxnUZa21DJ_RQGSDXFqAQnrXlbTe9sxFugEnFPY9v4ZQyBL-en3RlBVdICDQSBHsknBaqDZkOZ6-1536x1152.jpg 1536w, https:\/\/melhorenvio.com.br\/blog\/wp-content\/uploads\/2021\/04\/o2WBqMg_4dMepreAeNKZUnHVFF3LKHe0wBVQ_7Cn1Z9dGqpquldziJR2DM2eKuxnUZa21DJ_RQGSDXFqAQnrXlbTe9sxFugEnFPY9v4ZQyBL-en3RlBVdICDQSBHsknBaqDZkOZ6-150x113.jpg 150w, https:\/\/melhorenvio.com.br\/blog\/wp-content\/uploads\/2021\/04\/o2WBqMg_4dMepreAeNKZUnHVFF3LKHe0wBVQ_7Cn1Z9dGqpquldziJR2DM2eKuxnUZa21DJ_RQGSDXFqAQnrXlbTe9sxFugEnFPY9v4ZQyBL-en3RlBVdICDQSBHsknBaqDZkOZ6-750x563.jpg 750w, https:\/\/melhorenvio.com.br\/blog\/wp-content\/uploads\/2021\/04\/o2WBqMg_4dMepreAeNKZUnHVFF3LKHe0wBVQ_7Cn1Z9dGqpquldziJR2DM2eKuxnUZa21DJ_RQGSDXFqAQnrXlbTe9sxFugEnFPY9v4ZQyBL-en3RlBVdICDQSBHsknBaqDZkOZ6-1140x855.jpg 1140w, https:\/\/melhorenvio.com.br\/blog\/wp-content\/uploads\/2021\/04\/o2WBqMg_4dMepreAeNKZUnHVFF3LKHe0wBVQ_7Cn1Z9dGqpquldziJR2DM2eKuxnUZa21DJ_RQGSDXFqAQnrXlbTe9sxFugEnFPY9v4ZQyBL-en3RlBVdICDQSBHsknBaqDZkOZ6.jpg 1600w\" sizes=\"(max-width: 1024px) 100vw, 1024px\" \/><\/figure>\n\n\n\n<h3 class=\"wp-block-heading\">Defici\u00eancia motora<\/h3>\n\n\n\n<p>Para pessoas com defici\u00eancia motora, as lojas virtuais podem promover uma melhor acessibilidade na web se atentando a quest\u00f5es como:<\/p>\n\n\n\n<p>\u2714\ufe0f controle de cursor e entrada por voz<\/p>\n\n\n\n<p>\u2714\ufe0f oferecer a op\u00e7\u00e3o \u201cselecionar para falar\u201d, tornando a usabilidade mais f\u00e1cil<\/p>\n\n\n\n<p>\u2714\ufe0f promover um cadastro simplificado para facilitar o preenchimento<\/p>\n\n\n\n<h3 class=\"wp-block-heading\">Defici\u00eancia auditiva<\/h3>\n\n\n\n<p>Pessoas com defici\u00eancia&nbsp; auditiva n\u00e3o costumam encontrar muita dificuldade no que diz respeito \u00e0 acessibilidade na web. Ainda assim, o lojista precisa se atentar <strong>\u00e0 import\u00e2ncia de colocar legendas em conte\u00fados em v\u00eddeo e nunca dar informa\u00e7\u00f5es importantes apenas por \u00e1udio<\/strong>.<\/p>\n\n\n\n<p>Esse cuidado vale para todo o conte\u00fado em v\u00eddeo criado para as <a href=\"https:\/\/melhorenvio.com.br\/blog\/marketing-digital\/marketing-digital-para-e-commerce\/\" target=\"_blank\" rel=\"noreferrer noopener\">redes sociais da loja virtual<\/a>. Sempre que poss\u00edvel, se <strong>atente \u00e0s legendas<\/strong>. Outra dica importante \u00e9: caso produza conte\u00fado em \u00e1udio (um podcast, por exemplo), poste o conte\u00fado em uma plataforma de v\u00eddeo com legendas ou pelo menos com <strong>recurso <em>closed caption<\/em><\/strong><em> <\/em>(legenda autom\u00e1tica), para permitir que pessoas com defici\u00eancia auditiva tamb\u00e9m tirem proveito das informa\u00e7\u00f5es.<\/p>\n\n\n\n<h3 class=\"wp-block-heading\">Defici\u00eancia cognitiva<\/h3>\n\n\n\n<p>Para melhorar a acessibilidade na web de pessoas com defici\u00eancia cognitiva, \u00e9 importante prestar aten\u00e7\u00e3o nos pontos abaixo:<\/p>\n\n\n\n<p>\u2714\ufe0f op\u00e7\u00e3o de teclado na tela<\/p>\n\n\n\n<p>\u2714\ufe0f conversor de texto em voz<\/p>\n\n\n\n<p>\u2714\ufe0f interface limpa e sem distra\u00e7\u00f5es<\/p>\n\n\n\n<p>\u2714\ufe0f cria\u00e7\u00e3o de textos objetivos e na ordem direta, evitando palavras complicadas e frases longas<\/p>\n\n\n\n<p>\u2714\ufe0f op\u00e7\u00e3o \u201cselecionar para falar\u201d, facilitando a usabilidade<\/p>\n\n\n\n<p>\u2714\ufe0f cadastro simplificado para facilitar o processo<\/p>\n\n\n\n<p>\ud83d\udca1 Por fim, \u00e9 importante dizer que <strong>o Google privilegia sites que promovem a acessibilidade na web<\/strong>. Portanto, se atentar a essas quest\u00f5es ajuda indiretamente a sua loja a se <a href=\"https:\/\/melhorenvio.com.br\/blog\/ecommerce-e-marketplace\/como-vender-no-marketplace-e-se-destacar-da-concorrencia\/\" target=\"_blank\" rel=\"noreferrer noopener\">destacar da concorr\u00eancia<\/a> no maior buscador do mundo. Para se aprofundar no assunto, leia o <a href=\"https:\/\/blog.handtalk.me\/acessibilidade-ranking-google\/\" target=\"_blank\" rel=\"noreferrer noopener\">artigo da Hand Talk sobre Acessibilidade e SEO<\/a>.<\/p>\n\n\n\n<p><\/p>\n","protected":false},"excerpt":{"rendered":"<p>Como o e-commerce pode promover uma melhor acessibilidade na web?<\/p>\n","protected":false},"author":15,"featured_media":37594,"comment_status":"closed","ping_status":"open","sticky":false,"template":"","format":"standard","meta":{"_acf_changed":false,"jnews-multi-image_gallery":[],"jnews_single_post":{"subtitle":"","format":"standard","video":"","gallery":"","source_name":"","source_url":"","via_name":"","via_url":"","override_template":"0","override":[{"template":"4","single_blog_custom":"","parallax":"1","fullscreen":"0","layout":"right-sidebar","sidebar":"","second_sidebar":"","sticky_sidebar":"1","share_position":"","share_float_style":"","show_share_counter":"1","show_view_counter":"1","show_featured":"1","show_post_meta":"1","show_post_author":"1","show_post_author_image":"1","show_post_date":"1","post_date_format":"","post_date_format_custom":"","show_post_category":"1","show_post_reading_time":"0","post_reading_time_wpm":"","post_calculate_word_method":"str_word_count","show_zoom_button":"0","zoom_button_out_step":"1","zoom_button_in_step":"1","show_post_tag":"1","show_prev_next_post":"1","show_popup_post":"1","number_popup_post":"1","show_author_box":"0","show_post_related":"0","show_inline_post_related":"0"}],"override_image_size":"0","image_override":[{"single_post_thumbnail_size":"","single_post_gallery_size":""}],"trending_post":"0","trending_post_position":"","trending_post_label":"","sponsored_post":"0","sponsored_post_label":"","sponsored_post_name":"","sponsored_post_url":"","sponsored_post_logo_enable":"0","sponsored_post_logo":"","sponsored_post_desc":"","disable_ad":"0"},"jnews_primary_category":{"id":"","hide":""},"footnotes":""},"categories":[60],"tags":[498],"class_list":["post-37592","post","type-post","status-publish","format-standard","has-post-thumbnail","hentry","category-ecommerce-e-marketplace","tag-tendencias-de-e-commerce"],"acf":[],"yoast_head":"<!-- This site is optimized with the Yoast SEO plugin v27.3 - https:\/\/yoast.com\/product\/yoast-seo-wordpress\/ -->\n<title>E-commerce e acessibilidade na web | Blog Melhor Envio<\/title>\n<meta name=\"description\" content=\"Como o e-commerce pode promover uma maior acessibilidade na web? Descubra o que pode ser feito para tornar sua loja virtual mais inclusiva.\" \/>\n<meta name=\"robots\" content=\"index, follow, max-snippet:-1, max-image-preview:large, max-video-preview:-1\" \/>\n<link rel=\"canonical\" href=\"https:\/\/melhorenvio.com.br\/blog\/ecommerce-e-marketplace\/e-commerce-e-acessibilidade-na-web-o-que-sua-loja-virtual-pode-fazer\/\" \/>\n<meta property=\"og:locale\" content=\"pt_BR\" \/>\n<meta property=\"og:type\" content=\"article\" \/>\n<meta property=\"og:title\" content=\"E-commerce e acessibilidade na web | Blog Melhor Envio\" \/>\n<meta property=\"og:description\" content=\"Como o e-commerce pode promover uma maior acessibilidade na web? Descubra o que pode ser feito para tornar sua loja virtual mais inclusiva.\" \/>\n<meta property=\"og:url\" content=\"https:\/\/melhorenvio.com.br\/blog\/ecommerce-e-marketplace\/e-commerce-e-acessibilidade-na-web-o-que-sua-loja-virtual-pode-fazer\/\" \/>\n<meta property=\"og:site_name\" content=\"Blog Melhor Envio\" \/>\n<meta property=\"article:publisher\" content=\"https:\/\/www.facebook.com\/MelhorEnvio\/\" \/>\n<meta property=\"article:published_time\" content=\"2021-04-22T17:00:00+00:00\" \/>\n<meta property=\"article:modified_time\" content=\"2026-04-16T20:39:15+00:00\" \/>\n<meta property=\"og:image\" content=\"https:\/\/melhorenvio.com.br\/blog\/wp-content\/uploads\/2021\/04\/ecommerce-e-acessibilidade-na-web.jpg\" \/>\n\t<meta property=\"og:image:width\" content=\"1500\" \/>\n\t<meta property=\"og:image:height\" content=\"660\" \/>\n\t<meta property=\"og:image:type\" content=\"image\/jpeg\" \/>\n<meta name=\"author\" content=\"Paulo Henrique Dias\" \/>\n<meta name=\"twitter:card\" content=\"summary_large_image\" \/>\n<meta name=\"twitter:creator\" content=\"@melhorenvio\" \/>\n<meta name=\"twitter:site\" content=\"@melhorenvio\" \/>\n<meta name=\"twitter:label1\" content=\"Escrito por\" \/>\n\t<meta name=\"twitter:data1\" content=\"Paulo Henrique Dias\" \/>\n\t<meta name=\"twitter:label2\" content=\"Est. tempo de leitura\" \/>\n\t<meta name=\"twitter:data2\" content=\"11 minutos\" \/>\n<script type=\"application\/ld+json\" class=\"yoast-schema-graph\">{\"@context\":\"https:\\\/\\\/schema.org\",\"@graph\":[{\"@type\":\"Article\",\"@id\":\"https:\\\/\\\/melhorenvio.com.br\\\/blog\\\/ecommerce-e-marketplace\\\/e-commerce-e-acessibilidade-na-web-o-que-sua-loja-virtual-pode-fazer\\\/#article\",\"isPartOf\":{\"@id\":\"https:\\\/\\\/melhorenvio.com.br\\\/blog\\\/ecommerce-e-marketplace\\\/e-commerce-e-acessibilidade-na-web-o-que-sua-loja-virtual-pode-fazer\\\/\"},\"author\":{\"name\":\"Paulo Henrique Dias\",\"@id\":\"https:\\\/\\\/blog.melhorenvio.com.br\\\/#\\\/schema\\\/person\\\/df4a5dcae7bb4549e05a74c770da1877\"},\"headline\":\"E-commerce e acessibilidade na web: o que sua loja virtual pode fazer?\",\"datePublished\":\"2021-04-22T17:00:00+00:00\",\"dateModified\":\"2026-04-16T20:39:15+00:00\",\"mainEntityOfPage\":{\"@id\":\"https:\\\/\\\/melhorenvio.com.br\\\/blog\\\/ecommerce-e-marketplace\\\/e-commerce-e-acessibilidade-na-web-o-que-sua-loja-virtual-pode-fazer\\\/\"},\"wordCount\":1898,\"publisher\":{\"@id\":\"https:\\\/\\\/blog.melhorenvio.com.br\\\/#organization\"},\"image\":{\"@id\":\"https:\\\/\\\/melhorenvio.com.br\\\/blog\\\/ecommerce-e-marketplace\\\/e-commerce-e-acessibilidade-na-web-o-que-sua-loja-virtual-pode-fazer\\\/#primaryimage\"},\"thumbnailUrl\":\"https:\\\/\\\/melhorenvio.com.br\\\/blog\\\/wp-content\\\/uploads\\\/2021\\\/04\\\/ecommerce-e-acessibilidade-na-web.jpg\",\"keywords\":[\"Tend\u00eancias de e-commerce\"],\"articleSection\":[\"E-commerce e Marketplace\"],\"inLanguage\":\"pt-BR\"},{\"@type\":\"WebPage\",\"@id\":\"https:\\\/\\\/melhorenvio.com.br\\\/blog\\\/ecommerce-e-marketplace\\\/e-commerce-e-acessibilidade-na-web-o-que-sua-loja-virtual-pode-fazer\\\/\",\"url\":\"https:\\\/\\\/melhorenvio.com.br\\\/blog\\\/ecommerce-e-marketplace\\\/e-commerce-e-acessibilidade-na-web-o-que-sua-loja-virtual-pode-fazer\\\/\",\"name\":\"E-commerce e acessibilidade na web | Blog Melhor Envio\",\"isPartOf\":{\"@id\":\"https:\\\/\\\/blog.melhorenvio.com.br\\\/#website\"},\"primaryImageOfPage\":{\"@id\":\"https:\\\/\\\/melhorenvio.com.br\\\/blog\\\/ecommerce-e-marketplace\\\/e-commerce-e-acessibilidade-na-web-o-que-sua-loja-virtual-pode-fazer\\\/#primaryimage\"},\"image\":{\"@id\":\"https:\\\/\\\/melhorenvio.com.br\\\/blog\\\/ecommerce-e-marketplace\\\/e-commerce-e-acessibilidade-na-web-o-que-sua-loja-virtual-pode-fazer\\\/#primaryimage\"},\"thumbnailUrl\":\"https:\\\/\\\/melhorenvio.com.br\\\/blog\\\/wp-content\\\/uploads\\\/2021\\\/04\\\/ecommerce-e-acessibilidade-na-web.jpg\",\"datePublished\":\"2021-04-22T17:00:00+00:00\",\"dateModified\":\"2026-04-16T20:39:15+00:00\",\"description\":\"Como o e-commerce pode promover uma maior acessibilidade na web? Descubra o que pode ser feito para tornar sua loja virtual mais inclusiva.\",\"inLanguage\":\"pt-BR\",\"potentialAction\":[{\"@type\":\"ReadAction\",\"target\":[\"https:\\\/\\\/melhorenvio.com.br\\\/blog\\\/ecommerce-e-marketplace\\\/e-commerce-e-acessibilidade-na-web-o-que-sua-loja-virtual-pode-fazer\\\/\"]}]},{\"@type\":\"ImageObject\",\"inLanguage\":\"pt-BR\",\"@id\":\"https:\\\/\\\/melhorenvio.com.br\\\/blog\\\/ecommerce-e-marketplace\\\/e-commerce-e-acessibilidade-na-web-o-que-sua-loja-virtual-pode-fazer\\\/#primaryimage\",\"url\":\"https:\\\/\\\/melhorenvio.com.br\\\/blog\\\/wp-content\\\/uploads\\\/2021\\\/04\\\/ecommerce-e-acessibilidade-na-web.jpg\",\"contentUrl\":\"https:\\\/\\\/melhorenvio.com.br\\\/blog\\\/wp-content\\\/uploads\\\/2021\\\/04\\\/ecommerce-e-acessibilidade-na-web.jpg\",\"width\":1500,\"height\":660,\"caption\":\"ecommerce e acessibilidade na web\"},{\"@type\":\"WebSite\",\"@id\":\"https:\\\/\\\/blog.melhorenvio.com.br\\\/#website\",\"url\":\"https:\\\/\\\/blog.melhorenvio.com.br\\\/\",\"name\":\"Blog Melhor Envio\",\"description\":\"Aprenda a economizar na gest\u00e3o de fretes\",\"publisher\":{\"@id\":\"https:\\\/\\\/blog.melhorenvio.com.br\\\/#organization\"},\"alternateName\":\"Blog do Melhor Envio\",\"potentialAction\":[{\"@type\":\"SearchAction\",\"target\":{\"@type\":\"EntryPoint\",\"urlTemplate\":\"https:\\\/\\\/blog.melhorenvio.com.br\\\/?s={search_term_string}\"},\"query-input\":{\"@type\":\"PropertyValueSpecification\",\"valueRequired\":true,\"valueName\":\"search_term_string\"}}],\"inLanguage\":\"pt-BR\"},{\"@type\":\"Organization\",\"@id\":\"https:\\\/\\\/blog.melhorenvio.com.br\\\/#organization\",\"name\":\"Melhor Envio\",\"alternateName\":\"Melhor Envio\",\"url\":\"https:\\\/\\\/blog.melhorenvio.com.br\\\/\",\"logo\":{\"@type\":\"ImageObject\",\"inLanguage\":\"pt-BR\",\"@id\":\"https:\\\/\\\/blog.melhorenvio.com.br\\\/#\\\/schema\\\/logo\\\/image\\\/\",\"url\":\"https:\\\/\\\/melhorenvio.com.br\\\/blog\\\/wp-content\\\/uploads\\\/2022\\\/12\\\/blog-logo-melhor-envio.webp\",\"contentUrl\":\"https:\\\/\\\/melhorenvio.com.br\\\/blog\\\/wp-content\\\/uploads\\\/2022\\\/12\\\/blog-logo-melhor-envio.webp\",\"width\":188,\"height\":96,\"caption\":\"Melhor Envio\"},\"image\":{\"@id\":\"https:\\\/\\\/blog.melhorenvio.com.br\\\/#\\\/schema\\\/logo\\\/image\\\/\"},\"sameAs\":[\"https:\\\/\\\/www.facebook.com\\\/MelhorEnvio\\\/\",\"https:\\\/\\\/x.com\\\/melhorenvio\",\"https:\\\/\\\/www.instagram.com\\\/melhorenvio\",\"https:\\\/\\\/www.youtube.com\\\/melhorenviooficial\",\"https:\\\/\\\/br.linkedin.com\\\/company\\\/melhorenvio\"]},{\"@type\":\"Person\",\"@id\":\"https:\\\/\\\/blog.melhorenvio.com.br\\\/#\\\/schema\\\/person\\\/df4a5dcae7bb4549e05a74c770da1877\",\"name\":\"Paulo Henrique Dias\",\"image\":{\"@type\":\"ImageObject\",\"inLanguage\":\"pt-BR\",\"@id\":\"https:\\\/\\\/secure.gravatar.com\\\/avatar\\\/5dd208e348fef1499b7ff193a3ffab0e119e71239d1c9794247e8e312cbf3834?s=96&d=mm&r=g\",\"url\":\"https:\\\/\\\/secure.gravatar.com\\\/avatar\\\/5dd208e348fef1499b7ff193a3ffab0e119e71239d1c9794247e8e312cbf3834?s=96&d=mm&r=g\",\"contentUrl\":\"https:\\\/\\\/secure.gravatar.com\\\/avatar\\\/5dd208e348fef1499b7ff193a3ffab0e119e71239d1c9794247e8e312cbf3834?s=96&d=mm&r=g\",\"caption\":\"Paulo Henrique Dias\"},\"description\":\"Jornalista, p\u00f3s-graduando em marketing e apaixonado por comunica\u00e7\u00e3o. Produtor de conte\u00fado no Melhor Envio, plataforma digital que est\u00e1 revolucionando o acesso a fretes para e-commerces de todo o pa\u00eds.\",\"sameAs\":[\"https:\\\/\\\/www.linkedin.com\\\/in\\\/eupaulodias\\\/\"],\"url\":\"https:\\\/\\\/melhorenvio.com.br\\\/blog\\\/author\\\/paulo-henrique\\\/\"}]}<\/script>\n<!-- \/ Yoast SEO plugin. -->","yoast_head_json":{"title":"E-commerce e acessibilidade na web | Blog Melhor Envio","description":"Como o e-commerce pode promover uma maior acessibilidade na web? Descubra o que pode ser feito para tornar sua loja virtual mais inclusiva.","robots":{"index":"index","follow":"follow","max-snippet":"max-snippet:-1","max-image-preview":"max-image-preview:large","max-video-preview":"max-video-preview:-1"},"canonical":"https:\/\/melhorenvio.com.br\/blog\/ecommerce-e-marketplace\/e-commerce-e-acessibilidade-na-web-o-que-sua-loja-virtual-pode-fazer\/","og_locale":"pt_BR","og_type":"article","og_title":"E-commerce e acessibilidade na web | Blog Melhor Envio","og_description":"Como o e-commerce pode promover uma maior acessibilidade na web? Descubra o que pode ser feito para tornar sua loja virtual mais inclusiva.","og_url":"https:\/\/melhorenvio.com.br\/blog\/ecommerce-e-marketplace\/e-commerce-e-acessibilidade-na-web-o-que-sua-loja-virtual-pode-fazer\/","og_site_name":"Blog Melhor Envio","article_publisher":"https:\/\/www.facebook.com\/MelhorEnvio\/","article_published_time":"2021-04-22T17:00:00+00:00","article_modified_time":"2026-04-16T20:39:15+00:00","og_image":[{"width":1500,"height":660,"url":"https:\/\/melhorenvio.com.br\/blog\/wp-content\/uploads\/2021\/04\/ecommerce-e-acessibilidade-na-web.jpg","type":"image\/jpeg"}],"author":"Paulo Henrique Dias","twitter_card":"summary_large_image","twitter_creator":"@melhorenvio","twitter_site":"@melhorenvio","twitter_misc":{"Escrito por":"Paulo Henrique Dias","Est. tempo de leitura":"11 minutos"},"schema":{"@context":"https:\/\/schema.org","@graph":[{"@type":"Article","@id":"https:\/\/melhorenvio.com.br\/blog\/ecommerce-e-marketplace\/e-commerce-e-acessibilidade-na-web-o-que-sua-loja-virtual-pode-fazer\/#article","isPartOf":{"@id":"https:\/\/melhorenvio.com.br\/blog\/ecommerce-e-marketplace\/e-commerce-e-acessibilidade-na-web-o-que-sua-loja-virtual-pode-fazer\/"},"author":{"name":"Paulo Henrique Dias","@id":"https:\/\/blog.melhorenvio.com.br\/#\/schema\/person\/df4a5dcae7bb4549e05a74c770da1877"},"headline":"E-commerce e acessibilidade na web: o que sua loja virtual pode fazer?","datePublished":"2021-04-22T17:00:00+00:00","dateModified":"2026-04-16T20:39:15+00:00","mainEntityOfPage":{"@id":"https:\/\/melhorenvio.com.br\/blog\/ecommerce-e-marketplace\/e-commerce-e-acessibilidade-na-web-o-que-sua-loja-virtual-pode-fazer\/"},"wordCount":1898,"publisher":{"@id":"https:\/\/blog.melhorenvio.com.br\/#organization"},"image":{"@id":"https:\/\/melhorenvio.com.br\/blog\/ecommerce-e-marketplace\/e-commerce-e-acessibilidade-na-web-o-que-sua-loja-virtual-pode-fazer\/#primaryimage"},"thumbnailUrl":"https:\/\/melhorenvio.com.br\/blog\/wp-content\/uploads\/2021\/04\/ecommerce-e-acessibilidade-na-web.jpg","keywords":["Tend\u00eancias de e-commerce"],"articleSection":["E-commerce e Marketplace"],"inLanguage":"pt-BR"},{"@type":"WebPage","@id":"https:\/\/melhorenvio.com.br\/blog\/ecommerce-e-marketplace\/e-commerce-e-acessibilidade-na-web-o-que-sua-loja-virtual-pode-fazer\/","url":"https:\/\/melhorenvio.com.br\/blog\/ecommerce-e-marketplace\/e-commerce-e-acessibilidade-na-web-o-que-sua-loja-virtual-pode-fazer\/","name":"E-commerce e acessibilidade na web | Blog Melhor Envio","isPartOf":{"@id":"https:\/\/blog.melhorenvio.com.br\/#website"},"primaryImageOfPage":{"@id":"https:\/\/melhorenvio.com.br\/blog\/ecommerce-e-marketplace\/e-commerce-e-acessibilidade-na-web-o-que-sua-loja-virtual-pode-fazer\/#primaryimage"},"image":{"@id":"https:\/\/melhorenvio.com.br\/blog\/ecommerce-e-marketplace\/e-commerce-e-acessibilidade-na-web-o-que-sua-loja-virtual-pode-fazer\/#primaryimage"},"thumbnailUrl":"https:\/\/melhorenvio.com.br\/blog\/wp-content\/uploads\/2021\/04\/ecommerce-e-acessibilidade-na-web.jpg","datePublished":"2021-04-22T17:00:00+00:00","dateModified":"2026-04-16T20:39:15+00:00","description":"Como o e-commerce pode promover uma maior acessibilidade na web? Descubra o que pode ser feito para tornar sua loja virtual mais inclusiva.","inLanguage":"pt-BR","potentialAction":[{"@type":"ReadAction","target":["https:\/\/melhorenvio.com.br\/blog\/ecommerce-e-marketplace\/e-commerce-e-acessibilidade-na-web-o-que-sua-loja-virtual-pode-fazer\/"]}]},{"@type":"ImageObject","inLanguage":"pt-BR","@id":"https:\/\/melhorenvio.com.br\/blog\/ecommerce-e-marketplace\/e-commerce-e-acessibilidade-na-web-o-que-sua-loja-virtual-pode-fazer\/#primaryimage","url":"https:\/\/melhorenvio.com.br\/blog\/wp-content\/uploads\/2021\/04\/ecommerce-e-acessibilidade-na-web.jpg","contentUrl":"https:\/\/melhorenvio.com.br\/blog\/wp-content\/uploads\/2021\/04\/ecommerce-e-acessibilidade-na-web.jpg","width":1500,"height":660,"caption":"ecommerce e acessibilidade na web"},{"@type":"WebSite","@id":"https:\/\/blog.melhorenvio.com.br\/#website","url":"https:\/\/blog.melhorenvio.com.br\/","name":"Blog Melhor Envio","description":"Aprenda a economizar na gest\u00e3o de fretes","publisher":{"@id":"https:\/\/blog.melhorenvio.com.br\/#organization"},"alternateName":"Blog do Melhor Envio","potentialAction":[{"@type":"SearchAction","target":{"@type":"EntryPoint","urlTemplate":"https:\/\/blog.melhorenvio.com.br\/?s={search_term_string}"},"query-input":{"@type":"PropertyValueSpecification","valueRequired":true,"valueName":"search_term_string"}}],"inLanguage":"pt-BR"},{"@type":"Organization","@id":"https:\/\/blog.melhorenvio.com.br\/#organization","name":"Melhor Envio","alternateName":"Melhor Envio","url":"https:\/\/blog.melhorenvio.com.br\/","logo":{"@type":"ImageObject","inLanguage":"pt-BR","@id":"https:\/\/blog.melhorenvio.com.br\/#\/schema\/logo\/image\/","url":"https:\/\/melhorenvio.com.br\/blog\/wp-content\/uploads\/2022\/12\/blog-logo-melhor-envio.webp","contentUrl":"https:\/\/melhorenvio.com.br\/blog\/wp-content\/uploads\/2022\/12\/blog-logo-melhor-envio.webp","width":188,"height":96,"caption":"Melhor Envio"},"image":{"@id":"https:\/\/blog.melhorenvio.com.br\/#\/schema\/logo\/image\/"},"sameAs":["https:\/\/www.facebook.com\/MelhorEnvio\/","https:\/\/x.com\/melhorenvio","https:\/\/www.instagram.com\/melhorenvio","https:\/\/www.youtube.com\/melhorenviooficial","https:\/\/br.linkedin.com\/company\/melhorenvio"]},{"@type":"Person","@id":"https:\/\/blog.melhorenvio.com.br\/#\/schema\/person\/df4a5dcae7bb4549e05a74c770da1877","name":"Paulo Henrique Dias","image":{"@type":"ImageObject","inLanguage":"pt-BR","@id":"https:\/\/secure.gravatar.com\/avatar\/5dd208e348fef1499b7ff193a3ffab0e119e71239d1c9794247e8e312cbf3834?s=96&d=mm&r=g","url":"https:\/\/secure.gravatar.com\/avatar\/5dd208e348fef1499b7ff193a3ffab0e119e71239d1c9794247e8e312cbf3834?s=96&d=mm&r=g","contentUrl":"https:\/\/secure.gravatar.com\/avatar\/5dd208e348fef1499b7ff193a3ffab0e119e71239d1c9794247e8e312cbf3834?s=96&d=mm&r=g","caption":"Paulo Henrique Dias"},"description":"Jornalista, p\u00f3s-graduando em marketing e apaixonado por comunica\u00e7\u00e3o. Produtor de conte\u00fado no Melhor Envio, plataforma digital que est\u00e1 revolucionando o acesso a fretes para e-commerces de todo o pa\u00eds.","sameAs":["https:\/\/www.linkedin.com\/in\/eupaulodias\/"],"url":"https:\/\/melhorenvio.com.br\/blog\/author\/paulo-henrique\/"}]}},"_links":{"self":[{"href":"https:\/\/melhorenvio.com.br\/blog\/wp-json\/wp\/v2\/posts\/37592","targetHints":{"allow":["GET"]}}],"collection":[{"href":"https:\/\/melhorenvio.com.br\/blog\/wp-json\/wp\/v2\/posts"}],"about":[{"href":"https:\/\/melhorenvio.com.br\/blog\/wp-json\/wp\/v2\/types\/post"}],"author":[{"embeddable":true,"href":"https:\/\/melhorenvio.com.br\/blog\/wp-json\/wp\/v2\/users\/15"}],"replies":[{"embeddable":true,"href":"https:\/\/melhorenvio.com.br\/blog\/wp-json\/wp\/v2\/comments?post=37592"}],"version-history":[{"count":12,"href":"https:\/\/melhorenvio.com.br\/blog\/wp-json\/wp\/v2\/posts\/37592\/revisions"}],"predecessor-version":[{"id":59806,"href":"https:\/\/melhorenvio.com.br\/blog\/wp-json\/wp\/v2\/posts\/37592\/revisions\/59806"}],"wp:featuredmedia":[{"embeddable":true,"href":"https:\/\/melhorenvio.com.br\/blog\/wp-json\/wp\/v2\/media\/37594"}],"wp:attachment":[{"href":"https:\/\/melhorenvio.com.br\/blog\/wp-json\/wp\/v2\/media?parent=37592"}],"wp:term":[{"taxonomy":"category","embeddable":true,"href":"https:\/\/melhorenvio.com.br\/blog\/wp-json\/wp\/v2\/categories?post=37592"},{"taxonomy":"post_tag","embeddable":true,"href":"https:\/\/melhorenvio.com.br\/blog\/wp-json\/wp\/v2\/tags?post=37592"}],"curies":[{"name":"wp","href":"https:\/\/api.w.org\/{rel}","templated":true}]}}