{"id":38280,"date":"2021-07-15T16:07:45","date_gmt":"2021-07-15T19:07:45","guid":{"rendered":"https:\/\/blog.melhorenvio.com.br\/?p=38280"},"modified":"2026-04-16T17:21:44","modified_gmt":"2026-04-16T20:21:44","slug":"consumo-consciente-como-aliar-crescimento-e-sustentabilidade-no-e-commerce","status":"publish","type":"post","link":"https:\/\/melhorenvio.com.br\/blog\/ecommerce-e-marketplace\/consumo-consciente-como-aliar-crescimento-e-sustentabilidade-no-e-commerce\/","title":{"rendered":"Consumo consciente e sustentabilidade no e-commerce"},"content":{"rendered":"\n<p><strong><em>Entenda a import\u00e2ncia do consumo consciente e saiba o que o lojista que trabalha com e-commerce pode fazer para incorporar pr\u00e1ticas mais sustent\u00e1veis em seu dia a dia. Conhe\u00e7a ainda 3 nichos de mercado que est\u00e3o diretamente ligados aos pilares da sustentabilidade e perceba porque olhar com aten\u00e7\u00e3o para eles pode ser um bom neg\u00f3cio.<\/em><\/strong><\/p>\n\n\n\n<p>De acordo com a <em>Global Footprint Network<\/em> (GFN), organiza\u00e7\u00e3o n\u00e3o-governamental que desenvolve pesquisas na \u00e1rea de sustentabilidade, <strong>seriam necess\u00e1rios 3 planetas Terra para dar conta de manter o ritmo de consumo global atual<\/strong>.&nbsp;<\/p>\n\n\n\n<p>A biocapacidade do planeta n\u00e3o consegue repor o que se extrai dele na velocidade em que essa renova\u00e7\u00e3o precisaria ser feita, criando a chamada sobrecarga da Terra. Nosso <strong>planeta j\u00e1 trabalha em sobrecarga desde o ano de 1970<\/strong> &#8211; situa\u00e7\u00e3o que tem se agravado rapidamente e pode se tornar irrevers\u00edvel em poucas d\u00e9cadas.<\/p>\n\n\n\n<p>O WWF-Brasil fez as contas e chegou a conclus\u00e3o que <strong>a velocidade de consumo dos recursos no Brasil \u00e9 de, em m\u00e9dia, 1,6 planeta Terra<\/strong> &#8211; podendo chegar a 4 planetas nas classes mais favorecidas. Isso significa que seriam necess\u00e1rios os recursos de 1 planeta e meio para que todos vivessem como a classe m\u00e9dia e 4 planetas para que todos vivessem como os ricos vivem. Al\u00e9m do consumismo e da r\u00e1pida urbaniza\u00e7\u00e3o, nossa dificuldade hist\u00f3rica de preservar as reservas naturais tamb\u00e9m pesa na conta.<\/p>\n\n\n\n<p>Em paralelo \u00e0s macroa\u00e7\u00f5es que precisam ser realizadas pelos governos, \u00f3rg\u00e3os internacionais e tratados de coopera\u00e7\u00e3o global, cada um de n\u00f3s pode fazer sua parte para amenizar o problema. Essas contribui\u00e7\u00f5es envolvem, sobretudo, a necessidade de se falar em consumo consciente e a urg\u00eancia de convidar as pessoas a repensarem suas atitudes no dia a dia.<\/p>\n\n\n\n<p>Mesmo diante de um cen\u00e1rio preocupante, ainda precisamos trabalhar, estudar, comer e nos vestir. Como o consumo consciente se aplica na pr\u00e1tica? De que maneira ideias como montar um brech\u00f3 online ou rever as embalagens usadas no e-commerce, por exemplo, podem aliar o uso consciente dos recursos e a necessidade de gerar renda? Falaremos sobre isso a partir de agora! Vamos l\u00e1?<\/p>\n\n\n\n<h2 class=\"wp-block-heading\">O que \u00e9 consumo consciente?<\/h2>\n\n\n\n<p>Voc\u00ea deve estar se perguntando: o que significa consumo consciente? A palavra consciente nesse contexto tem um sentido de <strong>respons\u00e1vel<\/strong>. Portanto, consumo consciente significa consumo com responsabilidade, ou seja, usar os recursos do planeta de modo a ter o que \u00e9 necess\u00e1rio para levar uma vida confort\u00e1vel, mas sem extrapolar a capacidade de renova\u00e7\u00e3o da Terra.<\/p>\n\n\n\n<p>Uma <a href=\"https:\/\/www.akatu.org.br\/wp-content\/uploads\/2018\/11\/pdf_versao_final_apresenta%C3%A7%C3%A3o_pesquisa.pdf\">pesquisa<\/a> realizada pelo instituto Akatu em 2018 mostrou que muitos brasileiros at\u00e9 entendem a import\u00e2ncia do tema, mas ainda associam termos como \u201csustentabilidade\u201d e \u201cconsumo consciente\u201d a mudan\u00e7as radicais e dif\u00edceis de serem implementadas.<\/p>\n\n\n\n<p>O estudo foi realizado com 1.090 pessoas maiores de 16 anos, de todas as classes sociais em 12 regi\u00f5es metropolitanas brasileiras. Dessa amostra, <strong>apenas 24% dos participantes foram classificados como consumidores conscientes<\/strong>.Os outros 76% se mostraram indiferentes ou pouco engajados no tema. Para chegar a esse cen\u00e1rio, foi feita a aplica\u00e7\u00e3o de um teste sobre h\u00e1bitos de vida e de consumo.<\/p>\n\n\n\n<p>Os n\u00fameros mostram que ainda falta acesso \u00e0 informa\u00e7\u00e3o. Consumo consciente n\u00e3o precisa ser algo complexo e que fuja da realidade das pessoas. Pequenas atitudes j\u00e1 causam impacto positivo e o e-commerce tem papel importante na dissemina\u00e7\u00e3o desta mensagem.<\/p>\n\n\n\n<h2 class=\"wp-block-heading\">Sustentabilidade e e-commerce: como olhar para o assunto no dia a dia<\/h2>\n\n\n\n<p>J\u00e1 ouviu falar em 5R? S\u00e3o os cinco pilares de promo\u00e7\u00e3o da sustentabilidade e do consumo consciente: <strong>repensar, recusar, reduzir, reutilizar e reciclar<\/strong>.&nbsp;<\/p>\n\n\n\n<p>Repensar nossas atitudes de consumo, recusar aquilo que n\u00e3o precisamos, reduzir o uso de recursos que est\u00e3o desgastando o planeta, reutilizar o que for poss\u00edvel (roupas, por exemplo) e reciclar os materiais. Os 5R podem ser aplicados em todos os aspectos de nossas vidas, tanto no \u00e2mbito pessoal quanto profissional.<\/p>\n\n\n\n<p>Quando falamos do meio profissional, percebemos que a sustentabilidade pode ser trazida para o e-commerce de diversas maneiras &#8211; tanto no dia a dia da loja virtual (como na escolha das embalagens, por exemplo) quanto na defini\u00e7\u00e3o do modelo de neg\u00f3cio e dos produtos que ser\u00e3o comercializados.<\/p>\n\n\n\n<p>Fazendo um panorama do setor, o com\u00e9rcio eletr\u00f4nico brasileiro vive um momento de forte expans\u00e3o. De acordo com o levantamento <em>Mastercard SpendingPulse<\/em>, \u00edndice que rastreia as vendas gerais de varejo no Brasil, o e-commerce cresceu 75% entre janeiro e dezembro de 2020, em compara\u00e7\u00e3o a 2019.<\/p>\n\n\n\n<p>Em outra pesquisa, a Neotrust apontou que foram realizadas cerca de 78,5 milh\u00f5es de compras online no primeiro trimestre de 2021, o que representa um aumento de 57,4% em compara\u00e7\u00e3o ao mesmo per\u00edodo do ano anterior. O faturamento do setor foi R$ 35,2 bilh\u00f5es no trimestre, alta de 72,2% na compara\u00e7\u00e3o com os tr\u00eas primeiros meses de 2020.<\/p>\n\n\n\n<p>Tais dados refor\u00e7am que investir em um neg\u00f3cio online pode trazer bons resultados. E se o empreendedor precisa de um diferencial para se destacar nesse mercado, prestar aten\u00e7\u00e3o na parcela de consumidores que est\u00e3o buscando um consumo consciente e alinhado com a sustentabilidade pode ser um excelente caminho.<\/p>\n\n\n<p><!--HubSpot Call-to-Action Code --><span class=\"hs-cta-wrapper\" id=\"hs-cta-wrapper-3d02122d-4ece-41b6-88c8-55d2ae123406\"><span class=\"hs-cta-node hs-cta-3d02122d-4ece-41b6-88c8-55d2ae123406\" id=\"hs-cta-3d02122d-4ece-41b6-88c8-55d2ae123406\"><!--[if lte IE 8]>\n\n<div id=\"hs-cta-ie-element\"><\/div>\n\n<![endif]--><a href=\"https:\/\/cta-redirect.hubspot.com\/cta\/redirect\/7173970\/3d02122d-4ece-41b6-88c8-55d2ae123406\" target=\"_blank\" rel=\"noopener\"><img decoding=\"async\" class=\"hs-cta-img\" id=\"hs-cta-img-3d02122d-4ece-41b6-88c8-55d2ae123406\" style=\"border-width:0px;\" height=\"400\" width=\"1325\" src=\"https:\/\/no-cache.hubspot.com\/cta\/default\/7173970\/3d02122d-4ece-41b6-88c8-55d2ae123406.png\" alt=\"Clique aqui e baixe o e-book gr\u00e1tis!\"><\/a><\/span><script charset=\"utf-8\" src=\"https:\/\/js.hscta.net\/cta\/current.js\" <=\"\" script=\"\"><script> type=\"text\/javascript\"> hbspt.cta.load(7173970, '3d02122d-4ece-41b6-88c8-55d2ae123406', {}); <\/script><\/span><!-- end HubSpot Call-to-Action Code --><\/p>\n\n\n\n<p>Al\u00e9m do mais, estamos falando de uma quest\u00e3o que afeta o futuro da vida no planeta. <strong>Quando o lojista entende a import\u00e2ncia de repensar certos processos e o seu papel em ajudar a levar informa\u00e7\u00e3o aos consumidores, ele est\u00e1 contribuindo para melhorar o pr\u00f3prio ambiente onde vive<\/strong>.<\/p>\n\n\n\n<p>A seguir, vamos falar sobre algumas coisas que o lojista de e-commerce pode fazer em prol da sustentabilidade. Tamb\u00e9m vamos mostrar um pouco sobre alguns setores que atraem cada vez mais consumidores e podem ser oportunidades de neg\u00f3cio.<\/p>\n\n\n\n<figure class=\"wp-block-image size-large\"><img decoding=\"async\" width=\"1024\" height=\"683\" src=\"https:\/\/melhorenvio.com.br\/blog\/wp-content\/uploads\/2021\/07\/c2-8asaCWBP4SbbcLPQPnpU8luUOhH6-lXDVqDnaENSkK8hpjbCuPtiDFqw5NmWBTm3Hga3V-TApGRjw66qARyi_CzpHAxUJopIX7oNO4SdVXqIBV5pKr28RdmmTRkeAcREKyJNY-1024x683.jpg\" alt=\"Quando falamos de embalagens no e-commerce, a caixa de papel\u00e3o \u00e9 uma op\u00e7\u00e3o barata e ecologicamente correta. (Foto: FreePik)\" class=\"wp-image-57681\" srcset=\"https:\/\/melhorenvio.com.br\/blog\/wp-content\/uploads\/2021\/07\/c2-8asaCWBP4SbbcLPQPnpU8luUOhH6-lXDVqDnaENSkK8hpjbCuPtiDFqw5NmWBTm3Hga3V-TApGRjw66qARyi_CzpHAxUJopIX7oNO4SdVXqIBV5pKr28RdmmTRkeAcREKyJNY-1024x683.jpg 1024w, https:\/\/melhorenvio.com.br\/blog\/wp-content\/uploads\/2021\/07\/c2-8asaCWBP4SbbcLPQPnpU8luUOhH6-lXDVqDnaENSkK8hpjbCuPtiDFqw5NmWBTm3Hga3V-TApGRjw66qARyi_CzpHAxUJopIX7oNO4SdVXqIBV5pKr28RdmmTRkeAcREKyJNY-300x200.jpg 300w, https:\/\/melhorenvio.com.br\/blog\/wp-content\/uploads\/2021\/07\/c2-8asaCWBP4SbbcLPQPnpU8luUOhH6-lXDVqDnaENSkK8hpjbCuPtiDFqw5NmWBTm3Hga3V-TApGRjw66qARyi_CzpHAxUJopIX7oNO4SdVXqIBV5pKr28RdmmTRkeAcREKyJNY-768x512.jpg 768w, https:\/\/melhorenvio.com.br\/blog\/wp-content\/uploads\/2021\/07\/c2-8asaCWBP4SbbcLPQPnpU8luUOhH6-lXDVqDnaENSkK8hpjbCuPtiDFqw5NmWBTm3Hga3V-TApGRjw66qARyi_CzpHAxUJopIX7oNO4SdVXqIBV5pKr28RdmmTRkeAcREKyJNY-150x100.jpg 150w, https:\/\/melhorenvio.com.br\/blog\/wp-content\/uploads\/2021\/07\/c2-8asaCWBP4SbbcLPQPnpU8luUOhH6-lXDVqDnaENSkK8hpjbCuPtiDFqw5NmWBTm3Hga3V-TApGRjw66qARyi_CzpHAxUJopIX7oNO4SdVXqIBV5pKr28RdmmTRkeAcREKyJNY-750x500.jpg 750w, https:\/\/melhorenvio.com.br\/blog\/wp-content\/uploads\/2021\/07\/c2-8asaCWBP4SbbcLPQPnpU8luUOhH6-lXDVqDnaENSkK8hpjbCuPtiDFqw5NmWBTm3Hga3V-TApGRjw66qARyi_CzpHAxUJopIX7oNO4SdVXqIBV5pKr28RdmmTRkeAcREKyJNY-1140x760.jpg 1140w, https:\/\/melhorenvio.com.br\/blog\/wp-content\/uploads\/2021\/07\/c2-8asaCWBP4SbbcLPQPnpU8luUOhH6-lXDVqDnaENSkK8hpjbCuPtiDFqw5NmWBTm3Hga3V-TApGRjw66qARyi_CzpHAxUJopIX7oNO4SdVXqIBV5pKr28RdmmTRkeAcREKyJNY.jpg 1498w\" sizes=\"(max-width: 1024px) 100vw, 1024px\" \/><\/figure>\n\n\n\n<h3 class=\"wp-block-heading\">Como tornar o ato de embalar mais sustent\u00e1vel<\/h3>\n\n\n\n<p>O momento de embalar os produtos e deix\u00e1-los prontos para o envio gera uma s\u00e9rie de desafios para o lojista quando o assunto \u00e9 sustentabilidade. Em geral, esse processo envolve bastante pl\u00e1stico (o que \u00e9 danoso para o meio ambiente).<\/p>\n\n\n\n<p>Felizmente, h\u00e1 coisas simples que o lojista pode fazer visando a redu\u00e7\u00e3o e o consumo consciente de pl\u00e1stico e optando por materiais que sejam ecologicamente corretos. Aqui v\u00e3o algumas dicas:<\/p>\n\n\n\n<p>\u2714\ufe0f <strong>Use caixa de papel\u00e3o<\/strong>. Al\u00e9m de ser o <a href=\"https:\/\/melhorenvio.com.br\/blog\/frete-e-logistica\/como-trabalhar-com-embalagens-sustentaveis-no-e-commerce\/\" target=\"_blank\" rel=\"noreferrer noopener\">tipo de embalagem<\/a> mais barato e mais aceito pelas transportadoras, a caixa de papel\u00e3o \u00e9 considerada ecologicamente correta pois ir\u00e1 se decompor em no m\u00e1ximo seis meses e pode ser reciclada. Ali\u00e1s, existem op\u00e7\u00f5es de caixas no mercado que j\u00e1 s\u00e3o feitas a partir de materiais reciclados, o que \u00e9 ainda melhor!<\/p>\n\n\n\n<p>\u2714\ufe0f \ufe0f <strong>Substitua o pl\u00e1stico bolha<\/strong> por op\u00e7\u00f5es mais sustent\u00e1veis. O empreendedor pode usar folhas de jornal ou o chamado Bio Pack, uma espuma de milho biodegrad\u00e1vel que desempenha a mesma fun\u00e7\u00e3o do pl\u00e1stico bolha sem agredir o meio ambiente.<\/p>\n\n\n\n<p>\u2714\ufe0f <strong>Use papel kraft e fita gomada<\/strong>: se precisar enrolar os produtos, prefira o papel kraft (que \u00e9 feito de papel reciclado) ao inv\u00e9s do pl\u00e1stico. Para lacrar as embalagens, a fita de papel gomada \u00e9 mais ecologicamente correta do que a fita adesiva de pl\u00e1stico.<\/p>\n\n\n\n<h3 class=\"wp-block-heading\">Evite o desperd\u00edcio no dia a dia do seu neg\u00f3cio<\/h3>\n\n\n\n<p>Quando falamos em consumo consciente aplicado ao dia a dia, estamos falando de olhar para todos os processos da empresa (n\u00e3o importa o tamanho dela) e avaliar o que pode ser melhorado. Aqui alguns <em>insights<\/em>:<\/p>\n\n\n\n<p>\u2705 Avalie se o uso de \u00e1gua e energia el\u00e9trica est\u00e1 sendo feito de maneira correta ou se h\u00e1 espa\u00e7o para melhora. Al\u00e9m de ajudar o meio ambiente, ainda reduz as contas;<\/p>\n\n\n\n<p>\u2705 Substitua copos descart\u00e1veis por copos lav\u00e1veis;&nbsp;<\/p>\n\n\n\n<p>\u2705 Incentive o uso de garrafinhas de \u00e1gua reutiliz\u00e1veis ao inv\u00e9s de copos descart\u00e1veis;<\/p>\n\n\n\n<p>\u2705 Adote a digitaliza\u00e7\u00e3o de documentos e deixe o papel apenas para casos indispens\u00e1veis. Quando poss\u00edvel, use os dois lados da folha nas impress\u00f5es;<\/p>\n\n\n\n<p>\u2705 Separe o lixo entre recicl\u00e1veis e n\u00e3o recicl\u00e1veis e fa\u00e7a a destina\u00e7\u00e3o correta de ambos;<\/p>\n\n\n\n<p>\u2705 Evite pl\u00e1stico e isopor sempre que poss\u00edvel. No mercado j\u00e1 h\u00e1 a <strong>bioespuma<\/strong>, um isopor sustent\u00e1vel feito da resina de plantas como milho, arroz e soja e que \u00e9 t\u00e3o resistente quanto o material feito de pl\u00e1stico - com a vantagem de ser biodegrad\u00e1vel.<\/p>\n\n\n\n<h3 class=\"wp-block-heading\">Fornecedores<\/h3>\n\n\n\n<p>Al\u00e9m do pr\u00f3prio neg\u00f3cio, o lojista tamb\u00e9m pode olhar para toda a rede que o cerca, especialmente os fornecedores. Al\u00e9m de obter materiais de outras empresas que tamb\u00e9m est\u00e3o empenhadas em promover a\u00e7\u00f5es mais sustent\u00e1veis, \u00e9 poss\u00edvel conversar com os que ainda n\u00e3o fazem isso e alertar sobre a import\u00e2ncia do tema.<\/p>\n\n\n\n<p>Lembre-se que <strong>o maior empecilho em rela\u00e7\u00e3o ao consumo consciente \u00e9 a falta de informa\u00e7\u00e3o<\/strong>. A partir do momento que o lojista abra\u00e7a o tema e busca coloc\u00e1-lo em pr\u00e1tica, promover a dissemina\u00e7\u00e3o das informa\u00e7\u00f5es faz parte do processo.<\/p>\n\n\n\n<p>Mas, e para aqueles lojistas que querem incorporar produtos sustent\u00e1veis em sua loja virtual ou at\u00e9 mesmo mudar de ramo dentro do e-commerce, quais op\u00e7\u00f5es existem? A seguir, confira alguns dos mercados em ascens\u00e3o.<\/p>\n\n\n\n<h2 class=\"wp-block-heading\">Sustentabilidade pode ser um bom neg\u00f3cio<\/h2>\n\n\n\n<p>Embora a pesquisa do instituto Akatu em 2018 tenha mostrado que boa parte dos brasileiros ainda n\u00e3o est\u00e1 atenta ao consumo consciente, <strong>n\u00e3o podemos menosprezar a parcela de 24% dos brasileiros que prestam aten\u00e7\u00e3o no assunto<\/strong>.<\/p>\n\n\n\n<p>Para o empreendedor, al\u00e9m de defender uma causa, o investimento na parcela do mercado que est\u00e1 preocupada com a sustentabilidade pode ser um bom neg\u00f3cio. Nichos como os cosm\u00e9ticos veganos e a venda online de pe\u00e7as usadas est\u00e3o crescendo e elevando o consumo consciente a um outro patamar.<\/p>\n\n\n\n<figure class=\"wp-block-image size-large\"><img decoding=\"async\" width=\"1024\" height=\"646\" src=\"https:\/\/melhorenvio.com.br\/blog\/wp-content\/uploads\/2021\/07\/TJFdweJBhTSdw99uk99jEVH1f09CfhYf2dzak_Xqd6AobjO3wCtTMhhhxzUNhTt9ct8dcWA3JRUcjt1ezwHWB4qr6ox5W8dpzLeVjJbxwh_AhGa37TSsO4DB6yvXHQzvhAvr3pX-1024x646.jpg\" alt=\"O mercado de cosm\u00e9ticos veganos deve movimentar quase $21 bilh\u00f5es de d\u00f3lares at\u00e9 2025! (Foto: Unsplash)\" class=\"wp-image-57683\" srcset=\"https:\/\/melhorenvio.com.br\/blog\/wp-content\/uploads\/2021\/07\/TJFdweJBhTSdw99uk99jEVH1f09CfhYf2dzak_Xqd6AobjO3wCtTMhhhxzUNhTt9ct8dcWA3JRUcjt1ezwHWB4qr6ox5W8dpzLeVjJbxwh_AhGa37TSsO4DB6yvXHQzvhAvr3pX-1024x646.jpg 1024w, https:\/\/melhorenvio.com.br\/blog\/wp-content\/uploads\/2021\/07\/TJFdweJBhTSdw99uk99jEVH1f09CfhYf2dzak_Xqd6AobjO3wCtTMhhhxzUNhTt9ct8dcWA3JRUcjt1ezwHWB4qr6ox5W8dpzLeVjJbxwh_AhGa37TSsO4DB6yvXHQzvhAvr3pX-300x189.jpg 300w, https:\/\/melhorenvio.com.br\/blog\/wp-content\/uploads\/2021\/07\/TJFdweJBhTSdw99uk99jEVH1f09CfhYf2dzak_Xqd6AobjO3wCtTMhhhxzUNhTt9ct8dcWA3JRUcjt1ezwHWB4qr6ox5W8dpzLeVjJbxwh_AhGa37TSsO4DB6yvXHQzvhAvr3pX-768x484.jpg 768w, https:\/\/melhorenvio.com.br\/blog\/wp-content\/uploads\/2021\/07\/TJFdweJBhTSdw99uk99jEVH1f09CfhYf2dzak_Xqd6AobjO3wCtTMhhhxzUNhTt9ct8dcWA3JRUcjt1ezwHWB4qr6ox5W8dpzLeVjJbxwh_AhGa37TSsO4DB6yvXHQzvhAvr3pX-1536x969.jpg 1536w, https:\/\/melhorenvio.com.br\/blog\/wp-content\/uploads\/2021\/07\/TJFdweJBhTSdw99uk99jEVH1f09CfhYf2dzak_Xqd6AobjO3wCtTMhhhxzUNhTt9ct8dcWA3JRUcjt1ezwHWB4qr6ox5W8dpzLeVjJbxwh_AhGa37TSsO4DB6yvXHQzvhAvr3pX-150x95.jpg 150w, https:\/\/melhorenvio.com.br\/blog\/wp-content\/uploads\/2021\/07\/TJFdweJBhTSdw99uk99jEVH1f09CfhYf2dzak_Xqd6AobjO3wCtTMhhhxzUNhTt9ct8dcWA3JRUcjt1ezwHWB4qr6ox5W8dpzLeVjJbxwh_AhGa37TSsO4DB6yvXHQzvhAvr3pX-750x473.jpg 750w, https:\/\/melhorenvio.com.br\/blog\/wp-content\/uploads\/2021\/07\/TJFdweJBhTSdw99uk99jEVH1f09CfhYf2dzak_Xqd6AobjO3wCtTMhhhxzUNhTt9ct8dcWA3JRUcjt1ezwHWB4qr6ox5W8dpzLeVjJbxwh_AhGa37TSsO4DB6yvXHQzvhAvr3pX-1140x719.jpg 1140w, https:\/\/melhorenvio.com.br\/blog\/wp-content\/uploads\/2021\/07\/TJFdweJBhTSdw99uk99jEVH1f09CfhYf2dzak_Xqd6AobjO3wCtTMhhhxzUNhTt9ct8dcWA3JRUcjt1ezwHWB4qr6ox5W8dpzLeVjJbxwh_AhGa37TSsO4DB6yvXHQzvhAvr3pX.jpg 1600w\" sizes=\"(max-width: 1024px) 100vw, 1024px\" \/><\/figure>\n\n\n\n<h3 class=\"wp-block-heading\">Cosm\u00e9ticos veganos<\/h3>\n\n\n\n<p>O mercado de beleza no geral est\u00e1 aquecido. Quando falamos do nicho de cosm\u00e9ticos veganos, a situa\u00e7\u00e3o \u00e9 ainda mais positiva. Para se ter uma ideia, <strong>o n\u00famero de produtos veganos certificados pela Sociedade Vegetariana Brasileira cresceu 16% entre 2019 e 2020<\/strong>. Nessa conta entram cosm\u00e9ticos, alimentos, suplementos alimentares, cal\u00e7ados e muito mais.<\/p>\n\n\n\n<p>\ud83d\udc49 <strong>Cosm\u00e9ticos veganos<\/strong> s\u00e3o produtos de beleza e cuidados di\u00e1rios que n\u00e3o levam aditivos qu\u00edmicos artificiais em sua produ\u00e7\u00e3o e n\u00e3o s\u00e3o produzidos com insumos de proced\u00eancia duvidosa ou que tenham sido extra\u00eddos em desarmonia com a natureza. Al\u00e9m disso, esses cosm\u00e9ticos n\u00e3o s\u00e3o testados em animais (s\u00e3o <em>cruelty free<\/em>) e n\u00e3o levam nenhum insumo de origem animal em sua composi\u00e7\u00e3o, o que inclui leite, mel, cera de abelha, col\u00e1geno, etc.<\/p>\n\n\n\n<p>Fazendo uma an\u00e1lise mais ampla, dados da Associa\u00e7\u00e3o Brasileira da Ind\u00fastria de Higiene Pessoal, Perfumaria e Cosm\u00e9ticos (Abihpec) apontam que <strong>o mercado de cosm\u00e9ticos e beleza cresceu 10% na \u00faltima d\u00e9cada no Brasil<\/strong>. As fam\u00edlias brasileiras dedicam, em m\u00e9dia, 1,5% do or\u00e7amento para beleza e cuidados pessoais, fazendo do Brasil o quarto maior mercado consumidor de cosm\u00e9ticos e produtos de beleza do mundo.<\/p>\n\n\n\n<p>\ud83d\udccc Um relat\u00f3rio divulgado pelo instituto de pesquisa <a href=\"https:\/\/www.grandviewresearch.com\/press-release\/global-vegan-cosmetics-market\" target=\"_blank\" rel=\"noreferrer noopener\"><em>Grand View Research<\/em><\/a>, em 2019, projeta que <strong>o mercado internacional de cosm\u00e9ticos veganos deve movimentar US$ 20,8 bilh\u00f5es at\u00e9 2025<\/strong>! A pesquisa aponta que o e-commerce estar\u00e1 na lideran\u00e7a desse crescimento, especialmente pela \u201cfacilidade de sele\u00e7\u00e3o, reposi\u00e7\u00e3o e entrega de pedidos\u201d.<\/p>\n\n\n\n<p>Se o lojista est\u00e1 procurando produtos lucrativos para vender ou um nicho novo para atuar, os cosm\u00e9ticos veganos parecem ser uma ideia promissora. Mas lembre-se que <strong>o selo vegano implica em uma s\u00e9rie de responsabilidades<\/strong> e o lojista precisa saber muito bem qual a proced\u00eancia dos produtos que est\u00e1 comercializando. \u00c9 um comprometimento com a causa.<\/p>\n\n\n\n<h3 class=\"wp-block-heading\">Brech\u00f3 online: vestindo o consumo consciente&nbsp;<\/h3>\n\n\n\n<p>Brech\u00f3s s\u00e3o neg\u00f3cios que existem h\u00e1 muitas d\u00e9cadas. Mas quando esse tipo de loja encontrou a internet, o casamento foi perfeito. Al\u00e9m de ter a sua disposi\u00e7\u00e3o uma s\u00e9rie de ferramentas digitais para exibir e fazer o marketing das pe\u00e7as, os donos de <a href=\"https:\/\/melhorenvio.com.br\/blog\/ecommerce-e-marketplace\/7-dicas-para-criar-um-brecho-online\/\">brech\u00f3 online<\/a> podem vender para todo o pa\u00eds.<\/p>\n\n\n\n<p>O que muitas pessoas n\u00e3o param pra pensar \u00e9 que <strong>comprar em brech\u00f3 online \u00e9 uma maneira de apoiar o consumo consciente<\/strong>. Roupas e objetos em perfeito estado que seriam descartados podem ser reaproveitados por outras pessoas - que evitam a compra desnecess\u00e1ria de pe\u00e7as novas.<\/p>\n\n\n\n<p>\ud83d\udca1 Se formos parar para refletir, ao comprarmos algo que estamos precisando em um brech\u00f3, estamos colocando em pr\u00e1tica 4 dos 5R: repensar, recusar, reduzir e reutilizar. Viu que bacana?<\/p>\n\n\n\n<p>Os brech\u00f3s online deram t\u00e3o certo no Brasil que j\u00e1 h\u00e1 plataformas do setor com valor de mercado na casa dos bilh\u00f5es. O marketplace de brech\u00f3s online Enjoei, por exemplo, est\u00e1 valendo mais de R$2 bilh\u00f5es e \u00e9 um exemplo de como h\u00e1 um p\u00fablico consumidor enorme para a venda de produtos usados.<\/p>\n\n\n\n<p>Para aqueles que querem abrir uma loja online do zero, at\u00e9 mesmo o <a href=\"https:\/\/melhorenvio.com.br\/blog\/ecommerce-e-marketplace\/instagram-para-e-commerce\/\" target=\"_blank\" rel=\"noreferrer noopener\">Instagram <\/a>e o <a href=\"https:\/\/melhorenvio.com.br\/blog\/marketing-digital\/como-criar-uma-loja-no-facebook\/\" target=\"_blank\" rel=\"noreferrer noopener\">Facebook <\/a>podem ser plataformas interessantes para come\u00e7ar. <a href=\"https:\/\/melhorenvio.com.br\/blog\/ecommerce-e-marketplace\/como-vender-online\/\" target=\"_blank\" rel=\"noreferrer noopener\">Neste artigo, h\u00e1 dicas de como vender online sem ter uma plataforma de e-commerce<\/a>.<\/p>\n\n\n\n<p>\ud83d\udca1 Precisando de inspira\u00e7\u00e3o? Assista ao v\u00eddeo da live que fizemos com as donas do Brech\u00f3 Vegano, uma loja online de produtos usados que est\u00e1 fazendo o maior sucesso!<\/p>\n\n\n\n<figure class=\"wp-block-embed is-type-video is-provider-youtube wp-block-embed-youtube wp-embed-aspect-16-9 wp-has-aspect-ratio\"><div class=\"wp-block-embed__wrapper\">\n<div class=\"jeg_video_container jeg_video_content\"><iframe loading=\"lazy\" title=\"[Live] Melhor Envio e Brech\u00f3 Vegano: O que \u00e9 e como iniciar um brech\u00f3 online\" width=\"500\" height=\"281\" src=\"https:\/\/www.youtube.com\/embed\/xsNGeoHB1j4?feature=oembed&#038;enablejsapi=1&#038;origin=https:\/\/melhorenvio.com.br\" frameborder=\"0\" allow=\"accelerometer; autoplay; clipboard-write; encrypted-media; gyroscope; picture-in-picture; web-share\" referrerpolicy=\"strict-origin-when-cross-origin\" allowfullscreen><\/iframe><\/div>\n<\/div><\/figure>\n\n\n\n<h3 class=\"wp-block-heading\">Vender artesanato na internet e a import\u00e2ncia do trabalho dos artes\u00e3os<\/h3>\n\n\n\n<p>O IBGE estima que <strong>existem mais de 10 milh\u00f5es de artes\u00e3os em atividade no Brasil<\/strong>! Juntos, esses trabalhadores movimentam mais de R$50 bilh\u00f5es em vendas por ano.<\/p>\n\n\n\n<p>Em outra pesquisa, o Sebrae apurou que 60% dos artes\u00e3os brasileiros fazem do artesanato a sua principal fonte de renda e 64% deles usam a internet como o maior canal para vender seus produtos.<\/p>\n\n\n\n<p>Al\u00e9m da import\u00e2ncia econ\u00f4mica que <a href=\"https:\/\/melhorenvio.com.br\/blog\/ecommerce-e-marketplace\/como-colocar-artesanato-para-vender-na-internet\/\" target=\"_blank\" rel=\"noreferrer noopener\">vender artesanato<\/a> pela internet tem, comprar ou revender produtos desses empreendedores \u00e9 uma maneira de pensar no consumo consciente por diversos motivos.&nbsp;<\/p>\n\n\n\n<p>\ud83d\udccc Primeiro, muitos dos artes\u00e3os usam materiais reciclados para fazer suas pe\u00e7as e ajudam a completar o ciclo da reciclagem, dando um novo destino a insumos que acabariam no lixo. Segundo, a produ\u00e7\u00e3o manual e em baixa escala agride menos o meio ambiente. Terceiro, \u00e9 mais f\u00e1cil checar a proced\u00eancia dos materiais de artes\u00e3os do que de grandes ind\u00fastrias.&nbsp;<\/p>\n\n\n\n<p>Sem d\u00favidas, comprar artesanato \u00e9 uma maneira de incentivar o trabalho dessas pessoas, movimentar a economia e fazer com que cada vez mais indiv\u00edduos olhem com outros olhos para a reutiliza\u00e7\u00e3o de materiais.<\/p>\n\n\n\n<p>\ud83d\udc49 Est\u00e1 pensando em come\u00e7ar a vender artesanato pela internet? Confira o v\u00eddeo que preparamos com muitas dicas para que suas vendas sejam um sucesso!<\/p>\n\n\n\n<figure class=\"wp-block-embed is-type-video is-provider-youtube wp-block-embed-youtube wp-embed-aspect-16-9 wp-has-aspect-ratio\"><div class=\"wp-block-embed__wrapper\">\n<div class=\"jeg_video_container jeg_video_content\"><iframe loading=\"lazy\" title=\"Do canal de vendas ao frete: como vender artesanato pela internet e lucrar\" width=\"500\" height=\"281\" src=\"https:\/\/www.youtube.com\/embed\/sUksmCritus?feature=oembed&#038;enablejsapi=1&#038;origin=https:\/\/melhorenvio.com.br\" frameborder=\"0\" allow=\"accelerometer; autoplay; clipboard-write; encrypted-media; gyroscope; picture-in-picture; web-share\" referrerpolicy=\"strict-origin-when-cross-origin\" allowfullscreen><\/iframe><\/div>\n<\/div><\/figure>\n\n\n\n<h2 class=\"wp-block-heading\">Sustentabilidade e consumo consciente: a import\u00e2ncia da dissemina\u00e7\u00e3o de informa\u00e7\u00f5es<\/h2>\n\n\n\n<p>A dissemina\u00e7\u00e3o das informa\u00e7\u00f5es \u00e9 um dos pilares da promo\u00e7\u00e3o do consumo consciente. Quanto mais as pessoas entenderem a import\u00e2ncia de repensar, recusar, reduzir, reutilizar e reciclar, maiores as chances de conseguirmos voltar ao patamar onde o planeta Terra consegue suprir nossas necessidades.<\/p>\n\n\n\n<p>Se o lojista trabalha com produtos sustent\u00e1veis, ele pode tanto incluir informa\u00e7\u00f5es sobre a import\u00e2ncia desses produtos na pr\u00f3pria embalagem quanto criar conte\u00fado educativo para outros canais de comunica\u00e7\u00e3o - como as redes sociais e o e-mail, por exemplo.<\/p>\n\n\n\n<p>A tend\u00eancia \u00e9 que cada vez mais pessoas passem a considerar o consumo consciente e a sustentabilidade como prioridades em suas vidas. Lojistas que j\u00e1 estiverem de olho nisso sair\u00e3o na frente. O planeta agradece.<\/p>\n\n\n\n<p><\/p>\n","protected":false},"excerpt":{"rendered":"<p>Entenda como praticar o consumo consciente do seu e-commerce.<\/p>\n","protected":false},"author":15,"featured_media":38283,"comment_status":"closed","ping_status":"open","sticky":false,"template":"","format":"standard","meta":{"_acf_changed":false,"jnews-multi-image_gallery":[],"jnews_single_post":{"subtitle":"","format":"standard","video":"","gallery":"","source_name":"","source_url":"","via_name":"","via_url":"","override_template":"0","override":[{"template":"4","single_blog_custom":"","parallax":"1","fullscreen":"0","layout":"right-sidebar","sidebar":"","second_sidebar":"","sticky_sidebar":"1","share_position":"","share_float_style":"","show_share_counter":"1","show_view_counter":"1","show_featured":"1","show_post_meta":"1","show_post_author":"1","show_post_author_image":"1","show_post_date":"1","post_date_format":"","post_date_format_custom":"","show_post_category":"1","show_post_reading_time":"0","post_reading_time_wpm":"","show_zoom_button":"0","zoom_button_out_step":"1","zoom_button_in_step":"1","show_post_tag":"1","show_prev_next_post":"1","show_popup_post":"1","number_popup_post":"1","show_author_box":"0","show_post_related":"0","show_inline_post_related":"0"}],"override_image_size":"0","image_override":[{"single_post_thumbnail_size":"","single_post_gallery_size":""}],"trending_post":"0","trending_post_position":"","trending_post_label":"","sponsored_post":"0","sponsored_post_label":"","sponsored_post_name":"","sponsored_post_url":"","sponsored_post_logo_enable":"0","sponsored_post_logo":"","sponsored_post_desc":"","disable_ad":"0"},"jnews_primary_category":{"id":"","hide":""},"footnotes":""},"categories":[60],"tags":[498],"class_list":["post-38280","post","type-post","status-publish","format-standard","has-post-thumbnail","hentry","category-ecommerce-e-marketplace","tag-tendencias-de-e-commerce"],"acf":[],"yoast_head":"<!-- This site is optimized with the Yoast SEO plugin v27.3 - https:\/\/yoast.com\/product\/yoast-seo-wordpress\/ -->\n<title>Consumo consciente e sustentabilidade no e-commerce<\/title>\n<meta name=\"description\" content=\"Entenda como praticar o consumo consciente no dia a dia e saiba o que o e-commerce pode fazer para contribuir para a sustentabilidade.\" \/>\n<meta name=\"robots\" content=\"index, follow, max-snippet:-1, max-image-preview:large, max-video-preview:-1\" \/>\n<link rel=\"canonical\" href=\"https:\/\/melhorenvio.com.br\/blog\/ecommerce-e-marketplace\/consumo-consciente-como-aliar-crescimento-e-sustentabilidade-no-e-commerce\/\" \/>\n<meta property=\"og:locale\" content=\"pt_BR\" \/>\n<meta property=\"og:type\" content=\"article\" \/>\n<meta property=\"og:title\" content=\"Consumo consciente e sustentabilidade no e-commerce\" \/>\n<meta property=\"og:description\" content=\"Entenda como praticar o consumo consciente no dia a dia e saiba o que o e-commerce pode fazer para contribuir para a sustentabilidade.\" \/>\n<meta property=\"og:url\" content=\"https:\/\/melhorenvio.com.br\/blog\/ecommerce-e-marketplace\/consumo-consciente-como-aliar-crescimento-e-sustentabilidade-no-e-commerce\/\" \/>\n<meta property=\"og:site_name\" content=\"Blog Melhor Envio\" \/>\n<meta property=\"article:publisher\" content=\"https:\/\/www.facebook.com\/MelhorEnvio\/\" \/>\n<meta property=\"article:published_time\" content=\"2021-07-15T19:07:45+00:00\" \/>\n<meta property=\"article:modified_time\" content=\"2026-04-16T20:21:44+00:00\" \/>\n<meta property=\"og:image\" content=\"https:\/\/melhorenvio.com.br\/blog\/wp-content\/uploads\/2021\/07\/Consumo-consciente-como-aliar-crescimento-e-sustentabilidade-no-e-commerce.png\" \/>\n\t<meta property=\"og:image:width\" content=\"1500\" \/>\n\t<meta property=\"og:image:height\" content=\"660\" \/>\n\t<meta property=\"og:image:type\" content=\"image\/png\" \/>\n<meta name=\"author\" content=\"Paulo Henrique Dias\" \/>\n<meta name=\"twitter:card\" content=\"summary_large_image\" \/>\n<meta name=\"twitter:creator\" content=\"@melhorenvio\" \/>\n<meta name=\"twitter:site\" content=\"@melhorenvio\" \/>\n<meta name=\"twitter:label1\" content=\"Escrito por\" \/>\n\t<meta name=\"twitter:data1\" content=\"Paulo Henrique Dias\" \/>\n\t<meta name=\"twitter:label2\" content=\"Est. tempo de leitura\" \/>\n\t<meta name=\"twitter:data2\" content=\"15 minutos\" \/>\n<script type=\"application\/ld+json\" class=\"yoast-schema-graph\">{\"@context\":\"https:\\\/\\\/schema.org\",\"@graph\":[{\"@type\":\"Article\",\"@id\":\"https:\\\/\\\/melhorenvio.com.br\\\/blog\\\/ecommerce-e-marketplace\\\/consumo-consciente-como-aliar-crescimento-e-sustentabilidade-no-e-commerce\\\/#article\",\"isPartOf\":{\"@id\":\"https:\\\/\\\/melhorenvio.com.br\\\/blog\\\/ecommerce-e-marketplace\\\/consumo-consciente-como-aliar-crescimento-e-sustentabilidade-no-e-commerce\\\/\"},\"author\":{\"name\":\"Paulo Henrique Dias\",\"@id\":\"https:\\\/\\\/blog.melhorenvio.com.br\\\/#\\\/schema\\\/person\\\/df4a5dcae7bb4549e05a74c770da1877\"},\"headline\":\"Consumo consciente e sustentabilidade no e-commerce\",\"datePublished\":\"2021-07-15T19:07:45+00:00\",\"dateModified\":\"2026-04-16T20:21:44+00:00\",\"mainEntityOfPage\":{\"@id\":\"https:\\\/\\\/melhorenvio.com.br\\\/blog\\\/ecommerce-e-marketplace\\\/consumo-consciente-como-aliar-crescimento-e-sustentabilidade-no-e-commerce\\\/\"},\"wordCount\":2632,\"publisher\":{\"@id\":\"https:\\\/\\\/blog.melhorenvio.com.br\\\/#organization\"},\"image\":{\"@id\":\"https:\\\/\\\/melhorenvio.com.br\\\/blog\\\/ecommerce-e-marketplace\\\/consumo-consciente-como-aliar-crescimento-e-sustentabilidade-no-e-commerce\\\/#primaryimage\"},\"thumbnailUrl\":\"https:\\\/\\\/melhorenvio.com.br\\\/blog\\\/wp-content\\\/uploads\\\/2021\\\/07\\\/Consumo-consciente-como-aliar-crescimento-e-sustentabilidade-no-e-commerce.png\",\"keywords\":[\"Tend\u00eancias de e-commerce\"],\"articleSection\":[\"E-commerce e Marketplace\"],\"inLanguage\":\"pt-BR\"},{\"@type\":\"WebPage\",\"@id\":\"https:\\\/\\\/melhorenvio.com.br\\\/blog\\\/ecommerce-e-marketplace\\\/consumo-consciente-como-aliar-crescimento-e-sustentabilidade-no-e-commerce\\\/\",\"url\":\"https:\\\/\\\/melhorenvio.com.br\\\/blog\\\/ecommerce-e-marketplace\\\/consumo-consciente-como-aliar-crescimento-e-sustentabilidade-no-e-commerce\\\/\",\"name\":\"Consumo consciente e sustentabilidade no e-commerce\",\"isPartOf\":{\"@id\":\"https:\\\/\\\/blog.melhorenvio.com.br\\\/#website\"},\"primaryImageOfPage\":{\"@id\":\"https:\\\/\\\/melhorenvio.com.br\\\/blog\\\/ecommerce-e-marketplace\\\/consumo-consciente-como-aliar-crescimento-e-sustentabilidade-no-e-commerce\\\/#primaryimage\"},\"image\":{\"@id\":\"https:\\\/\\\/melhorenvio.com.br\\\/blog\\\/ecommerce-e-marketplace\\\/consumo-consciente-como-aliar-crescimento-e-sustentabilidade-no-e-commerce\\\/#primaryimage\"},\"thumbnailUrl\":\"https:\\\/\\\/melhorenvio.com.br\\\/blog\\\/wp-content\\\/uploads\\\/2021\\\/07\\\/Consumo-consciente-como-aliar-crescimento-e-sustentabilidade-no-e-commerce.png\",\"datePublished\":\"2021-07-15T19:07:45+00:00\",\"dateModified\":\"2026-04-16T20:21:44+00:00\",\"description\":\"Entenda como praticar o consumo consciente no dia a dia e saiba o que o e-commerce pode fazer para contribuir para a sustentabilidade.\",\"inLanguage\":\"pt-BR\",\"potentialAction\":[{\"@type\":\"ReadAction\",\"target\":[\"https:\\\/\\\/melhorenvio.com.br\\\/blog\\\/ecommerce-e-marketplace\\\/consumo-consciente-como-aliar-crescimento-e-sustentabilidade-no-e-commerce\\\/\"]}]},{\"@type\":\"ImageObject\",\"inLanguage\":\"pt-BR\",\"@id\":\"https:\\\/\\\/melhorenvio.com.br\\\/blog\\\/ecommerce-e-marketplace\\\/consumo-consciente-como-aliar-crescimento-e-sustentabilidade-no-e-commerce\\\/#primaryimage\",\"url\":\"https:\\\/\\\/melhorenvio.com.br\\\/blog\\\/wp-content\\\/uploads\\\/2021\\\/07\\\/Consumo-consciente-como-aliar-crescimento-e-sustentabilidade-no-e-commerce.png\",\"contentUrl\":\"https:\\\/\\\/melhorenvio.com.br\\\/blog\\\/wp-content\\\/uploads\\\/2021\\\/07\\\/Consumo-consciente-como-aliar-crescimento-e-sustentabilidade-no-e-commerce.png\",\"width\":1500,\"height\":660,\"caption\":\"Consumo consciente como aliar crescimento e sustentabilidade no e-commerce\"},{\"@type\":\"WebSite\",\"@id\":\"https:\\\/\\\/blog.melhorenvio.com.br\\\/#website\",\"url\":\"https:\\\/\\\/blog.melhorenvio.com.br\\\/\",\"name\":\"Blog Melhor Envio\",\"description\":\"Aprenda a economizar na gest\u00e3o de fretes\",\"publisher\":{\"@id\":\"https:\\\/\\\/blog.melhorenvio.com.br\\\/#organization\"},\"alternateName\":\"Blog do Melhor Envio\",\"potentialAction\":[{\"@type\":\"SearchAction\",\"target\":{\"@type\":\"EntryPoint\",\"urlTemplate\":\"https:\\\/\\\/blog.melhorenvio.com.br\\\/?s={search_term_string}\"},\"query-input\":{\"@type\":\"PropertyValueSpecification\",\"valueRequired\":true,\"valueName\":\"search_term_string\"}}],\"inLanguage\":\"pt-BR\"},{\"@type\":\"Organization\",\"@id\":\"https:\\\/\\\/blog.melhorenvio.com.br\\\/#organization\",\"name\":\"Melhor Envio\",\"alternateName\":\"Melhor Envio\",\"url\":\"https:\\\/\\\/blog.melhorenvio.com.br\\\/\",\"logo\":{\"@type\":\"ImageObject\",\"inLanguage\":\"pt-BR\",\"@id\":\"https:\\\/\\\/blog.melhorenvio.com.br\\\/#\\\/schema\\\/logo\\\/image\\\/\",\"url\":\"https:\\\/\\\/melhorenvio.com.br\\\/blog\\\/wp-content\\\/uploads\\\/2022\\\/12\\\/blog-logo-melhor-envio.webp\",\"contentUrl\":\"https:\\\/\\\/melhorenvio.com.br\\\/blog\\\/wp-content\\\/uploads\\\/2022\\\/12\\\/blog-logo-melhor-envio.webp\",\"width\":188,\"height\":96,\"caption\":\"Melhor Envio\"},\"image\":{\"@id\":\"https:\\\/\\\/blog.melhorenvio.com.br\\\/#\\\/schema\\\/logo\\\/image\\\/\"},\"sameAs\":[\"https:\\\/\\\/www.facebook.com\\\/MelhorEnvio\\\/\",\"https:\\\/\\\/x.com\\\/melhorenvio\",\"https:\\\/\\\/www.instagram.com\\\/melhorenvio\",\"https:\\\/\\\/www.youtube.com\\\/melhorenviooficial\",\"https:\\\/\\\/br.linkedin.com\\\/company\\\/melhorenvio\"]},{\"@type\":\"Person\",\"@id\":\"https:\\\/\\\/blog.melhorenvio.com.br\\\/#\\\/schema\\\/person\\\/df4a5dcae7bb4549e05a74c770da1877\",\"name\":\"Paulo Henrique Dias\",\"image\":{\"@type\":\"ImageObject\",\"inLanguage\":\"pt-BR\",\"@id\":\"https:\\\/\\\/secure.gravatar.com\\\/avatar\\\/5dd208e348fef1499b7ff193a3ffab0e119e71239d1c9794247e8e312cbf3834?s=96&d=mm&r=g\",\"url\":\"https:\\\/\\\/secure.gravatar.com\\\/avatar\\\/5dd208e348fef1499b7ff193a3ffab0e119e71239d1c9794247e8e312cbf3834?s=96&d=mm&r=g\",\"contentUrl\":\"https:\\\/\\\/secure.gravatar.com\\\/avatar\\\/5dd208e348fef1499b7ff193a3ffab0e119e71239d1c9794247e8e312cbf3834?s=96&d=mm&r=g\",\"caption\":\"Paulo Henrique Dias\"},\"description\":\"Jornalista, p\u00f3s-graduando em marketing e apaixonado por comunica\u00e7\u00e3o. Produtor de conte\u00fado no Melhor Envio, plataforma digital que est\u00e1 revolucionando o acesso a fretes para e-commerces de todo o pa\u00eds.\",\"sameAs\":[\"https:\\\/\\\/www.linkedin.com\\\/in\\\/eupaulodias\\\/\"],\"url\":\"https:\\\/\\\/melhorenvio.com.br\\\/blog\\\/author\\\/paulo-henrique\\\/\"}]}<\/script>\n<!-- \/ Yoast SEO plugin. -->","yoast_head_json":{"title":"Consumo consciente e sustentabilidade no e-commerce","description":"Entenda como praticar o consumo consciente no dia a dia e saiba o que o e-commerce pode fazer para contribuir para a sustentabilidade.","robots":{"index":"index","follow":"follow","max-snippet":"max-snippet:-1","max-image-preview":"max-image-preview:large","max-video-preview":"max-video-preview:-1"},"canonical":"https:\/\/melhorenvio.com.br\/blog\/ecommerce-e-marketplace\/consumo-consciente-como-aliar-crescimento-e-sustentabilidade-no-e-commerce\/","og_locale":"pt_BR","og_type":"article","og_title":"Consumo consciente e sustentabilidade no e-commerce","og_description":"Entenda como praticar o consumo consciente no dia a dia e saiba o que o e-commerce pode fazer para contribuir para a sustentabilidade.","og_url":"https:\/\/melhorenvio.com.br\/blog\/ecommerce-e-marketplace\/consumo-consciente-como-aliar-crescimento-e-sustentabilidade-no-e-commerce\/","og_site_name":"Blog Melhor Envio","article_publisher":"https:\/\/www.facebook.com\/MelhorEnvio\/","article_published_time":"2021-07-15T19:07:45+00:00","article_modified_time":"2026-04-16T20:21:44+00:00","og_image":[{"width":1500,"height":660,"url":"https:\/\/melhorenvio.com.br\/blog\/wp-content\/uploads\/2021\/07\/Consumo-consciente-como-aliar-crescimento-e-sustentabilidade-no-e-commerce.png","type":"image\/png"}],"author":"Paulo Henrique Dias","twitter_card":"summary_large_image","twitter_creator":"@melhorenvio","twitter_site":"@melhorenvio","twitter_misc":{"Escrito por":"Paulo Henrique Dias","Est. tempo de leitura":"15 minutos"},"schema":{"@context":"https:\/\/schema.org","@graph":[{"@type":"Article","@id":"https:\/\/melhorenvio.com.br\/blog\/ecommerce-e-marketplace\/consumo-consciente-como-aliar-crescimento-e-sustentabilidade-no-e-commerce\/#article","isPartOf":{"@id":"https:\/\/melhorenvio.com.br\/blog\/ecommerce-e-marketplace\/consumo-consciente-como-aliar-crescimento-e-sustentabilidade-no-e-commerce\/"},"author":{"name":"Paulo Henrique Dias","@id":"https:\/\/blog.melhorenvio.com.br\/#\/schema\/person\/df4a5dcae7bb4549e05a74c770da1877"},"headline":"Consumo consciente e sustentabilidade no e-commerce","datePublished":"2021-07-15T19:07:45+00:00","dateModified":"2026-04-16T20:21:44+00:00","mainEntityOfPage":{"@id":"https:\/\/melhorenvio.com.br\/blog\/ecommerce-e-marketplace\/consumo-consciente-como-aliar-crescimento-e-sustentabilidade-no-e-commerce\/"},"wordCount":2632,"publisher":{"@id":"https:\/\/blog.melhorenvio.com.br\/#organization"},"image":{"@id":"https:\/\/melhorenvio.com.br\/blog\/ecommerce-e-marketplace\/consumo-consciente-como-aliar-crescimento-e-sustentabilidade-no-e-commerce\/#primaryimage"},"thumbnailUrl":"https:\/\/melhorenvio.com.br\/blog\/wp-content\/uploads\/2021\/07\/Consumo-consciente-como-aliar-crescimento-e-sustentabilidade-no-e-commerce.png","keywords":["Tend\u00eancias de e-commerce"],"articleSection":["E-commerce e Marketplace"],"inLanguage":"pt-BR"},{"@type":"WebPage","@id":"https:\/\/melhorenvio.com.br\/blog\/ecommerce-e-marketplace\/consumo-consciente-como-aliar-crescimento-e-sustentabilidade-no-e-commerce\/","url":"https:\/\/melhorenvio.com.br\/blog\/ecommerce-e-marketplace\/consumo-consciente-como-aliar-crescimento-e-sustentabilidade-no-e-commerce\/","name":"Consumo consciente e sustentabilidade no e-commerce","isPartOf":{"@id":"https:\/\/blog.melhorenvio.com.br\/#website"},"primaryImageOfPage":{"@id":"https:\/\/melhorenvio.com.br\/blog\/ecommerce-e-marketplace\/consumo-consciente-como-aliar-crescimento-e-sustentabilidade-no-e-commerce\/#primaryimage"},"image":{"@id":"https:\/\/melhorenvio.com.br\/blog\/ecommerce-e-marketplace\/consumo-consciente-como-aliar-crescimento-e-sustentabilidade-no-e-commerce\/#primaryimage"},"thumbnailUrl":"https:\/\/melhorenvio.com.br\/blog\/wp-content\/uploads\/2021\/07\/Consumo-consciente-como-aliar-crescimento-e-sustentabilidade-no-e-commerce.png","datePublished":"2021-07-15T19:07:45+00:00","dateModified":"2026-04-16T20:21:44+00:00","description":"Entenda como praticar o consumo consciente no dia a dia e saiba o que o e-commerce pode fazer para contribuir para a sustentabilidade.","inLanguage":"pt-BR","potentialAction":[{"@type":"ReadAction","target":["https:\/\/melhorenvio.com.br\/blog\/ecommerce-e-marketplace\/consumo-consciente-como-aliar-crescimento-e-sustentabilidade-no-e-commerce\/"]}]},{"@type":"ImageObject","inLanguage":"pt-BR","@id":"https:\/\/melhorenvio.com.br\/blog\/ecommerce-e-marketplace\/consumo-consciente-como-aliar-crescimento-e-sustentabilidade-no-e-commerce\/#primaryimage","url":"https:\/\/melhorenvio.com.br\/blog\/wp-content\/uploads\/2021\/07\/Consumo-consciente-como-aliar-crescimento-e-sustentabilidade-no-e-commerce.png","contentUrl":"https:\/\/melhorenvio.com.br\/blog\/wp-content\/uploads\/2021\/07\/Consumo-consciente-como-aliar-crescimento-e-sustentabilidade-no-e-commerce.png","width":1500,"height":660,"caption":"Consumo consciente como aliar crescimento e sustentabilidade no e-commerce"},{"@type":"WebSite","@id":"https:\/\/blog.melhorenvio.com.br\/#website","url":"https:\/\/blog.melhorenvio.com.br\/","name":"Blog Melhor Envio","description":"Aprenda a economizar na gest\u00e3o de fretes","publisher":{"@id":"https:\/\/blog.melhorenvio.com.br\/#organization"},"alternateName":"Blog do Melhor Envio","potentialAction":[{"@type":"SearchAction","target":{"@type":"EntryPoint","urlTemplate":"https:\/\/blog.melhorenvio.com.br\/?s={search_term_string}"},"query-input":{"@type":"PropertyValueSpecification","valueRequired":true,"valueName":"search_term_string"}}],"inLanguage":"pt-BR"},{"@type":"Organization","@id":"https:\/\/blog.melhorenvio.com.br\/#organization","name":"Melhor Envio","alternateName":"Melhor Envio","url":"https:\/\/blog.melhorenvio.com.br\/","logo":{"@type":"ImageObject","inLanguage":"pt-BR","@id":"https:\/\/blog.melhorenvio.com.br\/#\/schema\/logo\/image\/","url":"https:\/\/melhorenvio.com.br\/blog\/wp-content\/uploads\/2022\/12\/blog-logo-melhor-envio.webp","contentUrl":"https:\/\/melhorenvio.com.br\/blog\/wp-content\/uploads\/2022\/12\/blog-logo-melhor-envio.webp","width":188,"height":96,"caption":"Melhor Envio"},"image":{"@id":"https:\/\/blog.melhorenvio.com.br\/#\/schema\/logo\/image\/"},"sameAs":["https:\/\/www.facebook.com\/MelhorEnvio\/","https:\/\/x.com\/melhorenvio","https:\/\/www.instagram.com\/melhorenvio","https:\/\/www.youtube.com\/melhorenviooficial","https:\/\/br.linkedin.com\/company\/melhorenvio"]},{"@type":"Person","@id":"https:\/\/blog.melhorenvio.com.br\/#\/schema\/person\/df4a5dcae7bb4549e05a74c770da1877","name":"Paulo Henrique Dias","image":{"@type":"ImageObject","inLanguage":"pt-BR","@id":"https:\/\/secure.gravatar.com\/avatar\/5dd208e348fef1499b7ff193a3ffab0e119e71239d1c9794247e8e312cbf3834?s=96&d=mm&r=g","url":"https:\/\/secure.gravatar.com\/avatar\/5dd208e348fef1499b7ff193a3ffab0e119e71239d1c9794247e8e312cbf3834?s=96&d=mm&r=g","contentUrl":"https:\/\/secure.gravatar.com\/avatar\/5dd208e348fef1499b7ff193a3ffab0e119e71239d1c9794247e8e312cbf3834?s=96&d=mm&r=g","caption":"Paulo Henrique Dias"},"description":"Jornalista, p\u00f3s-graduando em marketing e apaixonado por comunica\u00e7\u00e3o. Produtor de conte\u00fado no Melhor Envio, plataforma digital que est\u00e1 revolucionando o acesso a fretes para e-commerces de todo o pa\u00eds.","sameAs":["https:\/\/www.linkedin.com\/in\/eupaulodias\/"],"url":"https:\/\/melhorenvio.com.br\/blog\/author\/paulo-henrique\/"}]}},"_links":{"self":[{"href":"https:\/\/melhorenvio.com.br\/blog\/wp-json\/wp\/v2\/posts\/38280","targetHints":{"allow":["GET"]}}],"collection":[{"href":"https:\/\/melhorenvio.com.br\/blog\/wp-json\/wp\/v2\/posts"}],"about":[{"href":"https:\/\/melhorenvio.com.br\/blog\/wp-json\/wp\/v2\/types\/post"}],"author":[{"embeddable":true,"href":"https:\/\/melhorenvio.com.br\/blog\/wp-json\/wp\/v2\/users\/15"}],"replies":[{"embeddable":true,"href":"https:\/\/melhorenvio.com.br\/blog\/wp-json\/wp\/v2\/comments?post=38280"}],"version-history":[{"count":12,"href":"https:\/\/melhorenvio.com.br\/blog\/wp-json\/wp\/v2\/posts\/38280\/revisions"}],"predecessor-version":[{"id":59803,"href":"https:\/\/melhorenvio.com.br\/blog\/wp-json\/wp\/v2\/posts\/38280\/revisions\/59803"}],"wp:featuredmedia":[{"embeddable":true,"href":"https:\/\/melhorenvio.com.br\/blog\/wp-json\/wp\/v2\/media\/38283"}],"wp:attachment":[{"href":"https:\/\/melhorenvio.com.br\/blog\/wp-json\/wp\/v2\/media?parent=38280"}],"wp:term":[{"taxonomy":"category","embeddable":true,"href":"https:\/\/melhorenvio.com.br\/blog\/wp-json\/wp\/v2\/categories?post=38280"},{"taxonomy":"post_tag","embeddable":true,"href":"https:\/\/melhorenvio.com.br\/blog\/wp-json\/wp\/v2\/tags?post=38280"}],"curies":[{"name":"wp","href":"https:\/\/api.w.org\/{rel}","templated":true}]}}