{"id":40124,"date":"2021-12-14T15:42:50","date_gmt":"2021-12-14T18:42:50","guid":{"rendered":"https:\/\/blog.melhorenvio.com.br\/?p=40124"},"modified":"2025-09-04T11:27:53","modified_gmt":"2025-09-04T14:27:53","slug":"troca-de-presentes-de-natal-e-datas-especiais","status":"publish","type":"post","link":"https:\/\/melhorenvio.com.br\/blog\/frete-e-logistica\/troca-de-presentes-de-natal-e-datas-especiais\/","title":{"rendered":"Como deixar as trocas de presentes ainda mais eficientes"},"content":{"rendered":"\n<p>Nenhum lojista faz uma venda esperando receber, dias depois, uma mensagem do consumidor solicitando a<a href=\"https:\/\/melhorenvio.com.br\/blog\/sobre-nos\/melhor-envio-logistica-reversa\/\" target=\"_blank\" rel=\"noreferrer noopener\"> troca de presentes<\/a> comprados na seu neg\u00f3cio Contudo, por mais que o seu produto seja excelente, essa \u00e9 uma realidade que faz parte da rotina de trabalho de quem vende pela internet.<\/p>\n\n\n\n<p>Os pedidos de troca s\u00e3o ainda mais comuns ap\u00f3s os grandes per\u00edodos de vendas e datas comemorativas, por isso, no dia <strong>26 de dezembro \u00e9 comemorado o dia mundial da troca<\/strong>, per\u00edodo que inicia o aumento desse tipo de demanda por parte dos compradores.<\/p>\n\n\n\n<p>Apesar da temporada de trocas de <a href=\"https:\/\/melhorenvio.com.br\/blog\/datas-especiais\/como-impulsionar-as-vendas-de-sua-loja-virtual-no-natal\/\" target=\"_blank\" rel=\"noreferrer noopener\">Natal <\/a>e <a href=\"https:\/\/melhorenvio.com.br\/blog\/datas-especiais\/black-friday-2024\/\" target=\"_blank\" rel=\"noreferrer noopener\">Black Friday<\/a> exigir mais dos canais de atendimento das lojas online, \u00e9 necess\u00e1rio ter um fluxo de troca bem definido que funcione durante o ano todo.<\/p>\n\n\n\n<p>Para te ajudar nessa miss\u00e3o, criamos um manual r\u00e1pido recheado de dicas do que \u00e9 necess\u00e1rio ser feito desde o momento que o vendedor recebe a requisi\u00e7\u00e3o de troca at\u00e9 o fim do processo.<\/p>\n\n\n\n<h2 class=\"wp-block-heading\">Troca de presentes online: o que diz o C\u00f3digo de Direito do Consumidor.<\/h2>\n\n\n\n<p>\u00c9 super importante que voc\u00ea e os membros do seu time que lidam diretamente com atendimento ao cliente tenham em mente o que diz o C\u00f3digo de Direito do Consumidor nos casos de troca de presentes.<\/p>\n\n\n\n<p>Toda compra realizada pela internet est\u00e1 coberta pelo <strong>direito de arrependimento, <\/strong>que <strong>garante ao comprador o prazo de 7 dias (a partir do momento da entrega) para desistir de qualquer compra feita pela internet ou ainda solicitar a troca do produto caso ele n\u00e3o corresponda com as caracter\u00edsticas esperadas<\/strong>.&nbsp;<\/p>\n\n\n\n<p>Mas aten\u00e7\u00e3o: o direito de arrependimento \u00e9 exclusivo para compras online. Compras realizadas em sua loja f\u00edsica n\u00e3o est\u00e3o cobertas por essa modalidade de troca.&nbsp;<\/p>\n\n\n\n<p><strong>J\u00e1 nos casos de defeitos e avarias no produto o prazo para troca \u00e9<\/strong> <strong>maior<\/strong>, sendo <strong>de 30 dias para bens n\u00e3o dur\u00e1veis e 90 para bens dur\u00e1veis.<\/strong><\/p>\n\n\n\n<p>Vale a pena ressaltar ainda que<strong> os custos de todos os fretes do processo de troca ficam sempre por conta do lojista<\/strong>.&nbsp;<\/p>\n\n\n\n<p>\u00c9 importante deixar claro que, no Brasil, os pedidos de devolu\u00e7\u00e3o ou troca costumam ser baixos e f\u00e1ceis de resolver. Para voc\u00ea ter ideia, uma pesquisa realizada pelo e-commerce de moda Dafiti (segmento onde os pedidos de troca s\u00e3o mais recorrentes) revelou que <strong>a cada 100 brasileiros que compram roupas pela internet, somente 10 costumam devolver o produto. Na Europa, por exemplo, esse n\u00famero chega a ser de 50 compradores.<\/strong><\/p>\n\n\n\n<p>Por isso, use sempre o bom senso. Avalie estender os per\u00edodos de troca al\u00e9m dos prazos legais. A dica vale, principalmente nos casos de troca de presentes, os maiores respons\u00e1veis pela cria\u00e7\u00e3o do Dia Mundial da Troca.<\/p>\n\n\n\n<figure class=\"wp-block-embed is-type-video is-provider-youtube wp-block-embed-youtube wp-embed-aspect-16-9 wp-has-aspect-ratio\"><div class=\"wp-block-embed__wrapper\">\n<div class=\"jeg_video_container jeg_video_content\"><iframe loading=\"lazy\" title=\"Como lidar com trocas e devolu\u00e7\u00f5es no e-commerce\" width=\"500\" height=\"281\" src=\"https:\/\/www.youtube.com\/embed\/yxcIWciA2qA?start=219&#038;feature=oembed\" frameborder=\"0\" allow=\"accelerometer; autoplay; clipboard-write; encrypted-media; gyroscope; picture-in-picture; web-share\" referrerpolicy=\"strict-origin-when-cross-origin\" allowfullscreen><\/iframe><\/div>\n<\/div><\/figure>\n\n\n\n<h2 class=\"wp-block-heading\">Como criar uma pol\u00edtica de troca de presente clara e transparente<\/h2>\n\n\n\n<p>Voc\u00ea sabe o que \u00e9 uma pol\u00edtica de troca e devolu\u00e7\u00f5es? Esse \u00e9 um guia completo feito pelo lojista contendo todas as informa\u00e7\u00f5es que o seu cliente vai precisar caso tenha que realizar a troca de um produto na sua loja.<\/p>\n\n\n\n<p><strong><em>Para saber como criar um documento que tire todas as d\u00favidas do seu cliente na hora de pedir a substitui\u00e7\u00e3o de um pedido \u00e9 s\u00f3 conferir o nosso <\/em><\/strong><a href=\"https:\/\/melhorenvio.com.br\/blog\/ecommerce-e-marketplace\/codigo-de-defesa-do-consumidor-troca-e-devolucao-e-commerce\/\" target=\"_blank\" rel=\"noreferrer noopener\"><strong><em>guia completo de troca e devolu\u00e7\u00f5es<\/em><\/strong><\/a><strong><em>.&nbsp;<\/em><\/strong><\/p>\n\n\n\n<p><em>Mas o assunto aqui \u00e9 como fazer a troca de presentes sem esquecer nada importante, mesmo em datas de alto movimento! Vamos nessa!<\/em><\/p>\n\n\n\n<h2 class=\"wp-block-heading\">Passo a passo do processo de troca<\/h2>\n\n\n\n<h3 class=\"wp-block-heading\">1 &#8211; Retorne a solicita\u00e7\u00e3o de troca presente o mais r\u00e1pido poss\u00edvel<\/h3>\n\n\n\n<p>Precisar substituir um produto rec\u00e9m adquirido \u00e9 sempre uma experi\u00eancia de compra frustrante, mas, ao mesmo tempo, pode ser a oportunidade ideal para fidelizar de vez um cliente.<\/p>\n\n\n\n<p>\u00c9 isso que mostra a pesquisa da <a href=\"https:\/\/www.terra.com.br\/noticias\/dino\/pesquisa-mostra-que-92-dos-clientes-voltam-a-comprar-quando-passam-por-uma-boa-experiencia-de-troca,a8eabb851aa738a4542857ddc230bf19zcwzmg0u.html\" target=\"_blank\" rel=\"noreferrer noopener\">Ebit<\/a>, que revelou que 92% dos entrevistados que precisaram trocar alguma compra voltaram a fazer neg\u00f3cio com a mesma loja quando tiveram suas demandas atendidas.<\/p>\n\n\n\n<p>Por isso, mesmo em momentos de alta demanda, <strong>retorne o pedido de troca o mais r\u00e1pido poss\u00edvel<\/strong>.&nbsp;<\/p>\n\n\n\n<p>Como existe a limita\u00e7\u00e3o de hor\u00e1rio que o seu time de atendimento pode atuar, vale a pena investir em automatiza\u00e7\u00e3o para o tratamento de contatos relacionados a trocas e outros problemas do <a href=\"https:\/\/melhorenvio.com.br\/blog\/ecommerce-e-marketplace\/pos-venda-loja-virtual\/\" target=\"_blank\" rel=\"noreferrer noopener\">p\u00f3s-venda<\/a>. Isso vai economizar umas boas horas de trabalho e deixar o comprador mais tranquilo em rela\u00e7\u00e3o a sua solicita\u00e7\u00e3o.\u00a0<\/p>\n\n\n\n<h3 class=\"wp-block-heading\">2 &#8211; Envie todas as informa\u00e7\u00f5es necess\u00e1rias para a realiza\u00e7\u00e3o da troca<\/h3>\n\n\n\n<p>Ap\u00f3s o cadastro do pedido da troca, envie as informa\u00e7\u00f5es necess\u00e1rias para que o cliente consiga efetuar a troca do presente.<\/p>\n\n\n\n<p>Em sua mensagem n\u00e3o esque\u00e7a de explicar o procedimento para a troca ser realizada, al\u00e9m de esclarecer como fazer o retorno do produto. Veja todos os assuntos que n\u00e3o podem ficar de fora:<\/p>\n\n\n\n<ul class=\"wp-block-list\">\n<li>Como fazer a escolha do novo produto;&nbsp;<\/li>\n\n\n\n<li>Informar o valor da troca e o que acontece se o cliente optar por um produto de menor ou maior valor;&nbsp;<\/li>\n\n\n\n<li>Como embalar o produto para o envio;&nbsp;<\/li>\n\n\n\n<li>Passo a passo resumido do processo de postagem.<\/li>\n<\/ul>\n\n\n\n<h3 class=\"wp-block-heading\">3 &#8211; Encaminhe para o cliente o c\u00f3digo de postagem e a declara\u00e7\u00e3o de conte\u00fado<\/h3>\n\n\n\n<p>Ok, o comprador acabou de escolher o item que ser\u00e1 trocado no seu e-commerce e o produto j\u00e1 foi separado no estoque.&nbsp;<\/p>\n\n\n\n<p>Chegou a hora de enviar para o cliente o <strong>c\u00f3digo de postagem<\/strong> para que ele despache o pacote de retorno na transportadora contratada, seja ela particular ou o pr\u00f3prio <a href=\"https:\/\/melhorenvio.com.br\/blog\/frete-e-logistica\/como-calcular-o-frete-dos-correios\/\" target=\"_blank\" rel=\"noreferrer noopener\">Correios<\/a>.<\/p>\n\n\n\n<p>Para facilitar a vida do seu cliente, envie tamb\u00e9m a <a href=\"https:\/\/melhorenvio.com.br\/blog\/sobre-nos\/como-gerar-uma-etiqueta-de-frete-no-melhor-envio\/\" target=\"_blank\" rel=\"noreferrer noopener\">etiqueta de postagem<\/a> para que ele n\u00e3o precise preencher manualmente os dados de remetente e destinat\u00e1rio, evitando assim qualquer erro de endere\u00e7amento.\u00a0<\/p>\n\n\n\n<p>E, por \u00faltimo, mas n\u00e3o menos importante, por lei, para que o pacote retorne para a sua loja, ser\u00e1 preciso que ele seja <a href=\"https:\/\/melhorenvio.com.br\/blog\/frete-e-logistica\/declaracao-de-conteudo-correios\/\" target=\"_blank\" rel=\"noreferrer noopener\">encaminhado juntamente com a<strong> declara\u00e7\u00e3o de conte\u00fado<\/strong><\/a>. Envie essa documenta\u00e7\u00e3o preenchida para o cliente imprimir, assinar e fixar com fita adesiva no lado de fora da embalagem de devolu\u00e7\u00e3o.<\/p>\n\n\n\n<p><\/p>\n\n\n\n<p>Para saber como fazer uma declara\u00e7\u00e3o de conte\u00fado da maneira correta, e ainda baixar um modelo dessa documenta\u00e7\u00e3o para utilizar no seu neg\u00f3cio, \u00e9 s\u00f3 dar um confere nesse artigo que preparamos sobre o assunto:<\/p>\n\n\n\n<p><a href=\"https:\/\/melhorenvio.com.br\/blog\/frete-e-logistica\/declaracao-de-conteudo-correios\/\" target=\"_blank\" rel=\"noreferrer noopener\"><strong>Declara\u00e7\u00e3o de Conte\u00fado: o que \u00e9? Para que serve? Como fazer?<\/strong><\/a><\/p>\n\n\n\n<h3 class=\"wp-block-heading\">4 &#8211; Informe ao cliente sobre como anda o processo de troca do presente<\/h3>\n\n\n\n<p>A partir do momento que o comprador deixar o pacote na transportadora<strong>, comunique sobre cada passo do processo at\u00e9 que o novo produto chegue ao cliente.<\/strong><\/p>\n\n\n\n<p>Isso inclui mensagens notificando desde a chegada do produto devolvido ao seu estabelecimento at\u00e9 o momento do envio da troca para o cliente.&nbsp;<\/p>\n\n\n\n<h3 class=\"wp-block-heading\">5 &#8211; N\u00e3o esque\u00e7a de gerar uma nova nota fiscal para a troca<\/h3>\n\n\n\n<p>Assim como no ato da venda, na hora de fazer a substitui\u00e7\u00e3o de um produto por outro a pedido do cliente \u00e9 necess\u00e1rio emitir uma <a href=\"https:\/\/melhorenvio.com.br\/blog\/ecommerce-e-marketplace\/a-importancia-da-nota-fiscal-no-e-commerce\/\">nota fiscal <\/a>espec\u00edfica para o servi\u00e7o:<strong> a nota fiscal de devolu\u00e7\u00e3o.<\/strong><\/p>\n\n\n\n<p>A nota fiscal de devolu\u00e7\u00e3o anula total ou parcialmente a opera\u00e7\u00e3o de compra realizada inicialmente, inclusive em rela\u00e7\u00e3o aos impostos. Sendo assim, essa documenta\u00e7\u00e3o ser\u00e1 sempre emitida com base na nota fiscal original.&nbsp;<\/p>\n\n\n\n<p>Essa nova nota fiscal deve ser anexada ao novo pacote que ser\u00e1 enviado para o cliente.&nbsp;<\/p>\n\n\n\n<h3 class=\"wp-block-heading\">6 &#8211; Entre em contato para saber se o cliente est\u00e1 satisfeito com a troca e o atendimento recebido<\/h3>\n\n\n\n<p>Presente trocado! Se dessa vez tudo estiver como o esperado, o seu cliente ficar\u00e1 satisfeito e n\u00e3o entrar\u00e1 mais em contato, mas isso n\u00e3o significa que voc\u00ea n\u00e3o deva falar com ele novamente.<\/p>\n\n\n\n<p>Seja proativo, <strong>logo ap\u00f3s a entrega envie uma mensagem para conferir se ele est\u00e1 satisfeito com o produto e com seu atendimento<\/strong>. Esse cuidado somado a um processo de troca de presente bem executado aumentar\u00e1 significativamente as chances de fideliza\u00e7\u00e3o ou reten\u00e7\u00e3o desse comprador.&nbsp;<\/p>\n\n\n\n<h2 class=\"wp-block-heading\">Conclus\u00e3o<\/h2>\n\n\n\n<p>Como vimos, o que come\u00e7a com um problema na compra de um presente pode se tornar uma oportunidade de mostrar como o atendimento da sua loja \u00e9 um diferencial e, tamb\u00e9m, que o seu e-commerce, \u00e9 de fato, um ambiente seguro para se fazer compras.&nbsp;<\/p>\n\n\n\n<p>Mas, para isso, al\u00e9m de possuir um sistema de atendimento interno eficiente, o seu neg\u00f3cio vai precisar de <a href=\"https:\/\/melhorenvio.com.br\/blog\/frete-e-logistica\/cotacao-de-frete\/\" target=\"_blank\" rel=\"noreferrer noopener\">solu\u00e7\u00f5es de frete<\/a> que facilitem todas as etapas da troca e que deixem o processo mais r\u00e1pido.<\/p>\n\n\n\n<p>\u00c9 a\u00ed que o <a href=\"https:\/\/melhorenvio.com.br\/\">Melhor Envio<\/a> pode ajudar a sua empresa a diminuir a trabalheira operacional e reduzir os custos com frete das trocas, principalmente nos momentos de pico de casos.<\/p>\n\n\n\n<p><strong>O Melhor Envio \u00e9 uma ferramenta gratuita de cota\u00e7\u00e3o e gest\u00e3o de fretes<\/strong>, onde voc\u00ea s\u00f3 paga pelos fretes contratados. Sem n\u00famero m\u00ednimo de envios ou letrinhas mi\u00fadas.<\/p>\n\n\n\n<p>Dentro da plataforma voc\u00ea ter\u00e1 todas as ferramentas para o seu processo de <a href=\"https:\/\/melhorenvio.com.br\/blog\/sobre-nos\/melhor-envio-logistica-reversa\/\" target=\"_blank\" rel=\"noreferrer noopener\">log\u00edstica reversa<\/a> ser um sucesso, como busca pelo menor pre\u00e7o pelo servi\u00e7o nas <a href=\"https:\/\/melhorenvio.com.br\/blog\/frete-e-logistica\/transportadora-como-escolher\/\" target=\"_blank\" rel=\"noreferrer noopener\">maiores transportadoras do pa\u00eds<\/a>, <a href=\"https:\/\/melhorenvio.com.br\/blog\/sobre-nos\/etiqueta-correios\/\" target=\"_blank\" rel=\"noreferrer noopener\">gerador de etiquetas de envios<\/a> para compartilhamento com o cliente e <a href=\"https:\/\/melhorenvio.com.br\/blog\/sobre-nos\/melhor-rastreio\/\" target=\"_blank\" rel=\"noreferrer noopener\">rastreamento<\/a> de todas as remessas (regulares e de trocas) em um s\u00f3 ambiente.<\/p>\n\n\n\n<p>Legal, n\u00e9?! Para come\u00e7ar a aproveitar todas essas facilidade nos fretes da sua loja virtual basta fazer o cadastro clicando no bot\u00e3o abaixo.<\/p>\n\n\n<p><!--HubSpot Call-to-Action Code --><span class=\"hs-cta-wrapper\" id=\"hs-cta-wrapper-d88692d0-eef5-4014-8518-9b6e70c65a1d\"><span class=\"hs-cta-node hs-cta-d88692d0-eef5-4014-8518-9b6e70c65a1d\" id=\"hs-cta-d88692d0-eef5-4014-8518-9b6e70c65a1d\"><!--[if lte IE 8]>\n\n<div id=\"hs-cta-ie-element\"><\/div>\n\n<![endif]--><a href=\"https:\/\/cta-redirect.hubspot.com\/cta\/redirect\/7173970\/d88692d0-eef5-4014-8518-9b6e70c65a1d\" target=\"_blank\" rel=\"noopener\"><img decoding=\"async\" class=\"hs-cta-img\" id=\"hs-cta-img-d88692d0-eef5-4014-8518-9b6e70c65a1d\" style=\"border-width:0px;\" height=\"400\" width=\"1325\" src=\"https:\/\/no-cache.hubspot.com\/cta\/default\/7173970\/d88692d0-eef5-4014-8518-9b6e70c65a1d.png\" alt=\"Clique e cadastre-se no Melhor Envio!\"><\/a><\/span><script charset=\"utf-8\" src=\"https:\/\/js.hscta.net\/cta\/current.js\" <=\"\" script=\"\"><script> type=\"text\/javascript\"> hbspt.cta.load(7173970, 'd88692d0-eef5-4014-8518-9b6e70c65a1d', {}); <\/script><\/span><!-- end HubSpot Call-to-Action Code \u2192--><\/p>\n\n\n\n\"<script type=\"\" application=\"\" ld+json\"\"=\"\">{\n  \"\"@context\"\": \"\"http:\/\/schema.org\"\",\n  \"\"@type\"\": \"\"VideoObject\"\",\n  \"\"name\"\": \"\"Como lidar com trocas e devolu\u00e7\u00f5es no e-commerce\"\",\n  \"\"description\"\": \"\"Os pedidos de trocas e devolu\u00e7\u00f5es no e-commerce est\u00e3o entre as maiores dores de cabe\u00e7a dos lojistas. Mas n\u00e3o precisa ser assim! Com planejamento e transpar\u00eancia, podem at\u00e9 mesmo se tornar um diferencial do seu neg\u00f3cio. D\u00ea o play e veja como!  \ud83d\ude9b Cadastre-se no Melhor Envio e aproveite nossos descontos: https:\/\/menv.io\/cadastre-se  \ud83d\udce6 Acesse nossa calculadora e comprove nossos fretes: https:\/\/melhorenvio.com.br\/calculadora   \u2753 Central de ajuda do Melhor Envio: https:\/\/ajuda.melhorenvio.com.br\/   \ud83d\udc81 D\u00favidas? \u00c9 s\u00f3 acessar um de nossos canais de atendimento:  \ud83d\udcac Chat: https:\/\/www.melhorenvio.com  \ud83d\udce7 E-mail: contato@melhorenvio.com  \ud83d\udce8 Mensagens pelo Facebook: @MelhorEnvio  \ud83d\udcf2 WhatsApp do Melhor Envio: http:\/\/menv.io\/whats-do-me  \ud83d\udcbb Fique por dentro do universo do e-commerce: https:\/\/blog.melhorenvio.com.br   \ud83d\udcf1 E nos siga nas redes sociais:  @MelhorEnvio  #melhorenvio #frete #ecommerce #lojavirtual\"\",\n  \"\"thumbnailUrl\"\": \"\"https:\/\/i.ytimg.com\/vi\/yxcIWciA2qA\/default.jpg\"\",\n  \"\"uploadDate\"\": \"\"2021-05-06T18:58:59Z\"\",\n  \"\"duration\"\": \"\"PT6M14S\"\",\n  \"\"embedUrl\"\": \"\"https:\/\/www.youtube.com\/embed\/yxcIWciA2qA\"\",\n  \"\"interactionCount\"\": \"\"1979\"\"\n}<\/script>\"\n","protected":false},"excerpt":{"rendered":"<p>Veja como agilizar o processo de trocas de presentes.<\/p>\n","protected":false},"author":51,"featured_media":40127,"comment_status":"closed","ping_status":"open","sticky":false,"template":"","format":"standard","meta":{"_acf_changed":false,"jnews-multi-image_gallery":[],"jnews_single_post":{"subtitle":"","format":"standard","video":"","gallery":"","source_name":"","source_url":"","via_name":"","via_url":"","override_template":"0","override":[{"template":"4","single_blog_custom":"","parallax":"1","fullscreen":"0","layout":"right-sidebar","sidebar":"","second_sidebar":"","sticky_sidebar":"1","share_position":"","share_float_style":"","show_share_counter":"1","show_view_counter":"1","show_featured":"1","show_post_meta":"1","show_post_author":"1","show_post_author_image":"1","show_post_date":"1","post_date_format":"","post_date_format_custom":"","show_post_category":"1","show_post_reading_time":"0","post_reading_time_wpm":"","show_zoom_button":"0","zoom_button_out_step":"1","zoom_button_in_step":"1","show_post_tag":"1","show_prev_next_post":"1","show_popup_post":"1","number_popup_post":"1","show_author_box":"0","show_post_related":"0","show_inline_post_related":"0"}],"override_image_size":"0","image_override":[{"single_post_thumbnail_size":"","single_post_gallery_size":""}],"trending_post":"0","trending_post_position":"","trending_post_label":"","sponsored_post":"0","sponsored_post_label":"","sponsored_post_name":"","sponsored_post_url":"","sponsored_post_logo_enable":"0","sponsored_post_logo":"","sponsored_post_desc":"","disable_ad":"0"},"jnews_primary_category":{"id":"","hide":""},"footnotes":""},"categories":[52],"tags":[499],"class_list":["post-40124","post","type-post","status-publish","format-standard","has-post-thumbnail","hentry","category-frete-e-logistica","tag-gestao-logistica"],"acf":[],"yoast_head":"<!-- This site is optimized with the Yoast SEO plugin v27.3 - https:\/\/yoast.com\/product\/yoast-seo-wordpress\/ -->\n<title>Como deixar as trocas de presentes ainda mais eficientes<\/title>\n<meta name=\"description\" content=\"Como entregar um processo de troca de produtos eficiente e um atendimento impec\u00e1vel no dia mundial da troca de presentes.\" \/>\n<meta name=\"robots\" content=\"index, follow, max-snippet:-1, max-image-preview:large, max-video-preview:-1\" \/>\n<link rel=\"canonical\" href=\"https:\/\/melhorenvio.com.br\/blog\/frete-e-logistica\/troca-de-presentes-de-natal-e-datas-especiais\/\" \/>\n<meta property=\"og:locale\" content=\"pt_BR\" \/>\n<meta property=\"og:type\" content=\"article\" \/>\n<meta property=\"og:title\" content=\"Como deixar as trocas de presentes ainda mais eficientes\" \/>\n<meta property=\"og:description\" content=\"Como entregar um processo de troca de produtos eficiente e um atendimento impec\u00e1vel no dia mundial da troca de presentes.\" \/>\n<meta property=\"og:url\" content=\"https:\/\/melhorenvio.com.br\/blog\/frete-e-logistica\/troca-de-presentes-de-natal-e-datas-especiais\/\" \/>\n<meta property=\"og:site_name\" content=\"Blog Melhor Envio\" \/>\n<meta property=\"article:publisher\" content=\"https:\/\/www.facebook.com\/MelhorEnvio\/\" \/>\n<meta property=\"article:published_time\" content=\"2021-12-14T18:42:50+00:00\" \/>\n<meta property=\"article:modified_time\" content=\"2025-09-04T14:27:53+00:00\" \/>\n<meta property=\"og:image\" content=\"https:\/\/melhorenvio.com.br\/blog\/wp-content\/uploads\/2021\/12\/BLOG_imagem_destacada_14-12-2021.jpg\" \/>\n\t<meta property=\"og:image:width\" content=\"1500\" \/>\n\t<meta property=\"og:image:height\" content=\"660\" \/>\n\t<meta property=\"og:image:type\" content=\"image\/jpeg\" \/>\n<meta name=\"author\" content=\"Thiago Soares\" \/>\n<meta name=\"twitter:card\" content=\"summary_large_image\" \/>\n<meta name=\"twitter:creator\" content=\"@melhorenvio\" \/>\n<meta name=\"twitter:site\" content=\"@melhorenvio\" \/>\n<meta name=\"twitter:label1\" content=\"Escrito por\" \/>\n\t<meta name=\"twitter:data1\" content=\"Thiago Soares\" \/>\n\t<meta name=\"twitter:label2\" content=\"Est. tempo de leitura\" \/>\n\t<meta name=\"twitter:data2\" content=\"9 minutos\" \/>\n<script type=\"application\/ld+json\" class=\"yoast-schema-graph\">{\"@context\":\"https:\\\/\\\/schema.org\",\"@graph\":[{\"@type\":\"Article\",\"@id\":\"https:\\\/\\\/melhorenvio.com.br\\\/blog\\\/frete-e-logistica\\\/troca-de-presentes-de-natal-e-datas-especiais\\\/#article\",\"isPartOf\":{\"@id\":\"https:\\\/\\\/melhorenvio.com.br\\\/blog\\\/frete-e-logistica\\\/troca-de-presentes-de-natal-e-datas-especiais\\\/\"},\"author\":{\"name\":\"Thiago Soares\",\"@id\":\"https:\\\/\\\/blog.melhorenvio.com.br\\\/#\\\/schema\\\/person\\\/380cc4e5bc565c2d87f20a567a8ff587\"},\"headline\":\"Como deixar as trocas de presentes ainda mais eficientes\",\"datePublished\":\"2021-12-14T18:42:50+00:00\",\"dateModified\":\"2025-09-04T14:27:53+00:00\",\"mainEntityOfPage\":{\"@id\":\"https:\\\/\\\/melhorenvio.com.br\\\/blog\\\/frete-e-logistica\\\/troca-de-presentes-de-natal-e-datas-especiais\\\/\"},\"wordCount\":1590,\"publisher\":{\"@id\":\"https:\\\/\\\/blog.melhorenvio.com.br\\\/#organization\"},\"image\":{\"@id\":\"https:\\\/\\\/melhorenvio.com.br\\\/blog\\\/frete-e-logistica\\\/troca-de-presentes-de-natal-e-datas-especiais\\\/#primaryimage\"},\"thumbnailUrl\":\"https:\\\/\\\/melhorenvio.com.br\\\/blog\\\/wp-content\\\/uploads\\\/2021\\\/12\\\/BLOG_imagem_destacada_14-12-2021.jpg\",\"keywords\":[\"Gest\u00e3o log\u00edstica\"],\"articleSection\":[\"Frete e Log\u00edstica\"],\"inLanguage\":\"pt-BR\"},{\"@type\":\"WebPage\",\"@id\":\"https:\\\/\\\/melhorenvio.com.br\\\/blog\\\/frete-e-logistica\\\/troca-de-presentes-de-natal-e-datas-especiais\\\/\",\"url\":\"https:\\\/\\\/melhorenvio.com.br\\\/blog\\\/frete-e-logistica\\\/troca-de-presentes-de-natal-e-datas-especiais\\\/\",\"name\":\"Como deixar as trocas de presentes ainda mais eficientes\",\"isPartOf\":{\"@id\":\"https:\\\/\\\/blog.melhorenvio.com.br\\\/#website\"},\"primaryImageOfPage\":{\"@id\":\"https:\\\/\\\/melhorenvio.com.br\\\/blog\\\/frete-e-logistica\\\/troca-de-presentes-de-natal-e-datas-especiais\\\/#primaryimage\"},\"image\":{\"@id\":\"https:\\\/\\\/melhorenvio.com.br\\\/blog\\\/frete-e-logistica\\\/troca-de-presentes-de-natal-e-datas-especiais\\\/#primaryimage\"},\"thumbnailUrl\":\"https:\\\/\\\/melhorenvio.com.br\\\/blog\\\/wp-content\\\/uploads\\\/2021\\\/12\\\/BLOG_imagem_destacada_14-12-2021.jpg\",\"datePublished\":\"2021-12-14T18:42:50+00:00\",\"dateModified\":\"2025-09-04T14:27:53+00:00\",\"description\":\"Como entregar um processo de troca de produtos eficiente e um atendimento impec\u00e1vel no dia mundial da troca de presentes.\",\"inLanguage\":\"pt-BR\",\"potentialAction\":[{\"@type\":\"ReadAction\",\"target\":[\"https:\\\/\\\/melhorenvio.com.br\\\/blog\\\/frete-e-logistica\\\/troca-de-presentes-de-natal-e-datas-especiais\\\/\"]}]},{\"@type\":\"ImageObject\",\"inLanguage\":\"pt-BR\",\"@id\":\"https:\\\/\\\/melhorenvio.com.br\\\/blog\\\/frete-e-logistica\\\/troca-de-presentes-de-natal-e-datas-especiais\\\/#primaryimage\",\"url\":\"https:\\\/\\\/melhorenvio.com.br\\\/blog\\\/wp-content\\\/uploads\\\/2021\\\/12\\\/BLOG_imagem_destacada_14-12-2021.jpg\",\"contentUrl\":\"https:\\\/\\\/melhorenvio.com.br\\\/blog\\\/wp-content\\\/uploads\\\/2021\\\/12\\\/BLOG_imagem_destacada_14-12-2021.jpg\",\"width\":1500,\"height\":660,\"caption\":\"troca no ecommerce\"},{\"@type\":\"WebSite\",\"@id\":\"https:\\\/\\\/blog.melhorenvio.com.br\\\/#website\",\"url\":\"https:\\\/\\\/blog.melhorenvio.com.br\\\/\",\"name\":\"Blog Melhor Envio\",\"description\":\"Aprenda a economizar na gest\u00e3o de fretes\",\"publisher\":{\"@id\":\"https:\\\/\\\/blog.melhorenvio.com.br\\\/#organization\"},\"alternateName\":\"Blog do Melhor Envio\",\"potentialAction\":[{\"@type\":\"SearchAction\",\"target\":{\"@type\":\"EntryPoint\",\"urlTemplate\":\"https:\\\/\\\/blog.melhorenvio.com.br\\\/?s={search_term_string}\"},\"query-input\":{\"@type\":\"PropertyValueSpecification\",\"valueRequired\":true,\"valueName\":\"search_term_string\"}}],\"inLanguage\":\"pt-BR\"},{\"@type\":\"Organization\",\"@id\":\"https:\\\/\\\/blog.melhorenvio.com.br\\\/#organization\",\"name\":\"Melhor Envio\",\"alternateName\":\"Melhor Envio\",\"url\":\"https:\\\/\\\/blog.melhorenvio.com.br\\\/\",\"logo\":{\"@type\":\"ImageObject\",\"inLanguage\":\"pt-BR\",\"@id\":\"https:\\\/\\\/blog.melhorenvio.com.br\\\/#\\\/schema\\\/logo\\\/image\\\/\",\"url\":\"https:\\\/\\\/melhorenvio.com.br\\\/blog\\\/wp-content\\\/uploads\\\/2022\\\/12\\\/blog-logo-melhor-envio.webp\",\"contentUrl\":\"https:\\\/\\\/melhorenvio.com.br\\\/blog\\\/wp-content\\\/uploads\\\/2022\\\/12\\\/blog-logo-melhor-envio.webp\",\"width\":188,\"height\":96,\"caption\":\"Melhor Envio\"},\"image\":{\"@id\":\"https:\\\/\\\/blog.melhorenvio.com.br\\\/#\\\/schema\\\/logo\\\/image\\\/\"},\"sameAs\":[\"https:\\\/\\\/www.facebook.com\\\/MelhorEnvio\\\/\",\"https:\\\/\\\/x.com\\\/melhorenvio\",\"https:\\\/\\\/www.instagram.com\\\/melhorenvio\",\"https:\\\/\\\/www.youtube.com\\\/melhorenviooficial\",\"https:\\\/\\\/br.linkedin.com\\\/company\\\/melhorenvio\"]},{\"@type\":\"Person\",\"@id\":\"https:\\\/\\\/blog.melhorenvio.com.br\\\/#\\\/schema\\\/person\\\/380cc4e5bc565c2d87f20a567a8ff587\",\"name\":\"Thiago Soares\",\"image\":{\"@type\":\"ImageObject\",\"inLanguage\":\"pt-BR\",\"@id\":\"https:\\\/\\\/secure.gravatar.com\\\/avatar\\\/37146dedea0642b5bd93475a3a6131ef2d4889187a2e0517464ed0f537281610?s=96&d=mm&r=g\",\"url\":\"https:\\\/\\\/secure.gravatar.com\\\/avatar\\\/37146dedea0642b5bd93475a3a6131ef2d4889187a2e0517464ed0f537281610?s=96&d=mm&r=g\",\"contentUrl\":\"https:\\\/\\\/secure.gravatar.com\\\/avatar\\\/37146dedea0642b5bd93475a3a6131ef2d4889187a2e0517464ed0f537281610?s=96&d=mm&r=g\",\"caption\":\"Thiago Soares\"},\"description\":\"Especialista em conte\u00fado para e-commerce formado em Letras pela UERJ e com MBA em Marketing pela USP\\\/Esalq. Conta com mais de 12 anos de experi\u00eancia em produ\u00e7\u00e3o de conte\u00fado para grandes marcas do mercado nacional como Buscap\u00e9, Tray, Zoom, Bagy e outras. Atualmente, tem como prop\u00f3sito ajudar lojistas, de todos os tamanhos, a vender mais pela internet. Para isso, atua na equipe de produ\u00e7\u00e3o de conte\u00fado do Melhor Envio, plataforma digital que est\u00e1 revolucionando a log\u00edstica para e-commerce.\",\"sameAs\":[\"https:\\\/\\\/br.linkedin.com\\\/in\\\/thiago-rocha-soares\"],\"url\":\"https:\\\/\\\/melhorenvio.com.br\\\/blog\\\/author\\\/thiago-soares\\\/\"}]}<\/script>\n<!-- \/ Yoast SEO plugin. -->","yoast_head_json":{"title":"Como deixar as trocas de presentes ainda mais eficientes","description":"Como entregar um processo de troca de produtos eficiente e um atendimento impec\u00e1vel no dia mundial da troca de presentes.","robots":{"index":"index","follow":"follow","max-snippet":"max-snippet:-1","max-image-preview":"max-image-preview:large","max-video-preview":"max-video-preview:-1"},"canonical":"https:\/\/melhorenvio.com.br\/blog\/frete-e-logistica\/troca-de-presentes-de-natal-e-datas-especiais\/","og_locale":"pt_BR","og_type":"article","og_title":"Como deixar as trocas de presentes ainda mais eficientes","og_description":"Como entregar um processo de troca de produtos eficiente e um atendimento impec\u00e1vel no dia mundial da troca de presentes.","og_url":"https:\/\/melhorenvio.com.br\/blog\/frete-e-logistica\/troca-de-presentes-de-natal-e-datas-especiais\/","og_site_name":"Blog Melhor Envio","article_publisher":"https:\/\/www.facebook.com\/MelhorEnvio\/","article_published_time":"2021-12-14T18:42:50+00:00","article_modified_time":"2025-09-04T14:27:53+00:00","og_image":[{"width":1500,"height":660,"url":"https:\/\/melhorenvio.com.br\/blog\/wp-content\/uploads\/2021\/12\/BLOG_imagem_destacada_14-12-2021.jpg","type":"image\/jpeg"}],"author":"Thiago Soares","twitter_card":"summary_large_image","twitter_creator":"@melhorenvio","twitter_site":"@melhorenvio","twitter_misc":{"Escrito por":"Thiago Soares","Est. tempo de leitura":"9 minutos"},"schema":{"@context":"https:\/\/schema.org","@graph":[{"@type":"Article","@id":"https:\/\/melhorenvio.com.br\/blog\/frete-e-logistica\/troca-de-presentes-de-natal-e-datas-especiais\/#article","isPartOf":{"@id":"https:\/\/melhorenvio.com.br\/blog\/frete-e-logistica\/troca-de-presentes-de-natal-e-datas-especiais\/"},"author":{"name":"Thiago Soares","@id":"https:\/\/blog.melhorenvio.com.br\/#\/schema\/person\/380cc4e5bc565c2d87f20a567a8ff587"},"headline":"Como deixar as trocas de presentes ainda mais eficientes","datePublished":"2021-12-14T18:42:50+00:00","dateModified":"2025-09-04T14:27:53+00:00","mainEntityOfPage":{"@id":"https:\/\/melhorenvio.com.br\/blog\/frete-e-logistica\/troca-de-presentes-de-natal-e-datas-especiais\/"},"wordCount":1590,"publisher":{"@id":"https:\/\/blog.melhorenvio.com.br\/#organization"},"image":{"@id":"https:\/\/melhorenvio.com.br\/blog\/frete-e-logistica\/troca-de-presentes-de-natal-e-datas-especiais\/#primaryimage"},"thumbnailUrl":"https:\/\/melhorenvio.com.br\/blog\/wp-content\/uploads\/2021\/12\/BLOG_imagem_destacada_14-12-2021.jpg","keywords":["Gest\u00e3o log\u00edstica"],"articleSection":["Frete e Log\u00edstica"],"inLanguage":"pt-BR"},{"@type":"WebPage","@id":"https:\/\/melhorenvio.com.br\/blog\/frete-e-logistica\/troca-de-presentes-de-natal-e-datas-especiais\/","url":"https:\/\/melhorenvio.com.br\/blog\/frete-e-logistica\/troca-de-presentes-de-natal-e-datas-especiais\/","name":"Como deixar as trocas de presentes ainda mais eficientes","isPartOf":{"@id":"https:\/\/blog.melhorenvio.com.br\/#website"},"primaryImageOfPage":{"@id":"https:\/\/melhorenvio.com.br\/blog\/frete-e-logistica\/troca-de-presentes-de-natal-e-datas-especiais\/#primaryimage"},"image":{"@id":"https:\/\/melhorenvio.com.br\/blog\/frete-e-logistica\/troca-de-presentes-de-natal-e-datas-especiais\/#primaryimage"},"thumbnailUrl":"https:\/\/melhorenvio.com.br\/blog\/wp-content\/uploads\/2021\/12\/BLOG_imagem_destacada_14-12-2021.jpg","datePublished":"2021-12-14T18:42:50+00:00","dateModified":"2025-09-04T14:27:53+00:00","description":"Como entregar um processo de troca de produtos eficiente e um atendimento impec\u00e1vel no dia mundial da troca de presentes.","inLanguage":"pt-BR","potentialAction":[{"@type":"ReadAction","target":["https:\/\/melhorenvio.com.br\/blog\/frete-e-logistica\/troca-de-presentes-de-natal-e-datas-especiais\/"]}]},{"@type":"ImageObject","inLanguage":"pt-BR","@id":"https:\/\/melhorenvio.com.br\/blog\/frete-e-logistica\/troca-de-presentes-de-natal-e-datas-especiais\/#primaryimage","url":"https:\/\/melhorenvio.com.br\/blog\/wp-content\/uploads\/2021\/12\/BLOG_imagem_destacada_14-12-2021.jpg","contentUrl":"https:\/\/melhorenvio.com.br\/blog\/wp-content\/uploads\/2021\/12\/BLOG_imagem_destacada_14-12-2021.jpg","width":1500,"height":660,"caption":"troca no ecommerce"},{"@type":"WebSite","@id":"https:\/\/blog.melhorenvio.com.br\/#website","url":"https:\/\/blog.melhorenvio.com.br\/","name":"Blog Melhor Envio","description":"Aprenda a economizar na gest\u00e3o de fretes","publisher":{"@id":"https:\/\/blog.melhorenvio.com.br\/#organization"},"alternateName":"Blog do Melhor Envio","potentialAction":[{"@type":"SearchAction","target":{"@type":"EntryPoint","urlTemplate":"https:\/\/blog.melhorenvio.com.br\/?s={search_term_string}"},"query-input":{"@type":"PropertyValueSpecification","valueRequired":true,"valueName":"search_term_string"}}],"inLanguage":"pt-BR"},{"@type":"Organization","@id":"https:\/\/blog.melhorenvio.com.br\/#organization","name":"Melhor Envio","alternateName":"Melhor Envio","url":"https:\/\/blog.melhorenvio.com.br\/","logo":{"@type":"ImageObject","inLanguage":"pt-BR","@id":"https:\/\/blog.melhorenvio.com.br\/#\/schema\/logo\/image\/","url":"https:\/\/melhorenvio.com.br\/blog\/wp-content\/uploads\/2022\/12\/blog-logo-melhor-envio.webp","contentUrl":"https:\/\/melhorenvio.com.br\/blog\/wp-content\/uploads\/2022\/12\/blog-logo-melhor-envio.webp","width":188,"height":96,"caption":"Melhor Envio"},"image":{"@id":"https:\/\/blog.melhorenvio.com.br\/#\/schema\/logo\/image\/"},"sameAs":["https:\/\/www.facebook.com\/MelhorEnvio\/","https:\/\/x.com\/melhorenvio","https:\/\/www.instagram.com\/melhorenvio","https:\/\/www.youtube.com\/melhorenviooficial","https:\/\/br.linkedin.com\/company\/melhorenvio"]},{"@type":"Person","@id":"https:\/\/blog.melhorenvio.com.br\/#\/schema\/person\/380cc4e5bc565c2d87f20a567a8ff587","name":"Thiago Soares","image":{"@type":"ImageObject","inLanguage":"pt-BR","@id":"https:\/\/secure.gravatar.com\/avatar\/37146dedea0642b5bd93475a3a6131ef2d4889187a2e0517464ed0f537281610?s=96&d=mm&r=g","url":"https:\/\/secure.gravatar.com\/avatar\/37146dedea0642b5bd93475a3a6131ef2d4889187a2e0517464ed0f537281610?s=96&d=mm&r=g","contentUrl":"https:\/\/secure.gravatar.com\/avatar\/37146dedea0642b5bd93475a3a6131ef2d4889187a2e0517464ed0f537281610?s=96&d=mm&r=g","caption":"Thiago Soares"},"description":"Especialista em conte\u00fado para e-commerce formado em Letras pela UERJ e com MBA em Marketing pela USP\/Esalq. Conta com mais de 12 anos de experi\u00eancia em produ\u00e7\u00e3o de conte\u00fado para grandes marcas do mercado nacional como Buscap\u00e9, Tray, Zoom, Bagy e outras. Atualmente, tem como prop\u00f3sito ajudar lojistas, de todos os tamanhos, a vender mais pela internet. Para isso, atua na equipe de produ\u00e7\u00e3o de conte\u00fado do Melhor Envio, plataforma digital que est\u00e1 revolucionando a log\u00edstica para e-commerce.","sameAs":["https:\/\/br.linkedin.com\/in\/thiago-rocha-soares"],"url":"https:\/\/melhorenvio.com.br\/blog\/author\/thiago-soares\/"}]}},"_links":{"self":[{"href":"https:\/\/melhorenvio.com.br\/blog\/wp-json\/wp\/v2\/posts\/40124","targetHints":{"allow":["GET"]}}],"collection":[{"href":"https:\/\/melhorenvio.com.br\/blog\/wp-json\/wp\/v2\/posts"}],"about":[{"href":"https:\/\/melhorenvio.com.br\/blog\/wp-json\/wp\/v2\/types\/post"}],"author":[{"embeddable":true,"href":"https:\/\/melhorenvio.com.br\/blog\/wp-json\/wp\/v2\/users\/51"}],"replies":[{"embeddable":true,"href":"https:\/\/melhorenvio.com.br\/blog\/wp-json\/wp\/v2\/comments?post=40124"}],"version-history":[{"count":17,"href":"https:\/\/melhorenvio.com.br\/blog\/wp-json\/wp\/v2\/posts\/40124\/revisions"}],"predecessor-version":[{"id":56815,"href":"https:\/\/melhorenvio.com.br\/blog\/wp-json\/wp\/v2\/posts\/40124\/revisions\/56815"}],"wp:featuredmedia":[{"embeddable":true,"href":"https:\/\/melhorenvio.com.br\/blog\/wp-json\/wp\/v2\/media\/40127"}],"wp:attachment":[{"href":"https:\/\/melhorenvio.com.br\/blog\/wp-json\/wp\/v2\/media?parent=40124"}],"wp:term":[{"taxonomy":"category","embeddable":true,"href":"https:\/\/melhorenvio.com.br\/blog\/wp-json\/wp\/v2\/categories?post=40124"},{"taxonomy":"post_tag","embeddable":true,"href":"https:\/\/melhorenvio.com.br\/blog\/wp-json\/wp\/v2\/tags?post=40124"}],"curies":[{"name":"wp","href":"https:\/\/api.w.org\/{rel}","templated":true}]}}