{"id":41352,"date":"2022-04-28T15:31:59","date_gmt":"2022-04-28T18:31:59","guid":{"rendered":"https:\/\/blog.melhorenvio.com.br\/?p=41352"},"modified":"2026-04-20T16:38:02","modified_gmt":"2026-04-20T19:38:02","slug":"gerenciador-de-anuncios-do-facebook","status":"publish","type":"post","link":"https:\/\/melhorenvio.com.br\/blog\/marketing-digital\/gerenciador-de-anuncios-do-facebook\/","title":{"rendered":"Como usar o Gerenciador de An\u00fancios do Facebook?"},"content":{"rendered":"\n<script type=\"application\/ld+json\">\n{\n  \"@context\": \"https:\/\/schema.org\",\n  \"@graph\": [\n    {\n      \"@type\": \"FAQPage\",\n      \"@id\": \"https:\/\/blog.melhorenvio.com.br\/gerenciador-de-anuncios-do-facebook\/#faq\",\n      \"mainEntity\": [\n        {\n          \"@type\": \"Question\",\n          \"@id\": \"https:\/\/blog.melhorenvio.com.br\/gerenciador-de-anuncios-do-facebook\/#faq1\",\n          \"name\": \"Onde fica o Gerenciador de An\u00fancios do Facebook e como criar uma conta?\",\n          \"acceptedAnswer\": {\n            \"@type\": \"Answer\",\n            \"text\": \"O Gerenciador de An\u00fancios fica dentro do Facebook. Para acessar a ferramenta, voc\u00ea precisa ter uma conta pessoal na plataforma e se cadastrar no Meta Business Suite. Veja como \u00e9 simples:  A primeira etapa \u00e9 se cadastrar no Facebook (quem j\u00e1 utiliza a rede social pode pular essa parte).\u00a0\u00a0  Depois, acesse o Meta Business Suite. Se voc\u00ea j\u00e1 possui alguma p\u00e1gina na rede social clique em \u201cEntrar\u201d e, em seguida, fa\u00e7a o login com sua conta do Facebook. Dessa forma, a pr\u00f3pria plataforma vai associar as informa\u00e7\u00f5es da sua conta atual ao Meta Business.  Quem ainda n\u00e3o possui nenhuma p\u00e1gina, deve clicar em \u201cCriar uma conta\u201d. Na pr\u00f3xima etapa, insira o seu nome pessoal e detalhes sobre a sua empresa (nome e endere\u00e7o de e-mail profissional) e clique em \u201cEnviar\u201d.  A sua solicita\u00e7\u00e3o vai ser avaliada e, se estiver tudo certo, voc\u00ea vai poder acessar o Meta Business Suite e usar todas as solu\u00e7\u00f5es que ele oferece, como mostraremos no pr\u00f3ximo t\u00f3pico.\"\n          }\n        }\n      ],\n      \"isPartOf\": {\n        \"@id\": \"https:\/\/blog.melhorenvio.com.br\/gerenciador-de-anuncios-do-facebook\/\"\n      }\n    }\n  ]\n}\n<\/script>\n\n\n\n<p><em>Quer descobrir onde fica o Gerenciador de An\u00fancios do Facebook, como configurar uma conta do zero e as vantagens que essa ferramenta pode trazer para o seu e-commerce? Ent\u00e3o, continue a leitura e confira as respostas dessas e outras perguntas!<\/em><\/p>\n\n\n\n<p>Mas antes de come\u00e7armos, deixa eu te fazer uma pergunta: voc\u00ea quer otimizar a log\u00edstica do seu e-commerce e oferecer mais op\u00e7\u00f5es de frete para a sua clientela?&nbsp;<\/p>\n\n\n\n<p>Ent\u00e3o, fa\u00e7a seu cadastro no Melhor Envio. Al\u00e9m de encontrar diversas ferramentas e solu\u00e7\u00f5es gratuitas para facilitar a rotina, voc\u00ea ainda tem acesso a diferentes transportadoras e modalidades de frete. Clique no bot\u00e3o abaixo e comece a usar nossa plataforma hoje mesmo!<\/p>\n\n\n\n<div class=\"wp-block-buttons is-content-justification-center is-layout-flex wp-container-core-buttons-is-layout-16018d1d wp-block-buttons-is-layout-flex\">\n<div class=\"wp-block-button\"><a class=\"wp-block-button__link has-background wp-element-button\" href=\"https:\/\/melhorenvio.com.br\/cadastre-se\" style=\"background-color:#00519d\" target=\"_blank\" rel=\"noreferrer noopener\">Cadastre-se no Melhor Envio e otimize o frete do seu e-commerce hoje mesmo!<\/a><\/div>\n<\/div>\n\n\n\n<p><\/p>\n\n\n\n<p>Se voc\u00ea j\u00e1 conhece o Gerenciador de An\u00fancios, <a href=\"https:\/\/melhorenvio.com.br\/blog\/marketing-digital\/como-anunciar-no-instagram-ads\/\" target=\"_blank\" rel=\"noreferrer noopener\">aprenda como anunciar no Facebook Ads<\/a>.&nbsp;<\/p>\n\n\n\n<h2 class=\"wp-block-heading\">Entenda a diferen\u00e7a entre: Gerenciador de An\u00fancios (Facebook Ads) e Est\u00fadio de Cria\u00e7\u00e3o<\/h2>\n\n\n\n<p>Quem tem o costume de utilizar o Gerenciador de Neg\u00f3cios do Facebook, deve ter percebido que a plataforma passou por uma transforma\u00e7\u00e3o. Agora, todo o gerenciamento empresarial das contas do Facebook, Instagram, Messenger e WhatsApp \u00e9 feito pelo Meta Business Suite.&nbsp;<\/p>\n\n\n\n<p>As pessoas autorizadas ou com fun\u00e7\u00f5es administrativas tamb\u00e9m conseguem ver e responder coment\u00e1rios e mensagens, receber insights, criar e agendar posts, stories, an\u00fancios e muito mais.<\/p>\n\n\n\n<p>J\u00e1 o Gerenciador de An\u00fancios (Facebook Ads ou Face Ads como tamb\u00e9m \u00e9 conhecido) \u00e9 uma das funcionalidades do Meta Business Suite que permite criar, gerenciar e mensurar o desempenho de publica\u00e7\u00f5es pagas feitas para o Instagram, Messenger, Facebook e Audience Network. Al\u00e9m de permitir tra\u00e7ar estrat\u00e9gias de divulga\u00e7\u00e3o segmentadas e certeiras, o servi\u00e7o &#8220;camufla&#8221; as postagens pagas para que elas apare\u00e7am no feed de uma maneira mais org\u00e2nica.<\/p>\n\n\n\n<p>O termo Ads corresponde aos an\u00fancios pagos que podem aparecer em diferentes lugares dentro da plataforma, como por exemplo: no feed de not\u00edcias, na barra lateral, em p\u00e1ginas espec\u00edficas e etc.&nbsp;<\/p>\n\n\n\n<p>Resumidamente, \u00e9 no Gerenciador de An\u00fancios do Facebook que \u201ctudo\u201d acontece. Por meio da ferramenta \u00e9 poss\u00edvel criar Ads de diversos formatos, segment\u00e1-los para alcan\u00e7ar p\u00fablicos espec\u00edficos e definir em quais canais as publicidades ser\u00e3o exibidas. Ou ainda impulsionar publica\u00e7\u00f5es, promover eventos, Fan Pages (p\u00e1ginas) e etc.<\/p>\n\n\n\n<p>Por fim, temos o Est\u00fadio de Cria\u00e7\u00e3o onde voc\u00ea pode publicar, monetizar e acompanhar o desempenho das suas p\u00e1ginas do Facebook e de contas do Instagram em um \u00fanico painel.<\/p>\n\n\n\n<h2 class=\"wp-block-heading\">Onde fica o Gerenciador de An\u00fancios do Facebook e como criar uma conta?<\/h2>\n\n\n\n<p>O Gerenciador de An\u00fancios fica dentro do Facebook. Para acessar a ferramenta, voc\u00ea <strong>precisa ter uma conta pessoal na plataforma<\/strong> e se cadastrar no Meta Business Suite. Veja como \u00e9 simples:<\/p>\n\n\n\n<ol class=\"wp-block-list\">\n<li>A primeira etapa \u00e9 se cadastrar no Facebook (quem j\u00e1 utiliza a rede social pode pular essa parte).&nbsp;&nbsp;<\/li>\n<\/ol>\n\n\n\n<ol start=\"2\" class=\"wp-block-list\">\n<li>Depois, acesse o <a href=\"https:\/\/business.facebook.com\/\" target=\"_blank\" rel=\"noreferrer noopener\">Meta Business Suite<\/a>. Se voc\u00ea j\u00e1 possui alguma p\u00e1gina na rede social clique em \u201cEntrar\u201d e, em seguida, fa\u00e7a o login com sua conta do Facebook. Dessa forma, a pr\u00f3pria plataforma vai associar as informa\u00e7\u00f5es da sua conta atual ao Meta Business.<\/li>\n<\/ol>\n\n\n\n<ol start=\"3\" class=\"wp-block-list\">\n<li>Quem ainda n\u00e3o possui nenhuma p\u00e1gina, deve clicar em \u201cCriar uma conta\u201d.&nbsp;<\/li>\n<\/ol>\n\n\n<div class=\"wp-block-image\">\n<figure class=\"aligncenter size-large\"><img decoding=\"async\" width=\"1024\" height=\"462\" src=\"https:\/\/blog.melhorenvio.com.br\/wp-content\/uploads\/2022\/04\/entrar-meta-business-1024x462.png\" alt=\"entrar-meta-business\" class=\"wp-image-41353\" srcset=\"https:\/\/melhorenvio.com.br\/blog\/wp-content\/uploads\/2022\/04\/entrar-meta-business-1024x462.png 1024w, https:\/\/melhorenvio.com.br\/blog\/wp-content\/uploads\/2022\/04\/entrar-meta-business-300x135.png 300w, https:\/\/melhorenvio.com.br\/blog\/wp-content\/uploads\/2022\/04\/entrar-meta-business-768x346.png 768w, https:\/\/melhorenvio.com.br\/blog\/wp-content\/uploads\/2022\/04\/entrar-meta-business-750x338.png 750w, https:\/\/melhorenvio.com.br\/blog\/wp-content\/uploads\/2022\/04\/entrar-meta-business-1140x514.png 1140w, https:\/\/melhorenvio.com.br\/blog\/wp-content\/uploads\/2022\/04\/entrar-meta-business.png 1280w\" sizes=\"(max-width: 1024px) 100vw, 1024px\" \/><\/figure>\n<\/div>\n\n\n<ol start=\"4\" class=\"wp-block-list\">\n<li>Na pr\u00f3xima etapa, insira o seu nome pessoal e detalhes sobre a sua empresa (nome e endere\u00e7o de e-mail profissional) e clique em \u201cEnviar\u201d.<\/li>\n<\/ol>\n\n\n\n<ol start=\"5\" class=\"wp-block-list\">\n<li>A sua solicita\u00e7\u00e3o vai ser avaliada e, se estiver tudo certo, voc\u00ea vai poder acessar o Meta Business Suite e usar todas as solu\u00e7\u00f5es que ele oferece, como mostraremos no pr\u00f3ximo t\u00f3pico.<\/li>\n<\/ol>\n\n\n\n<h2 class=\"wp-block-heading\">Como usar o Gerenciador de An\u00fancios Facebook?<\/h2>\n\n\n\n<p>Para facilitar, separamos os primeiros passos para configurar o Gerenciador de An\u00fancios no Facebook. Confira:<\/p>\n\n\n\n<h3 class=\"wp-block-heading\">1. Adicionar uma p\u00e1gina<\/h3>\n\n\n\n<p>Fa\u00e7a login na conta do Facebook que voc\u00ea usa para administrar a Fan Page e selecione na aba lateral a op\u00e7\u00e3o \u201cGerenciador de An\u00fancios\u201d. Se voc\u00ea n\u00e3o encontrar, basta clicar em \u201cVer mais\u201d.&nbsp;<\/p>\n\n\n<div class=\"wp-block-image\">\n<figure class=\"aligncenter size-full\"><img decoding=\"async\" width=\"335\" height=\"568\" src=\"https:\/\/blog.melhorenvio.com.br\/wp-content\/uploads\/2022\/04\/gerenciador-de-anuncios-do-Facebook.png\" alt=\"gerenciador-de-anuncios-do-Facebook\" class=\"wp-image-41354\" srcset=\"https:\/\/melhorenvio.com.br\/blog\/wp-content\/uploads\/2022\/04\/gerenciador-de-anuncios-do-Facebook.png 335w, https:\/\/melhorenvio.com.br\/blog\/wp-content\/uploads\/2022\/04\/gerenciador-de-anuncios-do-Facebook-177x300.png 177w\" sizes=\"(max-width: 335px) 100vw, 335px\" \/><\/figure>\n<\/div>\n\n\n<p>Em seguida, clique no \u00edcone de tr\u00eas pauzinhos e em \u201cConfigura\u00e7\u00f5es do Neg\u00f3cio\u201d.&nbsp;<\/p>\n\n\n<div class=\"wp-block-image\">\n<figure class=\"aligncenter size-large\"><img decoding=\"async\" width=\"1024\" height=\"469\" src=\"https:\/\/blog.melhorenvio.com.br\/wp-content\/uploads\/2022\/04\/adicionar-fan-page-no-Face-Ads-1024x469.png\" alt=\"adicionar-fan-page-no-Face-Ads\" class=\"wp-image-41355\" srcset=\"https:\/\/melhorenvio.com.br\/blog\/wp-content\/uploads\/2022\/04\/adicionar-fan-page-no-Face-Ads-1024x469.png 1024w, https:\/\/melhorenvio.com.br\/blog\/wp-content\/uploads\/2022\/04\/adicionar-fan-page-no-Face-Ads-300x137.png 300w, https:\/\/melhorenvio.com.br\/blog\/wp-content\/uploads\/2022\/04\/adicionar-fan-page-no-Face-Ads-768x351.png 768w, https:\/\/melhorenvio.com.br\/blog\/wp-content\/uploads\/2022\/04\/adicionar-fan-page-no-Face-Ads-750x343.png 750w, https:\/\/melhorenvio.com.br\/blog\/wp-content\/uploads\/2022\/04\/adicionar-fan-page-no-Face-Ads-1140x522.png 1140w, https:\/\/melhorenvio.com.br\/blog\/wp-content\/uploads\/2022\/04\/adicionar-fan-page-no-Face-Ads.png 1366w\" sizes=\"(max-width: 1024px) 100vw, 1024px\" \/><\/figure>\n<\/div>\n\n\n<p>No menu lateral, selecione \u201cP\u00e1ginas\u201d e clique em \u201cAdicionar\u201d. Escolha entre as tr\u00eas alternativas dispon\u00edveis: adicionar uma p\u00e1gina, solicitar acesso a uma p\u00e1gina ou criar uma p\u00e1gina. Para finalizar o processo, siga o passo a passo indicado no Facebook.&nbsp;<\/p>\n\n\n<div class=\"wp-block-image\">\n<figure class=\"aligncenter size-large\"><img decoding=\"async\" width=\"1024\" height=\"426\" src=\"https:\/\/blog.melhorenvio.com.br\/wp-content\/uploads\/2022\/04\/adicionar-pagina-face-ads-1024x426.png\" alt=\"adicionar-pagina-face-ads\" class=\"wp-image-41356\" srcset=\"https:\/\/melhorenvio.com.br\/blog\/wp-content\/uploads\/2022\/04\/adicionar-pagina-face-ads-1024x426.png 1024w, https:\/\/melhorenvio.com.br\/blog\/wp-content\/uploads\/2022\/04\/adicionar-pagina-face-ads-300x125.png 300w, https:\/\/melhorenvio.com.br\/blog\/wp-content\/uploads\/2022\/04\/adicionar-pagina-face-ads-768x319.png 768w, https:\/\/melhorenvio.com.br\/blog\/wp-content\/uploads\/2022\/04\/adicionar-pagina-face-ads-750x312.png 750w, https:\/\/melhorenvio.com.br\/blog\/wp-content\/uploads\/2022\/04\/adicionar-pagina-face-ads-1140x474.png 1140w, https:\/\/melhorenvio.com.br\/blog\/wp-content\/uploads\/2022\/04\/adicionar-pagina-face-ads.png 1366w\" sizes=\"(max-width: 1024px) 100vw, 1024px\" \/><\/figure>\n<\/div>\n\n\n<p>\ud83d\udea9 Para associar uma p\u00e1gina ao Gerenciador de Neg\u00f3cios ela precisa ter sido criada h\u00e1 pelo menos 7 dias.&nbsp;<\/p>\n\n\n\n<h3 class=\"wp-block-heading\">2. Incluir uma conta de neg\u00f3cios no Gerenciador de An\u00fancios<\/h3>\n\n\n\n<p>Para incluir uma conta de neg\u00f3cios v\u00e1 em \u201cConfigura\u00e7\u00f5es do Neg\u00f3cio\u201d novamente, mas desta vez selecione a aba \u201cContas de An\u00fancio\u201d, no menu lateral. Depois clique em \u201cAdicionar\u201d e escolha entre as tr\u00eas alternativas:<\/p>\n\n\n\n<ul class=\"wp-block-list\">\n<li><strong>adicionar uma conta de an\u00fancios:<\/strong> permite mover uma conta existente para o seu Gerenciador de An\u00fancios.<\/li>\n\n\n\n<li><strong>solicitar acesso a uma conta de an\u00fancios:<\/strong> neste caso, voc\u00ea precisa solicitar a permiss\u00e3o para acessar uma conta de an\u00fancios de outra pessoa atrav\u00e9s do seu Gerenciador de An\u00fancios.&nbsp;<\/li>\n\n\n\n<li><strong>criar uma conta de an\u00fancios: <\/strong>para quem precisa configurar uma conta de an\u00fancios para a Fan Page espec\u00edfica.&nbsp;<\/li>\n<\/ul>\n\n\n<div class=\"wp-block-image\">\n<figure class=\"aligncenter size-large\"><img decoding=\"async\" width=\"1024\" height=\"426\" src=\"https:\/\/blog.melhorenvio.com.br\/wp-content\/uploads\/2022\/04\/adicionar-contas-de-anuncio-1024x426.png\" alt=\"adicionar-contas-de-anuncio\" class=\"wp-image-41357\" srcset=\"https:\/\/melhorenvio.com.br\/blog\/wp-content\/uploads\/2022\/04\/adicionar-contas-de-anuncio-1024x426.png 1024w, https:\/\/melhorenvio.com.br\/blog\/wp-content\/uploads\/2022\/04\/adicionar-contas-de-anuncio-300x125.png 300w, https:\/\/melhorenvio.com.br\/blog\/wp-content\/uploads\/2022\/04\/adicionar-contas-de-anuncio-768x319.png 768w, https:\/\/melhorenvio.com.br\/blog\/wp-content\/uploads\/2022\/04\/adicionar-contas-de-anuncio-750x312.png 750w, https:\/\/melhorenvio.com.br\/blog\/wp-content\/uploads\/2022\/04\/adicionar-contas-de-anuncio-1140x474.png 1140w, https:\/\/melhorenvio.com.br\/blog\/wp-content\/uploads\/2022\/04\/adicionar-contas-de-anuncio.png 1366w\" sizes=\"(max-width: 1024px) 100vw, 1024px\" \/><\/figure>\n<\/div>\n\n\n<h3 class=\"wp-block-heading\">3. Definir um meio de pagamento<\/h3>\n\n\n\n<p>Se voc\u00ea estiver configurando uma conta de an\u00fancios do zero, \u00e9 preciso definir uma forma de pagamento.&nbsp;<\/p>\n\n\n\n<p>Acesse \u201cConfigura\u00e7\u00f5es do Neg\u00f3cio\u201d e role o menu lateral at\u00e9 encontrar a aba \u201cFormas de pagamento&#8221; e clique em \u201cAdicionar forma de pagamento\u201d. Escolha o m\u00e9todo de pagamento desejado, a moeda e a regi\u00e3o. Clique em \u201cAvan\u00e7ar\u201d e siga as etapas indicadas para finalizar o cadastro.&nbsp;<\/p>\n\n\n<div class=\"wp-block-image\">\n<figure class=\"aligncenter size-large\"><img decoding=\"async\" width=\"1024\" height=\"426\" src=\"https:\/\/blog.melhorenvio.com.br\/wp-content\/uploads\/2022\/04\/forma-de-pagamento-facebook-ads-1024x426.png\" alt=\"forma-de-pagamento-facebook-ads\" class=\"wp-image-41358\" srcset=\"https:\/\/melhorenvio.com.br\/blog\/wp-content\/uploads\/2022\/04\/forma-de-pagamento-facebook-ads-1024x426.png 1024w, https:\/\/melhorenvio.com.br\/blog\/wp-content\/uploads\/2022\/04\/forma-de-pagamento-facebook-ads-300x125.png 300w, https:\/\/melhorenvio.com.br\/blog\/wp-content\/uploads\/2022\/04\/forma-de-pagamento-facebook-ads-768x319.png 768w, https:\/\/melhorenvio.com.br\/blog\/wp-content\/uploads\/2022\/04\/forma-de-pagamento-facebook-ads-750x312.png 750w, https:\/\/melhorenvio.com.br\/blog\/wp-content\/uploads\/2022\/04\/forma-de-pagamento-facebook-ads-1140x474.png 1140w, https:\/\/melhorenvio.com.br\/blog\/wp-content\/uploads\/2022\/04\/forma-de-pagamento-facebook-ads.png 1366w\" sizes=\"(max-width: 1024px) 100vw, 1024px\" \/><\/figure>\n<\/div>\n\n\n<h3 class=\"wp-block-heading\">4. Atribuir fun\u00e7\u00f5es para outras pessoas&nbsp;<\/h3>\n\n\n\n<p>Em \u201cConfigura\u00e7\u00f5es do neg\u00f3cio\u201d, v\u00e1 em \u201cUsu\u00e1rios\u201d, depois em \u201cPessoas\u201d e clique e \u201cAdicionar\u201d.<\/p>\n\n\n<div class=\"wp-block-image\">\n<figure class=\"aligncenter size-large\"><img decoding=\"async\" width=\"1024\" height=\"426\" src=\"https:\/\/blog.melhorenvio.com.br\/wp-content\/uploads\/2022\/04\/adicionar-pessoas-1024x426.png\" alt=\"adicionar-pessoas-Face-Ads\" class=\"wp-image-41360\" srcset=\"https:\/\/melhorenvio.com.br\/blog\/wp-content\/uploads\/2022\/04\/adicionar-pessoas-1024x426.png 1024w, https:\/\/melhorenvio.com.br\/blog\/wp-content\/uploads\/2022\/04\/adicionar-pessoas-300x125.png 300w, https:\/\/melhorenvio.com.br\/blog\/wp-content\/uploads\/2022\/04\/adicionar-pessoas-768x319.png 768w, https:\/\/melhorenvio.com.br\/blog\/wp-content\/uploads\/2022\/04\/adicionar-pessoas-750x312.png 750w, https:\/\/melhorenvio.com.br\/blog\/wp-content\/uploads\/2022\/04\/adicionar-pessoas-1140x474.png 1140w, https:\/\/melhorenvio.com.br\/blog\/wp-content\/uploads\/2022\/04\/adicionar-pessoas.png 1366w\" sizes=\"(max-width: 1024px) 100vw, 1024px\" \/><\/figure>\n<\/div>\n\n\n<p>Em seguida, vai abrir uma caixa onde voc\u00ea deve inserir o endere\u00e7o de e-mail da pessoa que pretende adicionar. No campo \u201cAtribuir fun\u00e7\u00e3o empresarial\u201d defina o tipo de acesso que a pessoa vai ter: \u201cadministrador\u201d ou \u201cfuncion\u00e1rio\u201d. Clicando em \u201c<a href=\"https:\/\/business.facebook.com\/settings\/people\/100026714154116?business_id=1984336145162364#\" target=\"_blank\" rel=\"noreferrer noopener\">Mostrar op\u00e7\u00f5es avan\u00e7adas<\/a>\u201d, tamb\u00e9m \u00e9 poss\u00edvel atribuir algumas fun\u00e7\u00f5es adicionais \u00e0 pessoa que voc\u00ea est\u00e1 adicionando. Depois \u00e9 s\u00f3 clicar em \u201cAvan\u00e7ar\u201d.&nbsp;<\/p>\n\n\n<div class=\"wp-block-image\">\n<figure class=\"aligncenter size-large\"><img decoding=\"async\" width=\"1024\" height=\"426\" src=\"https:\/\/blog.melhorenvio.com.br\/wp-content\/uploads\/2022\/04\/adicionar-pessoas-2-1024x426.png\" alt=\"convidar-pessoas-Facebook-Ads\" class=\"wp-image-41361\" srcset=\"https:\/\/melhorenvio.com.br\/blog\/wp-content\/uploads\/2022\/04\/adicionar-pessoas-2-1024x426.png 1024w, https:\/\/melhorenvio.com.br\/blog\/wp-content\/uploads\/2022\/04\/adicionar-pessoas-2-300x125.png 300w, https:\/\/melhorenvio.com.br\/blog\/wp-content\/uploads\/2022\/04\/adicionar-pessoas-2-768x319.png 768w, https:\/\/melhorenvio.com.br\/blog\/wp-content\/uploads\/2022\/04\/adicionar-pessoas-2-750x312.png 750w, https:\/\/melhorenvio.com.br\/blog\/wp-content\/uploads\/2022\/04\/adicionar-pessoas-2-1140x474.png 1140w, https:\/\/melhorenvio.com.br\/blog\/wp-content\/uploads\/2022\/04\/adicionar-pessoas-2.png 1366w\" sizes=\"(max-width: 1024px) 100vw, 1024px\" \/><\/figure>\n<\/div>\n\n\n<p>Na pr\u00f3xima caixa, voc\u00ea consegue delimitar quais funcionalidades e informa\u00e7\u00f5es cada usu\u00e1rio ter\u00e1 acesso. Depois \u00e9 s\u00f3 clicar em \u201cConvidar\u201d.&nbsp;<\/p>\n\n\n<div class=\"wp-block-image\">\n<figure class=\"aligncenter size-large\"><img decoding=\"async\" width=\"1024\" height=\"426\" src=\"https:\/\/blog.melhorenvio.com.br\/wp-content\/uploads\/2022\/04\/adicionar-people-concluir-1024x426.png\" alt=\"convidar-pessoas\" class=\"wp-image-41362\" srcset=\"https:\/\/melhorenvio.com.br\/blog\/wp-content\/uploads\/2022\/04\/adicionar-people-concluir-1024x426.png 1024w, https:\/\/melhorenvio.com.br\/blog\/wp-content\/uploads\/2022\/04\/adicionar-people-concluir-300x125.png 300w, https:\/\/melhorenvio.com.br\/blog\/wp-content\/uploads\/2022\/04\/adicionar-people-concluir-768x319.png 768w, https:\/\/melhorenvio.com.br\/blog\/wp-content\/uploads\/2022\/04\/adicionar-people-concluir-750x312.png 750w, https:\/\/melhorenvio.com.br\/blog\/wp-content\/uploads\/2022\/04\/adicionar-people-concluir-1140x474.png 1140w, https:\/\/melhorenvio.com.br\/blog\/wp-content\/uploads\/2022\/04\/adicionar-people-concluir.png 1366w\" sizes=\"(max-width: 1024px) 100vw, 1024px\" \/><\/figure>\n<\/div>\n\n\n<p><strong>Dica: <\/strong>Se voc\u00ea convidou uma pessoa por engano, \u00e9 s\u00f3 ir em \u201cConfigura\u00e7\u00f5es do An\u00fancio\u201d &gt; \u201cUsu\u00e1rios\u201d &gt; \u201cPessoas\u201d e clicar em \u201cCancelar\u201d.<\/p>\n\n\n<div class=\"wp-block-image\">\n<figure class=\"aligncenter size-full\"><img decoding=\"async\" width=\"688\" height=\"357\" src=\"https:\/\/blog.melhorenvio.com.br\/wp-content\/uploads\/2022\/04\/cancelar-acesso-Face-Ads.png\" alt=\"cancelar-acesso-Face-Ads\" class=\"wp-image-41359\" srcset=\"https:\/\/melhorenvio.com.br\/blog\/wp-content\/uploads\/2022\/04\/cancelar-acesso-Face-Ads.png 688w, https:\/\/melhorenvio.com.br\/blog\/wp-content\/uploads\/2022\/04\/cancelar-acesso-Face-Ads-300x156.png 300w\" sizes=\"(max-width: 688px) 100vw, 688px\" \/><\/figure>\n<\/div>\n\n\n<h3 class=\"wp-block-heading\">5. Adicionar uma conta do Instagram no Gerenciador de An\u00fancios Facebook<\/h3>\n\n\n\n<p>Para simplificar a cria\u00e7\u00e3o de campanhas, voc\u00ea pode adicionar sua conta do Instagram ao Gerenciador de An\u00fancios do Facebook.&nbsp;<\/p>\n\n\n\n<p>Neste caso, voc\u00ea deve ir a \u201cConfigura\u00e7\u00f5es do Neg\u00f3cio\u201d &gt; \u201cContas\u201d &gt; \u201cContas do Instagram\u201d e clique em \u201cAdicionar\u201d.<\/p>\n\n\n<div class=\"wp-block-image\">\n<figure class=\"aligncenter size-large\"><img decoding=\"async\" width=\"1024\" height=\"426\" src=\"https:\/\/blog.melhorenvio.com.br\/wp-content\/uploads\/2022\/04\/adicionar-conta-Instagram-1-1024x426.png\" alt=\"adicionar-conta-Instagram-1\" class=\"wp-image-41363\" srcset=\"https:\/\/melhorenvio.com.br\/blog\/wp-content\/uploads\/2022\/04\/adicionar-conta-Instagram-1-1024x426.png 1024w, https:\/\/melhorenvio.com.br\/blog\/wp-content\/uploads\/2022\/04\/adicionar-conta-Instagram-1-300x125.png 300w, https:\/\/melhorenvio.com.br\/blog\/wp-content\/uploads\/2022\/04\/adicionar-conta-Instagram-1-768x319.png 768w, https:\/\/melhorenvio.com.br\/blog\/wp-content\/uploads\/2022\/04\/adicionar-conta-Instagram-1-750x312.png 750w, https:\/\/melhorenvio.com.br\/blog\/wp-content\/uploads\/2022\/04\/adicionar-conta-Instagram-1-1140x474.png 1140w, https:\/\/melhorenvio.com.br\/blog\/wp-content\/uploads\/2022\/04\/adicionar-conta-Instagram-1.png 1366w\" sizes=\"(max-width: 1024px) 100vw, 1024px\" \/><\/figure>\n<\/div>\n\n\n<p>Na sequ\u00eancia, clique em \u201cConectar sua conta do Instagram\u201d. Vai abrir uma nova p\u00e1gina, basta fazer login no perfil desejado para finalizar o processo.&nbsp;<\/p>\n\n\n<div class=\"wp-block-image\">\n<figure class=\"aligncenter size-large\"><img decoding=\"async\" width=\"1024\" height=\"426\" src=\"https:\/\/blog.melhorenvio.com.br\/wp-content\/uploads\/2022\/04\/adicionar-conta-Instagram-2-1024x426.png\" alt=\"adicionar-conta-Instagram-2\" class=\"wp-image-41364\" srcset=\"https:\/\/melhorenvio.com.br\/blog\/wp-content\/uploads\/2022\/04\/adicionar-conta-Instagram-2-1024x426.png 1024w, https:\/\/melhorenvio.com.br\/blog\/wp-content\/uploads\/2022\/04\/adicionar-conta-Instagram-2-300x125.png 300w, https:\/\/melhorenvio.com.br\/blog\/wp-content\/uploads\/2022\/04\/adicionar-conta-Instagram-2-768x319.png 768w, https:\/\/melhorenvio.com.br\/blog\/wp-content\/uploads\/2022\/04\/adicionar-conta-Instagram-2-750x312.png 750w, https:\/\/melhorenvio.com.br\/blog\/wp-content\/uploads\/2022\/04\/adicionar-conta-Instagram-2-1140x474.png 1140w, https:\/\/melhorenvio.com.br\/blog\/wp-content\/uploads\/2022\/04\/adicionar-conta-Instagram-2.png 1366w\" sizes=\"(max-width: 1024px) 100vw, 1024px\" \/><\/figure>\n<\/div>\n\n\n<h3 class=\"wp-block-heading\">6. Adicionar uma conta do WhatsApp Business<\/h3>\n\n\n\n<p>Adicionar uma conta do WhatsApp Business confere mais credibilidade ao seu neg\u00f3cio. Al\u00e9m disso, ap\u00f3s a integra\u00e7\u00e3o, voc\u00ea vai poder <a href=\"https:\/\/pt-br.facebook.com\/business\/help\/447934475640650?id=371525583593535\" target=\"_blank\" rel=\"noreferrer noopener\">criar an\u00fancios de clique<\/a> para levar os clientes e leads ao WhatsApp da sua empresa.&nbsp;<\/p>\n\n\n\n<p>Acesse \u201cConfigura\u00e7\u00f5es do Neg\u00f3cio\u201d &gt; \u201cContas\u201d &gt; \u201cContas do WhatsApp&#8221; e clique em &#8220;Adicionar conta do WhatsApp\u201d.<\/p>\n\n\n<div class=\"wp-block-image\">\n<figure class=\"aligncenter size-large\"><img decoding=\"async\" width=\"1024\" height=\"426\" src=\"https:\/\/blog.melhorenvio.com.br\/wp-content\/uploads\/2022\/04\/adicionar-conta-WhatsApp-1-1024x426.png\" alt=\"adicionar-conta-WhatsApp-1\" class=\"wp-image-41365\" srcset=\"https:\/\/melhorenvio.com.br\/blog\/wp-content\/uploads\/2022\/04\/adicionar-conta-WhatsApp-1-1024x426.png 1024w, https:\/\/melhorenvio.com.br\/blog\/wp-content\/uploads\/2022\/04\/adicionar-conta-WhatsApp-1-300x125.png 300w, https:\/\/melhorenvio.com.br\/blog\/wp-content\/uploads\/2022\/04\/adicionar-conta-WhatsApp-1-768x319.png 768w, https:\/\/melhorenvio.com.br\/blog\/wp-content\/uploads\/2022\/04\/adicionar-conta-WhatsApp-1-750x312.png 750w, https:\/\/melhorenvio.com.br\/blog\/wp-content\/uploads\/2022\/04\/adicionar-conta-WhatsApp-1-1140x474.png 1140w, https:\/\/melhorenvio.com.br\/blog\/wp-content\/uploads\/2022\/04\/adicionar-conta-WhatsApp-1.png 1366w\" sizes=\"(max-width: 1024px) 100vw, 1024px\" \/><figcaption class=\"wp-element-caption\">Adicionar conta do WhatsApp no Gerenciador de An\u00fancios<\/figcaption><\/figure>\n<\/div>\n\n\n<p>Insira o c\u00f3digo do pa\u00eds e o n\u00famero de telefone e clique em \u201cContinuar\u201d. Insira o c\u00f3digo recebido e clique em \u201cConfirmar\u201d.<\/p>\n\n\n\n<p><strong>Importante:<\/strong> Para adicionar uma conta de WhatsApp no Gerenciador de An\u00fancios, voc\u00ea precisa utilizar a vers\u00e3o Business do aplicativo de mensagens.&nbsp;<\/p>\n\n\n<div class=\"wp-block-image\">\n<figure class=\"aligncenter size-large\"><img decoding=\"async\" width=\"1024\" height=\"426\" src=\"https:\/\/blog.melhorenvio.com.br\/wp-content\/uploads\/2022\/04\/adicionar-conta-no-whatsapp-2-1024x426.png\" alt=\"adicionar-conta-no-whatsapp-2\" class=\"wp-image-41366\" srcset=\"https:\/\/melhorenvio.com.br\/blog\/wp-content\/uploads\/2022\/04\/adicionar-conta-no-whatsapp-2-1024x426.png 1024w, https:\/\/melhorenvio.com.br\/blog\/wp-content\/uploads\/2022\/04\/adicionar-conta-no-whatsapp-2-300x125.png 300w, https:\/\/melhorenvio.com.br\/blog\/wp-content\/uploads\/2022\/04\/adicionar-conta-no-whatsapp-2-768x319.png 768w, https:\/\/melhorenvio.com.br\/blog\/wp-content\/uploads\/2022\/04\/adicionar-conta-no-whatsapp-2-750x312.png 750w, https:\/\/melhorenvio.com.br\/blog\/wp-content\/uploads\/2022\/04\/adicionar-conta-no-whatsapp-2-1140x474.png 1140w, https:\/\/melhorenvio.com.br\/blog\/wp-content\/uploads\/2022\/04\/adicionar-conta-no-whatsapp-2.png 1366w\" sizes=\"(max-width: 1024px) 100vw, 1024px\" \/><\/figure>\n<\/div>\n\n\n<h2 class=\"wp-block-heading\">3 vantagens de usar o Gerenciador de An\u00fancios Facebook<\/h2>\n\n\n\n<p>Confira 3 vantagens do Gerenciador de An\u00fancios:<\/p>\n\n\n\n<h3 class=\"wp-block-heading\">Centralizar todos as informa\u00e7\u00f5es em um \u00fanico lugar<\/h3>\n\n\n\n<p>A ferramenta permite centralizar todos os dados de an\u00fancios do Facebook e Instagram em um \u00fanico lugar. Os administradores das p\u00e1ginas podem monitorar o desempenho das campanhas em tempo real e realizar altera\u00e7\u00f5es rapidamente, caso seja necess\u00e1rio.&nbsp;<\/p>\n\n\n\n<h3 class=\"wp-block-heading\">Presen\u00e7a digital mais assertiva<\/h3>\n\n\n\n<p>Com o Gerenciador de An\u00fancios, voc\u00ea tem acesso a m\u00e9tricas importantes sobre o perfil do seu p\u00fablico-alvo, como por exemplo: idade, g\u00eanero e localiza\u00e7\u00e3o. Al\u00e9m disso, o Facebook Ads oferece v\u00e1rios recursos de segmenta\u00e7\u00e3o que permitem filtrar as pessoas que v\u00e3o receber os an\u00fancios.&nbsp;<\/p>\n\n\n\n<p>Voc\u00ea tamb\u00e9m pode escolher entre investir em campanhas para quem j\u00e1 \u00e9 cliente ou para aumentar o alcance da sua marca e atrair novos leads. Com isso, voc\u00ea acaba construindo uma presen\u00e7a digital mais assertiva e potencializa as chances de obter resultados positivos.<\/p>\n\n\n\n<h3 class=\"wp-block-heading\">An\u00e1lise simplificada dos an\u00fancios<\/h3>\n\n\n\n<p>\u00c9 poss\u00edvel mensurar e comparar os resultados e gerar relat\u00f3rios detalhados sobre o alcance de cada an\u00fancio. Dessa forma, mesmo quem n\u00e3o tem um conhecimento muito amplo sobre o assunto consegue analisar as campanhas, entender o que est\u00e1 fazendo de errado e identificar quais a\u00e7\u00f5es est\u00e3o dando retorno positivo.&nbsp;<\/p>\n\n\n\n<p>Para alcan\u00e7ar melhores resultados no Face Ads, tenha objetivos claros. Por exemplo, se voc\u00ea definiu que a prioridade do neg\u00f3cio \u00e9 melhorar o reconhecimento da marca, as&nbsp; m\u00e9tricas &#8220;impress\u00f5es&#8221;, \u201ccurtidas da p\u00e1gina\u201d e \u201calcance\u201d devem ser observadas com mais cuidado. Assim voc\u00ea otimiza o tempo e foca no que realmente importa para sua estrat\u00e9gia.&nbsp;<\/p>\n\n\n\n<p>Esperamos que o conte\u00fado tenha ajudado voc\u00ea a configurar sua conta no Gerenciador de An\u00fancios do Facebook. <\/p>\n","protected":false},"excerpt":{"rendered":"<p>Veja como configurar uma conta no Gerenciador de An\u00fancios do zero e as vantagens que a ferramenta pode trazer para o seu e-commerce.<\/p>\n","protected":false},"author":50,"featured_media":41371,"comment_status":"closed","ping_status":"open","sticky":false,"template":"","format":"standard","meta":{"_acf_changed":false,"jnews-multi-image_gallery":[],"jnews_single_post":{"subtitle":"","format":"standard","video":"","gallery":"","source_name":"","source_url":"","via_name":"","via_url":"","override_template":"0","override":[{"template":"4","single_blog_custom":"","parallax":"1","fullscreen":"0","layout":"right-sidebar","sidebar":"","second_sidebar":"","sticky_sidebar":"1","share_position":"","share_float_style":"","show_share_counter":"1","show_view_counter":"1","show_featured":"1","show_post_meta":"1","show_post_author":"1","show_post_author_image":"1","show_post_date":"1","post_date_format":"","post_date_format_custom":"","show_post_category":"1","show_post_reading_time":"0","post_reading_time_wpm":"","show_zoom_button":"0","zoom_button_out_step":"1","zoom_button_in_step":"1","show_post_tag":"1","show_prev_next_post":"1","show_popup_post":"1","number_popup_post":"1","show_author_box":"0","show_post_related":"0","show_inline_post_related":"0"}],"override_image_size":"0","image_override":[{"single_post_thumbnail_size":"","single_post_gallery_size":""}],"trending_post":"0","trending_post_position":"","trending_post_label":"","sponsored_post":"0","sponsored_post_label":"","sponsored_post_name":"","sponsored_post_url":"","sponsored_post_logo_enable":"0","sponsored_post_logo":"","sponsored_post_desc":"","disable_ad":"0"},"jnews_primary_category":{"id":"","hide":""},"footnotes":""},"categories":[67],"tags":[489],"class_list":["post-41352","post","type-post","status-publish","format-standard","has-post-thumbnail","hentry","category-marketing-digital","tag-facebook-ads"],"acf":[],"yoast_head":"<!-- This site is optimized with the Yoast SEO plugin v27.3 - https:\/\/yoast.com\/product\/yoast-seo-wordpress\/ -->\n<title>Como usar o Gerenciador de An\u00fancios do Facebook<\/title>\n<meta name=\"description\" content=\"Veja como configurar uma conta no Gerenciador de An\u00fancios do zero e as vantagens que a ferramenta pode trazer para o seu e-commerce.\" \/>\n<meta name=\"robots\" content=\"index, follow, max-snippet:-1, max-image-preview:large, max-video-preview:-1\" \/>\n<link rel=\"canonical\" href=\"https:\/\/melhorenvio.com.br\/blog\/marketing-digital\/gerenciador-de-anuncios-do-facebook\/\" \/>\n<meta property=\"og:locale\" content=\"pt_BR\" \/>\n<meta property=\"og:type\" content=\"article\" \/>\n<meta property=\"og:title\" content=\"Como usar o Gerenciador de An\u00fancios do Facebook\" \/>\n<meta property=\"og:description\" content=\"Veja como configurar uma conta no Gerenciador de An\u00fancios do zero e as vantagens que a ferramenta pode trazer para o seu e-commerce.\" \/>\n<meta property=\"og:url\" content=\"https:\/\/melhorenvio.com.br\/blog\/marketing-digital\/gerenciador-de-anuncios-do-facebook\/\" \/>\n<meta property=\"og:site_name\" content=\"Blog Melhor Envio\" \/>\n<meta property=\"article:publisher\" content=\"https:\/\/www.facebook.com\/MelhorEnvio\/\" \/>\n<meta property=\"article:published_time\" content=\"2022-04-28T18:31:59+00:00\" \/>\n<meta property=\"article:modified_time\" content=\"2026-04-20T19:38:02+00:00\" \/>\n<meta property=\"og:image\" content=\"https:\/\/melhorenvio.com.br\/blog\/wp-content\/uploads\/2022\/04\/BLOG_imagem_destacada_28-04-2021-1.jpg\" \/>\n\t<meta property=\"og:image:width\" content=\"1500\" \/>\n\t<meta property=\"og:image:height\" content=\"660\" \/>\n\t<meta property=\"og:image:type\" content=\"image\/jpeg\" \/>\n<meta name=\"author\" content=\"Lucimara Leandro\" \/>\n<meta name=\"twitter:card\" content=\"summary_large_image\" \/>\n<meta name=\"twitter:creator\" content=\"@melhorenvio\" \/>\n<meta name=\"twitter:site\" content=\"@melhorenvio\" \/>\n<meta name=\"twitter:label1\" content=\"Escrito por\" \/>\n\t<meta name=\"twitter:data1\" content=\"Lucimara Leandro\" \/>\n\t<meta name=\"twitter:label2\" content=\"Est. tempo de leitura\" \/>\n\t<meta name=\"twitter:data2\" content=\"12 minutos\" \/>\n<script type=\"application\/ld+json\" class=\"yoast-schema-graph\">{\"@context\":\"https:\\\/\\\/schema.org\",\"@graph\":[{\"@type\":\"Article\",\"@id\":\"https:\\\/\\\/melhorenvio.com.br\\\/blog\\\/marketing-digital\\\/gerenciador-de-anuncios-do-facebook\\\/#article\",\"isPartOf\":{\"@id\":\"https:\\\/\\\/melhorenvio.com.br\\\/blog\\\/marketing-digital\\\/gerenciador-de-anuncios-do-facebook\\\/\"},\"author\":{\"name\":\"Lucimara Leandro\",\"@id\":\"https:\\\/\\\/blog.melhorenvio.com.br\\\/#\\\/schema\\\/person\\\/d3c6c4a8a8418857397afc1d5307fb87\"},\"headline\":\"Como usar o Gerenciador de An\u00fancios do Facebook?\",\"datePublished\":\"2022-04-28T18:31:59+00:00\",\"dateModified\":\"2026-04-20T19:38:02+00:00\",\"mainEntityOfPage\":{\"@id\":\"https:\\\/\\\/melhorenvio.com.br\\\/blog\\\/marketing-digital\\\/gerenciador-de-anuncios-do-facebook\\\/\"},\"wordCount\":1646,\"publisher\":{\"@id\":\"https:\\\/\\\/blog.melhorenvio.com.br\\\/#organization\"},\"image\":{\"@id\":\"https:\\\/\\\/melhorenvio.com.br\\\/blog\\\/marketing-digital\\\/gerenciador-de-anuncios-do-facebook\\\/#primaryimage\"},\"thumbnailUrl\":\"https:\\\/\\\/melhorenvio.com.br\\\/blog\\\/wp-content\\\/uploads\\\/2022\\\/04\\\/BLOG_imagem_destacada_28-04-2021-1.jpg\",\"keywords\":[\"Facebook Ads\"],\"articleSection\":[\"Marketing Digital\"],\"inLanguage\":\"pt-BR\"},{\"@type\":\"WebPage\",\"@id\":\"https:\\\/\\\/melhorenvio.com.br\\\/blog\\\/marketing-digital\\\/gerenciador-de-anuncios-do-facebook\\\/\",\"url\":\"https:\\\/\\\/melhorenvio.com.br\\\/blog\\\/marketing-digital\\\/gerenciador-de-anuncios-do-facebook\\\/\",\"name\":\"Como usar o Gerenciador de An\u00fancios do Facebook\",\"isPartOf\":{\"@id\":\"https:\\\/\\\/blog.melhorenvio.com.br\\\/#website\"},\"primaryImageOfPage\":{\"@id\":\"https:\\\/\\\/melhorenvio.com.br\\\/blog\\\/marketing-digital\\\/gerenciador-de-anuncios-do-facebook\\\/#primaryimage\"},\"image\":{\"@id\":\"https:\\\/\\\/melhorenvio.com.br\\\/blog\\\/marketing-digital\\\/gerenciador-de-anuncios-do-facebook\\\/#primaryimage\"},\"thumbnailUrl\":\"https:\\\/\\\/melhorenvio.com.br\\\/blog\\\/wp-content\\\/uploads\\\/2022\\\/04\\\/BLOG_imagem_destacada_28-04-2021-1.jpg\",\"datePublished\":\"2022-04-28T18:31:59+00:00\",\"dateModified\":\"2026-04-20T19:38:02+00:00\",\"description\":\"Veja como configurar uma conta no Gerenciador de An\u00fancios do zero e as vantagens que a ferramenta pode trazer para o seu e-commerce.\",\"inLanguage\":\"pt-BR\",\"potentialAction\":[{\"@type\":\"ReadAction\",\"target\":[\"https:\\\/\\\/melhorenvio.com.br\\\/blog\\\/marketing-digital\\\/gerenciador-de-anuncios-do-facebook\\\/\"]}]},{\"@type\":\"ImageObject\",\"inLanguage\":\"pt-BR\",\"@id\":\"https:\\\/\\\/melhorenvio.com.br\\\/blog\\\/marketing-digital\\\/gerenciador-de-anuncios-do-facebook\\\/#primaryimage\",\"url\":\"https:\\\/\\\/melhorenvio.com.br\\\/blog\\\/wp-content\\\/uploads\\\/2022\\\/04\\\/BLOG_imagem_destacada_28-04-2021-1.jpg\",\"contentUrl\":\"https:\\\/\\\/melhorenvio.com.br\\\/blog\\\/wp-content\\\/uploads\\\/2022\\\/04\\\/BLOG_imagem_destacada_28-04-2021-1.jpg\",\"width\":1500,\"height\":660,\"caption\":\"Como usar o Gerenciador de Anuncios do Facebook\"},{\"@type\":\"WebSite\",\"@id\":\"https:\\\/\\\/blog.melhorenvio.com.br\\\/#website\",\"url\":\"https:\\\/\\\/blog.melhorenvio.com.br\\\/\",\"name\":\"Blog Melhor Envio\",\"description\":\"Aprenda a economizar na gest\u00e3o de fretes\",\"publisher\":{\"@id\":\"https:\\\/\\\/blog.melhorenvio.com.br\\\/#organization\"},\"alternateName\":\"Blog do Melhor Envio\",\"potentialAction\":[{\"@type\":\"SearchAction\",\"target\":{\"@type\":\"EntryPoint\",\"urlTemplate\":\"https:\\\/\\\/blog.melhorenvio.com.br\\\/?s={search_term_string}\"},\"query-input\":{\"@type\":\"PropertyValueSpecification\",\"valueRequired\":true,\"valueName\":\"search_term_string\"}}],\"inLanguage\":\"pt-BR\"},{\"@type\":\"Organization\",\"@id\":\"https:\\\/\\\/blog.melhorenvio.com.br\\\/#organization\",\"name\":\"Melhor Envio\",\"alternateName\":\"Melhor Envio\",\"url\":\"https:\\\/\\\/blog.melhorenvio.com.br\\\/\",\"logo\":{\"@type\":\"ImageObject\",\"inLanguage\":\"pt-BR\",\"@id\":\"https:\\\/\\\/blog.melhorenvio.com.br\\\/#\\\/schema\\\/logo\\\/image\\\/\",\"url\":\"https:\\\/\\\/melhorenvio.com.br\\\/blog\\\/wp-content\\\/uploads\\\/2022\\\/12\\\/blog-logo-melhor-envio.webp\",\"contentUrl\":\"https:\\\/\\\/melhorenvio.com.br\\\/blog\\\/wp-content\\\/uploads\\\/2022\\\/12\\\/blog-logo-melhor-envio.webp\",\"width\":188,\"height\":96,\"caption\":\"Melhor Envio\"},\"image\":{\"@id\":\"https:\\\/\\\/blog.melhorenvio.com.br\\\/#\\\/schema\\\/logo\\\/image\\\/\"},\"sameAs\":[\"https:\\\/\\\/www.facebook.com\\\/MelhorEnvio\\\/\",\"https:\\\/\\\/x.com\\\/melhorenvio\",\"https:\\\/\\\/www.instagram.com\\\/melhorenvio\",\"https:\\\/\\\/www.youtube.com\\\/melhorenviooficial\",\"https:\\\/\\\/br.linkedin.com\\\/company\\\/melhorenvio\"]},{\"@type\":\"Person\",\"@id\":\"https:\\\/\\\/blog.melhorenvio.com.br\\\/#\\\/schema\\\/person\\\/d3c6c4a8a8418857397afc1d5307fb87\",\"name\":\"Lucimara Leandro\",\"image\":{\"@type\":\"ImageObject\",\"inLanguage\":\"pt-BR\",\"@id\":\"https:\\\/\\\/secure.gravatar.com\\\/avatar\\\/69061553e2586f54a0cb5bf67780310ee0c360e4c08d1c743c680b60e07e310a?s=96&d=mm&r=g\",\"url\":\"https:\\\/\\\/secure.gravatar.com\\\/avatar\\\/69061553e2586f54a0cb5bf67780310ee0c360e4c08d1c743c680b60e07e310a?s=96&d=mm&r=g\",\"contentUrl\":\"https:\\\/\\\/secure.gravatar.com\\\/avatar\\\/69061553e2586f54a0cb5bf67780310ee0c360e4c08d1c743c680b60e07e310a?s=96&d=mm&r=g\",\"caption\":\"Lucimara Leandro\"},\"description\":\"Jornalista que ama escrever e ouvir hist\u00f3rias. Produtora de conte\u00fado no Melhor Envio, plataforma respons\u00e1vel por simplificar a cota\u00e7\u00e3o de frete e ajudar milhares de lojistas a reduzir os custos com servi\u00e7os de envio.\",\"sameAs\":[\"https:\\\/\\\/blog.melhorenvio.com.br\\\/\",\"https:\\\/\\\/www.linkedin.com\\\/in\\\/lucimara-leandro\\\/\"],\"url\":\"https:\\\/\\\/melhorenvio.com.br\\\/blog\\\/author\\\/lucimara-leandro\\\/\"}]}<\/script>\n<!-- \/ Yoast SEO plugin. -->","yoast_head_json":{"title":"Como usar o Gerenciador de An\u00fancios do Facebook","description":"Veja como configurar uma conta no Gerenciador de An\u00fancios do zero e as vantagens que a ferramenta pode trazer para o seu e-commerce.","robots":{"index":"index","follow":"follow","max-snippet":"max-snippet:-1","max-image-preview":"max-image-preview:large","max-video-preview":"max-video-preview:-1"},"canonical":"https:\/\/melhorenvio.com.br\/blog\/marketing-digital\/gerenciador-de-anuncios-do-facebook\/","og_locale":"pt_BR","og_type":"article","og_title":"Como usar o Gerenciador de An\u00fancios do Facebook","og_description":"Veja como configurar uma conta no Gerenciador de An\u00fancios do zero e as vantagens que a ferramenta pode trazer para o seu e-commerce.","og_url":"https:\/\/melhorenvio.com.br\/blog\/marketing-digital\/gerenciador-de-anuncios-do-facebook\/","og_site_name":"Blog Melhor Envio","article_publisher":"https:\/\/www.facebook.com\/MelhorEnvio\/","article_published_time":"2022-04-28T18:31:59+00:00","article_modified_time":"2026-04-20T19:38:02+00:00","og_image":[{"width":1500,"height":660,"url":"https:\/\/melhorenvio.com.br\/blog\/wp-content\/uploads\/2022\/04\/BLOG_imagem_destacada_28-04-2021-1.jpg","type":"image\/jpeg"}],"author":"Lucimara Leandro","twitter_card":"summary_large_image","twitter_creator":"@melhorenvio","twitter_site":"@melhorenvio","twitter_misc":{"Escrito por":"Lucimara Leandro","Est. tempo de leitura":"12 minutos"},"schema":{"@context":"https:\/\/schema.org","@graph":[{"@type":"Article","@id":"https:\/\/melhorenvio.com.br\/blog\/marketing-digital\/gerenciador-de-anuncios-do-facebook\/#article","isPartOf":{"@id":"https:\/\/melhorenvio.com.br\/blog\/marketing-digital\/gerenciador-de-anuncios-do-facebook\/"},"author":{"name":"Lucimara Leandro","@id":"https:\/\/blog.melhorenvio.com.br\/#\/schema\/person\/d3c6c4a8a8418857397afc1d5307fb87"},"headline":"Como usar o Gerenciador de An\u00fancios do Facebook?","datePublished":"2022-04-28T18:31:59+00:00","dateModified":"2026-04-20T19:38:02+00:00","mainEntityOfPage":{"@id":"https:\/\/melhorenvio.com.br\/blog\/marketing-digital\/gerenciador-de-anuncios-do-facebook\/"},"wordCount":1646,"publisher":{"@id":"https:\/\/blog.melhorenvio.com.br\/#organization"},"image":{"@id":"https:\/\/melhorenvio.com.br\/blog\/marketing-digital\/gerenciador-de-anuncios-do-facebook\/#primaryimage"},"thumbnailUrl":"https:\/\/melhorenvio.com.br\/blog\/wp-content\/uploads\/2022\/04\/BLOG_imagem_destacada_28-04-2021-1.jpg","keywords":["Facebook Ads"],"articleSection":["Marketing Digital"],"inLanguage":"pt-BR"},{"@type":"WebPage","@id":"https:\/\/melhorenvio.com.br\/blog\/marketing-digital\/gerenciador-de-anuncios-do-facebook\/","url":"https:\/\/melhorenvio.com.br\/blog\/marketing-digital\/gerenciador-de-anuncios-do-facebook\/","name":"Como usar o Gerenciador de An\u00fancios do Facebook","isPartOf":{"@id":"https:\/\/blog.melhorenvio.com.br\/#website"},"primaryImageOfPage":{"@id":"https:\/\/melhorenvio.com.br\/blog\/marketing-digital\/gerenciador-de-anuncios-do-facebook\/#primaryimage"},"image":{"@id":"https:\/\/melhorenvio.com.br\/blog\/marketing-digital\/gerenciador-de-anuncios-do-facebook\/#primaryimage"},"thumbnailUrl":"https:\/\/melhorenvio.com.br\/blog\/wp-content\/uploads\/2022\/04\/BLOG_imagem_destacada_28-04-2021-1.jpg","datePublished":"2022-04-28T18:31:59+00:00","dateModified":"2026-04-20T19:38:02+00:00","description":"Veja como configurar uma conta no Gerenciador de An\u00fancios do zero e as vantagens que a ferramenta pode trazer para o seu e-commerce.","inLanguage":"pt-BR","potentialAction":[{"@type":"ReadAction","target":["https:\/\/melhorenvio.com.br\/blog\/marketing-digital\/gerenciador-de-anuncios-do-facebook\/"]}]},{"@type":"ImageObject","inLanguage":"pt-BR","@id":"https:\/\/melhorenvio.com.br\/blog\/marketing-digital\/gerenciador-de-anuncios-do-facebook\/#primaryimage","url":"https:\/\/melhorenvio.com.br\/blog\/wp-content\/uploads\/2022\/04\/BLOG_imagem_destacada_28-04-2021-1.jpg","contentUrl":"https:\/\/melhorenvio.com.br\/blog\/wp-content\/uploads\/2022\/04\/BLOG_imagem_destacada_28-04-2021-1.jpg","width":1500,"height":660,"caption":"Como usar o Gerenciador de Anuncios do Facebook"},{"@type":"WebSite","@id":"https:\/\/blog.melhorenvio.com.br\/#website","url":"https:\/\/blog.melhorenvio.com.br\/","name":"Blog Melhor Envio","description":"Aprenda a economizar na gest\u00e3o de fretes","publisher":{"@id":"https:\/\/blog.melhorenvio.com.br\/#organization"},"alternateName":"Blog do Melhor Envio","potentialAction":[{"@type":"SearchAction","target":{"@type":"EntryPoint","urlTemplate":"https:\/\/blog.melhorenvio.com.br\/?s={search_term_string}"},"query-input":{"@type":"PropertyValueSpecification","valueRequired":true,"valueName":"search_term_string"}}],"inLanguage":"pt-BR"},{"@type":"Organization","@id":"https:\/\/blog.melhorenvio.com.br\/#organization","name":"Melhor Envio","alternateName":"Melhor Envio","url":"https:\/\/blog.melhorenvio.com.br\/","logo":{"@type":"ImageObject","inLanguage":"pt-BR","@id":"https:\/\/blog.melhorenvio.com.br\/#\/schema\/logo\/image\/","url":"https:\/\/melhorenvio.com.br\/blog\/wp-content\/uploads\/2022\/12\/blog-logo-melhor-envio.webp","contentUrl":"https:\/\/melhorenvio.com.br\/blog\/wp-content\/uploads\/2022\/12\/blog-logo-melhor-envio.webp","width":188,"height":96,"caption":"Melhor Envio"},"image":{"@id":"https:\/\/blog.melhorenvio.com.br\/#\/schema\/logo\/image\/"},"sameAs":["https:\/\/www.facebook.com\/MelhorEnvio\/","https:\/\/x.com\/melhorenvio","https:\/\/www.instagram.com\/melhorenvio","https:\/\/www.youtube.com\/melhorenviooficial","https:\/\/br.linkedin.com\/company\/melhorenvio"]},{"@type":"Person","@id":"https:\/\/blog.melhorenvio.com.br\/#\/schema\/person\/d3c6c4a8a8418857397afc1d5307fb87","name":"Lucimara Leandro","image":{"@type":"ImageObject","inLanguage":"pt-BR","@id":"https:\/\/secure.gravatar.com\/avatar\/69061553e2586f54a0cb5bf67780310ee0c360e4c08d1c743c680b60e07e310a?s=96&d=mm&r=g","url":"https:\/\/secure.gravatar.com\/avatar\/69061553e2586f54a0cb5bf67780310ee0c360e4c08d1c743c680b60e07e310a?s=96&d=mm&r=g","contentUrl":"https:\/\/secure.gravatar.com\/avatar\/69061553e2586f54a0cb5bf67780310ee0c360e4c08d1c743c680b60e07e310a?s=96&d=mm&r=g","caption":"Lucimara Leandro"},"description":"Jornalista que ama escrever e ouvir hist\u00f3rias. Produtora de conte\u00fado no Melhor Envio, plataforma respons\u00e1vel por simplificar a cota\u00e7\u00e3o de frete e ajudar milhares de lojistas a reduzir os custos com servi\u00e7os de envio.","sameAs":["https:\/\/blog.melhorenvio.com.br\/","https:\/\/www.linkedin.com\/in\/lucimara-leandro\/"],"url":"https:\/\/melhorenvio.com.br\/blog\/author\/lucimara-leandro\/"}]}},"_links":{"self":[{"href":"https:\/\/melhorenvio.com.br\/blog\/wp-json\/wp\/v2\/posts\/41352","targetHints":{"allow":["GET"]}}],"collection":[{"href":"https:\/\/melhorenvio.com.br\/blog\/wp-json\/wp\/v2\/posts"}],"about":[{"href":"https:\/\/melhorenvio.com.br\/blog\/wp-json\/wp\/v2\/types\/post"}],"author":[{"embeddable":true,"href":"https:\/\/melhorenvio.com.br\/blog\/wp-json\/wp\/v2\/users\/50"}],"replies":[{"embeddable":true,"href":"https:\/\/melhorenvio.com.br\/blog\/wp-json\/wp\/v2\/comments?post=41352"}],"version-history":[{"count":11,"href":"https:\/\/melhorenvio.com.br\/blog\/wp-json\/wp\/v2\/posts\/41352\/revisions"}],"predecessor-version":[{"id":59894,"href":"https:\/\/melhorenvio.com.br\/blog\/wp-json\/wp\/v2\/posts\/41352\/revisions\/59894"}],"wp:featuredmedia":[{"embeddable":true,"href":"https:\/\/melhorenvio.com.br\/blog\/wp-json\/wp\/v2\/media\/41371"}],"wp:attachment":[{"href":"https:\/\/melhorenvio.com.br\/blog\/wp-json\/wp\/v2\/media?parent=41352"}],"wp:term":[{"taxonomy":"category","embeddable":true,"href":"https:\/\/melhorenvio.com.br\/blog\/wp-json\/wp\/v2\/categories?post=41352"},{"taxonomy":"post_tag","embeddable":true,"href":"https:\/\/melhorenvio.com.br\/blog\/wp-json\/wp\/v2\/tags?post=41352"}],"curies":[{"name":"wp","href":"https:\/\/api.w.org\/{rel}","templated":true}]}}