{"id":44150,"date":"2023-01-30T16:30:27","date_gmt":"2023-01-30T19:30:27","guid":{"rendered":"https:\/\/blog.melhorenvio.com.br\/?p=44150"},"modified":"2026-04-02T17:44:52","modified_gmt":"2026-04-02T20:44:52","slug":"decoracao-de-carnaval-para-loja","status":"publish","type":"post","link":"https:\/\/melhorenvio.com.br\/blog\/datas-especiais\/decoracao-de-carnaval-para-loja\/","title":{"rendered":"Decora\u00e7\u00e3o de Carnaval para loja: ideias de enfeites e mais"},"content":{"rendered":"\n<p><strong><em>Aprenda passo a passo como fazer uma linda decora\u00e7\u00e3o de Carnaval para sua loja<\/em><\/strong><\/p>\n\n\n\n<p>O Carnaval est\u00e1 chegando! Se voc\u00ea possui uma loja e est\u00e1 pensando em preparar uma decora\u00e7\u00e3o especial para a data, chegou ao lugar certo!<\/p>\n\n\n\n<p>Neste conte\u00fado vamos te contar quando e como decorar a sua loja para o Carnaval! E ainda dar dicas do que fazer durante o per\u00edodo nas redes sociais e em sua loja virtual.&nbsp;<\/p>\n\n\n\n<p>O qu\u00ea?! Voc\u00ea tem loja f\u00edsica mas ainda n\u00e3o vende pela internet? Ent\u00e3o fica at\u00e9 o final que a gente vai te contar como come\u00e7ar a ganhar mais dinheiro vendendo pela internet com frete barato para o seu cliente. <\/p>\n\n\n\n<p>Confira tudo isso a seguir! Vem com a gente!<\/p>\n\n\n\n<div class=\"wp-block-buttons is-layout-flex wp-block-buttons-is-layout-flex\">\n<div class=\"wp-block-button aligncenter\"><a class=\"wp-block-button__link has-background wp-element-button\" href=\"https:\/\/melhorenvio.com.br\/cadastre-se\" style=\"background-color:#00448c\" target=\"_blank\" rel=\"noreferrer noopener\">Economize no frete com o Melhor Envio!<\/a><\/div>\n<\/div>\n\n\n\n<p><\/p>\n\n\n\n<h2 class=\"wp-block-heading\">Quando decorar a loja para o Carnaval?<\/h2>\n\n\n\n<p>O recomendado \u00e9 que a decora\u00e7\u00e3o de Carnaval seja instalada <strong>entre a primeira e a segunda semana de fevereiro<\/strong>. Contudo, lojas localizadas em cidades onde o Carnaval \u00e9 forte podem antecipar a decora\u00e7\u00e3o para a segunda quinzena de janeiro.<\/p>\n\n\n\n<p><strong>Leia tamb\u00e9m: <\/strong><a href=\"https:\/\/melhorenvio.com.br\/blog\/datas-especiais\/o-que-vender-no-carnaval\/\" target=\"_blank\" rel=\"noreferrer noopener\"><strong>O que vende mais durante o Carnaval?<\/strong><\/a><\/p>\n\n\n\n<h2 class=\"wp-block-heading\">Passo 1 &#8211; Decora\u00e7\u00e3o para Carnaval: lista de materiais e enfeites necess\u00e1rios&nbsp;<\/h2>\n\n\n\n<p>Vamos come\u00e7ar com uma pequena lista de materiais que voc\u00ea precisa para realizar a decora\u00e7\u00e3o da sua loja, mas que fique bem claro que essa \u00e9 apenas uma sugest\u00e3o para que voc\u00ea n\u00e3o esque\u00e7a um item essencial.<\/p>\n\n\n\n<figure class=\"wp-block-image size-large\"><img decoding=\"async\" width=\"1024\" height=\"683\" src=\"https:\/\/blog.melhorenvio.com.br\/wp-content\/uploads\/2023\/01\/enfeites-de-carnaval-blog-Melhor-Envio-decoracao-para-carnaval-loja-1024x683.webp\" alt=\"M\u00e1scaras e itens de carnaval\" class=\"wp-image-44154\" srcset=\"https:\/\/melhorenvio.com.br\/blog\/wp-content\/uploads\/2023\/01\/enfeites-de-carnaval-blog-Melhor-Envio-decoracao-para-carnaval-loja-1024x683.webp 1024w, https:\/\/melhorenvio.com.br\/blog\/wp-content\/uploads\/2023\/01\/enfeites-de-carnaval-blog-Melhor-Envio-decoracao-para-carnaval-loja-300x200.webp 300w, https:\/\/melhorenvio.com.br\/blog\/wp-content\/uploads\/2023\/01\/enfeites-de-carnaval-blog-Melhor-Envio-decoracao-para-carnaval-loja-768x512.webp 768w, https:\/\/melhorenvio.com.br\/blog\/wp-content\/uploads\/2023\/01\/enfeites-de-carnaval-blog-Melhor-Envio-decoracao-para-carnaval-loja-150x100.webp 150w, https:\/\/melhorenvio.com.br\/blog\/wp-content\/uploads\/2023\/01\/enfeites-de-carnaval-blog-Melhor-Envio-decoracao-para-carnaval-loja-750x500.webp 750w, https:\/\/melhorenvio.com.br\/blog\/wp-content\/uploads\/2023\/01\/enfeites-de-carnaval-blog-Melhor-Envio-decoracao-para-carnaval-loja-1140x760.webp 1140w, https:\/\/melhorenvio.com.br\/blog\/wp-content\/uploads\/2023\/01\/enfeites-de-carnaval-blog-Melhor-Envio-decoracao-para-carnaval-loja.webp 1500w\" sizes=\"(max-width: 1024px) 100vw, 1024px\" \/><\/figure>\n\n\n\n<p>Solte a criatividade e adicione mais materiais a lista, de prefer\u00eancia recicl\u00e1veis.<\/p>\n\n\n\n<p>Mas vamos ao que interessa, anote a\u00ed os materiais necess\u00e1rios para a decora\u00e7\u00e3o de Carnaval da sua loja:<\/p>\n\n\n\n<ul class=\"wp-block-list\">\n<li>Serpentina<\/li>\n\n\n\n<li>Fitas coloridas<\/li>\n\n\n\n<li>Placas de EVA<\/li>\n\n\n\n<li>Cartolina<\/li>\n\n\n\n<li>Confete&nbsp;<\/li>\n\n\n\n<li>Fitas decorativas coloridas<\/li>\n\n\n\n<li>Bal\u00f5es<\/li>\n\n\n\n<li>Glitter<\/li>\n\n\n\n<li>Penas coloridas<\/li>\n\n\n\n<li>Sombrinhas coloridas<\/li>\n\n\n\n<li>Acess\u00f3rios como arcos e chap\u00e9us de pl\u00e1stico ou papel<\/li>\n\n\n\n<li>Fita adesiva<\/li>\n\n\n\n<li>Cola quente<\/li>\n\n\n\n<li>Tesoura<\/li>\n<\/ul>\n\n\n\n<h2 class=\"wp-block-heading\">Passo 2 &#8211; Como decorar vitrine de loja para Carnaval<\/h2>\n\n\n\n<p>Vamos come\u00e7ar pelas <strong>vitrines<\/strong>, o local mais chamativo de uma loja. Esse ponto de contato entre o cliente e o estabelecimento, al\u00e9m de apresentar os produtos, deve ser aproveitado para a divulga\u00e7\u00e3o de suas campanhas tem\u00e1ticas, como a de Carnaval.<\/p>\n\n\n\n<p>Sendo assim, \u00e9 hora de colocar a m\u00e3o na massa. <strong>Capriche nas cores, utilizando serpentina e enfeites como m\u00e1scaras de papel para enfeitar a vitrine (vidro e fundo)<\/strong>. Uma dica bacana \u00e9 cobrir o ch\u00e3o com confete colorido.<\/p>\n\n\n\n<figure class=\"wp-block-image size-large\"><img decoding=\"async\" width=\"1024\" height=\"683\" src=\"https:\/\/blog.melhorenvio.com.br\/wp-content\/uploads\/2023\/01\/como-decorar-vitrine-para-o-carnaval-blog-Melhor-Envio-1-1024x683.webp\" alt=\"serpentina e confetes\" class=\"wp-image-44155\" srcset=\"https:\/\/melhorenvio.com.br\/blog\/wp-content\/uploads\/2023\/01\/como-decorar-vitrine-para-o-carnaval-blog-Melhor-Envio-1-1024x683.webp 1024w, https:\/\/melhorenvio.com.br\/blog\/wp-content\/uploads\/2023\/01\/como-decorar-vitrine-para-o-carnaval-blog-Melhor-Envio-1-300x200.webp 300w, https:\/\/melhorenvio.com.br\/blog\/wp-content\/uploads\/2023\/01\/como-decorar-vitrine-para-o-carnaval-blog-Melhor-Envio-1-768x512.webp 768w, https:\/\/melhorenvio.com.br\/blog\/wp-content\/uploads\/2023\/01\/como-decorar-vitrine-para-o-carnaval-blog-Melhor-Envio-1-1536x1024.webp 1536w, https:\/\/melhorenvio.com.br\/blog\/wp-content\/uploads\/2023\/01\/como-decorar-vitrine-para-o-carnaval-blog-Melhor-Envio-1-2048x1365.webp 2048w, https:\/\/melhorenvio.com.br\/blog\/wp-content\/uploads\/2023\/01\/como-decorar-vitrine-para-o-carnaval-blog-Melhor-Envio-1-150x100.webp 150w, https:\/\/melhorenvio.com.br\/blog\/wp-content\/uploads\/2023\/01\/como-decorar-vitrine-para-o-carnaval-blog-Melhor-Envio-1-750x500.webp 750w, https:\/\/melhorenvio.com.br\/blog\/wp-content\/uploads\/2023\/01\/como-decorar-vitrine-para-o-carnaval-blog-Melhor-Envio-1-1140x760.webp 1140w\" sizes=\"(max-width: 1024px) 100vw, 1024px\" \/><\/figure>\n\n\n\n<p>Nos casos das <a href=\"https:\/\/melhorenvio.com.br\/blog\/ecommerce-e-marketplace\/marketplaces-para-vender-roupas-online\/\" target=\"_blank\" rel=\"noreferrer noopener\"><strong>lojas de roupa<\/strong><\/a>, n\u00e3o deixe de colocar adere\u00e7os como <strong>tiaras com penas e chap\u00e9us estilizados nos manequins<\/strong>.<\/p>\n\n\n\n<p>Por fim, os <strong>adesivos<\/strong> s\u00e3o outra forma de compor a vitrine durante o per\u00edodo de folia. Para isso, entre em contato com uma gr\u00e1fica para encomendar adesivos com mensagens e figuras tem\u00e1ticas que mostram que o esp\u00edrito do Carnaval j\u00e1 chegou na sua loja.<\/p>\n\n\n\n<p>Vale a pena&nbsp; tamb\u00e9m aproveitar esse espa\u00e7o adesivado para a divulga\u00e7\u00e3o de alguma promo\u00e7\u00e3o de Carnaval.<\/p>\n\n\n\n<h2 class=\"wp-block-heading\">Passo 4 &#8211; Como decorar o interior da loja para o Carnaval<\/h2>\n\n\n\n<p>Agora vamos falar do<strong> interior da loja<\/strong>, a parte interna tamb\u00e9m precisa estar no clima de Carnaval. <strong>N\u00e3o \u00e9 necess\u00e1rio uma produ\u00e7\u00e3o t\u00e3o complexa<\/strong> como a das vitrines, <strong>um pouco de fitas e serpentina no balc\u00e3o e aten\u00e7\u00e3o aos detalhes<\/strong> j\u00e1 far\u00e3o toda a diferen\u00e7a. Um desses detalhes especiais \u00e9 a <strong>m\u00fasica<\/strong>, uma das ess\u00eancias do Carnaval. <\/p>\n\n\n\n<p>Para voc\u00ea ter ideia, uma pesquisa realizada pela The HeartBeat revelou que 35% dos clientes entrevistados passam mais tempo em uma loja ao escutar m\u00fasicas que os agradam, 14% afirmaram comprar mais e 96% lembram da marca ap\u00f3s a experi\u00eancia.<\/p>\n\n\n\n<figure class=\"wp-block-image size-large\"><img decoding=\"async\" width=\"1024\" height=\"794\" src=\"https:\/\/blog.melhorenvio.com.br\/wp-content\/uploads\/2023\/01\/como-decorar-loja-para-Carnaval-Blog-Melhor-Envio-1-1024x794.webp\" alt=\"Mulher segurando de \u00b4chap\u00e9u e \u00f3culos segurando bal\u00f5es \" class=\"wp-image-44156\" srcset=\"https:\/\/melhorenvio.com.br\/blog\/wp-content\/uploads\/2023\/01\/como-decorar-loja-para-Carnaval-Blog-Melhor-Envio-1-1024x794.webp 1024w, https:\/\/melhorenvio.com.br\/blog\/wp-content\/uploads\/2023\/01\/como-decorar-loja-para-Carnaval-Blog-Melhor-Envio-1-300x233.webp 300w, https:\/\/melhorenvio.com.br\/blog\/wp-content\/uploads\/2023\/01\/como-decorar-loja-para-Carnaval-Blog-Melhor-Envio-1-768x595.webp 768w, https:\/\/melhorenvio.com.br\/blog\/wp-content\/uploads\/2023\/01\/como-decorar-loja-para-Carnaval-Blog-Melhor-Envio-1-150x116.webp 150w, https:\/\/melhorenvio.com.br\/blog\/wp-content\/uploads\/2023\/01\/como-decorar-loja-para-Carnaval-Blog-Melhor-Envio-1-750x581.webp 750w, https:\/\/melhorenvio.com.br\/blog\/wp-content\/uploads\/2023\/01\/como-decorar-loja-para-Carnaval-Blog-Melhor-Envio-1.webp 1080w\" sizes=\"(max-width: 1024px) 100vw, 1024px\" \/><\/figure>\n\n\n\n<p>Por isso,<strong> capriche na playlist tem\u00e1tica, sempre levando em considera\u00e7\u00e3o o estilo da sua loja e o seu p\u00fablico-alvo<\/strong>.<\/p>\n\n\n\n<p>Ou seja, caso o seu neg\u00f3cio venda roupas e produtos infantis, opte por m\u00fasicas carnavalescas criadas para a crian\u00e7ada.<\/p>\n\n\n\n<p>Por outro lado, caso o seu p\u00fablico seja voltado para todo tipo de p\u00fablico prepare uma playlist com o melhor da folia, desde marchinhas de carnaval at\u00e9 o hit do ver\u00e3o atual.<\/p>\n\n\n\n<p>E o principal: Para que toda essa produ\u00e7\u00e3o fa\u00e7a sentido de verdade \u00e9 importante que<strong> todos que trabalham no neg\u00f3cio entrem no clima<\/strong> do per\u00edodo para assim conseguir encantar de fato o comprador.&nbsp;<\/p>\n\n\n\n<p>Muita anima\u00e7\u00e3o e o uso de pequenos adere\u00e7os carnavalescos por parte dos colaboradores far\u00e3o toda a diferen\u00e7a para a experi\u00eancia do cliente.<\/p>\n\n\n\n<h2 class=\"wp-block-heading\">Passo 5 &#8211; Ideias de lembrancinha de carnaval para lojas infantis<\/h2>\n\n\n\n<p><strong>Lojas de moda infantil ou de brinquedos, <\/strong>devem, se poss\u00edvel, <strong>preparar algumas lembrancinhas<\/strong> para que os seus pequenos clientes possam curtir o Carnaval j\u00e1 dentro da loja. <strong>M\u00e1scaras, chap\u00e9us, tiaras e doces personalizados com adere\u00e7os de Carnaval <\/strong>far\u00e3o sucesso entre a crian\u00e7ada que vai amar os mimos recebidos!<\/p>\n\n\n\n<figure class=\"wp-block-image size-large\"><img decoding=\"async\" width=\"1024\" height=\"683\" src=\"https:\/\/blog.melhorenvio.com.br\/wp-content\/uploads\/2023\/01\/lembracinha-enfeites-de-carnaval-para-loja-como-decorar-Blog-Melhor-Envio-1024x683.webp\" alt=\"Crian\u00e7a fantasiada para carnaval\" class=\"wp-image-44157\" srcset=\"https:\/\/melhorenvio.com.br\/blog\/wp-content\/uploads\/2023\/01\/lembracinha-enfeites-de-carnaval-para-loja-como-decorar-Blog-Melhor-Envio-1024x683.webp 1024w, https:\/\/melhorenvio.com.br\/blog\/wp-content\/uploads\/2023\/01\/lembracinha-enfeites-de-carnaval-para-loja-como-decorar-Blog-Melhor-Envio-300x200.webp 300w, https:\/\/melhorenvio.com.br\/blog\/wp-content\/uploads\/2023\/01\/lembracinha-enfeites-de-carnaval-para-loja-como-decorar-Blog-Melhor-Envio-768x512.webp 768w, https:\/\/melhorenvio.com.br\/blog\/wp-content\/uploads\/2023\/01\/lembracinha-enfeites-de-carnaval-para-loja-como-decorar-Blog-Melhor-Envio-150x100.webp 150w, https:\/\/melhorenvio.com.br\/blog\/wp-content\/uploads\/2023\/01\/lembracinha-enfeites-de-carnaval-para-loja-como-decorar-Blog-Melhor-Envio-750x500.webp 750w, https:\/\/melhorenvio.com.br\/blog\/wp-content\/uploads\/2023\/01\/lembracinha-enfeites-de-carnaval-para-loja-como-decorar-Blog-Melhor-Envio-1140x760.webp 1140w, https:\/\/melhorenvio.com.br\/blog\/wp-content\/uploads\/2023\/01\/lembracinha-enfeites-de-carnaval-para-loja-como-decorar-Blog-Melhor-Envio.webp 1500w\" sizes=\"(max-width: 1024px) 100vw, 1024px\" \/><\/figure>\n\n\n\n<p>Caso o seu neg\u00f3cio atue nessa \u00e1rea n\u00e3o deixe de ter esse cuidado na produ\u00e7\u00e3o de decora\u00e7\u00e3o de Carnaval da sua loja.<\/p>\n\n\n\n<h2 class=\"wp-block-heading\">Passo 6 &#8211; N\u00e3o esque\u00e7a de atualizar suas redes sociais com mensagens de Carnaval e posts informativos<\/h2>\n\n\n\n<p><strong>A sua loja f\u00edsica precisa estar presente tamb\u00e9m na internet<\/strong>, al\u00e9m de facilitar a comunica\u00e7\u00e3o do seu neg\u00f3cio com os clientes, esse \u00e9 um espa\u00e7o onde \u00e9 poss\u00edvel&nbsp; maximizar, e muito, as vendas disponibilizando o seu produto para mais pessoas (falaremos mais sobre isso em nossa dica extra!!) .<\/p>\n\n\n\n<p><strong>Esses espa\u00e7os digitais tamb\u00e9m precisam ser atualizados<\/strong> com temas de carnaval, postagens tem\u00e1ticas, apresenta\u00e7\u00e3o de produtos novos, promo\u00e7\u00f5es e, claro, divulga\u00e7\u00e3o da decora\u00e7\u00e3o especial montada na sua loja.<\/p>\n\n\n\n<p><strong>Aten\u00e7\u00e3o: n\u00e3o esque\u00e7a de avisar o tempo de recesso que a sua loja far\u00e1 durante o per\u00edodo de folia<\/strong>. Avise tanto nas redes sociais e status de aplicativo de mensagem, como tamb\u00e9m com uma plaquinha fixada na entrada da sua loja f\u00edsica.<\/p>\n\n\n\n<h2 class=\"wp-block-heading\">Dica extra: venda pela internet o ano todo oferecendo fretes baratos para o seu cliente com o Melhor Envio<\/h2>\n\n\n\n<p>Muita gente diz que o ano come\u00e7a s\u00f3 depois do Carnaval, mas essa n\u00e3o \u00e9 uma realidade para lojas que tamb\u00e9m vendem online.&nbsp;<\/p>\n\n\n\n<p>Al\u00e9m das compras realizadas no balc\u00e3o do estabelecimento,<strong> <\/strong><strong>lojas que tamb\u00e9m est\u00e3o presentes na internet vendem mais<\/strong>, seja por redes sociais, aplicativos de mensagem, marketplaces ou at\u00e9 mesmo site pr\u00f3prio. Isso 24 horas por dia, sete dias por semana.<\/p>\n\n\n\n<p>E<strong>para conseguir fechar mais neg\u00f3cios online \u00e9 preciso reduzir ao m\u00e1ximo o custo do frete <\/strong>para o cliente, um dos maiores causadores de desist\u00eancia de compras online. Essa \u00e9 a<strong>chave para se destacar da concorr\u00eancia<\/strong>.<br>E \u00e9 a\u00ed que o <a href=\"https:\/\/melhorenvio.com.br\/\" target=\"_blank\" rel=\"noreferrer noopener\"><strong>Melhor Envio<\/strong><\/a> pode ajudar o seu neg\u00f3cio!<\/p>\n\n\n\n<p>O <strong>Melhor Envio<\/strong> \u00e9 <strong>uma plataforma de log\u00edstica para e-commerce completa e gratuita<\/strong>. Nela \u00e9 poss\u00edvel <strong>conferir o menor pre\u00e7o para o frete de um pedido nas principais transportadoras do pa\u00eds, incluindo os <\/strong><a href=\"https:\/\/melhorenvio.com.br\/blog\/frete-e-logistica\/como-calcular-o-frete-dos-correios\/\" target=\"_blank\" rel=\"noreferrer noopener\"><strong>Correios<\/strong><\/a>.<\/p>\n\n\n\n<figure class=\"wp-block-image size-large\"><img decoding=\"async\" width=\"1024\" height=\"500\" src=\"https:\/\/blog.melhorenvio.com.br\/wp-content\/uploads\/2023\/01\/como-decorar-loja-carnaval-calculadora-de-frete-Melhor-Envio-1024x500.webp\" alt=\"Tela de resultados de cota\u00e7\u00e3o do Melhor Envio\" class=\"wp-image-44158\" srcset=\"https:\/\/melhorenvio.com.br\/blog\/wp-content\/uploads\/2023\/01\/como-decorar-loja-carnaval-calculadora-de-frete-Melhor-Envio-1024x500.webp 1024w, https:\/\/melhorenvio.com.br\/blog\/wp-content\/uploads\/2023\/01\/como-decorar-loja-carnaval-calculadora-de-frete-Melhor-Envio-300x147.webp 300w, https:\/\/melhorenvio.com.br\/blog\/wp-content\/uploads\/2023\/01\/como-decorar-loja-carnaval-calculadora-de-frete-Melhor-Envio-768x375.webp 768w, https:\/\/melhorenvio.com.br\/blog\/wp-content\/uploads\/2023\/01\/como-decorar-loja-carnaval-calculadora-de-frete-Melhor-Envio-1536x750.webp 1536w, https:\/\/melhorenvio.com.br\/blog\/wp-content\/uploads\/2023\/01\/como-decorar-loja-carnaval-calculadora-de-frete-Melhor-Envio-150x73.webp 150w, https:\/\/melhorenvio.com.br\/blog\/wp-content\/uploads\/2023\/01\/como-decorar-loja-carnaval-calculadora-de-frete-Melhor-Envio-750x366.webp 750w, https:\/\/melhorenvio.com.br\/blog\/wp-content\/uploads\/2023\/01\/como-decorar-loja-carnaval-calculadora-de-frete-Melhor-Envio-1140x557.webp 1140w, https:\/\/melhorenvio.com.br\/blog\/wp-content\/uploads\/2023\/01\/como-decorar-loja-carnaval-calculadora-de-frete-Melhor-Envio.webp 1740w\" sizes=\"(max-width: 1024px) 100vw, 1024px\" \/><\/figure>\n\n\n\n<p>E o melhor,\u00a0 a sua loja n\u00e3o paga nada para ter acesso a <a href=\"https:\/\/melhorenvio.com.br\/blog\/sobre-nos\/melhor-envio-calculadora-de-frete\/\" target=\"_blank\" rel=\"noreferrer noopener\"><strong>Calculadora de Frete do Melhor Envio<\/strong><\/a>. Ou seja, nada de taxas extras, mensalidades ou valor m\u00ednimo de pedidos. Voc\u00ea s\u00f3 pagar\u00e1 pelos fretes contratados dentro da plataforma.<\/p>\n\n\n\n<p>Mas as vantagens n\u00e3o param por a\u00ed, o site ainda disponibiliza outros servi\u00e7os totalmente gr\u00e1tis como o <a href=\"https:\/\/melhorrastreio.com.br\/\" target=\"_blank\" rel=\"noreferrer noopener\"><strong>Melhor Rastreio<\/strong><\/a>, uma <strong>solu\u00e7\u00e3o para acompanhar o andamento de pedidos postados por diferentes transportadoras<\/strong>, e o <a href=\"https:\/\/lp.melhorenvio.com.br\/melhor-ponto-principal\/\" target=\"_blank\" rel=\"noreferrer noopener\"><strong>Ponto Parceiro<\/strong><\/a>, <strong>postos f\u00edsicos espalhados por todo pa\u00eds onde, em um s\u00f3 lugar, \u00e9 poss\u00edvel despachar pacotes que ser\u00e3o entregues por m\u00faltiplas transportadoras<\/strong>.<\/p>\n\n\n\n<p>N\u00e3o perca tempo, comece agora a mesmo a aproveitar todas essas vantagens e vender para todo o Brasil com a ajuda do Melhor Envio!<\/p>\n\n\n\n<div class=\"wp-block-buttons is-layout-flex wp-block-buttons-is-layout-flex\">\n<div class=\"wp-block-button aligncenter\"><a class=\"wp-block-button__link has-background wp-element-button\" href=\"https:\/\/melhorenvio.com.br\/cadastre-se\" style=\"background-color:#00519d\" target=\"_blank\" rel=\"noreferrer noopener\">Cadastre-se gr\u00e1tis no Melhor Envio<\/a><\/div>\n<\/div>\n\n\n\n<h2 class=\"wp-block-heading\">Aprenda mais sobre vendas e empreendedorismo<\/h2>\n\n\n\n<ul class=\"wp-block-list\">\n<li><a href=\"https:\/\/melhorenvio.com.br\/blog\/empreendedorismo\/loja-de-roupa-pequena-simples-como-abrir-montar-e-decorar\/\" target=\"_blank\" rel=\"noreferrer noopener\">Como abrir e decorar uma loja de roupas pequena e simples<\/a><\/li>\n\n\n\n<li><a href=\"https:\/\/melhorenvio.com.br\/blog\/empreendedorismo\/ideias-de-negocios-em-alta-e-lucrativos\/\" target=\"_blank\" rel=\"noreferrer noopener\">6 ideias de neg\u00f3cios lucrativos em alta para 2023<\/a><\/li>\n\n\n\n<li><a href=\"https:\/\/melhorenvio.com.br\/blog\/empreendedorismo\/melhores-produtos-para-revenda\/\" target=\"_blank\" rel=\"noreferrer noopener\">10 produtos ideias para revenda<\/a><\/li>\n\n\n\n<li><a href=\"https:\/\/melhorenvio.com.br\/blog\/ecommerce-e-marketplace\/email-comercial-loja-online\/\" target=\"_blank\" rel=\"noreferrer noopener\">A import\u00e2ncia do email comercial para quem possui loja virtual<\/a><\/li>\n<\/ul>\n","protected":false},"excerpt":{"rendered":"<p>Confira como decorar sua loja para o Carnaval 2023!<\/p>\n","protected":false},"author":51,"featured_media":44161,"comment_status":"closed","ping_status":"open","sticky":false,"template":"","format":"standard","meta":{"_acf_changed":false,"jnews-multi-image_gallery":[],"jnews_single_post":{"subtitle":"","format":"standard","video":"","gallery":"","source_name":"","source_url":"","via_name":"","via_url":"","override_template":"0","override":[{"template":"4","single_blog_custom":"","parallax":"1","fullscreen":"0","layout":"right-sidebar","sidebar":"home","second_sidebar":"default-sidebar","sticky_sidebar":"1","share_position":"float","share_float_style":"share-normal","show_share_counter":"1","show_view_counter":"1","show_featured":"1","show_post_meta":"1","show_post_author":"1","show_post_author_image":"1","show_post_date":"1","post_date_format":"default","post_date_format_custom":"Y\/m\/d","show_post_category":"1","show_post_reading_time":"0","post_reading_time_wpm":"300","show_zoom_button":"0","zoom_button_out_step":"2","zoom_button_in_step":"3","show_post_tag":"1","show_prev_next_post":"1","show_popup_post":"1","number_popup_post":"1","show_author_box":"0","show_post_related":"0","show_inline_post_related":"0"}],"override_image_size":"0","image_override":[{"single_post_thumbnail_size":"crop-500","single_post_gallery_size":"crop-500"}],"trending_post":"0","trending_post_position":"meta","trending_post_label":"Trending","sponsored_post":"0","sponsored_post_label":"Sponsored by","sponsored_post_name":"","sponsored_post_url":"","sponsored_post_logo_enable":"0","sponsored_post_logo":"","sponsored_post_desc":"","disable_ad":"0"},"jnews_primary_category":{"id":"","hide":""},"footnotes":""},"categories":[59],"tags":[504],"class_list":["post-44150","post","type-post","status-publish","format-standard","has-post-thumbnail","hentry","category-datas-especiais","tag-carnaval"],"acf":[],"yoast_head":"<!-- This site is optimized with the Yoast SEO plugin v27.3 - https:\/\/yoast.com\/product\/yoast-seo-wordpress\/ -->\n<title>Decora\u00e7\u00e3o de Carnaval para loja: dicas e ideias<\/title>\n<meta name=\"description\" content=\"Confira nesse artigo ideias de decora\u00e7\u00e3o de Carnaval para loja, dicas de enfeites, lembrancinhas e ainda mensagens de carnaval para clientes\" \/>\n<meta name=\"robots\" content=\"index, follow, max-snippet:-1, max-image-preview:large, max-video-preview:-1\" \/>\n<link rel=\"canonical\" href=\"https:\/\/melhorenvio.com.br\/blog\/datas-especiais\/decoracao-de-carnaval-para-loja\/\" \/>\n<meta property=\"og:locale\" content=\"pt_BR\" \/>\n<meta property=\"og:type\" content=\"article\" \/>\n<meta property=\"og:title\" content=\"Decora\u00e7\u00e3o de Carnaval para loja: dicas e ideias\" \/>\n<meta property=\"og:description\" content=\"Confira nesse artigo ideias de decora\u00e7\u00e3o de Carnaval para loja, dicas de enfeites, lembrancinhas e ainda mensagens de carnaval para clientes\" \/>\n<meta property=\"og:url\" content=\"https:\/\/melhorenvio.com.br\/blog\/datas-especiais\/decoracao-de-carnaval-para-loja\/\" \/>\n<meta property=\"og:site_name\" content=\"Blog Melhor Envio\" \/>\n<meta property=\"article:publisher\" content=\"https:\/\/www.facebook.com\/MelhorEnvio\/\" \/>\n<meta property=\"article:published_time\" content=\"2023-01-30T19:30:27+00:00\" \/>\n<meta property=\"article:modified_time\" content=\"2026-04-02T20:44:52+00:00\" \/>\n<meta property=\"og:image\" content=\"https:\/\/melhorenvio.com.br\/blog\/wp-content\/uploads\/2023\/01\/Decoracao-de-Carnacal-para-Loja_imagem_destacada_Blog-Melhor-Envio.webp\" \/>\n\t<meta property=\"og:image:width\" content=\"2500\" \/>\n\t<meta property=\"og:image:height\" content=\"941\" \/>\n\t<meta property=\"og:image:type\" content=\"image\/webp\" \/>\n<meta name=\"author\" content=\"Thiago Soares\" \/>\n<meta name=\"twitter:card\" content=\"summary_large_image\" \/>\n<meta name=\"twitter:creator\" content=\"@melhorenvio\" \/>\n<meta name=\"twitter:site\" content=\"@melhorenvio\" \/>\n<meta name=\"twitter:label1\" content=\"Escrito por\" \/>\n\t<meta name=\"twitter:data1\" content=\"Thiago Soares\" \/>\n\t<meta name=\"twitter:label2\" content=\"Est. tempo de leitura\" \/>\n\t<meta name=\"twitter:data2\" content=\"9 minutos\" \/>\n<script type=\"application\/ld+json\" class=\"yoast-schema-graph\">{\"@context\":\"https:\\\/\\\/schema.org\",\"@graph\":[{\"@type\":\"Article\",\"@id\":\"https:\\\/\\\/melhorenvio.com.br\\\/blog\\\/datas-especiais\\\/decoracao-de-carnaval-para-loja\\\/#article\",\"isPartOf\":{\"@id\":\"https:\\\/\\\/melhorenvio.com.br\\\/blog\\\/datas-especiais\\\/decoracao-de-carnaval-para-loja\\\/\"},\"author\":{\"name\":\"Thiago Soares\",\"@id\":\"https:\\\/\\\/blog.melhorenvio.com.br\\\/#\\\/schema\\\/person\\\/380cc4e5bc565c2d87f20a567a8ff587\"},\"headline\":\"Decora\u00e7\u00e3o de Carnaval para loja: ideias de enfeites e mais\",\"datePublished\":\"2023-01-30T19:30:27+00:00\",\"dateModified\":\"2026-04-02T20:44:52+00:00\",\"mainEntityOfPage\":{\"@id\":\"https:\\\/\\\/melhorenvio.com.br\\\/blog\\\/datas-especiais\\\/decoracao-de-carnaval-para-loja\\\/\"},\"wordCount\":1367,\"publisher\":{\"@id\":\"https:\\\/\\\/blog.melhorenvio.com.br\\\/#organization\"},\"image\":{\"@id\":\"https:\\\/\\\/melhorenvio.com.br\\\/blog\\\/datas-especiais\\\/decoracao-de-carnaval-para-loja\\\/#primaryimage\"},\"thumbnailUrl\":\"https:\\\/\\\/melhorenvio.com.br\\\/blog\\\/wp-content\\\/uploads\\\/2023\\\/01\\\/Decoracao-de-Carnacal-para-Loja_imagem_destacada_Blog-Melhor-Envio.webp\",\"keywords\":[\"Carnaval\"],\"articleSection\":[\"Datas especiais\"],\"inLanguage\":\"pt-BR\"},{\"@type\":\"WebPage\",\"@id\":\"https:\\\/\\\/melhorenvio.com.br\\\/blog\\\/datas-especiais\\\/decoracao-de-carnaval-para-loja\\\/\",\"url\":\"https:\\\/\\\/melhorenvio.com.br\\\/blog\\\/datas-especiais\\\/decoracao-de-carnaval-para-loja\\\/\",\"name\":\"Decora\u00e7\u00e3o de Carnaval para loja: dicas e ideias\",\"isPartOf\":{\"@id\":\"https:\\\/\\\/blog.melhorenvio.com.br\\\/#website\"},\"primaryImageOfPage\":{\"@id\":\"https:\\\/\\\/melhorenvio.com.br\\\/blog\\\/datas-especiais\\\/decoracao-de-carnaval-para-loja\\\/#primaryimage\"},\"image\":{\"@id\":\"https:\\\/\\\/melhorenvio.com.br\\\/blog\\\/datas-especiais\\\/decoracao-de-carnaval-para-loja\\\/#primaryimage\"},\"thumbnailUrl\":\"https:\\\/\\\/melhorenvio.com.br\\\/blog\\\/wp-content\\\/uploads\\\/2023\\\/01\\\/Decoracao-de-Carnacal-para-Loja_imagem_destacada_Blog-Melhor-Envio.webp\",\"datePublished\":\"2023-01-30T19:30:27+00:00\",\"dateModified\":\"2026-04-02T20:44:52+00:00\",\"description\":\"Confira nesse artigo ideias de decora\u00e7\u00e3o de Carnaval para loja, dicas de enfeites, lembrancinhas e ainda mensagens de carnaval para clientes\",\"inLanguage\":\"pt-BR\",\"potentialAction\":[{\"@type\":\"ReadAction\",\"target\":[\"https:\\\/\\\/melhorenvio.com.br\\\/blog\\\/datas-especiais\\\/decoracao-de-carnaval-para-loja\\\/\"]}]},{\"@type\":\"ImageObject\",\"inLanguage\":\"pt-BR\",\"@id\":\"https:\\\/\\\/melhorenvio.com.br\\\/blog\\\/datas-especiais\\\/decoracao-de-carnaval-para-loja\\\/#primaryimage\",\"url\":\"https:\\\/\\\/melhorenvio.com.br\\\/blog\\\/wp-content\\\/uploads\\\/2023\\\/01\\\/Decoracao-de-Carnacal-para-Loja_imagem_destacada_Blog-Melhor-Envio.webp\",\"contentUrl\":\"https:\\\/\\\/melhorenvio.com.br\\\/blog\\\/wp-content\\\/uploads\\\/2023\\\/01\\\/Decoracao-de-Carnacal-para-Loja_imagem_destacada_Blog-Melhor-Envio.webp\",\"width\":2500,\"height\":941},{\"@type\":\"WebSite\",\"@id\":\"https:\\\/\\\/blog.melhorenvio.com.br\\\/#website\",\"url\":\"https:\\\/\\\/blog.melhorenvio.com.br\\\/\",\"name\":\"Blog Melhor Envio\",\"description\":\"Aprenda a economizar na gest\u00e3o de fretes\",\"publisher\":{\"@id\":\"https:\\\/\\\/blog.melhorenvio.com.br\\\/#organization\"},\"alternateName\":\"Blog do Melhor Envio\",\"potentialAction\":[{\"@type\":\"SearchAction\",\"target\":{\"@type\":\"EntryPoint\",\"urlTemplate\":\"https:\\\/\\\/blog.melhorenvio.com.br\\\/?s={search_term_string}\"},\"query-input\":{\"@type\":\"PropertyValueSpecification\",\"valueRequired\":true,\"valueName\":\"search_term_string\"}}],\"inLanguage\":\"pt-BR\"},{\"@type\":\"Organization\",\"@id\":\"https:\\\/\\\/blog.melhorenvio.com.br\\\/#organization\",\"name\":\"Melhor Envio\",\"alternateName\":\"Melhor Envio\",\"url\":\"https:\\\/\\\/blog.melhorenvio.com.br\\\/\",\"logo\":{\"@type\":\"ImageObject\",\"inLanguage\":\"pt-BR\",\"@id\":\"https:\\\/\\\/blog.melhorenvio.com.br\\\/#\\\/schema\\\/logo\\\/image\\\/\",\"url\":\"https:\\\/\\\/melhorenvio.com.br\\\/blog\\\/wp-content\\\/uploads\\\/2022\\\/12\\\/blog-logo-melhor-envio.webp\",\"contentUrl\":\"https:\\\/\\\/melhorenvio.com.br\\\/blog\\\/wp-content\\\/uploads\\\/2022\\\/12\\\/blog-logo-melhor-envio.webp\",\"width\":188,\"height\":96,\"caption\":\"Melhor Envio\"},\"image\":{\"@id\":\"https:\\\/\\\/blog.melhorenvio.com.br\\\/#\\\/schema\\\/logo\\\/image\\\/\"},\"sameAs\":[\"https:\\\/\\\/www.facebook.com\\\/MelhorEnvio\\\/\",\"https:\\\/\\\/x.com\\\/melhorenvio\",\"https:\\\/\\\/www.instagram.com\\\/melhorenvio\",\"https:\\\/\\\/www.youtube.com\\\/melhorenviooficial\",\"https:\\\/\\\/br.linkedin.com\\\/company\\\/melhorenvio\"]},{\"@type\":\"Person\",\"@id\":\"https:\\\/\\\/blog.melhorenvio.com.br\\\/#\\\/schema\\\/person\\\/380cc4e5bc565c2d87f20a567a8ff587\",\"name\":\"Thiago Soares\",\"image\":{\"@type\":\"ImageObject\",\"inLanguage\":\"pt-BR\",\"@id\":\"https:\\\/\\\/secure.gravatar.com\\\/avatar\\\/37146dedea0642b5bd93475a3a6131ef2d4889187a2e0517464ed0f537281610?s=96&d=mm&r=g\",\"url\":\"https:\\\/\\\/secure.gravatar.com\\\/avatar\\\/37146dedea0642b5bd93475a3a6131ef2d4889187a2e0517464ed0f537281610?s=96&d=mm&r=g\",\"contentUrl\":\"https:\\\/\\\/secure.gravatar.com\\\/avatar\\\/37146dedea0642b5bd93475a3a6131ef2d4889187a2e0517464ed0f537281610?s=96&d=mm&r=g\",\"caption\":\"Thiago Soares\"},\"description\":\"Especialista em conte\u00fado para e-commerce formado em Letras pela UERJ e com MBA em Marketing pela USP\\\/Esalq. Conta com mais de 12 anos de experi\u00eancia em produ\u00e7\u00e3o de conte\u00fado para grandes marcas do mercado nacional como Buscap\u00e9, Tray, Zoom, Bagy e outras. Atualmente, tem como prop\u00f3sito ajudar lojistas, de todos os tamanhos, a vender mais pela internet. Para isso, atua na equipe de produ\u00e7\u00e3o de conte\u00fado do Melhor Envio, plataforma digital que est\u00e1 revolucionando a log\u00edstica para e-commerce.\",\"sameAs\":[\"https:\\\/\\\/br.linkedin.com\\\/in\\\/thiago-rocha-soares\"],\"url\":\"https:\\\/\\\/melhorenvio.com.br\\\/blog\\\/author\\\/thiago-soares\\\/\"}]}<\/script>\n<!-- \/ Yoast SEO plugin. -->","yoast_head_json":{"title":"Decora\u00e7\u00e3o de Carnaval para loja: dicas e ideias","description":"Confira nesse artigo ideias de decora\u00e7\u00e3o de Carnaval para loja, dicas de enfeites, lembrancinhas e ainda mensagens de carnaval para clientes","robots":{"index":"index","follow":"follow","max-snippet":"max-snippet:-1","max-image-preview":"max-image-preview:large","max-video-preview":"max-video-preview:-1"},"canonical":"https:\/\/melhorenvio.com.br\/blog\/datas-especiais\/decoracao-de-carnaval-para-loja\/","og_locale":"pt_BR","og_type":"article","og_title":"Decora\u00e7\u00e3o de Carnaval para loja: dicas e ideias","og_description":"Confira nesse artigo ideias de decora\u00e7\u00e3o de Carnaval para loja, dicas de enfeites, lembrancinhas e ainda mensagens de carnaval para clientes","og_url":"https:\/\/melhorenvio.com.br\/blog\/datas-especiais\/decoracao-de-carnaval-para-loja\/","og_site_name":"Blog Melhor Envio","article_publisher":"https:\/\/www.facebook.com\/MelhorEnvio\/","article_published_time":"2023-01-30T19:30:27+00:00","article_modified_time":"2026-04-02T20:44:52+00:00","og_image":[{"width":2500,"height":941,"url":"https:\/\/melhorenvio.com.br\/blog\/wp-content\/uploads\/2023\/01\/Decoracao-de-Carnacal-para-Loja_imagem_destacada_Blog-Melhor-Envio.webp","type":"image\/webp"}],"author":"Thiago Soares","twitter_card":"summary_large_image","twitter_creator":"@melhorenvio","twitter_site":"@melhorenvio","twitter_misc":{"Escrito por":"Thiago Soares","Est. tempo de leitura":"9 minutos"},"schema":{"@context":"https:\/\/schema.org","@graph":[{"@type":"Article","@id":"https:\/\/melhorenvio.com.br\/blog\/datas-especiais\/decoracao-de-carnaval-para-loja\/#article","isPartOf":{"@id":"https:\/\/melhorenvio.com.br\/blog\/datas-especiais\/decoracao-de-carnaval-para-loja\/"},"author":{"name":"Thiago Soares","@id":"https:\/\/blog.melhorenvio.com.br\/#\/schema\/person\/380cc4e5bc565c2d87f20a567a8ff587"},"headline":"Decora\u00e7\u00e3o de Carnaval para loja: ideias de enfeites e mais","datePublished":"2023-01-30T19:30:27+00:00","dateModified":"2026-04-02T20:44:52+00:00","mainEntityOfPage":{"@id":"https:\/\/melhorenvio.com.br\/blog\/datas-especiais\/decoracao-de-carnaval-para-loja\/"},"wordCount":1367,"publisher":{"@id":"https:\/\/blog.melhorenvio.com.br\/#organization"},"image":{"@id":"https:\/\/melhorenvio.com.br\/blog\/datas-especiais\/decoracao-de-carnaval-para-loja\/#primaryimage"},"thumbnailUrl":"https:\/\/melhorenvio.com.br\/blog\/wp-content\/uploads\/2023\/01\/Decoracao-de-Carnacal-para-Loja_imagem_destacada_Blog-Melhor-Envio.webp","keywords":["Carnaval"],"articleSection":["Datas especiais"],"inLanguage":"pt-BR"},{"@type":"WebPage","@id":"https:\/\/melhorenvio.com.br\/blog\/datas-especiais\/decoracao-de-carnaval-para-loja\/","url":"https:\/\/melhorenvio.com.br\/blog\/datas-especiais\/decoracao-de-carnaval-para-loja\/","name":"Decora\u00e7\u00e3o de Carnaval para loja: dicas e ideias","isPartOf":{"@id":"https:\/\/blog.melhorenvio.com.br\/#website"},"primaryImageOfPage":{"@id":"https:\/\/melhorenvio.com.br\/blog\/datas-especiais\/decoracao-de-carnaval-para-loja\/#primaryimage"},"image":{"@id":"https:\/\/melhorenvio.com.br\/blog\/datas-especiais\/decoracao-de-carnaval-para-loja\/#primaryimage"},"thumbnailUrl":"https:\/\/melhorenvio.com.br\/blog\/wp-content\/uploads\/2023\/01\/Decoracao-de-Carnacal-para-Loja_imagem_destacada_Blog-Melhor-Envio.webp","datePublished":"2023-01-30T19:30:27+00:00","dateModified":"2026-04-02T20:44:52+00:00","description":"Confira nesse artigo ideias de decora\u00e7\u00e3o de Carnaval para loja, dicas de enfeites, lembrancinhas e ainda mensagens de carnaval para clientes","inLanguage":"pt-BR","potentialAction":[{"@type":"ReadAction","target":["https:\/\/melhorenvio.com.br\/blog\/datas-especiais\/decoracao-de-carnaval-para-loja\/"]}]},{"@type":"ImageObject","inLanguage":"pt-BR","@id":"https:\/\/melhorenvio.com.br\/blog\/datas-especiais\/decoracao-de-carnaval-para-loja\/#primaryimage","url":"https:\/\/melhorenvio.com.br\/blog\/wp-content\/uploads\/2023\/01\/Decoracao-de-Carnacal-para-Loja_imagem_destacada_Blog-Melhor-Envio.webp","contentUrl":"https:\/\/melhorenvio.com.br\/blog\/wp-content\/uploads\/2023\/01\/Decoracao-de-Carnacal-para-Loja_imagem_destacada_Blog-Melhor-Envio.webp","width":2500,"height":941},{"@type":"WebSite","@id":"https:\/\/blog.melhorenvio.com.br\/#website","url":"https:\/\/blog.melhorenvio.com.br\/","name":"Blog Melhor Envio","description":"Aprenda a economizar na gest\u00e3o de fretes","publisher":{"@id":"https:\/\/blog.melhorenvio.com.br\/#organization"},"alternateName":"Blog do Melhor Envio","potentialAction":[{"@type":"SearchAction","target":{"@type":"EntryPoint","urlTemplate":"https:\/\/blog.melhorenvio.com.br\/?s={search_term_string}"},"query-input":{"@type":"PropertyValueSpecification","valueRequired":true,"valueName":"search_term_string"}}],"inLanguage":"pt-BR"},{"@type":"Organization","@id":"https:\/\/blog.melhorenvio.com.br\/#organization","name":"Melhor Envio","alternateName":"Melhor Envio","url":"https:\/\/blog.melhorenvio.com.br\/","logo":{"@type":"ImageObject","inLanguage":"pt-BR","@id":"https:\/\/blog.melhorenvio.com.br\/#\/schema\/logo\/image\/","url":"https:\/\/melhorenvio.com.br\/blog\/wp-content\/uploads\/2022\/12\/blog-logo-melhor-envio.webp","contentUrl":"https:\/\/melhorenvio.com.br\/blog\/wp-content\/uploads\/2022\/12\/blog-logo-melhor-envio.webp","width":188,"height":96,"caption":"Melhor Envio"},"image":{"@id":"https:\/\/blog.melhorenvio.com.br\/#\/schema\/logo\/image\/"},"sameAs":["https:\/\/www.facebook.com\/MelhorEnvio\/","https:\/\/x.com\/melhorenvio","https:\/\/www.instagram.com\/melhorenvio","https:\/\/www.youtube.com\/melhorenviooficial","https:\/\/br.linkedin.com\/company\/melhorenvio"]},{"@type":"Person","@id":"https:\/\/blog.melhorenvio.com.br\/#\/schema\/person\/380cc4e5bc565c2d87f20a567a8ff587","name":"Thiago Soares","image":{"@type":"ImageObject","inLanguage":"pt-BR","@id":"https:\/\/secure.gravatar.com\/avatar\/37146dedea0642b5bd93475a3a6131ef2d4889187a2e0517464ed0f537281610?s=96&d=mm&r=g","url":"https:\/\/secure.gravatar.com\/avatar\/37146dedea0642b5bd93475a3a6131ef2d4889187a2e0517464ed0f537281610?s=96&d=mm&r=g","contentUrl":"https:\/\/secure.gravatar.com\/avatar\/37146dedea0642b5bd93475a3a6131ef2d4889187a2e0517464ed0f537281610?s=96&d=mm&r=g","caption":"Thiago Soares"},"description":"Especialista em conte\u00fado para e-commerce formado em Letras pela UERJ e com MBA em Marketing pela USP\/Esalq. Conta com mais de 12 anos de experi\u00eancia em produ\u00e7\u00e3o de conte\u00fado para grandes marcas do mercado nacional como Buscap\u00e9, Tray, Zoom, Bagy e outras. Atualmente, tem como prop\u00f3sito ajudar lojistas, de todos os tamanhos, a vender mais pela internet. Para isso, atua na equipe de produ\u00e7\u00e3o de conte\u00fado do Melhor Envio, plataforma digital que est\u00e1 revolucionando a log\u00edstica para e-commerce.","sameAs":["https:\/\/br.linkedin.com\/in\/thiago-rocha-soares"],"url":"https:\/\/melhorenvio.com.br\/blog\/author\/thiago-soares\/"}]}},"_links":{"self":[{"href":"https:\/\/melhorenvio.com.br\/blog\/wp-json\/wp\/v2\/posts\/44150","targetHints":{"allow":["GET"]}}],"collection":[{"href":"https:\/\/melhorenvio.com.br\/blog\/wp-json\/wp\/v2\/posts"}],"about":[{"href":"https:\/\/melhorenvio.com.br\/blog\/wp-json\/wp\/v2\/types\/post"}],"author":[{"embeddable":true,"href":"https:\/\/melhorenvio.com.br\/blog\/wp-json\/wp\/v2\/users\/51"}],"replies":[{"embeddable":true,"href":"https:\/\/melhorenvio.com.br\/blog\/wp-json\/wp\/v2\/comments?post=44150"}],"version-history":[{"count":11,"href":"https:\/\/melhorenvio.com.br\/blog\/wp-json\/wp\/v2\/posts\/44150\/revisions"}],"predecessor-version":[{"id":59649,"href":"https:\/\/melhorenvio.com.br\/blog\/wp-json\/wp\/v2\/posts\/44150\/revisions\/59649"}],"wp:featuredmedia":[{"embeddable":true,"href":"https:\/\/melhorenvio.com.br\/blog\/wp-json\/wp\/v2\/media\/44161"}],"wp:attachment":[{"href":"https:\/\/melhorenvio.com.br\/blog\/wp-json\/wp\/v2\/media?parent=44150"}],"wp:term":[{"taxonomy":"category","embeddable":true,"href":"https:\/\/melhorenvio.com.br\/blog\/wp-json\/wp\/v2\/categories?post=44150"},{"taxonomy":"post_tag","embeddable":true,"href":"https:\/\/melhorenvio.com.br\/blog\/wp-json\/wp\/v2\/tags?post=44150"}],"curies":[{"name":"wp","href":"https:\/\/api.w.org\/{rel}","templated":true}]}}