{"id":46823,"date":"2023-06-29T13:50:02","date_gmt":"2023-06-29T16:50:02","guid":{"rendered":"https:\/\/blog.melhorenvio.com.br\/?p=46823"},"modified":"2025-09-04T13:31:02","modified_gmt":"2025-09-04T16:31:02","slug":"razao-social-mei","status":"publish","type":"post","link":"https:\/\/melhorenvio.com.br\/blog\/empreendedorismo\/razao-social-mei\/","title":{"rendered":"Raz\u00e3o Social MEI: o que \u00e9 e como alterar para o novo formato"},"content":{"rendered":"\n<script type=\"application\/ld+json\">\n{\n  \"@context\": \"https:\/\/schema.org\",\n  \"@graph\": [\n    {\n      \"@type\": \"FAQPage\",\n      \"@id\": \"https:\/\/blog.melhorenvio.com.br\/razao-social-mei\/#faq\",\n      \"mainEntity\": [\n        {\n          \"@type\": \"Question\",\n          \"@id\": \"https:\/\/blog.melhorenvio.com.br\/razao-social-mei\/#faq1\",\n          \"name\": \"O que \u00e9 raz\u00e3o social?\",\n          \"acceptedAnswer\": {\n            \"@type\": \"Answer\",\n            \"text\": \"Raz\u00e3o social \u00e9 o nome oficial de uma empresa. Ou seja, o nome que \u00e9 utilizado nos registros, documentos oficiais, nota fiscal, contratos, cadastros ou qualquer outro tema burocr\u00e1tico.\"\n          }\n        },\n        {\n          \"@type\": \"Question\",\n          \"@id\": \"https:\/\/blog.melhorenvio.com.br\/razao-social-mei\/#faq2\",\n          \"name\": \"O que \u00e9 Raz\u00e3o Social MEI?\",\n          \"acceptedAnswer\": {\n            \"@type\": \"Answer\",\n            \"text\": \"Quem \u00e9 MEI possui uma raz\u00e3o social criada automaticamente pela Receita Federal no momento da cria\u00e7\u00e3o da empresa.\"\n          }\n        },\n        {\n          \"@type\": \"Question\",\n          \"@id\": \"https:\/\/blog.melhorenvio.com.br\/razao-social-mei\/#faq3\",\n          \"name\": \"Como alterar a raz\u00e3o social do MEI\",\n          \"acceptedAnswer\": {\n            \"@type\": \"Answer\",\n            \"text\": \"N\u00e3o \u00e9 poss\u00edvel alterar a raz\u00e3o social de uma empresa que atua como MEI. Isso porque essa \u00e9 uma modalidade de pessoa jur\u00eddica criada para atender empreendedores iniciantes e prestadores de servi\u00e7os que atuam como aut\u00f4nomos.  Ou seja, n\u00e3o \u00e9 poss\u00edvel quebrar a ordem autom\u00e1tica formada pelos oito primeiros n\u00fameros do CNPJ + nome da pessoa titular. Sendo assim, s\u00f3 \u00e9 poss\u00edvel realizar a altera\u00e7\u00e3o da raz\u00e3o social de uma empresa MEI caso ela cres\u00e7a e deixe de ser obrigatoriamente uma empresa nesse formato. \"\n          }\n        },\n        {\n          \"@type\": \"Question\",\n          \"@id\": \"https:\/\/blog.melhorenvio.com.br\/razao-social-mei\/#faq4\",\n          \"name\": \"Nome fantasia e nome social: qual a diferen\u00e7a?\",\n          \"acceptedAnswer\": {\n            \"@type\": \"Answer\",\n            \"text\": \"O nome fantasia \u00e9 o nome pelo qual os seus clientes conhecer\u00e3o a sua loja e que voc\u00ea ir\u00e1 utilizar em suas a\u00e7\u00f5es de Marketing. Por exemplo:  Raz\u00e3o social: 01.234.567 Jo\u00e3o Silva  Nome fantasia: Cal\u00e7ados Primavera\"\n          }\n        },\n        {\n          \"@type\": \"Question\",\n          \"@id\": \"https:\/\/blog.melhorenvio.com.br\/razao-social-mei\/#faq5\",\n          \"name\": \"Como alterar nome fantasia ME\",\n          \"acceptedAnswer\": {\n            \"@type\": \"Answer\",\n            \"text\": \"1 - Acesse o Portal do Empreendedor.  2 - Selecione a op\u00e7\u00e3o \u201cJ\u00e1 sou MEI\u201d.  3 - Clique em \u201cAtualiza\u00e7\u00e3o Cadastral de MEI\u201d.  4 - Em seguida, clique em \u201cSelecionar\u201d.  5 - Fa\u00e7a login em sua conta Gov.br.  6 - Realize a altera\u00e7\u00e3o no campo \u201cNome Fantasia\u201d.  7 - Leia com aten\u00e7\u00e3o e aceite as declara\u00e7\u00f5es e o termo de responsabilidade.  8 - V\u00e1 ao final da p\u00e1gina e clique em \u201cContinuar\u201d.  Feito! O nome fantasia do seu neg\u00f3cio foi atualizado.\"\n          }\n        }\n      ],\n      \"isPartOf\": {\n        \"@id\": \"https:\/\/blog.melhorenvio.com.br\/razao-social-mei\/\"\n      }\n    }\n  ]\n}\n<\/script>\n\n\n\n<p>Voc\u00ea sabia que quem \u00e9 <a href=\"https:\/\/melhorenvio.com.br\/blog\/empreendedorismo\/como-abrir-um-mei\/\" target=\"_blank\" rel=\"noreferrer noopener\">MEI<\/a> possui uma raz\u00e3o social? Igual acontece nos formatos de empresas maiores, como as Sociedades An\u00f4nimas (SA) ou as Sociedades Empres\u00e1rias Limitadas (Ltda).<\/p>\n\n\n\n<p>Nesse artigo vamos te contar tudo sobre a raz\u00e3o social MEI, novidades, seus principais usos, a diferen\u00e7a para o nome fantasia e ainda se \u00e9 poss\u00edvel alterar a raz\u00e3o social de quem \u00e9 microempreendedor individual.<\/p>\n\n\n\n<p>E n\u00e3o para por a\u00ed, no final do artigo, vamos dar uma dica de ouro para quem \u00e9 MEI e vende pela internet. Fica at\u00e9 o fim para n\u00e3o perder!<\/p>\n\n\n\n<div class=\"wp-block-buttons is-content-justification-center is-layout-flex wp-container-core-buttons-is-layout-16018d1d wp-block-buttons-is-layout-flex\">\n<div class=\"wp-block-button\"><a class=\"wp-block-button__link has-background wp-element-button\" href=\"https:\/\/melhorenvio.com.br\/cadastre-se\" style=\"background-color:#00519d\" target=\"_blank\" rel=\"noreferrer noopener\">Frete para e-commerce mais barato \u00e9 no Melhor Envio<\/a><\/div>\n<\/div>\n\n\n\n<h2 class=\"wp-block-heading\">O que \u00e9 raz\u00e3o social?<\/h2>\n\n\n\n<p><strong>Raz\u00e3o socia<\/strong>l \u00e9 o<strong> nome oficial de uma empresa<\/strong>. Ou seja, o nome que \u00e9 utilizado nos registros, documentos oficiais, nota fiscal, contratos, cadastros ou qualquer outro tema burocr\u00e1tico.<\/p>\n\n\n\n<p>A raz\u00e3o social tamb\u00e9m pode ser chamada de <strong>denomina\u00e7\u00e3o social<\/strong>, <strong>firma empresarial <\/strong>ou<strong> nome empresarial<\/strong>. E, apesar de muita gente fazer confus\u00e3o, a<strong> raz\u00e3o social de quem \u00e9 MEI n\u00e3o tem nada a ver com o nome fantasia <\/strong>da empresa, que \u00e9 utilizado pelos seus clientes, por exemplo.<\/p>\n\n\n\n<p>Vamos falar um pouco mais sobre as diferen\u00e7as entre essas duas nomenclaturas empresariais ao longo do texto.&nbsp;<\/p>\n\n\n\n<h2 class=\"wp-block-heading\">O que \u00e9 Raz\u00e3o Social MEI?<\/h2>\n\n\n\n<p>Quem \u00e9 MEI possui uma raz\u00e3o social criada automaticamente pela Receita Federal no momento da cria\u00e7\u00e3o da empresa.<\/p>\n\n\n\n<p>A partir de dezembro de 2022, a raz\u00e3o social MEI \u00e9 composta <strong>pelo n\u00famero raiz do CNPJ<\/strong> (oito primeiros d\u00edgitos do CNPJ separados por pontos) + <strong>nome civil completo ou pelo nome social completo do titular<\/strong>. Como no exemplo a seguir:<\/p>\n\n\n\n<p>xx.xxx.xxx (8 primeiros digitos do CNPJ) + nome do(a) empreendedor(a).<\/p>\n\n\n\n<p>Antigamente, essa raz\u00e3o social era composta pelo CPF + o nome do empreendedor, mas essa regra foi alterada pela Receita Federal com objetivo de proteger os dados do microempreendedor individual, seguindo as novas diretrizes da Lei Geral de Prote\u00e7\u00e3o de Dados (LGPD).<\/p>\n\n\n\n<p><strong>Quem possui MEI criado antes de dezembro de 2022 ter\u00e1 o seu nome empresarial <\/strong>(raz\u00e3o social) <strong>atualizado automaticamente <\/strong>para o novo padr\u00e3o.&nbsp;<\/p>\n\n\n\n<h2 class=\"wp-block-heading\">Como mudar a raz\u00e3o social MEI<\/h2>\n\n\n\n<p><strong>N\u00e3o \u00e9 poss\u00edvel alterar a raz\u00e3o social de uma empresa que atua como MEI<\/strong>. Isso porque essa \u00e9 uma modalidade de pessoa jur\u00eddica criada para atender empreendedores iniciantes e prestadores de servi\u00e7os que atuam como aut\u00f4nomos.<\/p>\n\n\n\n<p>Ou seja, n\u00e3o \u00e9 poss\u00edvel quebrar a ordem autom\u00e1tica formada pelos oito primeiros n\u00fameros do CNPJ + nome da pessoa titular.<\/p>\n\n\n\n<p>Sendo assim, s\u00f3 \u00e9 poss\u00edvel realizar a altera\u00e7\u00e3o da raz\u00e3o social de uma empresa MEI caso ela cres\u00e7a e deixe de ser obrigatoriamente uma empresa nesse formato.&nbsp;<\/p>\n\n\n\n<p>Isso acontece quando um microempreendedor ultrapassa os R$ 81 mil reais em faturamento anual, fazendo com que ele deixe de ser MEI (microempreendedor individual) e se adeque ao formato de pessoa jur\u00eddica seguinte, a microempresa (ME).<\/p>\n\n\n\n<h2 class=\"wp-block-heading\">Nome fantasia e nome social: qual a diferen\u00e7a?<\/h2>\n\n\n\n<p>Como dissemos anteriormente, n\u00e3o \u00e9 poss\u00edvel alterar a raz\u00e3o social de quem \u00e9 MEI, mas \u00e9 poss\u00edvel realizar essa altera\u00e7\u00e3o no nome fantasia a qualquer momento.&nbsp;<\/p>\n\n\n\n<p>O <strong>nome fantasia<\/strong> \u00e9 <strong>o nome pelo qual os seus clientes conhecer\u00e3o a sua loja<\/strong> e que voc\u00ea ir\u00e1 utilizar em suas a\u00e7\u00f5es de Marketing. Por exemplo:<\/p>\n\n\n\n<ul class=\"wp-block-list\">\n<li><strong>Raz\u00e3o social:<\/strong> 01.234.567 Jo\u00e3o Silva<\/li>\n\n\n\n<li><strong>Nome fantasia:<\/strong> Cal\u00e7ados Primavera<\/li>\n<\/ul>\n\n\n\n<p>Este nome fantasia pode ser alterado a qualquer momento no <a href=\"https:\/\/www.gov.br\/empresas-e-negocios\/pt-br\/empreendedor\/quero-ser-mei\">portal do empreendedor<\/a>. Por\u00e9m, vale ressaltar que esse nome fantasia n\u00e3o assegura que o empreendedor tenha os direitos totais e exclusivos dessa marca, mas sim utiliz\u00e1-la no dia a dia e em suas a\u00e7\u00f5es de Marketing.<\/p>\n\n\n\n<p>Para garantir os direitos totais sobre a marca da sua loja ser\u00e1 necess\u00e1rio e fazer o registo dela no <a href=\"https:\/\/www.gov.br\/inpi\/pt-br\">Instituto Nacional da Propriedade Industrial<\/a> (<a href=\"http:\/\/www.inpi.gov.br\/\">INPI<\/a>).<\/p>\n\n\n\n<h2 class=\"wp-block-heading\">Como alterar nome fantasia ME<\/h2>\n\n\n\n<p>Ao contr\u00e1rio da raz\u00e3o social, \u00e9 poss\u00edvel alterar o nome fantasia de um MEI a qualquer momento.<\/p>\n\n\n\n<p>Para isso, basta seguir o passo a passo a seguir:<\/p>\n\n\n\n<p>1 &#8211; Acesse o <a href=\"https:\/\/www.gov.br\/empresas-e-negocios\/pt-br\/empreendedor\" target=\"_blank\" rel=\"noreferrer noopener\">Portal do Empreendedor<\/a>.<\/p>\n\n\n\n<p>2 &#8211; Selecione a op\u00e7\u00e3o <strong>\u201cJ\u00e1 sou MEI\u201d<\/strong>.<\/p>\n\n\n\n<p>3 &#8211; Clique em <strong>\u201cAtualiza\u00e7\u00e3o Cadastral de MEI\u201d<\/strong>.<\/p>\n\n\n\n<p>4 &#8211; Em seguida, clique em <strong>\u201cSelecionar\u201d.<\/strong><\/p>\n\n\n\n<p>5 &#8211; Fa\u00e7a login em sua conta Gov.br.<\/p>\n\n\n\n<p>6 &#8211; Realize a altera\u00e7\u00e3o no campo <strong>\u201cNome Fantasia\u201d.<\/strong><\/p>\n\n\n\n<p>7 &#8211; Leia com aten\u00e7\u00e3o e aceite as declara\u00e7\u00f5es e o termo de responsabilidade.<\/p>\n\n\n\n<p>8 &#8211; V\u00e1 ao final da p\u00e1gina e clique em <strong>\u201cContinuar\u201d<\/strong>.<\/p>\n\n\n\n<p><strong>Feito!<\/strong> O nome fantasia do seu neg\u00f3cio foi atualizado.<\/p>\n\n\n\n<p><strong>Confira outros artigos pensados em quem \u00e9 microempreendedor individual:<\/strong><\/p>\n\n\n\n<ul class=\"wp-block-list\">\n<li><a href=\"https:\/\/melhorenvio.com.br\/blog\/financas\/declaracao-de-imposto-de-renda-mei-anual-como-declarar\/\" target=\"_blank\" rel=\"noreferrer noopener\">Como fazer o imposto de renda MEI<\/a><\/li>\n\n\n\n<li><a href=\"https:\/\/melhorenvio.com.br\/blog\/empreendedorismo\/cursos-sebrae-6-opcoes-gratuitas-para-formalizar-mei\/\" target=\"_blank\" rel=\"noreferrer noopener\">6 cursos gratuitos do Sebrae para quem quer se tornar MEI<\/a><\/li>\n<\/ul>\n\n\n\n<h2 class=\"wp-block-heading\">Trabalha com e-commerce? Envie seus produtos com frete mais barato no Melhor Envio<\/h2>\n\n\n\n<p>Quem \u00e9 MEI e trabalha com vendas pela internet precisa ter acesso a ferramentas log\u00edsticas que reduzam os custos com frete, oferecendo entregas com pre\u00e7os competitivos como acontece nos grandes portais de e-commerce.<\/p>\n\n\n\n<p>\u00c9 nisso que o <strong>Melhor Envio<\/strong> pode ajudar o seu neg\u00f3cio, o <a href=\"https:\/\/melhorenvio.com.br\/\" target=\"_blank\" rel=\"noreferrer noopener\">Melhor Envio<\/a> \u00e9 <strong>uma plataforma gratuita de frete e log\u00edstica<\/strong>. Nela \u00e9 poss\u00edvel <strong>fazer uma compara\u00e7\u00e3o de pre\u00e7os do menor custo para uma entrega nas principais transportadoras do pa\u00eds<\/strong> como Loggi, Jadlog e at\u00e9 os Correios.<\/p>\n\n\n\n<p>S\u00f3 essa j\u00e1 seria uma vantagem competitiva para quem \u00e9 MEI, mas tem mais. O Melhor Envio negocia <strong>pre\u00e7os exclusivos para seus usu\u00e1rios com cada uma dessas transportadoras<\/strong>, fazendo com que seja poss\u00edvel, muitas vezes, oferecer pre\u00e7o mais baixo que contratado diretamente no balc\u00e3o.<\/p>\n\n\n\n<p>No Melhor Envio <strong>empresas de todos os tamanhos t\u00eam acesso a isso de gra\u00e7a<\/strong>. Sem mensalidade, n\u00famero m\u00ednimo de pedidos ou outras pegadinhas. Ou seja, sua loja online s\u00f3 pagar\u00e1 pelos fretes contratados dentro da plataforma.<\/p>\n\n\n\n<p>Cadastre-se agora mesmo e comece a oferecer fretes mais baratos para os seus clientes com a ajuda do Melhor Envio.<\/p>\n\n\n\n<div class=\"wp-block-buttons is-content-justification-center is-layout-flex wp-container-core-buttons-is-layout-16018d1d wp-block-buttons-is-layout-flex\">\n<div class=\"wp-block-button\"><a class=\"wp-block-button__link has-background wp-element-button\" href=\"https:\/\/melhorenvio.com.br\/cadastre-se\" style=\"background-color:#00519d\" target=\"_blank\" rel=\"noreferrer noopener\">Cadastre-se gr\u00e1tis no Melhor Envio<\/a><\/div>\n<\/div>\n\n\n\n<h2 class=\"wp-block-heading\">Confira outras vantagens de usar o Melhor Envio<\/h2>\n\n\n\n<ul class=\"wp-block-list\">\n<li><a href=\"https:\/\/melhorenvio.com.br\/blog\/sobre-nos\/ponto-parceiro-simplifique-o-envio-de-encomendas-com-ajuda-do-melhor-envio\/\" target=\"_blank\" rel=\"noreferrer noopener\">Ponto Parceiro: conhe\u00e7a as unidades f\u00edsicas de postagens do Melhor Envio<\/a><\/li>\n\n\n\n<li><a href=\"https:\/\/melhorenvio.com.br\/blog\/sobre-nos\/descontos-e-promocoes-clube-de-beneficios\/\" target=\"_blank\" rel=\"noreferrer noopener\">Clube de benef\u00edcios: consiga benef\u00edcios exclusivos no clube de vantagens do Melhor Envio<\/a><\/li>\n\n\n\n<li><a href=\"https:\/\/melhorenvio.com.br\/blog\/sobre-nos\/melhor-rastreio\/\">Melhor Rastreio: acompanha entregas de diferentes transportadoras em um s\u00f3 lugar<\/a><\/li>\n\n\n\n<li><a href=\"https:\/\/melhorenvio.com.br\/blog\/frete-e-logistica\/contrato-correios\/\" target=\"_blank\" rel=\"noreferrer noopener\">Como enviar mais barato pelos Correios sem contrato direto com a empresa\u00a0<\/a><\/li>\n\n\n\n<li><a href=\"https:\/\/melhorenvio.com.br\/blog\/sobre-nos\/como-gerar-uma-etiqueta-de-frete-no-melhor-envio\/\" target=\"_blank\" rel=\"noreferrer noopener\">Como emitir etiquetas de frete de forma mais barata e pr\u00e1tica<\/a><\/li>\n\n\n\n<li><a href=\"https:\/\/melhorenvio.com.br\/blog\/sobre-nos\/como-usar-a-calculadora-de-fretes\/\" target=\"_blank\" rel=\"noreferrer noopener\">Como usar a Calculadora de frete do Melhor Envio<\/a><\/li>\n<\/ul>\n\n\n\n<p><\/p>\n","protected":false},"excerpt":{"rendered":"<p>Tire todas as d\u00favidas sobre a Raz\u00e3o Social MEI.<\/p>\n","protected":false},"author":51,"featured_media":46829,"comment_status":"closed","ping_status":"open","sticky":false,"template":"","format":"standard","meta":{"_acf_changed":false,"jnews-multi-image_gallery":[],"jnews_single_post":{"subtitle":"","format":"standard","video":"","gallery":"","source_name":"","source_url":"","via_name":"","via_url":"","override_template":"0","override":[{"template":"4","single_blog_custom":"","parallax":"1","fullscreen":"0","layout":"right-sidebar","sidebar":"home","second_sidebar":"default-sidebar","sticky_sidebar":"1","share_position":"float","share_float_style":"share-normal","show_share_counter":"1","show_view_counter":"1","show_featured":"1","show_post_meta":"1","show_post_author":"1","show_post_author_image":"1","show_post_date":"1","post_date_format":"default","post_date_format_custom":"Y\/m\/d","show_post_category":"1","show_post_reading_time":"0","post_reading_time_wpm":"300","post_calculate_word_method":"str_word_count","show_zoom_button":"0","zoom_button_out_step":"2","zoom_button_in_step":"3","show_post_tag":"1","show_prev_next_post":"1","show_popup_post":"1","number_popup_post":"1","show_author_box":"0","show_post_related":"0","show_inline_post_related":"0"}],"override_image_size":"0","image_override":[{"single_post_thumbnail_size":"crop-500","single_post_gallery_size":"crop-500"}],"trending_post":"0","trending_post_position":"meta","trending_post_label":"Trending","sponsored_post":"0","sponsored_post_label":"Sponsored by","sponsored_post_name":"","sponsored_post_url":"","sponsored_post_logo_enable":"0","sponsored_post_logo":"","sponsored_post_desc":"","disable_ad":"0"},"jnews_primary_category":{"id":"","hide":""},"footnotes":""},"categories":[61],"tags":[516,517],"class_list":["post-46823","post","type-post","status-publish","format-standard","has-post-thumbnail","hentry","category-empreendedorismo","tag-razao-social-mei","tag-razao-social-microempreendedor-individual"],"acf":[],"yoast_head":"<!-- This site is optimized with the Yoast SEO plugin v27.3 - https:\/\/yoast.com\/product\/yoast-seo-wordpress\/ -->\n<title>Raz\u00e3o Social MEI: o que \u00e9 e como alterar [Guia Atualizado]<\/title>\n<meta name=\"description\" content=\"Quem \u00e9 MEI tem uma raz\u00e3o social gerada automaticamente pela Receita Federal ao criar a empresa. Descubra como alter\u00e1-la!\" \/>\n<meta name=\"robots\" content=\"index, follow, max-snippet:-1, max-image-preview:large, max-video-preview:-1\" \/>\n<link rel=\"canonical\" href=\"https:\/\/melhorenvio.com.br\/blog\/empreendedorismo\/razao-social-mei\/\" \/>\n<meta property=\"og:locale\" content=\"pt_BR\" \/>\n<meta property=\"og:type\" content=\"article\" \/>\n<meta property=\"og:title\" content=\"Raz\u00e3o Social MEI: o que \u00e9 e como alterar [Guia Atualizado]\" \/>\n<meta property=\"og:description\" content=\"Quem \u00e9 MEI tem uma raz\u00e3o social gerada automaticamente pela Receita Federal ao criar a empresa. Descubra como alter\u00e1-la!\" \/>\n<meta property=\"og:url\" content=\"https:\/\/melhorenvio.com.br\/blog\/empreendedorismo\/razao-social-mei\/\" \/>\n<meta property=\"og:site_name\" content=\"Blog Melhor Envio\" \/>\n<meta property=\"article:publisher\" content=\"https:\/\/www.facebook.com\/MelhorEnvio\/\" \/>\n<meta property=\"article:published_time\" content=\"2023-06-29T16:50:02+00:00\" \/>\n<meta property=\"article:modified_time\" content=\"2025-09-04T16:31:02+00:00\" \/>\n<meta property=\"og:image\" content=\"https:\/\/melhorenvio.com.br\/blog\/wp-content\/uploads\/2023\/06\/razao-social-mei-blog-melhor-envio-imagem-destacada.webp\" \/>\n\t<meta property=\"og:image:width\" content=\"2500\" \/>\n\t<meta property=\"og:image:height\" content=\"941\" \/>\n\t<meta property=\"og:image:type\" content=\"image\/webp\" \/>\n<meta name=\"author\" content=\"Thiago Soares\" \/>\n<meta name=\"twitter:card\" content=\"summary_large_image\" \/>\n<meta name=\"twitter:creator\" content=\"@melhorenvio\" \/>\n<meta name=\"twitter:site\" content=\"@melhorenvio\" \/>\n<meta name=\"twitter:label1\" content=\"Escrito por\" \/>\n\t<meta name=\"twitter:data1\" content=\"Thiago Soares\" \/>\n\t<meta name=\"twitter:label2\" content=\"Est. tempo de leitura\" \/>\n\t<meta name=\"twitter:data2\" content=\"6 minutos\" \/>\n<script type=\"application\/ld+json\" class=\"yoast-schema-graph\">{\"@context\":\"https:\\\/\\\/schema.org\",\"@graph\":[{\"@type\":\"Article\",\"@id\":\"https:\\\/\\\/melhorenvio.com.br\\\/blog\\\/empreendedorismo\\\/razao-social-mei\\\/#article\",\"isPartOf\":{\"@id\":\"https:\\\/\\\/melhorenvio.com.br\\\/blog\\\/empreendedorismo\\\/razao-social-mei\\\/\"},\"author\":{\"name\":\"Thiago Soares\",\"@id\":\"https:\\\/\\\/blog.melhorenvio.com.br\\\/#\\\/schema\\\/person\\\/380cc4e5bc565c2d87f20a567a8ff587\"},\"headline\":\"Raz\u00e3o Social MEI: o que \u00e9 e como alterar para o novo formato\",\"datePublished\":\"2023-06-29T16:50:02+00:00\",\"dateModified\":\"2025-09-04T16:31:02+00:00\",\"mainEntityOfPage\":{\"@id\":\"https:\\\/\\\/melhorenvio.com.br\\\/blog\\\/empreendedorismo\\\/razao-social-mei\\\/\"},\"wordCount\":1092,\"publisher\":{\"@id\":\"https:\\\/\\\/blog.melhorenvio.com.br\\\/#organization\"},\"image\":{\"@id\":\"https:\\\/\\\/melhorenvio.com.br\\\/blog\\\/empreendedorismo\\\/razao-social-mei\\\/#primaryimage\"},\"thumbnailUrl\":\"https:\\\/\\\/melhorenvio.com.br\\\/blog\\\/wp-content\\\/uploads\\\/2023\\\/06\\\/razao-social-mei-blog-melhor-envio-imagem-destacada.webp\",\"keywords\":[\"raz\u00e3o social MEI\",\"raz\u00e3o social microempreendedor individual\"],\"articleSection\":[\"Empreendedorismo e Gest\u00e3o\"],\"inLanguage\":\"pt-BR\"},{\"@type\":\"WebPage\",\"@id\":\"https:\\\/\\\/melhorenvio.com.br\\\/blog\\\/empreendedorismo\\\/razao-social-mei\\\/\",\"url\":\"https:\\\/\\\/melhorenvio.com.br\\\/blog\\\/empreendedorismo\\\/razao-social-mei\\\/\",\"name\":\"Raz\u00e3o Social MEI: o que \u00e9 e como alterar [Guia Atualizado]\",\"isPartOf\":{\"@id\":\"https:\\\/\\\/blog.melhorenvio.com.br\\\/#website\"},\"primaryImageOfPage\":{\"@id\":\"https:\\\/\\\/melhorenvio.com.br\\\/blog\\\/empreendedorismo\\\/razao-social-mei\\\/#primaryimage\"},\"image\":{\"@id\":\"https:\\\/\\\/melhorenvio.com.br\\\/blog\\\/empreendedorismo\\\/razao-social-mei\\\/#primaryimage\"},\"thumbnailUrl\":\"https:\\\/\\\/melhorenvio.com.br\\\/blog\\\/wp-content\\\/uploads\\\/2023\\\/06\\\/razao-social-mei-blog-melhor-envio-imagem-destacada.webp\",\"datePublished\":\"2023-06-29T16:50:02+00:00\",\"dateModified\":\"2025-09-04T16:31:02+00:00\",\"description\":\"Quem \u00e9 MEI tem uma raz\u00e3o social gerada automaticamente pela Receita Federal ao criar a empresa. Descubra como alter\u00e1-la!\",\"inLanguage\":\"pt-BR\",\"potentialAction\":[{\"@type\":\"ReadAction\",\"target\":[\"https:\\\/\\\/melhorenvio.com.br\\\/blog\\\/empreendedorismo\\\/razao-social-mei\\\/\"]}]},{\"@type\":\"ImageObject\",\"inLanguage\":\"pt-BR\",\"@id\":\"https:\\\/\\\/melhorenvio.com.br\\\/blog\\\/empreendedorismo\\\/razao-social-mei\\\/#primaryimage\",\"url\":\"https:\\\/\\\/melhorenvio.com.br\\\/blog\\\/wp-content\\\/uploads\\\/2023\\\/06\\\/razao-social-mei-blog-melhor-envio-imagem-destacada.webp\",\"contentUrl\":\"https:\\\/\\\/melhorenvio.com.br\\\/blog\\\/wp-content\\\/uploads\\\/2023\\\/06\\\/razao-social-mei-blog-melhor-envio-imagem-destacada.webp\",\"width\":2500,\"height\":941},{\"@type\":\"WebSite\",\"@id\":\"https:\\\/\\\/blog.melhorenvio.com.br\\\/#website\",\"url\":\"https:\\\/\\\/blog.melhorenvio.com.br\\\/\",\"name\":\"Blog Melhor Envio\",\"description\":\"Aprenda a economizar na gest\u00e3o de fretes\",\"publisher\":{\"@id\":\"https:\\\/\\\/blog.melhorenvio.com.br\\\/#organization\"},\"alternateName\":\"Blog do Melhor Envio\",\"potentialAction\":[{\"@type\":\"SearchAction\",\"target\":{\"@type\":\"EntryPoint\",\"urlTemplate\":\"https:\\\/\\\/blog.melhorenvio.com.br\\\/?s={search_term_string}\"},\"query-input\":{\"@type\":\"PropertyValueSpecification\",\"valueRequired\":true,\"valueName\":\"search_term_string\"}}],\"inLanguage\":\"pt-BR\"},{\"@type\":\"Organization\",\"@id\":\"https:\\\/\\\/blog.melhorenvio.com.br\\\/#organization\",\"name\":\"Melhor Envio\",\"alternateName\":\"Melhor Envio\",\"url\":\"https:\\\/\\\/blog.melhorenvio.com.br\\\/\",\"logo\":{\"@type\":\"ImageObject\",\"inLanguage\":\"pt-BR\",\"@id\":\"https:\\\/\\\/blog.melhorenvio.com.br\\\/#\\\/schema\\\/logo\\\/image\\\/\",\"url\":\"https:\\\/\\\/melhorenvio.com.br\\\/blog\\\/wp-content\\\/uploads\\\/2022\\\/12\\\/blog-logo-melhor-envio.webp\",\"contentUrl\":\"https:\\\/\\\/melhorenvio.com.br\\\/blog\\\/wp-content\\\/uploads\\\/2022\\\/12\\\/blog-logo-melhor-envio.webp\",\"width\":188,\"height\":96,\"caption\":\"Melhor Envio\"},\"image\":{\"@id\":\"https:\\\/\\\/blog.melhorenvio.com.br\\\/#\\\/schema\\\/logo\\\/image\\\/\"},\"sameAs\":[\"https:\\\/\\\/www.facebook.com\\\/MelhorEnvio\\\/\",\"https:\\\/\\\/x.com\\\/melhorenvio\",\"https:\\\/\\\/www.instagram.com\\\/melhorenvio\",\"https:\\\/\\\/www.youtube.com\\\/melhorenviooficial\",\"https:\\\/\\\/br.linkedin.com\\\/company\\\/melhorenvio\"]},{\"@type\":\"Person\",\"@id\":\"https:\\\/\\\/blog.melhorenvio.com.br\\\/#\\\/schema\\\/person\\\/380cc4e5bc565c2d87f20a567a8ff587\",\"name\":\"Thiago Soares\",\"image\":{\"@type\":\"ImageObject\",\"inLanguage\":\"pt-BR\",\"@id\":\"https:\\\/\\\/secure.gravatar.com\\\/avatar\\\/37146dedea0642b5bd93475a3a6131ef2d4889187a2e0517464ed0f537281610?s=96&d=mm&r=g\",\"url\":\"https:\\\/\\\/secure.gravatar.com\\\/avatar\\\/37146dedea0642b5bd93475a3a6131ef2d4889187a2e0517464ed0f537281610?s=96&d=mm&r=g\",\"contentUrl\":\"https:\\\/\\\/secure.gravatar.com\\\/avatar\\\/37146dedea0642b5bd93475a3a6131ef2d4889187a2e0517464ed0f537281610?s=96&d=mm&r=g\",\"caption\":\"Thiago Soares\"},\"description\":\"Especialista em conte\u00fado para e-commerce formado em Letras pela UERJ e com MBA em Marketing pela USP\\\/Esalq. Conta com mais de 12 anos de experi\u00eancia em produ\u00e7\u00e3o de conte\u00fado para grandes marcas do mercado nacional como Buscap\u00e9, Tray, Zoom, Bagy e outras. Atualmente, tem como prop\u00f3sito ajudar lojistas, de todos os tamanhos, a vender mais pela internet. Para isso, atua na equipe de produ\u00e7\u00e3o de conte\u00fado do Melhor Envio, plataforma digital que est\u00e1 revolucionando a log\u00edstica para e-commerce.\",\"sameAs\":[\"https:\\\/\\\/br.linkedin.com\\\/in\\\/thiago-rocha-soares\"],\"url\":\"https:\\\/\\\/melhorenvio.com.br\\\/blog\\\/author\\\/thiago-soares\\\/\"}]}<\/script>\n<!-- \/ Yoast SEO plugin. -->","yoast_head_json":{"title":"Raz\u00e3o Social MEI: o que \u00e9 e como alterar [Guia Atualizado]","description":"Quem \u00e9 MEI tem uma raz\u00e3o social gerada automaticamente pela Receita Federal ao criar a empresa. Descubra como alter\u00e1-la!","robots":{"index":"index","follow":"follow","max-snippet":"max-snippet:-1","max-image-preview":"max-image-preview:large","max-video-preview":"max-video-preview:-1"},"canonical":"https:\/\/melhorenvio.com.br\/blog\/empreendedorismo\/razao-social-mei\/","og_locale":"pt_BR","og_type":"article","og_title":"Raz\u00e3o Social MEI: o que \u00e9 e como alterar [Guia Atualizado]","og_description":"Quem \u00e9 MEI tem uma raz\u00e3o social gerada automaticamente pela Receita Federal ao criar a empresa. Descubra como alter\u00e1-la!","og_url":"https:\/\/melhorenvio.com.br\/blog\/empreendedorismo\/razao-social-mei\/","og_site_name":"Blog Melhor Envio","article_publisher":"https:\/\/www.facebook.com\/MelhorEnvio\/","article_published_time":"2023-06-29T16:50:02+00:00","article_modified_time":"2025-09-04T16:31:02+00:00","og_image":[{"width":2500,"height":941,"url":"https:\/\/melhorenvio.com.br\/blog\/wp-content\/uploads\/2023\/06\/razao-social-mei-blog-melhor-envio-imagem-destacada.webp","type":"image\/webp"}],"author":"Thiago Soares","twitter_card":"summary_large_image","twitter_creator":"@melhorenvio","twitter_site":"@melhorenvio","twitter_misc":{"Escrito por":"Thiago Soares","Est. tempo de leitura":"6 minutos"},"schema":{"@context":"https:\/\/schema.org","@graph":[{"@type":"Article","@id":"https:\/\/melhorenvio.com.br\/blog\/empreendedorismo\/razao-social-mei\/#article","isPartOf":{"@id":"https:\/\/melhorenvio.com.br\/blog\/empreendedorismo\/razao-social-mei\/"},"author":{"name":"Thiago Soares","@id":"https:\/\/blog.melhorenvio.com.br\/#\/schema\/person\/380cc4e5bc565c2d87f20a567a8ff587"},"headline":"Raz\u00e3o Social MEI: o que \u00e9 e como alterar para o novo formato","datePublished":"2023-06-29T16:50:02+00:00","dateModified":"2025-09-04T16:31:02+00:00","mainEntityOfPage":{"@id":"https:\/\/melhorenvio.com.br\/blog\/empreendedorismo\/razao-social-mei\/"},"wordCount":1092,"publisher":{"@id":"https:\/\/blog.melhorenvio.com.br\/#organization"},"image":{"@id":"https:\/\/melhorenvio.com.br\/blog\/empreendedorismo\/razao-social-mei\/#primaryimage"},"thumbnailUrl":"https:\/\/melhorenvio.com.br\/blog\/wp-content\/uploads\/2023\/06\/razao-social-mei-blog-melhor-envio-imagem-destacada.webp","keywords":["raz\u00e3o social MEI","raz\u00e3o social microempreendedor individual"],"articleSection":["Empreendedorismo e Gest\u00e3o"],"inLanguage":"pt-BR"},{"@type":"WebPage","@id":"https:\/\/melhorenvio.com.br\/blog\/empreendedorismo\/razao-social-mei\/","url":"https:\/\/melhorenvio.com.br\/blog\/empreendedorismo\/razao-social-mei\/","name":"Raz\u00e3o Social MEI: o que \u00e9 e como alterar [Guia Atualizado]","isPartOf":{"@id":"https:\/\/blog.melhorenvio.com.br\/#website"},"primaryImageOfPage":{"@id":"https:\/\/melhorenvio.com.br\/blog\/empreendedorismo\/razao-social-mei\/#primaryimage"},"image":{"@id":"https:\/\/melhorenvio.com.br\/blog\/empreendedorismo\/razao-social-mei\/#primaryimage"},"thumbnailUrl":"https:\/\/melhorenvio.com.br\/blog\/wp-content\/uploads\/2023\/06\/razao-social-mei-blog-melhor-envio-imagem-destacada.webp","datePublished":"2023-06-29T16:50:02+00:00","dateModified":"2025-09-04T16:31:02+00:00","description":"Quem \u00e9 MEI tem uma raz\u00e3o social gerada automaticamente pela Receita Federal ao criar a empresa. Descubra como alter\u00e1-la!","inLanguage":"pt-BR","potentialAction":[{"@type":"ReadAction","target":["https:\/\/melhorenvio.com.br\/blog\/empreendedorismo\/razao-social-mei\/"]}]},{"@type":"ImageObject","inLanguage":"pt-BR","@id":"https:\/\/melhorenvio.com.br\/blog\/empreendedorismo\/razao-social-mei\/#primaryimage","url":"https:\/\/melhorenvio.com.br\/blog\/wp-content\/uploads\/2023\/06\/razao-social-mei-blog-melhor-envio-imagem-destacada.webp","contentUrl":"https:\/\/melhorenvio.com.br\/blog\/wp-content\/uploads\/2023\/06\/razao-social-mei-blog-melhor-envio-imagem-destacada.webp","width":2500,"height":941},{"@type":"WebSite","@id":"https:\/\/blog.melhorenvio.com.br\/#website","url":"https:\/\/blog.melhorenvio.com.br\/","name":"Blog Melhor Envio","description":"Aprenda a economizar na gest\u00e3o de fretes","publisher":{"@id":"https:\/\/blog.melhorenvio.com.br\/#organization"},"alternateName":"Blog do Melhor Envio","potentialAction":[{"@type":"SearchAction","target":{"@type":"EntryPoint","urlTemplate":"https:\/\/blog.melhorenvio.com.br\/?s={search_term_string}"},"query-input":{"@type":"PropertyValueSpecification","valueRequired":true,"valueName":"search_term_string"}}],"inLanguage":"pt-BR"},{"@type":"Organization","@id":"https:\/\/blog.melhorenvio.com.br\/#organization","name":"Melhor Envio","alternateName":"Melhor Envio","url":"https:\/\/blog.melhorenvio.com.br\/","logo":{"@type":"ImageObject","inLanguage":"pt-BR","@id":"https:\/\/blog.melhorenvio.com.br\/#\/schema\/logo\/image\/","url":"https:\/\/melhorenvio.com.br\/blog\/wp-content\/uploads\/2022\/12\/blog-logo-melhor-envio.webp","contentUrl":"https:\/\/melhorenvio.com.br\/blog\/wp-content\/uploads\/2022\/12\/blog-logo-melhor-envio.webp","width":188,"height":96,"caption":"Melhor Envio"},"image":{"@id":"https:\/\/blog.melhorenvio.com.br\/#\/schema\/logo\/image\/"},"sameAs":["https:\/\/www.facebook.com\/MelhorEnvio\/","https:\/\/x.com\/melhorenvio","https:\/\/www.instagram.com\/melhorenvio","https:\/\/www.youtube.com\/melhorenviooficial","https:\/\/br.linkedin.com\/company\/melhorenvio"]},{"@type":"Person","@id":"https:\/\/blog.melhorenvio.com.br\/#\/schema\/person\/380cc4e5bc565c2d87f20a567a8ff587","name":"Thiago Soares","image":{"@type":"ImageObject","inLanguage":"pt-BR","@id":"https:\/\/secure.gravatar.com\/avatar\/37146dedea0642b5bd93475a3a6131ef2d4889187a2e0517464ed0f537281610?s=96&d=mm&r=g","url":"https:\/\/secure.gravatar.com\/avatar\/37146dedea0642b5bd93475a3a6131ef2d4889187a2e0517464ed0f537281610?s=96&d=mm&r=g","contentUrl":"https:\/\/secure.gravatar.com\/avatar\/37146dedea0642b5bd93475a3a6131ef2d4889187a2e0517464ed0f537281610?s=96&d=mm&r=g","caption":"Thiago Soares"},"description":"Especialista em conte\u00fado para e-commerce formado em Letras pela UERJ e com MBA em Marketing pela USP\/Esalq. Conta com mais de 12 anos de experi\u00eancia em produ\u00e7\u00e3o de conte\u00fado para grandes marcas do mercado nacional como Buscap\u00e9, Tray, Zoom, Bagy e outras. Atualmente, tem como prop\u00f3sito ajudar lojistas, de todos os tamanhos, a vender mais pela internet. Para isso, atua na equipe de produ\u00e7\u00e3o de conte\u00fado do Melhor Envio, plataforma digital que est\u00e1 revolucionando a log\u00edstica para e-commerce.","sameAs":["https:\/\/br.linkedin.com\/in\/thiago-rocha-soares"],"url":"https:\/\/melhorenvio.com.br\/blog\/author\/thiago-soares\/"}]}},"_links":{"self":[{"href":"https:\/\/melhorenvio.com.br\/blog\/wp-json\/wp\/v2\/posts\/46823","targetHints":{"allow":["GET"]}}],"collection":[{"href":"https:\/\/melhorenvio.com.br\/blog\/wp-json\/wp\/v2\/posts"}],"about":[{"href":"https:\/\/melhorenvio.com.br\/blog\/wp-json\/wp\/v2\/types\/post"}],"author":[{"embeddable":true,"href":"https:\/\/melhorenvio.com.br\/blog\/wp-json\/wp\/v2\/users\/51"}],"replies":[{"embeddable":true,"href":"https:\/\/melhorenvio.com.br\/blog\/wp-json\/wp\/v2\/comments?post=46823"}],"version-history":[{"count":11,"href":"https:\/\/melhorenvio.com.br\/blog\/wp-json\/wp\/v2\/posts\/46823\/revisions"}],"predecessor-version":[{"id":56833,"href":"https:\/\/melhorenvio.com.br\/blog\/wp-json\/wp\/v2\/posts\/46823\/revisions\/56833"}],"wp:featuredmedia":[{"embeddable":true,"href":"https:\/\/melhorenvio.com.br\/blog\/wp-json\/wp\/v2\/media\/46829"}],"wp:attachment":[{"href":"https:\/\/melhorenvio.com.br\/blog\/wp-json\/wp\/v2\/media?parent=46823"}],"wp:term":[{"taxonomy":"category","embeddable":true,"href":"https:\/\/melhorenvio.com.br\/blog\/wp-json\/wp\/v2\/categories?post=46823"},{"taxonomy":"post_tag","embeddable":true,"href":"https:\/\/melhorenvio.com.br\/blog\/wp-json\/wp\/v2\/tags?post=46823"}],"curies":[{"name":"wp","href":"https:\/\/api.w.org\/{rel}","templated":true}]}}