{"id":46927,"date":"2023-07-13T13:18:28","date_gmt":"2023-07-13T16:18:28","guid":{"rendered":"https:\/\/blog.melhorenvio.com.br\/?p=46927"},"modified":"2024-10-15T12:28:53","modified_gmt":"2024-10-15T15:28:53","slug":"melhor-envio-no-forum-e-commerce-brasil-confira-tudo-o-que-vai-rolar-no-evento","status":"publish","type":"post","link":"https:\/\/melhorenvio.com.br\/blog\/ecommerce-e-marketplace\/melhor-envio-no-forum-e-commerce-brasil-confira-tudo-o-que-vai-rolar-no-evento\/","title":{"rendered":"Melhor Envio no F\u00f3rum E-commerce Brasil: confira tudo o que vai rolar no evento"},"content":{"rendered":"\n<p><strong>O F\u00f3rum E-commerce Brasil 2023 \u00e9 o maior evento de e-commerce da Am\u00e9rica Latina<\/strong> e o mais aguardado por lojistas de todo o Brasil.<\/p>\n\n\n\n<p>Aqui voc\u00ea vai encontrar informa\u00e7\u00f5es sobre o F\u00f3rum E-commerce Brasil 2023 e no final do artigo uma <strong>dica de como participar do evento sem pagar nada<\/strong>. Boa leitura!<\/p>\n\n\n\n<h2 class=\"wp-block-heading\">O que \u00e9 o F\u00f3rum E-commerce Brasil?<\/h2>\n\n\n\n<p>O F\u00f3rum E-commerce Brasil \u00e9 o maior evento de e-commerce da Am\u00e9rica Latina, al\u00e9m de ser refer\u00eancia em inova\u00e7\u00e3o e tecnologia, segundo a empresa norte-americana Forrester Research.<br><br>Organizado pelo <a href=\"https:\/\/www.ecommercebrasil.com.br\/\" target=\"_blank\" rel=\"noreferrer noopener\">E-commerce Brasil<\/a>, o evento re\u00fane grandes profissionais do e-commerce e a presen\u00e7a das empresas mais importantes do Brasil. <\/p>\n\n\n\n<p>Aqui, a palavra-chave \u00e9 conex\u00e3o. O F\u00f3rum E-commerce Brasil \u00e9 um espa\u00e7o para se conectar com profissionais do setor, criar parcerias estrat\u00e9gicas e participar de debates que impulsionam o futuro do com\u00e9rcio eletr\u00f4nico no pa\u00eds.&nbsp;<\/p>\n\n\n\n<h3 class=\"wp-block-heading\">Quando vai ser o F\u00f3rum E-commerce Brasil?<\/h3>\n\n\n\n<p>O F\u00f3rum E-commerce Brasil 2023 acontece nos dias 25, 26 e 27 de julho no Transamerica Expo Center, em S\u00e3o Paulo.<\/p>\n\n\n\n<h2 class=\"wp-block-heading\">F\u00f3rum E-commerce Brasil 2022: o que aconteceu na 13\u00ba edi\u00e7\u00e3o do evento<\/h2>\n\n\n\n<p><strong>Tecnologia, tend\u00eancias de consumo e inova\u00e7\u00e3o. Esses foram os t\u00f3picos da 13\u00ba edi\u00e7\u00e3o do F\u00f3rum E-commerce Brasil 2022.<\/strong><strong><br><\/strong><br>Durante os dias 26 e 27 de julho do ano passado, mais de 200 empresas expositoras e 18 mil pessoas compareceram ao evento para fazer acontecer e ficar por dentro das novidades do mercado.<\/p>\n\n\n\n<p>Como n\u00e3o poderia deixar de ser, o <strong>F\u00f3rum E-commerce Brasil 2022 foi marcado por temas que abordam os impactos da tecnologia no com\u00e9rcio eletr\u00f4nico<\/strong>, como a digitaliza\u00e7\u00e3o do varejo, a transforma\u00e7\u00e3o digital e os h\u00e1bitos de consumo da gera\u00e7\u00e3o Z.<\/p>\n\n\n\n<p>Quem teve a oportunidade de passar pelo estande do Melhor Envio pode conhecer como<strong> ajudamos milhares de lojistas a simplificarem o frete<\/strong> e evoluir sua opera\u00e7\u00e3o.<\/p>\n\n\n<div class=\"wp-block-image\">\n<figure class=\"aligncenter size-large is-resized\"><img decoding=\"async\" src=\"https:\/\/lp.melhorenvio.com.br\/wp-content\/uploads\/2023\/07\/ftf.png\" alt=\"Equipe do Melhor Envio no F\u00f3rum E-commerce Brasil 2022\" style=\"width:684px;height:628px\"\/><figcaption class=\"wp-element-caption\">Equipe do Melhor Envio no F\u00f3rum E-commerce Brasil 2022<\/figcaption><\/figure>\n<\/div>\n\n\n<p>Vamos para a <strong>14\u00aa edi\u00e7\u00e3o do F\u00f3rum E-commerce Brasil 2023<\/strong> com f\u00f4lego renovado e uma equipe preparad\u00edssima para mostrar o melhor que a log\u00edstica pode oferecer.<\/p>\n\n\n\n<h2 class=\"wp-block-heading\">O que esperar do F\u00f3rum E-commerce Brasil 2023?<\/h2>\n\n\n\n<p>Em 2023, o F\u00f3rum E-commerce Brasil promete grandes novidades.<strong> Uma delas \u00e9 a dura\u00e7\u00e3o do evento, que agora \u00e9 de tr\u00eas dias, proporcionando ainda mais experi\u00eancia e aprendizados para quem participa.<\/strong><\/p>\n\n\n\n<p>Com 25 \u00e1reas de conte\u00fado, o evento vai oferecer mais de 250 horas de experi\u00eancia e contar\u00e1 com a participa\u00e7\u00e3o de cerca de 300 palestrantes nos 3 dias de programa\u00e7\u00e3o.&nbsp;<\/p>\n\n\n<div class=\"wp-block-image\">\n<figure class=\"aligncenter size-large is-resized\"><img decoding=\"async\" width=\"1024\" height=\"442\" src=\"https:\/\/blog.melhorenvio.com.br\/wp-content\/uploads\/2023\/07\/Forum-23-1024x442.png\" alt=\"Palestrantes do F\u00f3rum E-commerce Brasil 2023\n\" class=\"wp-image-46992\" style=\"width:832px;height:358px\" srcset=\"https:\/\/melhorenvio.com.br\/blog\/wp-content\/uploads\/2023\/07\/Forum-23-1024x442.png 1024w, https:\/\/melhorenvio.com.br\/blog\/wp-content\/uploads\/2023\/07\/Forum-23-300x129.png 300w, https:\/\/melhorenvio.com.br\/blog\/wp-content\/uploads\/2023\/07\/Forum-23-768x331.png 768w, https:\/\/melhorenvio.com.br\/blog\/wp-content\/uploads\/2023\/07\/Forum-23-150x65.png 150w, https:\/\/melhorenvio.com.br\/blog\/wp-content\/uploads\/2023\/07\/Forum-23-750x324.png 750w, https:\/\/melhorenvio.com.br\/blog\/wp-content\/uploads\/2023\/07\/Forum-23-1140x492.png 1140w, https:\/\/melhorenvio.com.br\/blog\/wp-content\/uploads\/2023\/07\/Forum-23.png 1393w\" sizes=\"(max-width: 1024px) 100vw, 1024px\" \/><figcaption class=\"wp-element-caption\">Palestrantes do F\u00f3rum E-commerce Brasil 2023<br><\/figcaption><\/figure>\n<\/div>\n\n\n<h3 class=\"wp-block-heading\">Principais assuntos do F\u00f3rum E-commerce Brasil 2023<\/h3>\n\n\n\n<p>As palestras e experi\u00eancias do evento est\u00e3o divididas em temas essenciais para te ajudar a evoluir e impulsionar as vendas do seu e-commerce. Confira algumas:<\/p>\n\n\n\n<ul class=\"wp-block-list\">\n<li>Jornada do cliente e Experi\u00eancia do Usu\u00e1rio<\/li>\n\n\n\n<li>A Intelig\u00eancia Artificial por tr\u00e1s de um UX financeiramente eficiente<\/li>\n\n\n\n<li>Intelig\u00eancia Artificial no e-commerce<\/li>\n\n\n\n<li>Como a Intelig\u00eancia Artificial vai mudar o SEO para e-commerce<\/li>\n<\/ul>\n\n\n\n<p>Al\u00e9m disso, a organiza\u00e7\u00e3o do F\u00f3rum \u201823 espera reunir mais de 21.500 profissionais do setor e movimentar 1,2 bilh\u00e3o de reais em neg\u00f3cios.<\/p>\n\n\n\n<h2 class=\"wp-block-heading\">F\u00f3rum E-commerce Brasil como palco de oportunidades para sua empresa<\/h2>\n\n\n\n<p>O F\u00f3rum E-commerce Brasil dissemina novidades e iniciativas. E <strong>quem vende pela internet n\u00e3o pode ficar de fora do evento <\/strong>que traz discuss\u00f5es, troca de experi\u00eancias e novidades sobre o mercado das vendas no pa\u00eds.<br><br>E n\u00e3o \u00e9 \u00e0 toa que o <strong>Melhor Envio tem presen\u00e7a confirmada no F\u00f3rum E-commerce Brasil 2023<\/strong>, al\u00e9m de ter grandes nomes o representando, como Pedro Baron, CEO do Melhor Envio e Andr\u00e9 Nascimento, Diretor de Log\u00edstica do Melhor Envio.<br><br>Al\u00e9m disso, entre especialistas do segmento, tamb\u00e9m h\u00e1 nomes de destaque, como Helena Trajano, presidente do conselho Magazine Luiza, e Jo\u00e3o Branco, profissional de marketing e ex-CMO do McDonald&#8217;s.<\/p>\n\n\n\n<h2 class=\"wp-block-heading\">Melhor Envio no F\u00f3rum E-commerce Brasil 2023<\/h2>\n\n\n\n<p>Com tantas experi\u00eancias e oportunidades de crescimento, o Melhor Envio se une a mais de 200 empresas expositoras no F\u00f3rum E-commerce Brasil 2023 para conectar lojistas \u00e0s melhores solu\u00e7\u00f5es log\u00edsticas.<\/p>\n\n\n\n<p>Mas n\u00e3o \u00e9 s\u00f3 isso, a melhor parte a gente deixou para o final.<\/p>\n\n\n\n<p><strong>O Melhor Envio acredita que a melhor maneira de impulsionar o com\u00e9rcio \u00e9 atrav\u00e9s do conhecimento.&nbsp;<\/strong><\/p>\n\n\n\n<p>Por isso, esse ano queremos levar voc\u00ea para viver uma imers\u00e3o no evento e acompanhar de gra\u00e7a o F\u00f3rum 2023.<\/p>\n\n\n\n<p>Quer saber como? Continue a leitura!<\/p>\n\n\n\n<h2 class=\"wp-block-heading\">Participe do F\u00f3rum E-commerce Brasil 2023 sem pagar nada<\/h2>\n\n\n\n<p>Se voc\u00ea vende pela internet ou \u00e9 entusiasta do mundo digital, esse ano vai receber dicas que v\u00e3o abrir portas para o sucesso do seu neg\u00f3cio online. E o melhor disso \u00e9 que n\u00e3o vai pagar nada!<\/p>\n\n\n\n<p>Durante os 3 dias de F\u00f3rum E-commerce Brasil, vamos mergulhar nas tecnologias em alta no mercado e mostrar o que ningu\u00e9m mostra em um evento desse porte.<br><br>Esse ser\u00e1 o pr\u00f3ximo grande salto no seu e-commerce!<\/p>\n\n\n\n<p>Se voc\u00ea quer ficar por dentro das principais tend\u00eancias e novidades precisa acompanhar o F\u00f3rum E-commerce Brasil pelas lentes do Melhor Envio.<\/p>\n\n\n\n<p>Aproveite a oportunidade de impulsionar a sua loja virtual sem gastar nada. Reserve seu lugar e deixe a gente te ajudar a descomplicar o frete do seu e-commerce.<\/p>\n\n\n\n<div class=\"wp-block-buttons alignwide is-content-justification-center is-layout-flex wp-container-core-buttons-is-layout-062f0008 wp-block-buttons-is-layout-flex\"><\/div>\n\n\n\n<div class=\"wp-block-buttons is-layout-flex wp-block-buttons-is-layout-flex\"><\/div>\n","protected":false},"excerpt":{"rendered":"<p>Veja como participar do F\u00f3rum E-commerce Brasil sem pagar nada!<\/p>\n","protected":false},"author":55,"featured_media":46930,"comment_status":"closed","ping_status":"open","sticky":false,"template":"","format":"standard","meta":{"_acf_changed":false,"jnews-multi-image_gallery":[],"jnews_single_post":{"subtitle":"","format":"standard","video":"","gallery":"","source_name":"","source_url":"","via_name":"","via_url":"","override_template":"0","override":[{"template":"4","single_blog_custom":"","parallax":"1","fullscreen":"0","layout":"right-sidebar","sidebar":"home","second_sidebar":"default-sidebar","sticky_sidebar":"1","share_position":"float","share_float_style":"share-normal","show_share_counter":"1","show_view_counter":"1","show_featured":"1","show_post_meta":"1","show_post_author":"1","show_post_author_image":"1","show_post_date":"1","post_date_format":"default","post_date_format_custom":"Y\/m\/d","show_post_category":"1","show_post_reading_time":"0","post_reading_time_wpm":"300","show_zoom_button":"0","zoom_button_out_step":"2","zoom_button_in_step":"3","show_post_tag":"1","show_prev_next_post":"1","show_popup_post":"1","number_popup_post":"1","show_author_box":"0","show_post_related":"0","show_inline_post_related":"0"}],"override_image_size":"0","image_override":[{"single_post_thumbnail_size":"crop-500","single_post_gallery_size":"crop-500"}],"trending_post":"0","trending_post_position":"meta","trending_post_label":"Trending","sponsored_post":"0","sponsored_post_label":"Sponsored by","sponsored_post_name":"","sponsored_post_url":"","sponsored_post_logo_enable":"0","sponsored_post_logo":"","sponsored_post_desc":"","disable_ad":"0"},"jnews_primary_category":{"id":"","hide":""},"footnotes":""},"categories":[60],"tags":[498],"class_list":["post-46927","post","type-post","status-publish","format-standard","has-post-thumbnail","hentry","category-ecommerce-e-marketplace","tag-tendencias-de-e-commerce"],"acf":[],"yoast_head":"<!-- This site is optimized with the Yoast SEO plugin v27.3 - https:\/\/yoast.com\/product\/yoast-seo-wordpress\/ -->\n<title>F\u00f3rum E-commerce Brasil: Melhor Envio participa da 14\u00aa edi\u00e7\u00e3o<\/title>\n<meta name=\"description\" content=\"Melhor Envio no F\u00f3rum E-commerce Brasil 2023: confira as novidades do maior evento de e-commerce da Am\u00e9rica Latina.\" \/>\n<meta name=\"robots\" content=\"index, follow, max-snippet:-1, max-image-preview:large, max-video-preview:-1\" \/>\n<link rel=\"canonical\" href=\"https:\/\/melhorenvio.com.br\/blog\/ecommerce-e-marketplace\/melhor-envio-no-forum-e-commerce-brasil-confira-tudo-o-que-vai-rolar-no-evento\/\" \/>\n<meta property=\"og:locale\" content=\"pt_BR\" \/>\n<meta property=\"og:type\" content=\"article\" \/>\n<meta property=\"og:title\" content=\"F\u00f3rum E-commerce Brasil: Melhor Envio participa da 14\u00aa edi\u00e7\u00e3o\" \/>\n<meta property=\"og:description\" content=\"Melhor Envio no F\u00f3rum E-commerce Brasil 2023: confira as novidades do maior evento de e-commerce da Am\u00e9rica Latina.\" \/>\n<meta property=\"og:url\" content=\"https:\/\/melhorenvio.com.br\/blog\/ecommerce-e-marketplace\/melhor-envio-no-forum-e-commerce-brasil-confira-tudo-o-que-vai-rolar-no-evento\/\" \/>\n<meta property=\"og:site_name\" content=\"Blog Melhor Envio\" \/>\n<meta property=\"article:publisher\" content=\"https:\/\/www.facebook.com\/MelhorEnvio\/\" \/>\n<meta property=\"article:published_time\" content=\"2023-07-13T16:18:28+00:00\" \/>\n<meta property=\"article:modified_time\" content=\"2024-10-15T15:28:53+00:00\" \/>\n<meta property=\"og:image\" content=\"https:\/\/melhorenvio.com.br\/blog\/wp-content\/uploads\/2023\/07\/Forum-E-commerce-Brasil.jpg\" \/>\n\t<meta property=\"og:image:width\" content=\"2500\" \/>\n\t<meta property=\"og:image:height\" content=\"941\" \/>\n\t<meta property=\"og:image:type\" content=\"image\/jpeg\" \/>\n<meta name=\"author\" content=\"Camila Melo\" \/>\n<meta name=\"twitter:card\" content=\"summary_large_image\" \/>\n<meta name=\"twitter:creator\" content=\"@melhorenvio\" \/>\n<meta name=\"twitter:site\" content=\"@melhorenvio\" \/>\n<meta name=\"twitter:label1\" content=\"Escrito por\" \/>\n\t<meta name=\"twitter:data1\" content=\"Camila Melo\" \/>\n\t<meta name=\"twitter:label2\" content=\"Est. tempo de leitura\" \/>\n\t<meta name=\"twitter:data2\" content=\"6 minutos\" \/>\n<script type=\"application\/ld+json\" class=\"yoast-schema-graph\">{\"@context\":\"https:\\\/\\\/schema.org\",\"@graph\":[{\"@type\":\"Article\",\"@id\":\"https:\\\/\\\/melhorenvio.com.br\\\/blog\\\/ecommerce-e-marketplace\\\/melhor-envio-no-forum-e-commerce-brasil-confira-tudo-o-que-vai-rolar-no-evento\\\/#article\",\"isPartOf\":{\"@id\":\"https:\\\/\\\/melhorenvio.com.br\\\/blog\\\/ecommerce-e-marketplace\\\/melhor-envio-no-forum-e-commerce-brasil-confira-tudo-o-que-vai-rolar-no-evento\\\/\"},\"author\":{\"name\":\"Camila Melo\",\"@id\":\"https:\\\/\\\/blog.melhorenvio.com.br\\\/#\\\/schema\\\/person\\\/cdf418efe1d249fed3a507502c71a9fd\"},\"headline\":\"Melhor Envio no F\u00f3rum E-commerce Brasil: confira tudo o que vai rolar no evento\",\"datePublished\":\"2023-07-13T16:18:28+00:00\",\"dateModified\":\"2024-10-15T15:28:53+00:00\",\"mainEntityOfPage\":{\"@id\":\"https:\\\/\\\/melhorenvio.com.br\\\/blog\\\/ecommerce-e-marketplace\\\/melhor-envio-no-forum-e-commerce-brasil-confira-tudo-o-que-vai-rolar-no-evento\\\/\"},\"wordCount\":906,\"publisher\":{\"@id\":\"https:\\\/\\\/blog.melhorenvio.com.br\\\/#organization\"},\"image\":{\"@id\":\"https:\\\/\\\/melhorenvio.com.br\\\/blog\\\/ecommerce-e-marketplace\\\/melhor-envio-no-forum-e-commerce-brasil-confira-tudo-o-que-vai-rolar-no-evento\\\/#primaryimage\"},\"thumbnailUrl\":\"https:\\\/\\\/melhorenvio.com.br\\\/blog\\\/wp-content\\\/uploads\\\/2023\\\/07\\\/Forum-E-commerce-Brasil.jpg\",\"keywords\":[\"Tend\u00eancias de e-commerce\"],\"articleSection\":[\"E-commerce e Marketplace\"],\"inLanguage\":\"pt-BR\"},{\"@type\":\"WebPage\",\"@id\":\"https:\\\/\\\/melhorenvio.com.br\\\/blog\\\/ecommerce-e-marketplace\\\/melhor-envio-no-forum-e-commerce-brasil-confira-tudo-o-que-vai-rolar-no-evento\\\/\",\"url\":\"https:\\\/\\\/melhorenvio.com.br\\\/blog\\\/ecommerce-e-marketplace\\\/melhor-envio-no-forum-e-commerce-brasil-confira-tudo-o-que-vai-rolar-no-evento\\\/\",\"name\":\"F\u00f3rum E-commerce Brasil: Melhor Envio participa da 14\u00aa edi\u00e7\u00e3o\",\"isPartOf\":{\"@id\":\"https:\\\/\\\/blog.melhorenvio.com.br\\\/#website\"},\"primaryImageOfPage\":{\"@id\":\"https:\\\/\\\/melhorenvio.com.br\\\/blog\\\/ecommerce-e-marketplace\\\/melhor-envio-no-forum-e-commerce-brasil-confira-tudo-o-que-vai-rolar-no-evento\\\/#primaryimage\"},\"image\":{\"@id\":\"https:\\\/\\\/melhorenvio.com.br\\\/blog\\\/ecommerce-e-marketplace\\\/melhor-envio-no-forum-e-commerce-brasil-confira-tudo-o-que-vai-rolar-no-evento\\\/#primaryimage\"},\"thumbnailUrl\":\"https:\\\/\\\/melhorenvio.com.br\\\/blog\\\/wp-content\\\/uploads\\\/2023\\\/07\\\/Forum-E-commerce-Brasil.jpg\",\"datePublished\":\"2023-07-13T16:18:28+00:00\",\"dateModified\":\"2024-10-15T15:28:53+00:00\",\"description\":\"Melhor Envio no F\u00f3rum E-commerce Brasil 2023: confira as novidades do maior evento de e-commerce da Am\u00e9rica Latina.\",\"inLanguage\":\"pt-BR\",\"potentialAction\":[{\"@type\":\"ReadAction\",\"target\":[\"https:\\\/\\\/melhorenvio.com.br\\\/blog\\\/ecommerce-e-marketplace\\\/melhor-envio-no-forum-e-commerce-brasil-confira-tudo-o-que-vai-rolar-no-evento\\\/\"]}]},{\"@type\":\"ImageObject\",\"inLanguage\":\"pt-BR\",\"@id\":\"https:\\\/\\\/melhorenvio.com.br\\\/blog\\\/ecommerce-e-marketplace\\\/melhor-envio-no-forum-e-commerce-brasil-confira-tudo-o-que-vai-rolar-no-evento\\\/#primaryimage\",\"url\":\"https:\\\/\\\/melhorenvio.com.br\\\/blog\\\/wp-content\\\/uploads\\\/2023\\\/07\\\/Forum-E-commerce-Brasil.jpg\",\"contentUrl\":\"https:\\\/\\\/melhorenvio.com.br\\\/blog\\\/wp-content\\\/uploads\\\/2023\\\/07\\\/Forum-E-commerce-Brasil.jpg\",\"width\":2500,\"height\":941,\"caption\":\"Forum E-commerce Brasil\"},{\"@type\":\"WebSite\",\"@id\":\"https:\\\/\\\/blog.melhorenvio.com.br\\\/#website\",\"url\":\"https:\\\/\\\/blog.melhorenvio.com.br\\\/\",\"name\":\"Blog Melhor Envio\",\"description\":\"Aprenda a economizar na gest\u00e3o de fretes\",\"publisher\":{\"@id\":\"https:\\\/\\\/blog.melhorenvio.com.br\\\/#organization\"},\"alternateName\":\"Blog do Melhor Envio\",\"potentialAction\":[{\"@type\":\"SearchAction\",\"target\":{\"@type\":\"EntryPoint\",\"urlTemplate\":\"https:\\\/\\\/blog.melhorenvio.com.br\\\/?s={search_term_string}\"},\"query-input\":{\"@type\":\"PropertyValueSpecification\",\"valueRequired\":true,\"valueName\":\"search_term_string\"}}],\"inLanguage\":\"pt-BR\"},{\"@type\":\"Organization\",\"@id\":\"https:\\\/\\\/blog.melhorenvio.com.br\\\/#organization\",\"name\":\"Melhor Envio\",\"alternateName\":\"Melhor Envio\",\"url\":\"https:\\\/\\\/blog.melhorenvio.com.br\\\/\",\"logo\":{\"@type\":\"ImageObject\",\"inLanguage\":\"pt-BR\",\"@id\":\"https:\\\/\\\/blog.melhorenvio.com.br\\\/#\\\/schema\\\/logo\\\/image\\\/\",\"url\":\"https:\\\/\\\/melhorenvio.com.br\\\/blog\\\/wp-content\\\/uploads\\\/2022\\\/12\\\/blog-logo-melhor-envio.webp\",\"contentUrl\":\"https:\\\/\\\/melhorenvio.com.br\\\/blog\\\/wp-content\\\/uploads\\\/2022\\\/12\\\/blog-logo-melhor-envio.webp\",\"width\":188,\"height\":96,\"caption\":\"Melhor Envio\"},\"image\":{\"@id\":\"https:\\\/\\\/blog.melhorenvio.com.br\\\/#\\\/schema\\\/logo\\\/image\\\/\"},\"sameAs\":[\"https:\\\/\\\/www.facebook.com\\\/MelhorEnvio\\\/\",\"https:\\\/\\\/x.com\\\/melhorenvio\",\"https:\\\/\\\/www.instagram.com\\\/melhorenvio\",\"https:\\\/\\\/www.youtube.com\\\/melhorenviooficial\",\"https:\\\/\\\/br.linkedin.com\\\/company\\\/melhorenvio\"]},{\"@type\":\"Person\",\"@id\":\"https:\\\/\\\/blog.melhorenvio.com.br\\\/#\\\/schema\\\/person\\\/cdf418efe1d249fed3a507502c71a9fd\",\"name\":\"Camila Melo\",\"image\":{\"@type\":\"ImageObject\",\"inLanguage\":\"pt-BR\",\"@id\":\"https:\\\/\\\/secure.gravatar.com\\\/avatar\\\/5a891e76424bdb39e91b6d09ecb72a1eff98fbc5a47f87f873569b2fa35b3725?s=96&d=mm&r=g\",\"url\":\"https:\\\/\\\/secure.gravatar.com\\\/avatar\\\/5a891e76424bdb39e91b6d09ecb72a1eff98fbc5a47f87f873569b2fa35b3725?s=96&d=mm&r=g\",\"contentUrl\":\"https:\\\/\\\/secure.gravatar.com\\\/avatar\\\/5a891e76424bdb39e91b6d09ecb72a1eff98fbc5a47f87f873569b2fa35b3725?s=96&d=mm&r=g\",\"caption\":\"Camila Melo\"},\"description\":\"Redatora SEO e estrategista de conte\u00fado que adora descobrir novidades sobre marketing. Amante dos livros, doramas e tecnologia. Vamos bater um papo? Mande um e-mail para mim: cami.melo@melhorenvio.com\",\"sameAs\":[\"https:\\\/\\\/www.linkedin.com\\\/in\\\/camimelos\\\/\"],\"url\":\"https:\\\/\\\/melhorenvio.com.br\\\/blog\\\/author\\\/camilamelo\\\/\"}]}<\/script>\n<!-- \/ Yoast SEO plugin. -->","yoast_head_json":{"title":"F\u00f3rum E-commerce Brasil: Melhor Envio participa da 14\u00aa edi\u00e7\u00e3o","description":"Melhor Envio no F\u00f3rum E-commerce Brasil 2023: confira as novidades do maior evento de e-commerce da Am\u00e9rica Latina.","robots":{"index":"index","follow":"follow","max-snippet":"max-snippet:-1","max-image-preview":"max-image-preview:large","max-video-preview":"max-video-preview:-1"},"canonical":"https:\/\/melhorenvio.com.br\/blog\/ecommerce-e-marketplace\/melhor-envio-no-forum-e-commerce-brasil-confira-tudo-o-que-vai-rolar-no-evento\/","og_locale":"pt_BR","og_type":"article","og_title":"F\u00f3rum E-commerce Brasil: Melhor Envio participa da 14\u00aa edi\u00e7\u00e3o","og_description":"Melhor Envio no F\u00f3rum E-commerce Brasil 2023: confira as novidades do maior evento de e-commerce da Am\u00e9rica Latina.","og_url":"https:\/\/melhorenvio.com.br\/blog\/ecommerce-e-marketplace\/melhor-envio-no-forum-e-commerce-brasil-confira-tudo-o-que-vai-rolar-no-evento\/","og_site_name":"Blog Melhor Envio","article_publisher":"https:\/\/www.facebook.com\/MelhorEnvio\/","article_published_time":"2023-07-13T16:18:28+00:00","article_modified_time":"2024-10-15T15:28:53+00:00","og_image":[{"width":2500,"height":941,"url":"https:\/\/melhorenvio.com.br\/blog\/wp-content\/uploads\/2023\/07\/Forum-E-commerce-Brasil.jpg","type":"image\/jpeg"}],"author":"Camila Melo","twitter_card":"summary_large_image","twitter_creator":"@melhorenvio","twitter_site":"@melhorenvio","twitter_misc":{"Escrito por":"Camila Melo","Est. tempo de leitura":"6 minutos"},"schema":{"@context":"https:\/\/schema.org","@graph":[{"@type":"Article","@id":"https:\/\/melhorenvio.com.br\/blog\/ecommerce-e-marketplace\/melhor-envio-no-forum-e-commerce-brasil-confira-tudo-o-que-vai-rolar-no-evento\/#article","isPartOf":{"@id":"https:\/\/melhorenvio.com.br\/blog\/ecommerce-e-marketplace\/melhor-envio-no-forum-e-commerce-brasil-confira-tudo-o-que-vai-rolar-no-evento\/"},"author":{"name":"Camila Melo","@id":"https:\/\/blog.melhorenvio.com.br\/#\/schema\/person\/cdf418efe1d249fed3a507502c71a9fd"},"headline":"Melhor Envio no F\u00f3rum E-commerce Brasil: confira tudo o que vai rolar no evento","datePublished":"2023-07-13T16:18:28+00:00","dateModified":"2024-10-15T15:28:53+00:00","mainEntityOfPage":{"@id":"https:\/\/melhorenvio.com.br\/blog\/ecommerce-e-marketplace\/melhor-envio-no-forum-e-commerce-brasil-confira-tudo-o-que-vai-rolar-no-evento\/"},"wordCount":906,"publisher":{"@id":"https:\/\/blog.melhorenvio.com.br\/#organization"},"image":{"@id":"https:\/\/melhorenvio.com.br\/blog\/ecommerce-e-marketplace\/melhor-envio-no-forum-e-commerce-brasil-confira-tudo-o-que-vai-rolar-no-evento\/#primaryimage"},"thumbnailUrl":"https:\/\/melhorenvio.com.br\/blog\/wp-content\/uploads\/2023\/07\/Forum-E-commerce-Brasil.jpg","keywords":["Tend\u00eancias de e-commerce"],"articleSection":["E-commerce e Marketplace"],"inLanguage":"pt-BR"},{"@type":"WebPage","@id":"https:\/\/melhorenvio.com.br\/blog\/ecommerce-e-marketplace\/melhor-envio-no-forum-e-commerce-brasil-confira-tudo-o-que-vai-rolar-no-evento\/","url":"https:\/\/melhorenvio.com.br\/blog\/ecommerce-e-marketplace\/melhor-envio-no-forum-e-commerce-brasil-confira-tudo-o-que-vai-rolar-no-evento\/","name":"F\u00f3rum E-commerce Brasil: Melhor Envio participa da 14\u00aa edi\u00e7\u00e3o","isPartOf":{"@id":"https:\/\/blog.melhorenvio.com.br\/#website"},"primaryImageOfPage":{"@id":"https:\/\/melhorenvio.com.br\/blog\/ecommerce-e-marketplace\/melhor-envio-no-forum-e-commerce-brasil-confira-tudo-o-que-vai-rolar-no-evento\/#primaryimage"},"image":{"@id":"https:\/\/melhorenvio.com.br\/blog\/ecommerce-e-marketplace\/melhor-envio-no-forum-e-commerce-brasil-confira-tudo-o-que-vai-rolar-no-evento\/#primaryimage"},"thumbnailUrl":"https:\/\/melhorenvio.com.br\/blog\/wp-content\/uploads\/2023\/07\/Forum-E-commerce-Brasil.jpg","datePublished":"2023-07-13T16:18:28+00:00","dateModified":"2024-10-15T15:28:53+00:00","description":"Melhor Envio no F\u00f3rum E-commerce Brasil 2023: confira as novidades do maior evento de e-commerce da Am\u00e9rica Latina.","inLanguage":"pt-BR","potentialAction":[{"@type":"ReadAction","target":["https:\/\/melhorenvio.com.br\/blog\/ecommerce-e-marketplace\/melhor-envio-no-forum-e-commerce-brasil-confira-tudo-o-que-vai-rolar-no-evento\/"]}]},{"@type":"ImageObject","inLanguage":"pt-BR","@id":"https:\/\/melhorenvio.com.br\/blog\/ecommerce-e-marketplace\/melhor-envio-no-forum-e-commerce-brasil-confira-tudo-o-que-vai-rolar-no-evento\/#primaryimage","url":"https:\/\/melhorenvio.com.br\/blog\/wp-content\/uploads\/2023\/07\/Forum-E-commerce-Brasil.jpg","contentUrl":"https:\/\/melhorenvio.com.br\/blog\/wp-content\/uploads\/2023\/07\/Forum-E-commerce-Brasil.jpg","width":2500,"height":941,"caption":"Forum E-commerce Brasil"},{"@type":"WebSite","@id":"https:\/\/blog.melhorenvio.com.br\/#website","url":"https:\/\/blog.melhorenvio.com.br\/","name":"Blog Melhor Envio","description":"Aprenda a economizar na gest\u00e3o de fretes","publisher":{"@id":"https:\/\/blog.melhorenvio.com.br\/#organization"},"alternateName":"Blog do Melhor Envio","potentialAction":[{"@type":"SearchAction","target":{"@type":"EntryPoint","urlTemplate":"https:\/\/blog.melhorenvio.com.br\/?s={search_term_string}"},"query-input":{"@type":"PropertyValueSpecification","valueRequired":true,"valueName":"search_term_string"}}],"inLanguage":"pt-BR"},{"@type":"Organization","@id":"https:\/\/blog.melhorenvio.com.br\/#organization","name":"Melhor Envio","alternateName":"Melhor Envio","url":"https:\/\/blog.melhorenvio.com.br\/","logo":{"@type":"ImageObject","inLanguage":"pt-BR","@id":"https:\/\/blog.melhorenvio.com.br\/#\/schema\/logo\/image\/","url":"https:\/\/melhorenvio.com.br\/blog\/wp-content\/uploads\/2022\/12\/blog-logo-melhor-envio.webp","contentUrl":"https:\/\/melhorenvio.com.br\/blog\/wp-content\/uploads\/2022\/12\/blog-logo-melhor-envio.webp","width":188,"height":96,"caption":"Melhor Envio"},"image":{"@id":"https:\/\/blog.melhorenvio.com.br\/#\/schema\/logo\/image\/"},"sameAs":["https:\/\/www.facebook.com\/MelhorEnvio\/","https:\/\/x.com\/melhorenvio","https:\/\/www.instagram.com\/melhorenvio","https:\/\/www.youtube.com\/melhorenviooficial","https:\/\/br.linkedin.com\/company\/melhorenvio"]},{"@type":"Person","@id":"https:\/\/blog.melhorenvio.com.br\/#\/schema\/person\/cdf418efe1d249fed3a507502c71a9fd","name":"Camila Melo","image":{"@type":"ImageObject","inLanguage":"pt-BR","@id":"https:\/\/secure.gravatar.com\/avatar\/5a891e76424bdb39e91b6d09ecb72a1eff98fbc5a47f87f873569b2fa35b3725?s=96&d=mm&r=g","url":"https:\/\/secure.gravatar.com\/avatar\/5a891e76424bdb39e91b6d09ecb72a1eff98fbc5a47f87f873569b2fa35b3725?s=96&d=mm&r=g","contentUrl":"https:\/\/secure.gravatar.com\/avatar\/5a891e76424bdb39e91b6d09ecb72a1eff98fbc5a47f87f873569b2fa35b3725?s=96&d=mm&r=g","caption":"Camila Melo"},"description":"Redatora SEO e estrategista de conte\u00fado que adora descobrir novidades sobre marketing. Amante dos livros, doramas e tecnologia. Vamos bater um papo? Mande um e-mail para mim: cami.melo@melhorenvio.com","sameAs":["https:\/\/www.linkedin.com\/in\/camimelos\/"],"url":"https:\/\/melhorenvio.com.br\/blog\/author\/camilamelo\/"}]}},"_links":{"self":[{"href":"https:\/\/melhorenvio.com.br\/blog\/wp-json\/wp\/v2\/posts\/46927","targetHints":{"allow":["GET"]}}],"collection":[{"href":"https:\/\/melhorenvio.com.br\/blog\/wp-json\/wp\/v2\/posts"}],"about":[{"href":"https:\/\/melhorenvio.com.br\/blog\/wp-json\/wp\/v2\/types\/post"}],"author":[{"embeddable":true,"href":"https:\/\/melhorenvio.com.br\/blog\/wp-json\/wp\/v2\/users\/55"}],"replies":[{"embeddable":true,"href":"https:\/\/melhorenvio.com.br\/blog\/wp-json\/wp\/v2\/comments?post=46927"}],"version-history":[{"count":14,"href":"https:\/\/melhorenvio.com.br\/blog\/wp-json\/wp\/v2\/posts\/46927\/revisions"}],"predecessor-version":[{"id":51734,"href":"https:\/\/melhorenvio.com.br\/blog\/wp-json\/wp\/v2\/posts\/46927\/revisions\/51734"}],"wp:featuredmedia":[{"embeddable":true,"href":"https:\/\/melhorenvio.com.br\/blog\/wp-json\/wp\/v2\/media\/46930"}],"wp:attachment":[{"href":"https:\/\/melhorenvio.com.br\/blog\/wp-json\/wp\/v2\/media?parent=46927"}],"wp:term":[{"taxonomy":"category","embeddable":true,"href":"https:\/\/melhorenvio.com.br\/blog\/wp-json\/wp\/v2\/categories?post=46927"},{"taxonomy":"post_tag","embeddable":true,"href":"https:\/\/melhorenvio.com.br\/blog\/wp-json\/wp\/v2\/tags?post=46927"}],"curies":[{"name":"wp","href":"https:\/\/api.w.org\/{rel}","templated":true}]}}