{"id":47378,"date":"2026-01-22T17:46:56","date_gmt":"2026-01-22T20:46:56","guid":{"rendered":"https:\/\/blog.melhorenvio.com.br\/?p=47378"},"modified":"2026-02-03T12:57:34","modified_gmt":"2026-02-03T15:57:34","slug":"verao-2026","status":"publish","type":"post","link":"https:\/\/melhorenvio.com.br\/blog\/datas-especiais\/verao-2026\/","title":{"rendered":"Moda Ver\u00e3o 2026: tend\u00eancias e como estruturar a log\u00edstica do seu e-commerce"},"content":{"rendered":"\n<p>A moda praia entrou em um novo patamar dentro do e-commerce brasileiro. O ver\u00e3o deixou de representar apenas um pico de vendas sazonal e passou a exigir planejamento cont\u00ednuo, <strong>principalmente quando log\u00edstica, frete e experi\u00eancia de entrega entram no centro da decis\u00e3o de compra<\/strong>.<\/p>\n\n\n\n<p>Esse per\u00edodo do ano n\u00e3o trata apenas de tend\u00eancias est\u00e9ticas, mas de como transformar interesse em convers\u00e3o, mesmo em per\u00edodos de alta press\u00e3o operacional como Ano Novo, f\u00e9rias escolares e Carnaval.<\/p>\n\n\n\n<p>Neste conte\u00fado, mostraremos alinhar tend\u00eancias de moda praia, comportamento do consumidor e estrutura log\u00edstica para atravessar a alta temporada com mais previsibilidade e margem. Confira!<\/p>\n\n\n\n<div class=\"wp-block-buttons is-content-justification-center is-layout-flex wp-container-core-buttons-is-layout-16018d1d wp-block-buttons-is-layout-flex\">\n<div class=\"wp-block-button\"><a class=\"wp-block-button__link has-background wp-element-button\" href=\"https:\/\/melhorenvio.com.br\/\" style=\"background-color:#00519d\" target=\"_blank\" rel=\"noreferrer noopener\"><strong>Envie suas encomendas com at\u00e9 80% de desconto<\/strong><\/a><\/div>\n<\/div>\n\n\n\n<h2 class=\"wp-block-heading\"><strong>O boom da moda praia no e-commerce em 2026<\/strong><\/h2>\n\n\n\n<p>O crescimento do setor de moda praia no ambiente digital acompanha o aumento das vendas do e-commerce nacional. Um <a href=\"https:\/\/iemi.com.br\/moda-praia-em-busca-da-recuperacao-de-bons-resultados\/\" target=\"_blank\" rel=\"noreferrer noopener\">levantamento de 2023 do Instituto de Estudos e Marketing Industrial (IEMI)<\/a> mostrou que o mercado movimentou R$ 7,6 bilh\u00f5es, um aumento de 6,7% em rela\u00e7\u00e3o ao ano anterior.<\/p>\n\n\n<div class=\"wp-block-image\">\n<figure class=\"aligncenter size-large\"><img decoding=\"async\" width=\"1024\" height=\"700\" src=\"https:\/\/melhorenvio.com.br\/blog\/wp-content\/uploads\/2025\/02\/moda-primavera-verao-blog-melhor-envio-1024x700.webp\" alt=\"mulher vestindo mai\u00f4, posando para foto segurando uma boia e usando chap\u00e9u de praia\" class=\"wp-image-58452\" srcset=\"https:\/\/melhorenvio.com.br\/blog\/wp-content\/uploads\/2025\/02\/moda-primavera-verao-blog-melhor-envio-1024x700.webp 1024w, https:\/\/melhorenvio.com.br\/blog\/wp-content\/uploads\/2025\/02\/moda-primavera-verao-blog-melhor-envio-300x205.webp 300w, https:\/\/melhorenvio.com.br\/blog\/wp-content\/uploads\/2025\/02\/moda-primavera-verao-blog-melhor-envio-768x525.webp 768w, https:\/\/melhorenvio.com.br\/blog\/wp-content\/uploads\/2025\/02\/moda-primavera-verao-blog-melhor-envio-1536x1050.webp 1536w, https:\/\/melhorenvio.com.br\/blog\/wp-content\/uploads\/2025\/02\/moda-primavera-verao-blog-melhor-envio-2048x1400.webp 2048w, https:\/\/melhorenvio.com.br\/blog\/wp-content\/uploads\/2025\/02\/moda-primavera-verao-blog-melhor-envio-150x103.webp 150w, https:\/\/melhorenvio.com.br\/blog\/wp-content\/uploads\/2025\/02\/moda-primavera-verao-blog-melhor-envio-750x513.webp 750w, https:\/\/melhorenvio.com.br\/blog\/wp-content\/uploads\/2025\/02\/moda-primavera-verao-blog-melhor-envio-1140x779.webp 1140w\" sizes=\"(max-width: 1024px) 100vw, 1024px\" \/><\/figure>\n<\/div>\n\n\n<p>As compras deixaram de acontecer apenas antes das f\u00e9rias e passaram a ocorrer de forma mais fragmentada, impulsionadas por feriados prolongados, viagens de \u00faltima hora e consumo recorrente durante todo o ver\u00e3o.<\/p>\n\n\n\n<h3 class=\"wp-block-heading\"><strong>Tend\u00eancias de consumo e comportamento do cliente no ver\u00e3o<\/strong><\/h3>\n\n\n\n<p>A moda praia em 2026 reflete uma combina\u00e7\u00e3o de <strong>conforto, versatilidade e consci\u00eancia<\/strong>. Pe\u00e7as com tecidos tecnol\u00f3gicos, prote\u00e7\u00e3o UV, secagem r\u00e1pida e maior durabilidade ganharam protagonismo.<\/p>\n\n\n\n<p>Consumidores tamb\u00e9m passaram a valorizar conjuntos coordenados, itens multiuso e marcas que entregam transpar\u00eancia sobre origem, materiais e processos. Esse cen\u00e1rio amplia a responsabilidade do e-commerce.<\/p>\n\n\n\n<p>Al\u00e9m disso, <strong>a experi\u00eancia de compra deixou de terminar no <\/strong><a href=\"https:\/\/melhorenvio.com.br\/blog\/ecommerce-e-marketplace\/checkout\/\" target=\"_blank\" rel=\"noreferrer noopener\"><strong>checkout<\/strong><\/a>. Assim, quest\u00f5es como prazo de entrega, qualidade da embalagem e comunica\u00e7\u00e3o no p\u00f3s-venda passaram a fazer parte do valor percebido da marca.<\/p>\n\n\n\n<h3 class=\"wp-block-heading\"><strong>Por que o frete pesa tanto na decis\u00e3o de compra de beachwear?<\/strong><\/h3>\n\n\n\n<p>Produtos de moda praia apresentam caracter\u00edsticas espec\u00edficas: ticket m\u00e9dio vari\u00e1vel, peso reduzido e forte sensibilidade a prazo. Nesse cen\u00e1rio, compras feitas pr\u00f3ximas \u00e0 viagem dificilmente aceitam fretes longos ou com pouca clareza quanto ao prazo.<\/p>\n\n\n\n<p>Por isso, frete com pouca competitividade, falta de op\u00e7\u00f5es ou aus\u00eancia de transpar\u00eancia sobre prazos impactam diretamente a convers\u00e3o. Em muitos casos, <strong>o consumidor at\u00e9 aceita pagar mais, desde que exista previsibilidade e controle<\/strong>.<\/p>\n\n\n\n<h2 class=\"wp-block-heading\"><strong>Desafios log\u00edsticos de quem vende moda praia online<\/strong><\/h2>\n\n\n\n<p>A alta temporada concentra desafios que n\u00e3o aparecem com a mesma intensidade em outros segmentos. Falhas log\u00edsticas no ver\u00e3o costumam custar reputa\u00e7\u00e3o, recompra e margem.<\/p>\n\n\n<div class=\"wp-block-image\">\n<figure class=\"aligncenter size-large\"><img decoding=\"async\" width=\"1024\" height=\"683\" src=\"https:\/\/melhorenvio.com.br\/blog\/wp-content\/uploads\/2025\/02\/moda-verao-blog-melhor-envio-1024x683.webp\" alt=\"dona de loja de moda na \u00e1rea de embalagem de produtos\" class=\"wp-image-58453\" srcset=\"https:\/\/melhorenvio.com.br\/blog\/wp-content\/uploads\/2025\/02\/moda-verao-blog-melhor-envio-1024x683.webp 1024w, https:\/\/melhorenvio.com.br\/blog\/wp-content\/uploads\/2025\/02\/moda-verao-blog-melhor-envio-300x200.webp 300w, https:\/\/melhorenvio.com.br\/blog\/wp-content\/uploads\/2025\/02\/moda-verao-blog-melhor-envio-768x512.webp 768w, https:\/\/melhorenvio.com.br\/blog\/wp-content\/uploads\/2025\/02\/moda-verao-blog-melhor-envio-150x100.webp 150w, https:\/\/melhorenvio.com.br\/blog\/wp-content\/uploads\/2025\/02\/moda-verao-blog-melhor-envio-750x500.webp 750w, https:\/\/melhorenvio.com.br\/blog\/wp-content\/uploads\/2025\/02\/moda-verao-blog-melhor-envio-1140x760.webp 1140w, https:\/\/melhorenvio.com.br\/blog\/wp-content\/uploads\/2025\/02\/moda-verao-blog-melhor-envio.webp 1500w\" sizes=\"(max-width: 1024px) 100vw, 1024px\" \/><\/figure>\n<\/div>\n\n\n<p>Nos t\u00f3picos abaixo, trouxemos os principais desafios que podem aparecer na sua opera\u00e7\u00e3o durante o pico de venda de produtos de moda praia. Continue lendo!<\/p>\n\n\n\n<h3 class=\"wp-block-heading\"><strong>Picos de demanda no ver\u00e3o e em feriados prolongados<\/strong><\/h3>\n\n\n\n<p>Ano Novo, f\u00e9rias de janeiro e Carnaval s\u00e3o datas que concentram volumes elevados de vendas em janelas curtas. Nessa \u00e9poca, os pedidos se acumulam em poucos dias, pressionando os setores de separa\u00e7\u00e3o, expedi\u00e7\u00e3o e coleta.<\/p>\n\n\n\n<p>Opera\u00e7\u00f5es que n\u00e3o antecipam esses picos enfrentam atrasos, gargalos internos e, consequentemente, aumento do n\u00famero de reclama\u00e7\u00f5es. Por isso, o planejamento de frete precisa considerar calend\u00e1rio, hist\u00f3rico de vendas e capacidade real de despacho.<\/p>\n\n\n\n<h3 class=\"wp-block-heading\"><strong>Devolu\u00e7\u00f5es, trocas de tamanho e pol\u00edtica de frete<\/strong><\/h3>\n\n\n\n<p>Moda praia apresenta taxas de troca superiores a outros segmentos, especialmente em biqu\u00ednis e mai\u00f4s. Nesse sentido, ter uma pol\u00edtica de trocas mal estruturada pode afetar diretamente os seus custos e a <a href=\"https:\/\/melhorenvio.com.br\/blog\/ecommerce-e-marketplace\/experiencia-do-cliente-o-que-e-e-como-melhorar-a-sua\/\" target=\"_blank\" rel=\"noreferrer noopener\">experi\u00eancia do cliente<\/a>.<\/p>\n\n\n\n<p>Ter regras claras, prazos bem definidos e integra\u00e7\u00e3o entre log\u00edstica reversa e atendimento reduz essas fric\u00e7\u00f5es e transforma um processo de troca ou devolu\u00e7\u00e3o em uma oportunidade para fidelizar um consumidor.<\/p>\n\n\n\n<p>Esse \u00e9 um exemplo de como o frete pode ser uma ferramenta de fideliza\u00e7\u00e3o para o seu e-commerce e n\u00e3o apenas um custo operacional.<\/p>\n\n\n\n<h3 class=\"wp-block-heading\"><strong>Envio para regi\u00f5es de praia e destinos tur\u00edsticos<\/strong><\/h3>\n\n\n\n<p>As cidades litor\u00e2neas e destinos tur\u00edsticos apresentam desafios pr\u00f3prios. Geralmente, essas cidades ou distritos tem menor frequ\u00eancia de coleta, prazos mais longos e varia\u00e7\u00f5es de <a href=\"https:\/\/melhorenvio.com.br\/blog\/frete-e-logistica\/politica-de-frete\/\" target=\"_blank\" rel=\"noreferrer noopener\">pol\u00edticas de entrega<\/a> entre transportadoras.<\/p>\n\n\n\n<p>Portanto, a sua estrat\u00e9gia log\u00edstica precisa considerar a regionaliza\u00e7\u00e3o de frete. Isso pode ser feito escolhendo transportadoras que atendam bem essas regi\u00f5es, al\u00e9m de alternativas como pontos de retirada para reduzir riscos de atraso.<\/p>\n\n\n\n<h2 class=\"wp-block-heading\"><strong>Estrat\u00e9gias de frete para moda praia 2026<\/strong><\/h2>\n\n\n\n<p>A alta convers\u00e3o no ver\u00e3o depende diretamente de <strong>flexibilidade log\u00edstica<\/strong>. Diferentes contextos de compra coexistem nesse per\u00edodo, desde consumidores que planejam a viagem com anteced\u00eancia at\u00e9 quem decide comprar poucas horas antes de sair de casa.<\/p>\n\n\n\n<p>Oferecer m\u00faltiplas modalidades de entrega amplia o alcance da opera\u00e7\u00e3o, melhora a experi\u00eancia de compra e preserva margem, desde que exista clareza no posicionamento de cada op\u00e7\u00e3o no checkout. Veja as estrat\u00e9gias que separamos para voc\u00ea!<\/p>\n\n\n\n<h3 class=\"wp-block-heading\"><strong>Frete econ\u00f4mico vs. frete expresso<\/strong><\/h3>\n\n\n\n<p>O frete econ\u00f4mico atende bem compras planejadas, reposi\u00e7\u00f5es de pe\u00e7as b\u00e1sicas e kits adquiridos com anteced\u00eancia. Consumidores nesse perfil <strong>tendem a priorizar pre\u00e7o e aceitam prazos maiores, desde que exista previsibilidade<\/strong>.<\/p>\n\n\n\n<p>J\u00e1 o frete expresso se torna decisivo para compras de \u00faltima hora, muito comuns no ver\u00e3o, especialmente pr\u00f3ximas a feriados prolongados e viagens inesperadas.<\/p>\n\n\n\n<p>A conviv\u00eancia dessas duas modalidades no checkout <strong>permite que o pr\u00f3prio cliente escolha como equilibrar custo e urg\u00eancia<\/strong>.<\/p>\n\n\n\n<p>Essa autonomia reduz fric\u00e7\u00f5es no momento da decis\u00e3o, <a href=\"https:\/\/melhorenvio.com.br\/blog\/ecommerce-e-marketplace\/como-reduzir-o-abandono-de-carrinho-no-seu-e-commerce\/\" target=\"_blank\" rel=\"noreferrer noopener\">diminui abandono de carrinho<\/a> e evita que a loja precise assumir o custo de prazos mais curtos em todos os pedidos.<\/p>\n\n\n\n<h3 class=\"wp-block-heading\"><strong>Regras de frete gr\u00e1tis para ticket m\u00e9dio maior<\/strong><\/h3>\n\n\n\n<p>O <a href=\"https:\/\/melhorenvio.com.br\/blog\/sobre-nos\/calculadora-frete-gratis-melhor-envio\/\" target=\"_blank\" rel=\"noreferrer noopener\">frete gr\u00e1tis<\/a> continua relevante em moda praia, por\u00e9m exige estrat\u00e9gia para n\u00e3o comprometer rentabilidade. O ideal \u00e9 oferecer a op\u00e7\u00e3o gratuita quando o ticket m\u00e9dio da compra \u00e9 mais elevado.<\/p>\n\n\n\n<p>Isso \u00e9 especialmente interessante nesse segmento, pois ele favorece a cria\u00e7\u00e3o de kits de biqu\u00ednis, conjuntos coordenados, sa\u00eddas de praia combinadas e combos familiares, que <strong>elevam o ticket m\u00e9dio naturalmente<\/strong>. Ter regras bem definidas de frete gr\u00e1tis funcionam como incentivo de compra, n\u00e3o como subs\u00eddio log\u00edstico.<\/p>\n\n\n\n<p>A partir de um valor m\u00ednimo calculado com base em margem e custo m\u00e9dio de envio, a loja aumenta o valor por pedido, dilui o frete no carrinho e melhora o resultado financeiro mesmo em per\u00edodos de alta demanda.<\/p>\n\n\n\n<h3 class=\"wp-block-heading\"><strong>Pontos de coleta em regi\u00f5es urbanas<\/strong><\/h3>\n\n\n\n<p>Pontos de coleta representam uma alternativa eficiente para consumidores que passam pouco tempo em casa ou est\u00e3o em deslocamento constante durante o ver\u00e3o. Em grandes cidades, tentativas de entrega frustradas aumentam custos e atrasam a experi\u00eancia, especialmente em \u00e9pocas de fluxo intenso.<\/p>\n\n\n\n<p>Esses pontos funcionam como locais parceiros onde <strong>o cliente retira a encomenda no momento mais conveniente, sem depender de janelas de entrega<\/strong>. A estrat\u00e9gia reduz reentregas, aumenta previsibilidade log\u00edstica e melhora a taxa de sucesso no primeiro envio.<\/p>\n\n\n\n<p>Os Pontos Parceiros do<a href=\"https:\/\/melhorenvio.com.br\/\"> Melhor Envio<\/a> viabilizam essa opera\u00e7\u00e3o sem aumento de complexidade, permitindo que a loja amplie op\u00e7\u00f5es de entrega mesmo com estrutura enxuta.<\/p>\n\n\n\n<h2 class=\"wp-block-heading\"><strong>Embalagem, experi\u00eancia e branding em moda praia<\/strong><\/h2>\n\n\n\n<p>Em moda praia, a embalagem deixou de cumprir apenas a fun\u00e7\u00e3o de prote\u00e7\u00e3o e passou a integrar a experi\u00eancia de compra como um todo.<\/p>\n\n\n\n<p>O modo como o produto chega at\u00e9 o cliente influencia percep\u00e7\u00e3o de valor, confian\u00e7a e inten\u00e7\u00e3o de recompra, especialmente em um segmento ligado a lazer, viagem e expectativa emocional.<\/p>\n\n\n\n<h3 class=\"wp-block-heading\"><strong>Embalagens leves, resistentes \u00e0 umidade e com identidade visual<\/strong><\/h3>\n\n\n\n<p>Os produtos desse segmento exigem embalagens preparadas para condi\u00e7\u00f5es espec\u00edficas, como umidade, calor, areia e varia\u00e7\u00f5es clim\u00e1ticas durante o transporte.<\/p>\n\n\n\n<p>Materiais <strong>inadequados comprometem o produto e geram frustra\u00e7\u00e3o logo no primeiro contato f\u00edsico com a marca<\/strong>. Embalagens leves, al\u00e9m de protegerem melhor as pe\u00e7as, reduzem custo de frete e facilitam o manuseio log\u00edstico.<\/p>\n\n\n\n<p>A identidade visual consistente refor\u00e7a reconhecimento mesmo em entregas simples. Cores, tags, mensagens e acabamento criam continuidade entre a comunica\u00e7\u00e3o do site e o momento da entrega, fortalecendo a marca sem depender de grandes investimentos.<\/p>\n\n\n\n<h3 class=\"wp-block-heading\"><strong>Brindes e mimos que cabem no c\u00e1lculo de frete<\/strong><\/h3>\n\n\n\n<p>Brindes funcionam muito bem em moda praia quando fazem parte do planejamento log\u00edstico. Itens leves, funcionais e alinhados ao uso do produto, como saquinhos imperme\u00e1veis, adesivos, cart\u00f5es personalizados ou etiquetas reutiliz\u00e1veis, agregam valor sem impactar peso cubado ou custo de envio.<\/p>\n\n\n\n<p>Esse cuidado <strong>amplia a percep\u00e7\u00e3o de aten\u00e7\u00e3o ao cliente e transforma a entrega em experi\u00eancia<\/strong>. Uma experi\u00eancia positiva aumenta recompra, reduz sensibilidade a prazo e cria margem para vendas futuras mesmo em per\u00edodos de maior press\u00e3o operacional.<\/p>\n\n\n\n<h2 class=\"wp-block-heading\"><strong>Como o Melhor Envio ajuda lojas de moda praia a escalar em 2026?<\/strong><\/h2>\n\n\n\n<p>Escalar a opera\u00e7\u00e3o durante o ver\u00e3o exige mais do que volume. Controle de custos, flexibilidade log\u00edstica e automa\u00e7\u00e3o tornam-se decisivos para sustentar crescimento sem perda de margem ou qualidade no atendimento.<\/p>\n\n\n\n<figure class=\"wp-block-embed is-type-video is-provider-youtube wp-block-embed-youtube wp-embed-aspect-16-9 wp-has-aspect-ratio\"><div class=\"wp-block-embed__wrapper\">\n<div class=\"jeg_video_container jeg_video_content\"><iframe loading=\"lazy\" title=\"Como Funciona o Melhor Envio? DESCUBRA Como Ter Fretes Baratos\" width=\"500\" height=\"281\" src=\"https:\/\/www.youtube.com\/embed\/ZNcrbZusnjc?feature=oembed&#038;enablejsapi=1&#038;origin=https:\/\/melhorenvio.com.br\" frameborder=\"0\" allow=\"accelerometer; autoplay; clipboard-write; encrypted-media; gyroscope; picture-in-picture; web-share\" referrerpolicy=\"strict-origin-when-cross-origin\" allowfullscreen><\/iframe><\/div>\n<\/div><\/figure>\n\n\n\n<p>O Melhor Envio \u00e9 o parceiro perfeito para quem deseja escalar seu processo log\u00edstico com intelig\u00eancia em 2026. Veja como funciona!<\/p>\n\n\n\n<h3 class=\"wp-block-heading\"><strong>Escolha transportadoras competitivas por regi\u00e3o de praia<\/strong><\/h3>\n\n\n\n<p>O Melhor Envio permite <strong>comparar transportadoras, prazos e pre\u00e7os em um \u00fanico painel<\/strong>, com acesso a descontos negociados sem a necessidade de contratos individuais.<\/p>\n\n\n\n<p>Essa estrutura facilita a escolha da melhor op\u00e7\u00e3o para cada regi\u00e3o, <strong>considerando caracter\u00edsticas espec\u00edficas de cidades litor\u00e2neas e destinos tur\u00edsticos<\/strong>.<\/p>\n\n\n\n<p>A possibilidade de alternar transportadoras de forma r\u00e1pida garante mais previsibilidade em per\u00edodos de alta demanda e reduz depend\u00eancia de uma \u00fanica opera\u00e7\u00e3o log\u00edstica.<\/p>\n\n\n\n<h3 class=\"wp-block-heading\"><strong>Automatize rastreio e comunica\u00e7\u00e3o com o cliente<\/strong><\/h3>\n\n\n\n<p>Comunica\u00e7\u00e3o no p\u00f3s-venda reduz ansiedade e diminui o volume de atendimentos relacionados a prazo e status do pedido. O Melhor Rastreio <strong>centraliza informa\u00e7\u00f5es de entrega<\/strong> e mant\u00e9m o cliente atualizado automaticamente ao longo de todo o trajeto.<\/p>\n\n\n\n<p>A transpar\u00eancia no rastreio <strong>fortalece confian\u00e7a, melhora a experi\u00eancia e reduz impactos de eventuais atrasos<\/strong>, algo especialmente relevante durante a alta temporada, quando imprevistos log\u00edsticos tendem a aumentar.<\/p>\n\n\n\n<div class=\"wp-block-buttons is-content-justification-center is-layout-flex wp-container-core-buttons-is-layout-16018d1d wp-block-buttons-is-layout-flex\">\n<div class=\"wp-block-button\"><a class=\"wp-block-button__link has-background wp-element-button\" href=\"https:\/\/melhorenvio.com.br\/\" style=\"background-color:#00519d\" target=\"_blank\" rel=\"noreferrer noopener\">Colocar o Melhor Envio no meu site<\/a><\/div>\n<\/div>\n\n\n\n<p>&nbsp;<\/p>\n\n\n\n<h2 class=\"wp-block-heading\"><strong>Checklist para preparar seu frete de moda praia para o ver\u00e3o 2026<\/strong><\/h2>\n\n\n\n<p>Para finalizar este conte\u00fado, separamos um checklist que trata de todos os pontos que discutimos. Seguindo ele, voc\u00ea ter\u00e1 em m\u00e3os tudo o que precisa para aproveitar todo o movimento de moda praia do ver\u00e3o de 2026 e dos pr\u00f3ximos anos. Veja:<\/p>\n\n\n\n<ul class=\"wp-block-list\">\n<li>Revisar calend\u00e1rio de alta temporada e feriados prolongados;<\/li>\n\n\n\n<li>Definir mix de frete econ\u00f4mico e expresso;<\/li>\n\n\n\n<li>Criar regras claras de frete gr\u00e1tis por ticket m\u00e9dio;<\/li>\n\n\n\n<li>Avaliar uso de pontos de coleta em grandes cidades;<\/li>\n\n\n\n<li>Ajustar embalagens para leveza e resist\u00eancia;<\/li>\n\n\n\n<li>Automatizar rastreio e comunica\u00e7\u00e3o p\u00f3s-venda;<\/li>\n\n\n\n<li>Monitorar desempenho de transportadoras por regi\u00e3o.<\/li>\n<\/ul>\n\n\n\n<p>Por fim, moda praia exige mais do que boas cole\u00e7\u00f5es: pede log\u00edstica bem planejada, frete flex\u00edvel e experi\u00eancia de entrega alinhada ao posicionamento da marca. Quem trata o frete como parte do valor percebido ganha convers\u00e3o mesmo na alta temporada.<\/p>\n\n\n\n<p>Quer preparar seu e-commerce de moda praia para vender mais no ver\u00e3o? Com o Melhor Envio, voc\u00ea compara transportadoras, reduz custos de frete e automatiza sua log\u00edstica em um \u00fanico lugar. Acesse o nosso site, veja como estruturar a sua opera\u00e7\u00e3o e chegue \u00e0 alta temporada com mais controle e margem de lucro.<br><\/p>\n\n\n\n<div class=\"wp-block-buttons is-content-justification-center is-layout-flex wp-container-core-buttons-is-layout-16018d1d wp-block-buttons-is-layout-flex\">\n<div class=\"wp-block-button\"><a class=\"wp-block-button__link has-background wp-element-button\" href=\"https:\/\/melhorenvio.com.br\/\" style=\"background-color:#00519d\" target=\"_blank\" rel=\"noreferrer noopener\"><strong>Cadastre-se no Melhor Envio<\/strong><\/a><\/div>\n<\/div>\n\n\n\n<p>&nbsp;<\/p>\n","protected":false},"excerpt":{"rendered":"<p>Prepare sua loja para vender mais na primavera ver\u00e3o!<\/p>\n","protected":false},"author":51,"featured_media":47379,"comment_status":"closed","ping_status":"open","sticky":false,"template":"","format":"standard","meta":{"_acf_changed":false,"jnews-multi-image_gallery":[],"jnews_single_post":{"subtitle":"","format":"standard","video":"","gallery":"","source_name":"","source_url":"","via_name":"","via_url":"","override_template":"0","override":[{"template":"4","single_blog_custom":"","parallax":"1","fullscreen":"0","layout":"right-sidebar","sidebar":"home","second_sidebar":"default-sidebar","sticky_sidebar":"1","share_position":"float","share_float_style":"share-normal","show_share_counter":"1","show_view_counter":"1","show_featured":"1","show_post_meta":"1","show_post_author":"1","show_post_author_image":"1","show_post_date":"1","post_date_format":"default","post_date_format_custom":"Y\/m\/d","show_post_category":"1","show_post_reading_time":"0","post_reading_time_wpm":"300","show_zoom_button":"0","zoom_button_out_step":"2","zoom_button_in_step":"3","show_post_tag":"1","show_prev_next_post":"1","show_popup_post":"1","number_popup_post":"1","show_author_box":"0","show_post_related":"0","show_inline_post_related":"0"}],"override_image_size":"0","image_override":[{"single_post_thumbnail_size":"crop-500","single_post_gallery_size":"crop-500"}],"trending_post":"0","trending_post_position":"meta","trending_post_label":"Trending","sponsored_post":"0","sponsored_post_label":"Sponsored by","sponsored_post_name":"","sponsored_post_url":"","sponsored_post_logo_enable":"0","sponsored_post_logo":"","sponsored_post_desc":"","disable_ad":"0"},"jnews_primary_category":{"id":"","hide":""},"footnotes":""},"categories":[59],"tags":[463],"class_list":["post-47378","post","type-post","status-publish","format-standard","has-post-thumbnail","hentry","category-datas-especiais","tag-aumentar-as-vendas-online"],"acf":[],"yoast_head":"<!-- This site is optimized with the Yoast SEO plugin v27.3 - https:\/\/yoast.com\/product\/yoast-seo-wordpress\/ -->\n<title>Primavera\/Ver\u00e3o: como preparar sua loja para vender mais<\/title>\n<meta name=\"description\" content=\"Prepare sua loja de forma estrat\u00e9gica e venda mais na primavera ver\u00e3o. Confira uma lista de tend\u00eancias, dicas de vendas e mais!\" \/>\n<meta name=\"robots\" content=\"index, follow, max-snippet:-1, max-image-preview:large, max-video-preview:-1\" \/>\n<link rel=\"canonical\" href=\"https:\/\/melhorenvio.com.br\/blog\/datas-especiais\/verao-2026\/\" \/>\n<meta property=\"og:locale\" content=\"pt_BR\" \/>\n<meta property=\"og:type\" content=\"article\" \/>\n<meta property=\"og:title\" content=\"Primavera\/Ver\u00e3o: como preparar sua loja para vender mais\" \/>\n<meta property=\"og:description\" content=\"Prepare sua loja de forma estrat\u00e9gica e venda mais na primavera ver\u00e3o. Confira uma lista de tend\u00eancias, dicas de vendas e mais!\" \/>\n<meta property=\"og:url\" content=\"https:\/\/melhorenvio.com.br\/blog\/datas-especiais\/verao-2026\/\" \/>\n<meta property=\"og:site_name\" content=\"Blog Melhor Envio\" \/>\n<meta property=\"article:publisher\" content=\"https:\/\/www.facebook.com\/MelhorEnvio\/\" \/>\n<meta property=\"article:published_time\" content=\"2026-01-22T20:46:56+00:00\" \/>\n<meta property=\"article:modified_time\" content=\"2026-02-03T15:57:34+00:00\" \/>\n<meta property=\"og:image\" content=\"https:\/\/melhorenvio.com.br\/blog\/wp-content\/uploads\/2023\/09\/BLOG_imagem_capa_artigo-2023-1.png\" \/>\n\t<meta property=\"og:image:width\" content=\"2500\" \/>\n\t<meta property=\"og:image:height\" content=\"941\" \/>\n\t<meta property=\"og:image:type\" content=\"image\/png\" \/>\n<meta name=\"author\" content=\"Thiago Soares\" \/>\n<meta name=\"twitter:card\" content=\"summary_large_image\" \/>\n<meta name=\"twitter:creator\" content=\"@melhorenvio\" \/>\n<meta name=\"twitter:site\" content=\"@melhorenvio\" \/>\n<meta name=\"twitter:label1\" content=\"Escrito por\" \/>\n\t<meta name=\"twitter:data1\" content=\"Thiago Soares\" \/>\n\t<meta name=\"twitter:label2\" content=\"Est. tempo de leitura\" \/>\n\t<meta name=\"twitter:data2\" content=\"11 minutos\" \/>\n<script type=\"application\/ld+json\" class=\"yoast-schema-graph\">{\"@context\":\"https:\\\/\\\/schema.org\",\"@graph\":[{\"@type\":\"Article\",\"@id\":\"https:\\\/\\\/melhorenvio.com.br\\\/blog\\\/datas-especiais\\\/verao-2026\\\/#article\",\"isPartOf\":{\"@id\":\"https:\\\/\\\/melhorenvio.com.br\\\/blog\\\/datas-especiais\\\/verao-2026\\\/\"},\"author\":{\"name\":\"Thiago Soares\",\"@id\":\"https:\\\/\\\/blog.melhorenvio.com.br\\\/#\\\/schema\\\/person\\\/380cc4e5bc565c2d87f20a567a8ff587\"},\"headline\":\"Moda Ver\u00e3o 2026: tend\u00eancias e como estruturar a log\u00edstica do seu e-commerce\",\"datePublished\":\"2026-01-22T20:46:56+00:00\",\"dateModified\":\"2026-02-03T15:57:34+00:00\",\"mainEntityOfPage\":{\"@id\":\"https:\\\/\\\/melhorenvio.com.br\\\/blog\\\/datas-especiais\\\/verao-2026\\\/\"},\"wordCount\":1986,\"publisher\":{\"@id\":\"https:\\\/\\\/blog.melhorenvio.com.br\\\/#organization\"},\"image\":{\"@id\":\"https:\\\/\\\/melhorenvio.com.br\\\/blog\\\/datas-especiais\\\/verao-2026\\\/#primaryimage\"},\"thumbnailUrl\":\"https:\\\/\\\/melhorenvio.com.br\\\/blog\\\/wp-content\\\/uploads\\\/2023\\\/09\\\/BLOG_imagem_capa_artigo-2023-1.png\",\"keywords\":[\"Aumentar as vendas online\"],\"articleSection\":[\"Datas especiais\"],\"inLanguage\":\"pt-BR\"},{\"@type\":\"WebPage\",\"@id\":\"https:\\\/\\\/melhorenvio.com.br\\\/blog\\\/datas-especiais\\\/verao-2026\\\/\",\"url\":\"https:\\\/\\\/melhorenvio.com.br\\\/blog\\\/datas-especiais\\\/verao-2026\\\/\",\"name\":\"Primavera\\\/Ver\u00e3o: como preparar sua loja para vender mais\",\"isPartOf\":{\"@id\":\"https:\\\/\\\/blog.melhorenvio.com.br\\\/#website\"},\"primaryImageOfPage\":{\"@id\":\"https:\\\/\\\/melhorenvio.com.br\\\/blog\\\/datas-especiais\\\/verao-2026\\\/#primaryimage\"},\"image\":{\"@id\":\"https:\\\/\\\/melhorenvio.com.br\\\/blog\\\/datas-especiais\\\/verao-2026\\\/#primaryimage\"},\"thumbnailUrl\":\"https:\\\/\\\/melhorenvio.com.br\\\/blog\\\/wp-content\\\/uploads\\\/2023\\\/09\\\/BLOG_imagem_capa_artigo-2023-1.png\",\"datePublished\":\"2026-01-22T20:46:56+00:00\",\"dateModified\":\"2026-02-03T15:57:34+00:00\",\"description\":\"Prepare sua loja de forma estrat\u00e9gica e venda mais na primavera ver\u00e3o. Confira uma lista de tend\u00eancias, dicas de vendas e mais!\",\"inLanguage\":\"pt-BR\",\"potentialAction\":[{\"@type\":\"ReadAction\",\"target\":[\"https:\\\/\\\/melhorenvio.com.br\\\/blog\\\/datas-especiais\\\/verao-2026\\\/\"]}]},{\"@type\":\"ImageObject\",\"inLanguage\":\"pt-BR\",\"@id\":\"https:\\\/\\\/melhorenvio.com.br\\\/blog\\\/datas-especiais\\\/verao-2026\\\/#primaryimage\",\"url\":\"https:\\\/\\\/melhorenvio.com.br\\\/blog\\\/wp-content\\\/uploads\\\/2023\\\/09\\\/BLOG_imagem_capa_artigo-2023-1.png\",\"contentUrl\":\"https:\\\/\\\/melhorenvio.com.br\\\/blog\\\/wp-content\\\/uploads\\\/2023\\\/09\\\/BLOG_imagem_capa_artigo-2023-1.png\",\"width\":2500,\"height\":941},{\"@type\":\"WebSite\",\"@id\":\"https:\\\/\\\/blog.melhorenvio.com.br\\\/#website\",\"url\":\"https:\\\/\\\/blog.melhorenvio.com.br\\\/\",\"name\":\"Blog Melhor Envio\",\"description\":\"Aprenda a economizar na gest\u00e3o de fretes\",\"publisher\":{\"@id\":\"https:\\\/\\\/blog.melhorenvio.com.br\\\/#organization\"},\"alternateName\":\"Blog do Melhor Envio\",\"potentialAction\":[{\"@type\":\"SearchAction\",\"target\":{\"@type\":\"EntryPoint\",\"urlTemplate\":\"https:\\\/\\\/blog.melhorenvio.com.br\\\/?s={search_term_string}\"},\"query-input\":{\"@type\":\"PropertyValueSpecification\",\"valueRequired\":true,\"valueName\":\"search_term_string\"}}],\"inLanguage\":\"pt-BR\"},{\"@type\":\"Organization\",\"@id\":\"https:\\\/\\\/blog.melhorenvio.com.br\\\/#organization\",\"name\":\"Melhor Envio\",\"alternateName\":\"Melhor Envio\",\"url\":\"https:\\\/\\\/blog.melhorenvio.com.br\\\/\",\"logo\":{\"@type\":\"ImageObject\",\"inLanguage\":\"pt-BR\",\"@id\":\"https:\\\/\\\/blog.melhorenvio.com.br\\\/#\\\/schema\\\/logo\\\/image\\\/\",\"url\":\"https:\\\/\\\/melhorenvio.com.br\\\/blog\\\/wp-content\\\/uploads\\\/2022\\\/12\\\/blog-logo-melhor-envio.webp\",\"contentUrl\":\"https:\\\/\\\/melhorenvio.com.br\\\/blog\\\/wp-content\\\/uploads\\\/2022\\\/12\\\/blog-logo-melhor-envio.webp\",\"width\":188,\"height\":96,\"caption\":\"Melhor Envio\"},\"image\":{\"@id\":\"https:\\\/\\\/blog.melhorenvio.com.br\\\/#\\\/schema\\\/logo\\\/image\\\/\"},\"sameAs\":[\"https:\\\/\\\/www.facebook.com\\\/MelhorEnvio\\\/\",\"https:\\\/\\\/x.com\\\/melhorenvio\",\"https:\\\/\\\/www.instagram.com\\\/melhorenvio\",\"https:\\\/\\\/www.youtube.com\\\/melhorenviooficial\",\"https:\\\/\\\/br.linkedin.com\\\/company\\\/melhorenvio\"]},{\"@type\":\"Person\",\"@id\":\"https:\\\/\\\/blog.melhorenvio.com.br\\\/#\\\/schema\\\/person\\\/380cc4e5bc565c2d87f20a567a8ff587\",\"name\":\"Thiago Soares\",\"image\":{\"@type\":\"ImageObject\",\"inLanguage\":\"pt-BR\",\"@id\":\"https:\\\/\\\/secure.gravatar.com\\\/avatar\\\/37146dedea0642b5bd93475a3a6131ef2d4889187a2e0517464ed0f537281610?s=96&d=mm&r=g\",\"url\":\"https:\\\/\\\/secure.gravatar.com\\\/avatar\\\/37146dedea0642b5bd93475a3a6131ef2d4889187a2e0517464ed0f537281610?s=96&d=mm&r=g\",\"contentUrl\":\"https:\\\/\\\/secure.gravatar.com\\\/avatar\\\/37146dedea0642b5bd93475a3a6131ef2d4889187a2e0517464ed0f537281610?s=96&d=mm&r=g\",\"caption\":\"Thiago Soares\"},\"description\":\"Especialista em conte\u00fado para e-commerce formado em Letras pela UERJ e com MBA em Marketing pela USP\\\/Esalq. Conta com mais de 12 anos de experi\u00eancia em produ\u00e7\u00e3o de conte\u00fado para grandes marcas do mercado nacional como Buscap\u00e9, Tray, Zoom, Bagy e outras. Atualmente, tem como prop\u00f3sito ajudar lojistas, de todos os tamanhos, a vender mais pela internet. Para isso, atua na equipe de produ\u00e7\u00e3o de conte\u00fado do Melhor Envio, plataforma digital que est\u00e1 revolucionando a log\u00edstica para e-commerce.\",\"sameAs\":[\"https:\\\/\\\/br.linkedin.com\\\/in\\\/thiago-rocha-soares\"],\"url\":\"https:\\\/\\\/melhorenvio.com.br\\\/blog\\\/author\\\/thiago-soares\\\/\"}]}<\/script>\n<!-- \/ Yoast SEO plugin. -->","yoast_head_json":{"title":"Primavera\/Ver\u00e3o: como preparar sua loja para vender mais","description":"Prepare sua loja de forma estrat\u00e9gica e venda mais na primavera ver\u00e3o. Confira uma lista de tend\u00eancias, dicas de vendas e mais!","robots":{"index":"index","follow":"follow","max-snippet":"max-snippet:-1","max-image-preview":"max-image-preview:large","max-video-preview":"max-video-preview:-1"},"canonical":"https:\/\/melhorenvio.com.br\/blog\/datas-especiais\/verao-2026\/","og_locale":"pt_BR","og_type":"article","og_title":"Primavera\/Ver\u00e3o: como preparar sua loja para vender mais","og_description":"Prepare sua loja de forma estrat\u00e9gica e venda mais na primavera ver\u00e3o. Confira uma lista de tend\u00eancias, dicas de vendas e mais!","og_url":"https:\/\/melhorenvio.com.br\/blog\/datas-especiais\/verao-2026\/","og_site_name":"Blog Melhor Envio","article_publisher":"https:\/\/www.facebook.com\/MelhorEnvio\/","article_published_time":"2026-01-22T20:46:56+00:00","article_modified_time":"2026-02-03T15:57:34+00:00","og_image":[{"width":2500,"height":941,"url":"https:\/\/melhorenvio.com.br\/blog\/wp-content\/uploads\/2023\/09\/BLOG_imagem_capa_artigo-2023-1.png","type":"image\/png"}],"author":"Thiago Soares","twitter_card":"summary_large_image","twitter_creator":"@melhorenvio","twitter_site":"@melhorenvio","twitter_misc":{"Escrito por":"Thiago Soares","Est. tempo de leitura":"11 minutos"},"schema":{"@context":"https:\/\/schema.org","@graph":[{"@type":"Article","@id":"https:\/\/melhorenvio.com.br\/blog\/datas-especiais\/verao-2026\/#article","isPartOf":{"@id":"https:\/\/melhorenvio.com.br\/blog\/datas-especiais\/verao-2026\/"},"author":{"name":"Thiago Soares","@id":"https:\/\/blog.melhorenvio.com.br\/#\/schema\/person\/380cc4e5bc565c2d87f20a567a8ff587"},"headline":"Moda Ver\u00e3o 2026: tend\u00eancias e como estruturar a log\u00edstica do seu e-commerce","datePublished":"2026-01-22T20:46:56+00:00","dateModified":"2026-02-03T15:57:34+00:00","mainEntityOfPage":{"@id":"https:\/\/melhorenvio.com.br\/blog\/datas-especiais\/verao-2026\/"},"wordCount":1986,"publisher":{"@id":"https:\/\/blog.melhorenvio.com.br\/#organization"},"image":{"@id":"https:\/\/melhorenvio.com.br\/blog\/datas-especiais\/verao-2026\/#primaryimage"},"thumbnailUrl":"https:\/\/melhorenvio.com.br\/blog\/wp-content\/uploads\/2023\/09\/BLOG_imagem_capa_artigo-2023-1.png","keywords":["Aumentar as vendas online"],"articleSection":["Datas especiais"],"inLanguage":"pt-BR"},{"@type":"WebPage","@id":"https:\/\/melhorenvio.com.br\/blog\/datas-especiais\/verao-2026\/","url":"https:\/\/melhorenvio.com.br\/blog\/datas-especiais\/verao-2026\/","name":"Primavera\/Ver\u00e3o: como preparar sua loja para vender mais","isPartOf":{"@id":"https:\/\/blog.melhorenvio.com.br\/#website"},"primaryImageOfPage":{"@id":"https:\/\/melhorenvio.com.br\/blog\/datas-especiais\/verao-2026\/#primaryimage"},"image":{"@id":"https:\/\/melhorenvio.com.br\/blog\/datas-especiais\/verao-2026\/#primaryimage"},"thumbnailUrl":"https:\/\/melhorenvio.com.br\/blog\/wp-content\/uploads\/2023\/09\/BLOG_imagem_capa_artigo-2023-1.png","datePublished":"2026-01-22T20:46:56+00:00","dateModified":"2026-02-03T15:57:34+00:00","description":"Prepare sua loja de forma estrat\u00e9gica e venda mais na primavera ver\u00e3o. Confira uma lista de tend\u00eancias, dicas de vendas e mais!","inLanguage":"pt-BR","potentialAction":[{"@type":"ReadAction","target":["https:\/\/melhorenvio.com.br\/blog\/datas-especiais\/verao-2026\/"]}]},{"@type":"ImageObject","inLanguage":"pt-BR","@id":"https:\/\/melhorenvio.com.br\/blog\/datas-especiais\/verao-2026\/#primaryimage","url":"https:\/\/melhorenvio.com.br\/blog\/wp-content\/uploads\/2023\/09\/BLOG_imagem_capa_artigo-2023-1.png","contentUrl":"https:\/\/melhorenvio.com.br\/blog\/wp-content\/uploads\/2023\/09\/BLOG_imagem_capa_artigo-2023-1.png","width":2500,"height":941},{"@type":"WebSite","@id":"https:\/\/blog.melhorenvio.com.br\/#website","url":"https:\/\/blog.melhorenvio.com.br\/","name":"Blog Melhor Envio","description":"Aprenda a economizar na gest\u00e3o de fretes","publisher":{"@id":"https:\/\/blog.melhorenvio.com.br\/#organization"},"alternateName":"Blog do Melhor Envio","potentialAction":[{"@type":"SearchAction","target":{"@type":"EntryPoint","urlTemplate":"https:\/\/blog.melhorenvio.com.br\/?s={search_term_string}"},"query-input":{"@type":"PropertyValueSpecification","valueRequired":true,"valueName":"search_term_string"}}],"inLanguage":"pt-BR"},{"@type":"Organization","@id":"https:\/\/blog.melhorenvio.com.br\/#organization","name":"Melhor Envio","alternateName":"Melhor Envio","url":"https:\/\/blog.melhorenvio.com.br\/","logo":{"@type":"ImageObject","inLanguage":"pt-BR","@id":"https:\/\/blog.melhorenvio.com.br\/#\/schema\/logo\/image\/","url":"https:\/\/melhorenvio.com.br\/blog\/wp-content\/uploads\/2022\/12\/blog-logo-melhor-envio.webp","contentUrl":"https:\/\/melhorenvio.com.br\/blog\/wp-content\/uploads\/2022\/12\/blog-logo-melhor-envio.webp","width":188,"height":96,"caption":"Melhor Envio"},"image":{"@id":"https:\/\/blog.melhorenvio.com.br\/#\/schema\/logo\/image\/"},"sameAs":["https:\/\/www.facebook.com\/MelhorEnvio\/","https:\/\/x.com\/melhorenvio","https:\/\/www.instagram.com\/melhorenvio","https:\/\/www.youtube.com\/melhorenviooficial","https:\/\/br.linkedin.com\/company\/melhorenvio"]},{"@type":"Person","@id":"https:\/\/blog.melhorenvio.com.br\/#\/schema\/person\/380cc4e5bc565c2d87f20a567a8ff587","name":"Thiago Soares","image":{"@type":"ImageObject","inLanguage":"pt-BR","@id":"https:\/\/secure.gravatar.com\/avatar\/37146dedea0642b5bd93475a3a6131ef2d4889187a2e0517464ed0f537281610?s=96&d=mm&r=g","url":"https:\/\/secure.gravatar.com\/avatar\/37146dedea0642b5bd93475a3a6131ef2d4889187a2e0517464ed0f537281610?s=96&d=mm&r=g","contentUrl":"https:\/\/secure.gravatar.com\/avatar\/37146dedea0642b5bd93475a3a6131ef2d4889187a2e0517464ed0f537281610?s=96&d=mm&r=g","caption":"Thiago Soares"},"description":"Especialista em conte\u00fado para e-commerce formado em Letras pela UERJ e com MBA em Marketing pela USP\/Esalq. Conta com mais de 12 anos de experi\u00eancia em produ\u00e7\u00e3o de conte\u00fado para grandes marcas do mercado nacional como Buscap\u00e9, Tray, Zoom, Bagy e outras. Atualmente, tem como prop\u00f3sito ajudar lojistas, de todos os tamanhos, a vender mais pela internet. Para isso, atua na equipe de produ\u00e7\u00e3o de conte\u00fado do Melhor Envio, plataforma digital que est\u00e1 revolucionando a log\u00edstica para e-commerce.","sameAs":["https:\/\/br.linkedin.com\/in\/thiago-rocha-soares"],"url":"https:\/\/melhorenvio.com.br\/blog\/author\/thiago-soares\/"}]}},"_links":{"self":[{"href":"https:\/\/melhorenvio.com.br\/blog\/wp-json\/wp\/v2\/posts\/47378","targetHints":{"allow":["GET"]}}],"collection":[{"href":"https:\/\/melhorenvio.com.br\/blog\/wp-json\/wp\/v2\/posts"}],"about":[{"href":"https:\/\/melhorenvio.com.br\/blog\/wp-json\/wp\/v2\/types\/post"}],"author":[{"embeddable":true,"href":"https:\/\/melhorenvio.com.br\/blog\/wp-json\/wp\/v2\/users\/51"}],"replies":[{"embeddable":true,"href":"https:\/\/melhorenvio.com.br\/blog\/wp-json\/wp\/v2\/comments?post=47378"}],"version-history":[{"count":10,"href":"https:\/\/melhorenvio.com.br\/blog\/wp-json\/wp\/v2\/posts\/47378\/revisions"}],"predecessor-version":[{"id":58505,"href":"https:\/\/melhorenvio.com.br\/blog\/wp-json\/wp\/v2\/posts\/47378\/revisions\/58505"}],"wp:featuredmedia":[{"embeddable":true,"href":"https:\/\/melhorenvio.com.br\/blog\/wp-json\/wp\/v2\/media\/47379"}],"wp:attachment":[{"href":"https:\/\/melhorenvio.com.br\/blog\/wp-json\/wp\/v2\/media?parent=47378"}],"wp:term":[{"taxonomy":"category","embeddable":true,"href":"https:\/\/melhorenvio.com.br\/blog\/wp-json\/wp\/v2\/categories?post=47378"},{"taxonomy":"post_tag","embeddable":true,"href":"https:\/\/melhorenvio.com.br\/blog\/wp-json\/wp\/v2\/tags?post=47378"}],"curies":[{"name":"wp","href":"https:\/\/api.w.org\/{rel}","templated":true}]}}