{"id":47668,"date":"2023-11-07T13:17:30","date_gmt":"2023-11-07T16:17:30","guid":{"rendered":"https:\/\/blog.melhorenvio.com.br\/?p=47668"},"modified":"2026-04-08T16:24:29","modified_gmt":"2026-04-08T19:24:29","slug":"cuidado-fragil-etiqueta","status":"publish","type":"post","link":"https:\/\/melhorenvio.com.br\/blog\/frete-e-logistica\/cuidado-fragil-etiqueta\/","title":{"rendered":"Cuidado fr\u00e1gil e Este Lado Para Cima: modelos de etiquetas para envio de encomendas"},"content":{"rendered":"\n<script type=\"application\/ld+json\">\n{\n  \"@context\": \"https:\/\/schema.org\",\n  \"@graph\": [\n    {\n      \"@type\": \"FAQPage\",\n      \"@id\": \"https:\/\/blog.melhorenvio.com.br\/cuidado-fragil-etiqueta\/#faq\",\n      \"mainEntity\": [\n        {\n          \"@type\": \"Question\",\n          \"@id\": \"https:\/\/blog.melhorenvio.com.br\/cuidado-fragil-etiqueta\/#faq1\",\n          \"name\": \"Por que utilizar etiquetas \u201cCuidado Fr\u00e1gil\u201d nas suas encomendas\",\n          \"acceptedAnswer\": {\n            \"@type\": \"Answer\",\n            \"text\": \"sempre que necess\u00e1rio, cole etiquetas que indicam para a transportadora qual a parte de cima da caixa. Assim voc\u00ea tem a certeza que o pacote ser\u00e1 acomodado da forma adequada no interior do ve\u00edculo em que ser\u00e1 realizada a entrega. Esse \u00e9 um processo indicado para produtos como:  eletr\u00f4nicos.  garrafas de bebidas.  artesanatos.  obras de arte.  pilhas, baterias e power banks.  instrumentos musicais.  e muitos outros.\"\n          }\n        }\n      ],\n      \"isPartOf\": {\n        \"@id\": \"https:\/\/blog.melhorenvio.com.br\/cuidado-fragil-etiqueta\/\"\n      }\n    }\n  ]\n}\n<\/script>\n\n\n\n<p><strong><em>Baixe gratuitamente etiquetas do tipo \u201ccuidado fr\u00e1gil\u201d para usar em suas encomendas<\/em><\/strong><\/p>\n\n\n\n<p>T\u00e1 precisando enviar um pacote com conte\u00fado fr\u00e1gil e quer garantir que ele ser\u00e1 tratado da maneira correta pela transportadora at\u00e9 o momento da entrega?<\/p>\n\n\n\n<p>Ou, quem sabe, voc\u00ea precisa despachar muitos pacotes desse tipo e quer evitar gastos recorrentes com etiquetas prontas?<\/p>\n\n\n\n<p>Ent\u00e3o chegou ao lugar certo! Nesse artigo vamos te contar <strong>a import\u00e2ncia de fixar uma mensagem na parte externa da caixa informando que o produto \u00e9 fr\u00e1gil<\/strong>, tamb\u00e9m disponibilizamos <strong>modelos de etiqueta totalmente gratuitos para download<\/strong> e ainda vamos dar uma dica de ouro para voc\u00ea <strong>enviar essa remessa pagando menos pela entrega<\/strong>. Vem com a gente!<\/p>\n\n\n\n<div class=\"wp-block-buttons is-content-justification-center is-layout-flex wp-container-core-buttons-is-layout-16018d1d wp-block-buttons-is-layout-flex\">\n<div class=\"wp-block-button\"><a class=\"wp-block-button__link has-background wp-element-button\" href=\"https:\/\/melhorenvio.com.br\/\" style=\"background-color:#00519d\" target=\"_blank\" rel=\"noreferrer noopener\">Comece a usar o Melhor Envio<\/a><\/div>\n<\/div>\n\n\n\n<h2 class=\"wp-block-heading\">Por que utilizar etiquetas \u201cCuidado Fr\u00e1gil\u201d nas suas encomendas<\/h2>\n\n\n\n<p>Utilizar etiquetas indicando que o interior de um pacote \u00e9 fr\u00e1gil ou que necessita de um algum tipo de manuseio especial pode parecer um detalhe, mas que na verdade pode impactar diretamente nos custos da opera\u00e7\u00e3o do seu neg\u00f3cio.<\/p>\n\n\n\n<p>Isso porque o pacote despachado por sua loja virtual passa por muitas m\u00e3os at\u00e9 que chegue ao destino e <strong>avisos externos fixados no lado de fora da embalagem ajudam os funcion\u00e1rios a tratarem a encomenda da melhor forma poss\u00edvel.<\/strong> Esse cuidado evita avarias do conte\u00fado da caixa ao longo do trajeto.&nbsp;<\/p>\n\n\n\n<p>Esse \u00e9 um processo indicado para produtos como:<\/p>\n\n\n\n<ul class=\"wp-block-list\">\n<li>eletr\u00f4nicos.<\/li>\n\n\n\n<li>garrafas de bebidas.<\/li>\n\n\n\n<li>artesanatos.<\/li>\n\n\n\n<li>obras de arte.<\/li>\n\n\n\n<li>pilhas, baterias e power banks.<\/li>\n\n\n\n<li>instrumentos musicais.<\/li>\n\n\n\n<li>e muitos outros.<\/li>\n<\/ul>\n\n\n\n<p><strong>Dica extra:<\/strong> sempre que necess\u00e1rio, <strong>cole etiquetas que indicam para a transportadora qual a parte de cima da caixa<\/strong>. Assim voc\u00ea tem a certeza que o pacote ser\u00e1 acomodado da forma adequada no interior do ve\u00edculo em que ser\u00e1 realizada a entrega.<\/p>\n\n\n\n<h2 class=\"wp-block-heading\">Cuidado fr\u00e1gil &#8211; etiquetas para download gr\u00e1tis<\/h2>\n\n\n\n<p>Para te ajudar a manter o seu envio seguro at\u00e9 o momento da entrega, a gente disponibilizou alguns modelos de etiquetas que v\u00e3o ajudar no tratamento correto de pacotes que demandam cuidados.<\/p>\n\n\n<div class=\"wp-block-image\">\n<figure class=\"aligncenter size-full\"><img decoding=\"async\" width=\"538\" height=\"805\" src=\"https:\/\/blog.melhorenvio.com.br\/wp-content\/uploads\/2023\/11\/adesivo-cuidado-fragil-esse-lado-para-cima-melhor-envio-1.webp\" alt=\"Exemplo de etiqueta &quot;cuidado fr\u00e1gil&quot; e &quot;este lado para cima&quot; disponibilizada pelo Melhor Envio\" class=\"wp-image-47686\" srcset=\"https:\/\/melhorenvio.com.br\/blog\/wp-content\/uploads\/2023\/11\/adesivo-cuidado-fragil-esse-lado-para-cima-melhor-envio-1.webp 538w, https:\/\/melhorenvio.com.br\/blog\/wp-content\/uploads\/2023\/11\/adesivo-cuidado-fragil-esse-lado-para-cima-melhor-envio-1-200x300.webp 200w, https:\/\/melhorenvio.com.br\/blog\/wp-content\/uploads\/2023\/11\/adesivo-cuidado-fragil-esse-lado-para-cima-melhor-envio-1-150x224.webp 150w\" sizes=\"(max-width: 538px) 100vw, 538px\" \/><figcaption class=\"wp-element-caption\">Exemplo de apenas um dos modelos de etiquetas dispon\u00edveis para download gratuito pelo Melhor Envio<\/figcaption><\/figure>\n<\/div>\n\n\n<p>\u00c9 s\u00f3 clicar no formato de etiqueta desejado (Word ou PDF), fazer o download gr\u00e1tis, descompactar os arquivos e aproveitar!<\/p>\n\n\n\n<h3 class=\"wp-block-heading\">Etiquetas formato Word &#8211; Download gr\u00e1tis<\/h3>\n\n\n\n<p><strong><a href=\"https:\/\/blog.melhorenvio.com.br\/wp-content\/uploads\/2023\/11\/Adesivos-Produtos-frageis-Melhor-Envio.zip\">Etiquetas para o envio de produtos fr\u00e1geis em Word &#8211; clique para baixar<\/a><\/strong><\/p>\n\n\n\n<h3 class=\"wp-block-heading\">Etiqueta formato PDF &#8211; Download gr\u00e1tis<\/h3>\n\n\n\n<p><strong><a href=\"https:\/\/blog.melhorenvio.com.br\/wp-content\/uploads\/2023\/11\/Adesivos-Produtos-Frageis-em-PDF-Melhor-Envio-Blog.zip\" target=\"_blank\" rel=\"noreferrer noopener\">Etiqueta para o envio de produtos fr\u00e1geis em PDF- clique para baixar<\/a><\/strong><\/p>\n\n\n\n<p><strong>Leia tamb\u00e9m:<\/strong><a href=\"https:\/\/melhorenvio.com.br\/blog\/frete-e-logistica\/produtos-frageis-4-dicas-para-enviar-encomendas-com-seguranca\/\" target=\"_blank\" rel=\"noreferrer noopener\"> 4 dicas essenciais para postar encomendas fr\u00e1geis<\/a><\/p>\n\n\n\n<h2 class=\"wp-block-heading\">Envie a sua encomenda com seguran\u00e7a e pagando menos<\/h2>\n\n\n\n<p>Agora que voc\u00ea j\u00e1 tem as etiquetas necess\u00e1rias para garantir que o pacote seja tratado da forma correta at\u00e9 o endere\u00e7o do destinat\u00e1rio: <strong>que tal enviar essa remessa pagando menos pelo frete<\/strong>?<\/p>\n\n\n\n<p>Para isso, \u00e9 s\u00f3 usar o <a href=\"https:\/\/melhorenvio.com.br\/\" target=\"_blank\" rel=\"noreferrer noopener\"><strong>Melhor Envio<\/strong><\/a> para contratar o servi\u00e7o de entrega. O Melhor Envio \u00e9 uma <strong>plataforma gratuita de cota\u00e7\u00e3o e gest\u00e3o de frete<\/strong>, onde com poucos cliques \u00e9 poss\u00edvel conferir a empresa que est\u00e1 oferecendo o servi\u00e7o mais barato, ou mais r\u00e1pido, para uma entrega entre as principais transportadoras do pa\u00eds.<br>Fa\u00e7a um teste em nosso <a href=\"https:\/\/melhorenvio.com.br\/blog\/sobre-nos\/melhor-envio-calculadora-de-frete\/\" target=\"_blank\" rel=\"noreferrer noopener\">Calculadora de Frete<\/a> e descubra agora mesmo a melhor condi\u00e7\u00e3o para a sua entrega.<\/p>\n\n\n<link rel=\"stylesheet\" href=\"https:\/\/melhorenvio.com.br\/blog\/wp-content\/themes\/jnews-child\/template-parts\/calculadora\/style.css\"><div class=\"calcBox\">\n    <h2 class=\"ttl\"><strong><span style=\"color: #00448c;\">Calculadora de Frete do Melhor Envio<\/span><\/strong><\/h2>\n    <h4 style=\"text-align: center;\"><span style=\"color: #00448c;\">Encontre o melhor frete para o seu envio<\/span><\/h4>\n    <p>&nbsp;<\/p>\n    <div class=\"wrapper_calc\">\n        <div class=\"boxForm\">\n            <form id=\"calculate\" action=\"javascript:;\" method=\"post\">\n                <div class=\"boxCeps\">\n                    <div class=\"boxCeps__cep\">\n                        <p><label for=\"from\">CEP de Origem<\/label><br \/>\n                            <input id=\"from\" class=\"form\" tabindex=\"1\" name=\"from\" required=\"required\" type=\"text\"\n                                placeholder=\"Digite o CEP\" data-label=\"CEP de Origem\"\n                                data-text=\"N\u00e3o sei meu CEP\" \/><br \/>\n                            <label class=\"hide\" for=\"from_select\">Capital de origem<\/label>\n                          \t<select id=\"from_select\" class=\"form hide\" tabindex=\"1\" name=\"\" data-label=\"Capital de origem\"\n                                data-text=\"Calcular usando CEP\">\n                                <option value=\"\">Selecione<\/option><!-- Op\u00e7\u00f5es de CEP -->\n                            <\/select>\n                        <\/p>\n                    <\/div>\n                    <div class=\"boxCeps__cep\">\n                        <p><label for=\"to\">CEP de Destino<\/label><br \/>\n                            <input id=\"to\" class=\"form\" tabindex=\"2\" name=\"to\" required=\"required\" type=\"text\"\n                                placeholder=\"Digite o CEP\" data-label=\"CEP de Destino\"\n                                data-text=\"Calcular selecionando a Capital\" \/><br \/>\n                          \t<label class=\"hide\" for=\"to_select\">Capital de destino<\/label> \n                          \t<select id=\"to_select\" class=\"form hide\" tabindex=\"2\" name=\"\" data-label=\"Capital de destino\"\n                                data-text=\"Calcular usando CEP\">\n                                <option value=\"\">Selecione<\/option><!-- Op\u00e7\u00f5es de CEP -->\n                            <\/select>\n                        <\/p>\n                    <\/div>\n                <\/div>\n                <div class=\"boxInfo\">\n                    <div><label for=\"input_altura\">Altura<\/label><br \/>\n                        <input id=\"input_altura\" class=\"form dimensions\" title=\"altura\" name=\"height\" required\n                            type=\"text\" value=\"4 cm\" \/>\n                    <\/div>\n                    <div><label for=\"input_largura\">Largura<\/label><br \/>\n                        <input id=\"input_largura\" class=\"form dimensions\" title=\"largura\" name=\"width\" required\n                            type=\"text\" value=\"12 cm\" \/>\n                    <\/div>\n                    <div><label for=\"input_comprimento\">Comprimento<\/label><br \/>\n                        <input id=\"input_comprimento\" class=\"form dimensions\" title=\"comprimento\" name=\"length\" required\n                            type=\"text\" value=\"17 cm\" \/>\n                    <\/div>\n                    <div><label for=\"input_peso\">Peso<\/label><br \/>\n                        <input id=\"input_peso\" class=\"form weight\" title=\"peso\" name=\"weight\" required type=\"text\"\n                            value=\"1,000 kg\" \/>\n                    <\/div>\n                    <div><label for=\"input_seguro\">Seguro<\/label><br \/>\n                        <input id=\"input_seguro\" class=\"form money\" title=\"valor do conte\u00fado\" name=\"declared_value\"\n                            type=\"text\" value=\"R$ 50,00\" \/>\n                    <\/div>\n                <\/div>\n                <div class=\"center\"><button class=\"btnCalc btn-calcular btn\" type=\"submit\">Calcular frete<\/button><\/div>\n            <\/form>\n        <\/div>\n    <\/div>\n    <div class=\"wrapper_calc boxResult\">\n        <div class=\"result\">\n            <table class=\"table\">\n                <colgroup>\n                    <col width=\"22%\" \/>\n                    <col width=\"20%\" \/>\n                    <col width=\"20%\" \/>\n                    <col width=\"15%\" \/>\n                <\/colgroup>\n                <thead>\n                    <tr>\n                        <td style=\"text-align: center;\">Transportadora<\/td>\n                        <td style=\"text-align: center;\">Modalidade de frete<\/td>\n                        <td style=\"text-align: center;\">Valor estimado do frete*<\/td>\n                        <td style=\"text-align: center;\">Prazo estimado<\/td>\n                    <\/tr>\n                <\/thead>\n                <tbody>\n                    <tr>\n                        <td>\n                            <a href=\"https:\/\/melhorenvio.com.br\/cadastre-se\">\n                                <img decoding=\"async\" src=\"https:\/\/www.melhorenvio.com.br\/images\/shipping-companies\/correios.png\"\n                                    alt=\"Correios\" \/>\n                            <\/a>\n                        <\/td>\n                        <td>SEDEX<\/td>\n                        <td><span class=\"price price--me\">R$ &#8212;<\/span><\/td>\n                        <td>&#8212;<\/td>\n                        <td>&#8212;<\/td>\n                    <\/tr>\n                    <tr>\n                        <td>\n                            <a href=\"https:\/\/melhorenvio.com.br\/cadastre-se\">\n                                <img decoding=\"async\" src=\"https:\/\/www.melhorenvio.com.br\/images\/shipping-companies\/jadlog.png\"\n                                    alt=\"Jadlog\" \/>\n                            <\/a>\n                        <\/td>\n                        <td>.Package<\/td>\n                        <td><span class=\"price price--me\">R$ &#8212;<\/span><\/td>\n                        <td>&#8212;<\/td>\n                        <td>&#8212;<\/td>\n                    <\/tr>\n                    <tr>\n                        <td>\n                            <a href=\"https:\/\/melhorenvio.com.br\/cadastre-se\">\n                                <img decoding=\"async\" src=\"https:\/\/www.melhorenvio.com.br\/images\/shipping-companies\/latamcargo.png\"\n                                    alt=\"LATAM Cargo\" \/>\n                            <\/a>\n                        <\/td>\n                        <td>\u00e9F\u00e1cil<\/td>\n                        <td><span class=\"price price--me\">R$ &#8212;<\/span><\/td>\n                        <td>&#8212;<\/td>\n                        <td>&#8212;<\/td>\n                    <\/tr>\n                    <tr>\n                        <td>\n                            <a href=\"https:\/\/melhorenvio.com.br\/cadastre-se\">\n                                <img decoding=\"async\" src=\"https:\/\/www.melhorenvio.com.br\/images\/shipping-companies\/azulcargo.png\"\n                                    alt=\"Azul Cargo Express\" \/>\n                            <\/a>\n                        <\/td>\n                        <td>Amanh\u00e3<\/td>\n                        <td><span class=\"price price--me\">R$ &#8212;<\/span><\/td>\n                        <td>&#8212;<\/td>\n                        <td>&#8212;<\/td>\n                    <\/tr>\n                <\/tbody>\n            <\/table>\n        <\/div>\n    <\/div>\n    <div class=\"wrapper_calc boxError hide\">\n        <p>N\u00e3o foi poss\u00edvel realizar essa cota\u00e7\u00e3o.Por gentileza, revise os par\u00e2metros informados.<\/p>\n    <\/div>\n<\/div>\n<script src=\"https:\/\/static.melhorenvio.com.br\/landing-pages\/share\/calculadora\/scripts.js\"><\/script>\n<span data-mce-type=\"bookmark\" style=\"display: inline-block; width: 0px; overflow: hidden; line-height: 0;\"\n    class=\"mce_SELRES_start\">\ufeff<\/span>\n\n\n\n<p>Para ter acesso a esses pre\u00e7os e condi\u00e7\u00f5es exclusivas \u00e9 s\u00f3 fazer o seu cadastro gratuito no Melhor Envio clicando no bot\u00e3o abaixo. Voc\u00ea n\u00e3o paga nada a mais pelo servi\u00e7o, apenas o valor do frete contratado!<\/p>\n\n\n\n<div class=\"wp-block-buttons is-content-justification-center is-layout-flex wp-container-core-buttons-is-layout-16018d1d wp-block-buttons-is-layout-flex\">\n<div class=\"wp-block-button\"><a class=\"wp-block-button__link has-background wp-element-button\" href=\"https:\/\/melhorenvio.com.br\/\" style=\"background-color:#00519d\" target=\"_blank\" rel=\"noreferrer noopener\">Envie suas encomendas mais barato usando o Melhor Envio<\/a><\/div>\n<\/div>\n\n\n\n<h2 class=\"wp-block-heading\">Confira outros materiais gratuitos que v\u00e3o ajudar no envio dos seus pedidos<\/h2>\n\n\n\n<ul class=\"wp-block-list\">\n<li><a href=\"https:\/\/melhorenvio.com.br\/blog\/frete-e-logistica\/autorizacao-de-retirada-correios\/\" target=\"_blank\" rel=\"noreferrer noopener\">Autoriza\u00e7\u00e3o de retirada Correios: modelo em PDF gr\u00e1tis<\/a><\/li>\n\n\n\n<li><a href=\"https:\/\/melhorenvio.com.br\/blog\/planner-2025-para-imprimir-e-digital-pdf-gratis\/\" target=\"_blank\" rel=\"noreferrer noopener\">Planner para imprimir gr\u00e1tis<\/a><\/li>\n\n\n\n<li><a href=\"https:\/\/melhorenvio.com.br\/blog\/financas\/planilha-de-controle-de-estoque-excel-gratis-para-imprimir\/\" target=\"_blank\" rel=\"noreferrer noopener\">Planilha de Controle de Estoque gr\u00e1tis para imprimir<\/a><\/li>\n\n\n\n<li><a href=\"https:\/\/melhorenvio.com.br\/blog\/frete-e-logistica\/declaracao-de-conteudo-correios\/\" target=\"_blank\" rel=\"noreferrer noopener\">Declara\u00e7\u00e3o de conte\u00fado em PDF e Word para download<\/a><\/li>\n<\/ul>\n","protected":false},"excerpt":{"rendered":"<p>Baixe gr\u00e1tis etiquetas do tipo &#8220;Cuidado Fr\u00e1gil&#8221;.<\/p>\n","protected":false},"author":51,"featured_media":47691,"comment_status":"closed","ping_status":"open","sticky":false,"template":"","format":"standard","meta":{"_acf_changed":false,"jnews-multi-image_gallery":[],"jnews_single_post":{"subtitle":"","format":"standard","video":"","gallery":"","source_name":"","source_url":"","via_name":"","via_url":"","override_template":"0","override":[{"template":"4","single_blog_custom":"","parallax":"1","fullscreen":"0","layout":"right-sidebar","sidebar":"home","second_sidebar":"default-sidebar","sticky_sidebar":"1","share_position":"float","share_float_style":"share-normal","show_share_counter":"1","show_view_counter":"1","show_featured":"1","show_post_meta":"1","show_post_author":"1","show_post_author_image":"1","show_post_date":"1","post_date_format":"default","post_date_format_custom":"Y\/m\/d","show_post_category":"1","show_post_reading_time":"0","post_reading_time_wpm":"300","show_zoom_button":"0","zoom_button_out_step":"2","zoom_button_in_step":"3","show_post_tag":"1","show_prev_next_post":"1","show_popup_post":"1","number_popup_post":"1","show_author_box":"0","show_post_related":"0","show_inline_post_related":"0"}],"override_image_size":"0","image_override":[{"single_post_thumbnail_size":"crop-500","single_post_gallery_size":"crop-500"}],"trending_post":"0","trending_post_position":"meta","trending_post_label":"Trending","sponsored_post":"0","sponsored_post_label":"Sponsored by","sponsored_post_name":"","sponsored_post_url":"","sponsored_post_logo_enable":"0","sponsored_post_logo":"","sponsored_post_desc":"","disable_ad":"0"},"jnews_primary_category":{"id":"","hide":""},"footnotes":""},"categories":[52],"tags":[560,561],"class_list":["post-47668","post","type-post","status-publish","format-standard","has-post-thumbnail","hentry","category-frete-e-logistica","tag-cuidado-fragil","tag-este-lado-para-cima"],"acf":[],"yoast_head":"<!-- This site is optimized with the Yoast SEO plugin v27.3 - https:\/\/yoast.com\/product\/yoast-seo-wordpress\/ -->\n<title>Cuidado Fr\u00e1gil Este lado para cima - Etiquetas gr\u00e1tis para imprimir<\/title>\n<meta name=\"description\" content=\"Baixe gr\u00e1tis etiqueta de \u201ccuidado fr\u00e1gil\u201d e \u201ceste lado para cima\u201d. Imprima e use esses adesivos no envio de suas encomendas.\" \/>\n<meta name=\"robots\" content=\"index, follow, max-snippet:-1, max-image-preview:large, max-video-preview:-1\" \/>\n<link rel=\"canonical\" href=\"https:\/\/melhorenvio.com.br\/blog\/frete-e-logistica\/cuidado-fragil-etiqueta\/\" \/>\n<meta property=\"og:locale\" content=\"pt_BR\" \/>\n<meta property=\"og:type\" content=\"article\" \/>\n<meta property=\"og:title\" content=\"Cuidado Fr\u00e1gil Este lado para cima - Etiquetas gr\u00e1tis para imprimir\" \/>\n<meta property=\"og:description\" content=\"Baixe gr\u00e1tis etiqueta de \u201ccuidado fr\u00e1gil\u201d e \u201ceste lado para cima\u201d. Imprima e use esses adesivos no envio de suas encomendas.\" \/>\n<meta property=\"og:url\" content=\"https:\/\/melhorenvio.com.br\/blog\/frete-e-logistica\/cuidado-fragil-etiqueta\/\" \/>\n<meta property=\"og:site_name\" content=\"Blog Melhor Envio\" \/>\n<meta property=\"article:publisher\" content=\"https:\/\/www.facebook.com\/MelhorEnvio\/\" \/>\n<meta property=\"article:published_time\" content=\"2023-11-07T16:17:30+00:00\" \/>\n<meta property=\"article:modified_time\" content=\"2026-04-08T19:24:29+00:00\" \/>\n<meta property=\"og:image\" content=\"https:\/\/melhorenvio.com.br\/blog\/wp-content\/uploads\/2023\/11\/Cuidado-fragil-este-lado-para-cima-destacada-Melhor-Envio.webp\" \/>\n\t<meta property=\"og:image:width\" content=\"2500\" \/>\n\t<meta property=\"og:image:height\" content=\"941\" \/>\n\t<meta property=\"og:image:type\" content=\"image\/webp\" \/>\n<meta name=\"author\" content=\"Thiago Soares\" \/>\n<meta name=\"twitter:card\" content=\"summary_large_image\" \/>\n<meta name=\"twitter:creator\" content=\"@melhorenvio\" \/>\n<meta name=\"twitter:site\" content=\"@melhorenvio\" \/>\n<meta name=\"twitter:label1\" content=\"Escrito por\" \/>\n\t<meta name=\"twitter:data1\" content=\"Thiago Soares\" \/>\n\t<meta name=\"twitter:label2\" content=\"Est. tempo de leitura\" \/>\n\t<meta name=\"twitter:data2\" content=\"4 minutos\" \/>\n<script type=\"application\/ld+json\" class=\"yoast-schema-graph\">{\"@context\":\"https:\\\/\\\/schema.org\",\"@graph\":[{\"@type\":\"Article\",\"@id\":\"https:\\\/\\\/melhorenvio.com.br\\\/blog\\\/frete-e-logistica\\\/cuidado-fragil-etiqueta\\\/#article\",\"isPartOf\":{\"@id\":\"https:\\\/\\\/melhorenvio.com.br\\\/blog\\\/frete-e-logistica\\\/cuidado-fragil-etiqueta\\\/\"},\"author\":{\"name\":\"Thiago Soares\",\"@id\":\"https:\\\/\\\/blog.melhorenvio.com.br\\\/#\\\/schema\\\/person\\\/380cc4e5bc565c2d87f20a567a8ff587\"},\"headline\":\"Cuidado fr\u00e1gil e Este Lado Para Cima: modelos de etiquetas para envio de encomendas\",\"datePublished\":\"2023-11-07T16:17:30+00:00\",\"dateModified\":\"2026-04-08T19:24:29+00:00\",\"mainEntityOfPage\":{\"@id\":\"https:\\\/\\\/melhorenvio.com.br\\\/blog\\\/frete-e-logistica\\\/cuidado-fragil-etiqueta\\\/\"},\"wordCount\":668,\"publisher\":{\"@id\":\"https:\\\/\\\/blog.melhorenvio.com.br\\\/#organization\"},\"image\":{\"@id\":\"https:\\\/\\\/melhorenvio.com.br\\\/blog\\\/frete-e-logistica\\\/cuidado-fragil-etiqueta\\\/#primaryimage\"},\"thumbnailUrl\":\"https:\\\/\\\/melhorenvio.com.br\\\/blog\\\/wp-content\\\/uploads\\\/2023\\\/11\\\/Cuidado-fragil-este-lado-para-cima-destacada-Melhor-Envio.webp\",\"keywords\":[\"cuidado fr\u00e1gil\",\"este lado para cima\"],\"articleSection\":[\"Frete e Log\u00edstica\"],\"inLanguage\":\"pt-BR\"},{\"@type\":\"WebPage\",\"@id\":\"https:\\\/\\\/melhorenvio.com.br\\\/blog\\\/frete-e-logistica\\\/cuidado-fragil-etiqueta\\\/\",\"url\":\"https:\\\/\\\/melhorenvio.com.br\\\/blog\\\/frete-e-logistica\\\/cuidado-fragil-etiqueta\\\/\",\"name\":\"Cuidado Fr\u00e1gil Este lado para cima - Etiquetas gr\u00e1tis para imprimir\",\"isPartOf\":{\"@id\":\"https:\\\/\\\/blog.melhorenvio.com.br\\\/#website\"},\"primaryImageOfPage\":{\"@id\":\"https:\\\/\\\/melhorenvio.com.br\\\/blog\\\/frete-e-logistica\\\/cuidado-fragil-etiqueta\\\/#primaryimage\"},\"image\":{\"@id\":\"https:\\\/\\\/melhorenvio.com.br\\\/blog\\\/frete-e-logistica\\\/cuidado-fragil-etiqueta\\\/#primaryimage\"},\"thumbnailUrl\":\"https:\\\/\\\/melhorenvio.com.br\\\/blog\\\/wp-content\\\/uploads\\\/2023\\\/11\\\/Cuidado-fragil-este-lado-para-cima-destacada-Melhor-Envio.webp\",\"datePublished\":\"2023-11-07T16:17:30+00:00\",\"dateModified\":\"2026-04-08T19:24:29+00:00\",\"description\":\"Baixe gr\u00e1tis etiqueta de \u201ccuidado fr\u00e1gil\u201d e \u201ceste lado para cima\u201d. Imprima e use esses adesivos no envio de suas encomendas.\",\"inLanguage\":\"pt-BR\",\"potentialAction\":[{\"@type\":\"ReadAction\",\"target\":[\"https:\\\/\\\/melhorenvio.com.br\\\/blog\\\/frete-e-logistica\\\/cuidado-fragil-etiqueta\\\/\"]}]},{\"@type\":\"ImageObject\",\"inLanguage\":\"pt-BR\",\"@id\":\"https:\\\/\\\/melhorenvio.com.br\\\/blog\\\/frete-e-logistica\\\/cuidado-fragil-etiqueta\\\/#primaryimage\",\"url\":\"https:\\\/\\\/melhorenvio.com.br\\\/blog\\\/wp-content\\\/uploads\\\/2023\\\/11\\\/Cuidado-fragil-este-lado-para-cima-destacada-Melhor-Envio.webp\",\"contentUrl\":\"https:\\\/\\\/melhorenvio.com.br\\\/blog\\\/wp-content\\\/uploads\\\/2023\\\/11\\\/Cuidado-fragil-este-lado-para-cima-destacada-Melhor-Envio.webp\",\"width\":2500,\"height\":941,\"caption\":\"Homem se apoiando em caixa de papel\u00e3o\"},{\"@type\":\"WebSite\",\"@id\":\"https:\\\/\\\/blog.melhorenvio.com.br\\\/#website\",\"url\":\"https:\\\/\\\/blog.melhorenvio.com.br\\\/\",\"name\":\"Blog Melhor Envio\",\"description\":\"Aprenda a economizar na gest\u00e3o de fretes\",\"publisher\":{\"@id\":\"https:\\\/\\\/blog.melhorenvio.com.br\\\/#organization\"},\"alternateName\":\"Blog do Melhor Envio\",\"potentialAction\":[{\"@type\":\"SearchAction\",\"target\":{\"@type\":\"EntryPoint\",\"urlTemplate\":\"https:\\\/\\\/blog.melhorenvio.com.br\\\/?s={search_term_string}\"},\"query-input\":{\"@type\":\"PropertyValueSpecification\",\"valueRequired\":true,\"valueName\":\"search_term_string\"}}],\"inLanguage\":\"pt-BR\"},{\"@type\":\"Organization\",\"@id\":\"https:\\\/\\\/blog.melhorenvio.com.br\\\/#organization\",\"name\":\"Melhor Envio\",\"alternateName\":\"Melhor Envio\",\"url\":\"https:\\\/\\\/blog.melhorenvio.com.br\\\/\",\"logo\":{\"@type\":\"ImageObject\",\"inLanguage\":\"pt-BR\",\"@id\":\"https:\\\/\\\/blog.melhorenvio.com.br\\\/#\\\/schema\\\/logo\\\/image\\\/\",\"url\":\"https:\\\/\\\/melhorenvio.com.br\\\/blog\\\/wp-content\\\/uploads\\\/2022\\\/12\\\/blog-logo-melhor-envio.webp\",\"contentUrl\":\"https:\\\/\\\/melhorenvio.com.br\\\/blog\\\/wp-content\\\/uploads\\\/2022\\\/12\\\/blog-logo-melhor-envio.webp\",\"width\":188,\"height\":96,\"caption\":\"Melhor Envio\"},\"image\":{\"@id\":\"https:\\\/\\\/blog.melhorenvio.com.br\\\/#\\\/schema\\\/logo\\\/image\\\/\"},\"sameAs\":[\"https:\\\/\\\/www.facebook.com\\\/MelhorEnvio\\\/\",\"https:\\\/\\\/x.com\\\/melhorenvio\",\"https:\\\/\\\/www.instagram.com\\\/melhorenvio\",\"https:\\\/\\\/www.youtube.com\\\/melhorenviooficial\",\"https:\\\/\\\/br.linkedin.com\\\/company\\\/melhorenvio\"]},{\"@type\":\"Person\",\"@id\":\"https:\\\/\\\/blog.melhorenvio.com.br\\\/#\\\/schema\\\/person\\\/380cc4e5bc565c2d87f20a567a8ff587\",\"name\":\"Thiago Soares\",\"image\":{\"@type\":\"ImageObject\",\"inLanguage\":\"pt-BR\",\"@id\":\"https:\\\/\\\/secure.gravatar.com\\\/avatar\\\/37146dedea0642b5bd93475a3a6131ef2d4889187a2e0517464ed0f537281610?s=96&d=mm&r=g\",\"url\":\"https:\\\/\\\/secure.gravatar.com\\\/avatar\\\/37146dedea0642b5bd93475a3a6131ef2d4889187a2e0517464ed0f537281610?s=96&d=mm&r=g\",\"contentUrl\":\"https:\\\/\\\/secure.gravatar.com\\\/avatar\\\/37146dedea0642b5bd93475a3a6131ef2d4889187a2e0517464ed0f537281610?s=96&d=mm&r=g\",\"caption\":\"Thiago Soares\"},\"description\":\"Especialista em conte\u00fado para e-commerce formado em Letras pela UERJ e com MBA em Marketing pela USP\\\/Esalq. Conta com mais de 12 anos de experi\u00eancia em produ\u00e7\u00e3o de conte\u00fado para grandes marcas do mercado nacional como Buscap\u00e9, Tray, Zoom, Bagy e outras. Atualmente, tem como prop\u00f3sito ajudar lojistas, de todos os tamanhos, a vender mais pela internet. Para isso, atua na equipe de produ\u00e7\u00e3o de conte\u00fado do Melhor Envio, plataforma digital que est\u00e1 revolucionando a log\u00edstica para e-commerce.\",\"sameAs\":[\"https:\\\/\\\/br.linkedin.com\\\/in\\\/thiago-rocha-soares\"],\"url\":\"https:\\\/\\\/melhorenvio.com.br\\\/blog\\\/author\\\/thiago-soares\\\/\"}]}<\/script>\n<!-- \/ Yoast SEO plugin. -->","yoast_head_json":{"title":"Cuidado Fr\u00e1gil Este lado para cima - Etiquetas gr\u00e1tis para imprimir","description":"Baixe gr\u00e1tis etiqueta de \u201ccuidado fr\u00e1gil\u201d e \u201ceste lado para cima\u201d. Imprima e use esses adesivos no envio de suas encomendas.","robots":{"index":"index","follow":"follow","max-snippet":"max-snippet:-1","max-image-preview":"max-image-preview:large","max-video-preview":"max-video-preview:-1"},"canonical":"https:\/\/melhorenvio.com.br\/blog\/frete-e-logistica\/cuidado-fragil-etiqueta\/","og_locale":"pt_BR","og_type":"article","og_title":"Cuidado Fr\u00e1gil Este lado para cima - Etiquetas gr\u00e1tis para imprimir","og_description":"Baixe gr\u00e1tis etiqueta de \u201ccuidado fr\u00e1gil\u201d e \u201ceste lado para cima\u201d. Imprima e use esses adesivos no envio de suas encomendas.","og_url":"https:\/\/melhorenvio.com.br\/blog\/frete-e-logistica\/cuidado-fragil-etiqueta\/","og_site_name":"Blog Melhor Envio","article_publisher":"https:\/\/www.facebook.com\/MelhorEnvio\/","article_published_time":"2023-11-07T16:17:30+00:00","article_modified_time":"2026-04-08T19:24:29+00:00","og_image":[{"width":2500,"height":941,"url":"https:\/\/melhorenvio.com.br\/blog\/wp-content\/uploads\/2023\/11\/Cuidado-fragil-este-lado-para-cima-destacada-Melhor-Envio.webp","type":"image\/webp"}],"author":"Thiago Soares","twitter_card":"summary_large_image","twitter_creator":"@melhorenvio","twitter_site":"@melhorenvio","twitter_misc":{"Escrito por":"Thiago Soares","Est. tempo de leitura":"4 minutos"},"schema":{"@context":"https:\/\/schema.org","@graph":[{"@type":"Article","@id":"https:\/\/melhorenvio.com.br\/blog\/frete-e-logistica\/cuidado-fragil-etiqueta\/#article","isPartOf":{"@id":"https:\/\/melhorenvio.com.br\/blog\/frete-e-logistica\/cuidado-fragil-etiqueta\/"},"author":{"name":"Thiago Soares","@id":"https:\/\/blog.melhorenvio.com.br\/#\/schema\/person\/380cc4e5bc565c2d87f20a567a8ff587"},"headline":"Cuidado fr\u00e1gil e Este Lado Para Cima: modelos de etiquetas para envio de encomendas","datePublished":"2023-11-07T16:17:30+00:00","dateModified":"2026-04-08T19:24:29+00:00","mainEntityOfPage":{"@id":"https:\/\/melhorenvio.com.br\/blog\/frete-e-logistica\/cuidado-fragil-etiqueta\/"},"wordCount":668,"publisher":{"@id":"https:\/\/blog.melhorenvio.com.br\/#organization"},"image":{"@id":"https:\/\/melhorenvio.com.br\/blog\/frete-e-logistica\/cuidado-fragil-etiqueta\/#primaryimage"},"thumbnailUrl":"https:\/\/melhorenvio.com.br\/blog\/wp-content\/uploads\/2023\/11\/Cuidado-fragil-este-lado-para-cima-destacada-Melhor-Envio.webp","keywords":["cuidado fr\u00e1gil","este lado para cima"],"articleSection":["Frete e Log\u00edstica"],"inLanguage":"pt-BR"},{"@type":"WebPage","@id":"https:\/\/melhorenvio.com.br\/blog\/frete-e-logistica\/cuidado-fragil-etiqueta\/","url":"https:\/\/melhorenvio.com.br\/blog\/frete-e-logistica\/cuidado-fragil-etiqueta\/","name":"Cuidado Fr\u00e1gil Este lado para cima - Etiquetas gr\u00e1tis para imprimir","isPartOf":{"@id":"https:\/\/blog.melhorenvio.com.br\/#website"},"primaryImageOfPage":{"@id":"https:\/\/melhorenvio.com.br\/blog\/frete-e-logistica\/cuidado-fragil-etiqueta\/#primaryimage"},"image":{"@id":"https:\/\/melhorenvio.com.br\/blog\/frete-e-logistica\/cuidado-fragil-etiqueta\/#primaryimage"},"thumbnailUrl":"https:\/\/melhorenvio.com.br\/blog\/wp-content\/uploads\/2023\/11\/Cuidado-fragil-este-lado-para-cima-destacada-Melhor-Envio.webp","datePublished":"2023-11-07T16:17:30+00:00","dateModified":"2026-04-08T19:24:29+00:00","description":"Baixe gr\u00e1tis etiqueta de \u201ccuidado fr\u00e1gil\u201d e \u201ceste lado para cima\u201d. Imprima e use esses adesivos no envio de suas encomendas.","inLanguage":"pt-BR","potentialAction":[{"@type":"ReadAction","target":["https:\/\/melhorenvio.com.br\/blog\/frete-e-logistica\/cuidado-fragil-etiqueta\/"]}]},{"@type":"ImageObject","inLanguage":"pt-BR","@id":"https:\/\/melhorenvio.com.br\/blog\/frete-e-logistica\/cuidado-fragil-etiqueta\/#primaryimage","url":"https:\/\/melhorenvio.com.br\/blog\/wp-content\/uploads\/2023\/11\/Cuidado-fragil-este-lado-para-cima-destacada-Melhor-Envio.webp","contentUrl":"https:\/\/melhorenvio.com.br\/blog\/wp-content\/uploads\/2023\/11\/Cuidado-fragil-este-lado-para-cima-destacada-Melhor-Envio.webp","width":2500,"height":941,"caption":"Homem se apoiando em caixa de papel\u00e3o"},{"@type":"WebSite","@id":"https:\/\/blog.melhorenvio.com.br\/#website","url":"https:\/\/blog.melhorenvio.com.br\/","name":"Blog Melhor Envio","description":"Aprenda a economizar na gest\u00e3o de fretes","publisher":{"@id":"https:\/\/blog.melhorenvio.com.br\/#organization"},"alternateName":"Blog do Melhor Envio","potentialAction":[{"@type":"SearchAction","target":{"@type":"EntryPoint","urlTemplate":"https:\/\/blog.melhorenvio.com.br\/?s={search_term_string}"},"query-input":{"@type":"PropertyValueSpecification","valueRequired":true,"valueName":"search_term_string"}}],"inLanguage":"pt-BR"},{"@type":"Organization","@id":"https:\/\/blog.melhorenvio.com.br\/#organization","name":"Melhor Envio","alternateName":"Melhor Envio","url":"https:\/\/blog.melhorenvio.com.br\/","logo":{"@type":"ImageObject","inLanguage":"pt-BR","@id":"https:\/\/blog.melhorenvio.com.br\/#\/schema\/logo\/image\/","url":"https:\/\/melhorenvio.com.br\/blog\/wp-content\/uploads\/2022\/12\/blog-logo-melhor-envio.webp","contentUrl":"https:\/\/melhorenvio.com.br\/blog\/wp-content\/uploads\/2022\/12\/blog-logo-melhor-envio.webp","width":188,"height":96,"caption":"Melhor Envio"},"image":{"@id":"https:\/\/blog.melhorenvio.com.br\/#\/schema\/logo\/image\/"},"sameAs":["https:\/\/www.facebook.com\/MelhorEnvio\/","https:\/\/x.com\/melhorenvio","https:\/\/www.instagram.com\/melhorenvio","https:\/\/www.youtube.com\/melhorenviooficial","https:\/\/br.linkedin.com\/company\/melhorenvio"]},{"@type":"Person","@id":"https:\/\/blog.melhorenvio.com.br\/#\/schema\/person\/380cc4e5bc565c2d87f20a567a8ff587","name":"Thiago Soares","image":{"@type":"ImageObject","inLanguage":"pt-BR","@id":"https:\/\/secure.gravatar.com\/avatar\/37146dedea0642b5bd93475a3a6131ef2d4889187a2e0517464ed0f537281610?s=96&d=mm&r=g","url":"https:\/\/secure.gravatar.com\/avatar\/37146dedea0642b5bd93475a3a6131ef2d4889187a2e0517464ed0f537281610?s=96&d=mm&r=g","contentUrl":"https:\/\/secure.gravatar.com\/avatar\/37146dedea0642b5bd93475a3a6131ef2d4889187a2e0517464ed0f537281610?s=96&d=mm&r=g","caption":"Thiago Soares"},"description":"Especialista em conte\u00fado para e-commerce formado em Letras pela UERJ e com MBA em Marketing pela USP\/Esalq. Conta com mais de 12 anos de experi\u00eancia em produ\u00e7\u00e3o de conte\u00fado para grandes marcas do mercado nacional como Buscap\u00e9, Tray, Zoom, Bagy e outras. Atualmente, tem como prop\u00f3sito ajudar lojistas, de todos os tamanhos, a vender mais pela internet. Para isso, atua na equipe de produ\u00e7\u00e3o de conte\u00fado do Melhor Envio, plataforma digital que est\u00e1 revolucionando a log\u00edstica para e-commerce.","sameAs":["https:\/\/br.linkedin.com\/in\/thiago-rocha-soares"],"url":"https:\/\/melhorenvio.com.br\/blog\/author\/thiago-soares\/"}]}},"_links":{"self":[{"href":"https:\/\/melhorenvio.com.br\/blog\/wp-json\/wp\/v2\/posts\/47668","targetHints":{"allow":["GET"]}}],"collection":[{"href":"https:\/\/melhorenvio.com.br\/blog\/wp-json\/wp\/v2\/posts"}],"about":[{"href":"https:\/\/melhorenvio.com.br\/blog\/wp-json\/wp\/v2\/types\/post"}],"author":[{"embeddable":true,"href":"https:\/\/melhorenvio.com.br\/blog\/wp-json\/wp\/v2\/users\/51"}],"replies":[{"embeddable":true,"href":"https:\/\/melhorenvio.com.br\/blog\/wp-json\/wp\/v2\/comments?post=47668"}],"version-history":[{"count":23,"href":"https:\/\/melhorenvio.com.br\/blog\/wp-json\/wp\/v2\/posts\/47668\/revisions"}],"predecessor-version":[{"id":59391,"href":"https:\/\/melhorenvio.com.br\/blog\/wp-json\/wp\/v2\/posts\/47668\/revisions\/59391"}],"wp:featuredmedia":[{"embeddable":true,"href":"https:\/\/melhorenvio.com.br\/blog\/wp-json\/wp\/v2\/media\/47691"}],"wp:attachment":[{"href":"https:\/\/melhorenvio.com.br\/blog\/wp-json\/wp\/v2\/media?parent=47668"}],"wp:term":[{"taxonomy":"category","embeddable":true,"href":"https:\/\/melhorenvio.com.br\/blog\/wp-json\/wp\/v2\/categories?post=47668"},{"taxonomy":"post_tag","embeddable":true,"href":"https:\/\/melhorenvio.com.br\/blog\/wp-json\/wp\/v2\/tags?post=47668"}],"curies":[{"name":"wp","href":"https:\/\/api.w.org\/{rel}","templated":true}]}}