{"id":48753,"date":"2024-04-02T18:06:02","date_gmt":"2024-04-02T21:06:02","guid":{"rendered":"https:\/\/blog.melhorenvio.com.br\/?p=48753"},"modified":"2025-11-13T15:01:49","modified_gmt":"2025-11-13T18:01:49","slug":"reajuste-preco-correios-2024","status":"publish","type":"post","link":"https:\/\/melhorenvio.com.br\/blog\/frete-e-logistica\/reajuste-preco-correios-2024\/","title":{"rendered":"Correios: novas tarifas de PAC, SEDEX e Mini Envios entram em vigor dia 3 de abril"},"content":{"rendered":"\n<p>A partir do dia 3 de abril, os servi\u00e7os de transporte de encomendas dos Correios ter\u00e3o uma nova <a href=\"https:\/\/melhorenvio.com.br\/blog\/frete-e-logistica\/correios-precos-e-prazos\/\" target=\"_blank\" rel=\"noreferrer noopener\">tabela de pre\u00e7os<\/a>, com reajuste das tarifas. Segundo a empresa, PAC, SEDEX e Mini Envios, entre outras modalidades, ter\u00e3o um aumento de 4,62%.<\/p>\n\n\n\n<p>As novas tarifas tamb\u00e9m ser\u00e3o aplicadas na cobran\u00e7a de servi\u00e7os adicionais, como <a href=\"https:\/\/melhorenvio.com.br\/blog\/frete-e-logistica\/ar-correios\/\" target=\"_blank\" rel=\"noreferrer noopener\">AR &#8211; Aviso de Recebimento<\/a> e <a href=\"https:\/\/melhorenvio.com.br\/blog\/frete-e-logistica\/pac-correios\/\" target=\"_blank\" rel=\"noreferrer noopener\">M\u00e3o Pr\u00f3pria<\/a>, dispon\u00edveis na gera\u00e7\u00e3o de etiquetas dos Correios pelo Melhor Envio.<\/p>\n\n\n\n<p>Ainda de acordo com a transportadora, o \u00faltimo reajuste desses servi\u00e7os foi realizado em 2020, e a nova tabela, de 2024, foi aplicada de acordo com o IPCA &#8211; \u00cdndice Nacional de Pre\u00e7os ao Consumidor Amplo, de 2023.&nbsp;<\/p>\n\n\n\n<p>O IPCA \u00e9 um dos \u00edndices de infla\u00e7\u00e3o mais usados no Brasil, e costuma ser aplicado em outros reajustes, como valores de aluguel de im\u00f3veis, por exemplo. A varia\u00e7\u00e3o tamb\u00e9m serviu como base para mudan\u00e7as de tarifas em outros servi\u00e7os dos Correios, como envio de encomendas internacionais (que ter\u00e1 aumento de 5,67%) e servi\u00e7os postais nacionais e internacionais prestados sob regime de exclusividade (com reajuste de 4,39%).<\/p>\n\n\n\n<h2 class=\"wp-block-heading\">Frete dos Correios e outras transportadoras mais barato no Melhor Envio<\/h2>\n\n\n\n<p>Quem vende pela internet sabe que o valor do frete \u00e9 um dos grandes fatores de decis\u00e3o de compra do consumidor, e que, quanto mais barato o frete, maiores as chances da compra ser finalizada.<\/p>\n\n\n\n<p>Outra informa\u00e7\u00e3o que n\u00e3o vai ser surpresa para ningu\u00e9m \u00e9 que os servi\u00e7os de PAC e SEDEX dos <a href=\"https:\/\/melhorenvio.com.br\/blog\/frete-e-logistica\/quanto-custa-enviar-encomenda-pelos-correio\/\" target=\"_blank\" rel=\"noreferrer noopener\">Correios<\/a> est\u00e3o entre os mais usados no e-commerce.<\/p>\n\n\n\n<p>Mas umas das dicas de frete mais importantes para lojistas virtuais \u00e9 oferecer servi\u00e7os de entregas variados, unindo modalidades expressas e econ\u00f4micas de diferentes transportadoras. E acredite, ningu\u00e9m precisa ter contratos burocr\u00e1ticos com diferentes empresas para oferecer mais op\u00e7\u00f5es de entregas.<\/p>\n\n\n\n<p>No Melhor Envio voc\u00ea encontra os melhores pre\u00e7os e prazos de sete transportadoras, com condi\u00e7\u00f5es de frete exclusivas nos Correios e empresas privadas, permitindo que consumidores de todo o Brasil tenham acesso \u00e0 melhor alternativa de entrega, seja para quem quer pagar menos ou para quem quer ter os produtos em m\u00e3os o mais r\u00e1pido poss\u00edvel.<br><\/p>\n\n\n\n<p>Al\u00e9m disso, o Melhor Envio \u00e9 uma plataforma log\u00edstica completa, que acompanha o lojista n\u00e3o s\u00f3 na cota\u00e7\u00e3o dos melhores pre\u00e7os e prazos de frete, mas tamb\u00e9m na gest\u00e3o e organiza\u00e7\u00e3o das entregas, no suporte ao lojista nas tratativas junto \u00e0s transportadoras e at\u00e9 no rastreamento de cada encomenda, at\u00e9 a chegada no endere\u00e7o do consumidor. Sem falar nas integra\u00e7\u00f5es com mais de 80 plataformas de e-commerces, marketplaces e ERPS e nos mais de 1.000 pontos de postagens espalhados por todo o pa\u00eds, para que todo o processo de envio de encomendas seja simples e conveniente para o lojista.<\/p>\n\n\n\n<p>A melhor parte \u00e9 que todos os servi\u00e7os do Melhor Envio s\u00e3o gratuitos e n\u00e3o dependem de contratos burocr\u00e1ticos ou pagamento de assinaturas e taxas extras. Ou seja, o lojista paga apenas os valores dos fretes contratados pela plataforma.<\/p>\n\n\n\n<div class=\"wp-block-buttons is-content-justification-center is-layout-flex wp-container-core-buttons-is-layout-16018d1d wp-block-buttons-is-layout-flex\">\n<div class=\"wp-block-button\"><a class=\"wp-block-button__link has-background wp-element-button\" href=\"https:\/\/melhorenvio.com.br\/\" style=\"background-color:#00519d\" target=\"_blank\" rel=\"noreferrer noopener\">Tenha todas as vantagens do Melhor Envio<\/a><\/div>\n<\/div>\n","protected":false},"excerpt":{"rendered":"<p>O reajuste de 4,62% levou em considera\u00e7\u00e3o o IPCA de Janeiro a Dezembro de 2023.<\/p>\n","protected":false},"author":4,"featured_media":48755,"comment_status":"closed","ping_status":"open","sticky":false,"template":"","format":"standard","meta":{"_acf_changed":false,"jnews-multi-image_gallery":[],"jnews_single_post":{"subtitle":"","format":"standard","video":"","gallery":"","source_name":"","source_url":"","via_name":"","via_url":"","override_template":"0","override":[{"template":"4","single_blog_custom":"","parallax":"1","fullscreen":"0","layout":"right-sidebar","sidebar":"home","second_sidebar":"default-sidebar","sticky_sidebar":"1","share_position":"float","share_float_style":"share-normal","show_share_counter":"1","show_view_counter":"1","show_featured":"1","show_post_meta":"1","show_post_author":"1","show_post_author_image":"1","show_post_date":"1","post_date_format":"default","post_date_format_custom":"Y\/m\/d","show_post_category":"1","show_post_reading_time":"0","post_reading_time_wpm":"300","show_zoom_button":"0","zoom_button_out_step":"2","zoom_button_in_step":"3","show_post_tag":"1","show_prev_next_post":"1","show_popup_post":"1","number_popup_post":"1","show_author_box":"0","show_post_related":"0","show_inline_post_related":"0"}],"override_image_size":"0","image_override":[{"single_post_thumbnail_size":"crop-500","single_post_gallery_size":"crop-500"}],"trending_post":"0","trending_post_position":"meta","trending_post_label":"Trending","sponsored_post":"0","sponsored_post_label":"Sponsored by","sponsored_post_name":"","sponsored_post_url":"","sponsored_post_logo_enable":"0","sponsored_post_logo":"","sponsored_post_desc":"","disable_ad":"0"},"jnews_primary_category":{"id":"","hide":""},"footnotes":""},"categories":[52],"tags":[479],"class_list":["post-48753","post","type-post","status-publish","format-standard","has-post-thumbnail","hentry","category-frete-e-logistica","tag-correios"],"acf":[],"yoast_head":"<!-- This site is optimized with the Yoast SEO plugin v27.3 - https:\/\/yoast.com\/product\/yoast-seo-wordpress\/ -->\n<title>Correios: novas tarifas de PAC, SEDEX e Mini Envios<\/title>\n<meta name=\"description\" content=\"Novas tarifas dos Correios entram em vigor no dia 3 de abril de 2024, e valem para PAC, SEDEX, Mini Envios e outros servi\u00e7os.\" \/>\n<meta name=\"robots\" content=\"index, follow, max-snippet:-1, max-image-preview:large, max-video-preview:-1\" \/>\n<link rel=\"canonical\" href=\"https:\/\/melhorenvio.com.br\/blog\/frete-e-logistica\/reajuste-preco-correios-2024\/\" \/>\n<meta property=\"og:locale\" content=\"pt_BR\" \/>\n<meta property=\"og:type\" content=\"article\" \/>\n<meta property=\"og:title\" content=\"Correios: novas tarifas de PAC, SEDEX e Mini Envios\" \/>\n<meta property=\"og:description\" content=\"Novas tarifas dos Correios entram em vigor no dia 3 de abril de 2024, e valem para PAC, SEDEX, Mini Envios e outros servi\u00e7os.\" \/>\n<meta property=\"og:url\" content=\"https:\/\/melhorenvio.com.br\/blog\/frete-e-logistica\/reajuste-preco-correios-2024\/\" \/>\n<meta property=\"og:site_name\" content=\"Blog Melhor Envio\" \/>\n<meta property=\"article:publisher\" content=\"https:\/\/www.facebook.com\/MelhorEnvio\/\" \/>\n<meta property=\"article:published_time\" content=\"2024-04-02T21:06:02+00:00\" \/>\n<meta property=\"article:modified_time\" content=\"2025-11-13T18:01:49+00:00\" \/>\n<meta property=\"og:image\" content=\"https:\/\/melhorenvio.com.br\/blog\/wp-content\/uploads\/2024\/04\/BLOG_imagem_capa_artigo-2024_1.jpg\" \/>\n\t<meta property=\"og:image:width\" content=\"2500\" \/>\n\t<meta property=\"og:image:height\" content=\"941\" \/>\n\t<meta property=\"og:image:type\" content=\"image\/jpeg\" \/>\n<meta name=\"author\" content=\"L\u00edvia Antunes\" \/>\n<meta name=\"twitter:card\" content=\"summary_large_image\" \/>\n<meta name=\"twitter:creator\" content=\"@melhorenvio\" \/>\n<meta name=\"twitter:site\" content=\"@melhorenvio\" \/>\n<meta name=\"twitter:label1\" content=\"Escrito por\" \/>\n\t<meta name=\"twitter:data1\" content=\"L\u00edvia Antunes\" \/>\n\t<meta name=\"twitter:label2\" content=\"Est. tempo de leitura\" \/>\n\t<meta name=\"twitter:data2\" content=\"3 minutos\" \/>\n<script type=\"application\/ld+json\" class=\"yoast-schema-graph\">{\"@context\":\"https:\\\/\\\/schema.org\",\"@graph\":[{\"@type\":\"Article\",\"@id\":\"https:\\\/\\\/melhorenvio.com.br\\\/blog\\\/frete-e-logistica\\\/reajuste-preco-correios-2024\\\/#article\",\"isPartOf\":{\"@id\":\"https:\\\/\\\/melhorenvio.com.br\\\/blog\\\/frete-e-logistica\\\/reajuste-preco-correios-2024\\\/\"},\"author\":{\"name\":\"L\u00edvia Antunes\",\"@id\":\"https:\\\/\\\/blog.melhorenvio.com.br\\\/#\\\/schema\\\/person\\\/b3bb8c0acfa3485936634cfdf6f7b3d1\"},\"headline\":\"Correios: novas tarifas de PAC, SEDEX e Mini Envios entram em vigor dia 3 de abril\",\"datePublished\":\"2024-04-02T21:06:02+00:00\",\"dateModified\":\"2025-11-13T18:01:49+00:00\",\"mainEntityOfPage\":{\"@id\":\"https:\\\/\\\/melhorenvio.com.br\\\/blog\\\/frete-e-logistica\\\/reajuste-preco-correios-2024\\\/\"},\"wordCount\":542,\"publisher\":{\"@id\":\"https:\\\/\\\/blog.melhorenvio.com.br\\\/#organization\"},\"image\":{\"@id\":\"https:\\\/\\\/melhorenvio.com.br\\\/blog\\\/frete-e-logistica\\\/reajuste-preco-correios-2024\\\/#primaryimage\"},\"thumbnailUrl\":\"https:\\\/\\\/melhorenvio.com.br\\\/blog\\\/wp-content\\\/uploads\\\/2024\\\/04\\\/BLOG_imagem_capa_artigo-2024_1.jpg\",\"keywords\":[\"Correios\"],\"articleSection\":[\"Frete e Log\u00edstica\"],\"inLanguage\":\"pt-BR\"},{\"@type\":\"WebPage\",\"@id\":\"https:\\\/\\\/melhorenvio.com.br\\\/blog\\\/frete-e-logistica\\\/reajuste-preco-correios-2024\\\/\",\"url\":\"https:\\\/\\\/melhorenvio.com.br\\\/blog\\\/frete-e-logistica\\\/reajuste-preco-correios-2024\\\/\",\"name\":\"Correios: novas tarifas de PAC, SEDEX e Mini Envios\",\"isPartOf\":{\"@id\":\"https:\\\/\\\/blog.melhorenvio.com.br\\\/#website\"},\"primaryImageOfPage\":{\"@id\":\"https:\\\/\\\/melhorenvio.com.br\\\/blog\\\/frete-e-logistica\\\/reajuste-preco-correios-2024\\\/#primaryimage\"},\"image\":{\"@id\":\"https:\\\/\\\/melhorenvio.com.br\\\/blog\\\/frete-e-logistica\\\/reajuste-preco-correios-2024\\\/#primaryimage\"},\"thumbnailUrl\":\"https:\\\/\\\/melhorenvio.com.br\\\/blog\\\/wp-content\\\/uploads\\\/2024\\\/04\\\/BLOG_imagem_capa_artigo-2024_1.jpg\",\"datePublished\":\"2024-04-02T21:06:02+00:00\",\"dateModified\":\"2025-11-13T18:01:49+00:00\",\"description\":\"Novas tarifas dos Correios entram em vigor no dia 3 de abril de 2024, e valem para PAC, SEDEX, Mini Envios e outros servi\u00e7os.\",\"inLanguage\":\"pt-BR\",\"potentialAction\":[{\"@type\":\"ReadAction\",\"target\":[\"https:\\\/\\\/melhorenvio.com.br\\\/blog\\\/frete-e-logistica\\\/reajuste-preco-correios-2024\\\/\"]}]},{\"@type\":\"ImageObject\",\"inLanguage\":\"pt-BR\",\"@id\":\"https:\\\/\\\/melhorenvio.com.br\\\/blog\\\/frete-e-logistica\\\/reajuste-preco-correios-2024\\\/#primaryimage\",\"url\":\"https:\\\/\\\/melhorenvio.com.br\\\/blog\\\/wp-content\\\/uploads\\\/2024\\\/04\\\/BLOG_imagem_capa_artigo-2024_1.jpg\",\"contentUrl\":\"https:\\\/\\\/melhorenvio.com.br\\\/blog\\\/wp-content\\\/uploads\\\/2024\\\/04\\\/BLOG_imagem_capa_artigo-2024_1.jpg\",\"width\":2500,\"height\":941,\"caption\":\"novos pre\u00e7os correios\"},{\"@type\":\"WebSite\",\"@id\":\"https:\\\/\\\/blog.melhorenvio.com.br\\\/#website\",\"url\":\"https:\\\/\\\/blog.melhorenvio.com.br\\\/\",\"name\":\"Blog Melhor Envio\",\"description\":\"Aprenda a economizar na gest\u00e3o de fretes\",\"publisher\":{\"@id\":\"https:\\\/\\\/blog.melhorenvio.com.br\\\/#organization\"},\"alternateName\":\"Blog do Melhor Envio\",\"potentialAction\":[{\"@type\":\"SearchAction\",\"target\":{\"@type\":\"EntryPoint\",\"urlTemplate\":\"https:\\\/\\\/blog.melhorenvio.com.br\\\/?s={search_term_string}\"},\"query-input\":{\"@type\":\"PropertyValueSpecification\",\"valueRequired\":true,\"valueName\":\"search_term_string\"}}],\"inLanguage\":\"pt-BR\"},{\"@type\":\"Organization\",\"@id\":\"https:\\\/\\\/blog.melhorenvio.com.br\\\/#organization\",\"name\":\"Melhor Envio\",\"alternateName\":\"Melhor Envio\",\"url\":\"https:\\\/\\\/blog.melhorenvio.com.br\\\/\",\"logo\":{\"@type\":\"ImageObject\",\"inLanguage\":\"pt-BR\",\"@id\":\"https:\\\/\\\/blog.melhorenvio.com.br\\\/#\\\/schema\\\/logo\\\/image\\\/\",\"url\":\"https:\\\/\\\/melhorenvio.com.br\\\/blog\\\/wp-content\\\/uploads\\\/2022\\\/12\\\/blog-logo-melhor-envio.webp\",\"contentUrl\":\"https:\\\/\\\/melhorenvio.com.br\\\/blog\\\/wp-content\\\/uploads\\\/2022\\\/12\\\/blog-logo-melhor-envio.webp\",\"width\":188,\"height\":96,\"caption\":\"Melhor Envio\"},\"image\":{\"@id\":\"https:\\\/\\\/blog.melhorenvio.com.br\\\/#\\\/schema\\\/logo\\\/image\\\/\"},\"sameAs\":[\"https:\\\/\\\/www.facebook.com\\\/MelhorEnvio\\\/\",\"https:\\\/\\\/x.com\\\/melhorenvio\",\"https:\\\/\\\/www.instagram.com\\\/melhorenvio\",\"https:\\\/\\\/www.youtube.com\\\/melhorenviooficial\",\"https:\\\/\\\/br.linkedin.com\\\/company\\\/melhorenvio\"]},{\"@type\":\"Person\",\"@id\":\"https:\\\/\\\/blog.melhorenvio.com.br\\\/#\\\/schema\\\/person\\\/b3bb8c0acfa3485936634cfdf6f7b3d1\",\"name\":\"L\u00edvia Antunes\",\"image\":{\"@type\":\"ImageObject\",\"inLanguage\":\"pt-BR\",\"@id\":\"https:\\\/\\\/secure.gravatar.com\\\/avatar\\\/b4371aaec9b22d3f7894a81a8904f3fcd953408383fc2f510b2fb203e46b2ac4?s=96&d=mm&r=g\",\"url\":\"https:\\\/\\\/secure.gravatar.com\\\/avatar\\\/b4371aaec9b22d3f7894a81a8904f3fcd953408383fc2f510b2fb203e46b2ac4?s=96&d=mm&r=g\",\"contentUrl\":\"https:\\\/\\\/secure.gravatar.com\\\/avatar\\\/b4371aaec9b22d3f7894a81a8904f3fcd953408383fc2f510b2fb203e46b2ac4?s=96&d=mm&r=g\",\"caption\":\"L\u00edvia Antunes\"},\"description\":\"Jornalista com quase dez anos de experi\u00eancia em marketing e e-commerce. Produtora de conte\u00fado no Melhor Envio, plataforma digital que est\u00e1 revolucionando o acesso a fretes para e-commerces de todo o pa\u00eds.\",\"url\":\"https:\\\/\\\/melhorenvio.com.br\\\/blog\\\/author\\\/livia-antunes\\\/\"}]}<\/script>\n<!-- \/ Yoast SEO plugin. -->","yoast_head_json":{"title":"Correios: novas tarifas de PAC, SEDEX e Mini Envios","description":"Novas tarifas dos Correios entram em vigor no dia 3 de abril de 2024, e valem para PAC, SEDEX, Mini Envios e outros servi\u00e7os.","robots":{"index":"index","follow":"follow","max-snippet":"max-snippet:-1","max-image-preview":"max-image-preview:large","max-video-preview":"max-video-preview:-1"},"canonical":"https:\/\/melhorenvio.com.br\/blog\/frete-e-logistica\/reajuste-preco-correios-2024\/","og_locale":"pt_BR","og_type":"article","og_title":"Correios: novas tarifas de PAC, SEDEX e Mini Envios","og_description":"Novas tarifas dos Correios entram em vigor no dia 3 de abril de 2024, e valem para PAC, SEDEX, Mini Envios e outros servi\u00e7os.","og_url":"https:\/\/melhorenvio.com.br\/blog\/frete-e-logistica\/reajuste-preco-correios-2024\/","og_site_name":"Blog Melhor Envio","article_publisher":"https:\/\/www.facebook.com\/MelhorEnvio\/","article_published_time":"2024-04-02T21:06:02+00:00","article_modified_time":"2025-11-13T18:01:49+00:00","og_image":[{"width":2500,"height":941,"url":"https:\/\/melhorenvio.com.br\/blog\/wp-content\/uploads\/2024\/04\/BLOG_imagem_capa_artigo-2024_1.jpg","type":"image\/jpeg"}],"author":"L\u00edvia Antunes","twitter_card":"summary_large_image","twitter_creator":"@melhorenvio","twitter_site":"@melhorenvio","twitter_misc":{"Escrito por":"L\u00edvia Antunes","Est. tempo de leitura":"3 minutos"},"schema":{"@context":"https:\/\/schema.org","@graph":[{"@type":"Article","@id":"https:\/\/melhorenvio.com.br\/blog\/frete-e-logistica\/reajuste-preco-correios-2024\/#article","isPartOf":{"@id":"https:\/\/melhorenvio.com.br\/blog\/frete-e-logistica\/reajuste-preco-correios-2024\/"},"author":{"name":"L\u00edvia Antunes","@id":"https:\/\/blog.melhorenvio.com.br\/#\/schema\/person\/b3bb8c0acfa3485936634cfdf6f7b3d1"},"headline":"Correios: novas tarifas de PAC, SEDEX e Mini Envios entram em vigor dia 3 de abril","datePublished":"2024-04-02T21:06:02+00:00","dateModified":"2025-11-13T18:01:49+00:00","mainEntityOfPage":{"@id":"https:\/\/melhorenvio.com.br\/blog\/frete-e-logistica\/reajuste-preco-correios-2024\/"},"wordCount":542,"publisher":{"@id":"https:\/\/blog.melhorenvio.com.br\/#organization"},"image":{"@id":"https:\/\/melhorenvio.com.br\/blog\/frete-e-logistica\/reajuste-preco-correios-2024\/#primaryimage"},"thumbnailUrl":"https:\/\/melhorenvio.com.br\/blog\/wp-content\/uploads\/2024\/04\/BLOG_imagem_capa_artigo-2024_1.jpg","keywords":["Correios"],"articleSection":["Frete e Log\u00edstica"],"inLanguage":"pt-BR"},{"@type":"WebPage","@id":"https:\/\/melhorenvio.com.br\/blog\/frete-e-logistica\/reajuste-preco-correios-2024\/","url":"https:\/\/melhorenvio.com.br\/blog\/frete-e-logistica\/reajuste-preco-correios-2024\/","name":"Correios: novas tarifas de PAC, SEDEX e Mini Envios","isPartOf":{"@id":"https:\/\/blog.melhorenvio.com.br\/#website"},"primaryImageOfPage":{"@id":"https:\/\/melhorenvio.com.br\/blog\/frete-e-logistica\/reajuste-preco-correios-2024\/#primaryimage"},"image":{"@id":"https:\/\/melhorenvio.com.br\/blog\/frete-e-logistica\/reajuste-preco-correios-2024\/#primaryimage"},"thumbnailUrl":"https:\/\/melhorenvio.com.br\/blog\/wp-content\/uploads\/2024\/04\/BLOG_imagem_capa_artigo-2024_1.jpg","datePublished":"2024-04-02T21:06:02+00:00","dateModified":"2025-11-13T18:01:49+00:00","description":"Novas tarifas dos Correios entram em vigor no dia 3 de abril de 2024, e valem para PAC, SEDEX, Mini Envios e outros servi\u00e7os.","inLanguage":"pt-BR","potentialAction":[{"@type":"ReadAction","target":["https:\/\/melhorenvio.com.br\/blog\/frete-e-logistica\/reajuste-preco-correios-2024\/"]}]},{"@type":"ImageObject","inLanguage":"pt-BR","@id":"https:\/\/melhorenvio.com.br\/blog\/frete-e-logistica\/reajuste-preco-correios-2024\/#primaryimage","url":"https:\/\/melhorenvio.com.br\/blog\/wp-content\/uploads\/2024\/04\/BLOG_imagem_capa_artigo-2024_1.jpg","contentUrl":"https:\/\/melhorenvio.com.br\/blog\/wp-content\/uploads\/2024\/04\/BLOG_imagem_capa_artigo-2024_1.jpg","width":2500,"height":941,"caption":"novos pre\u00e7os correios"},{"@type":"WebSite","@id":"https:\/\/blog.melhorenvio.com.br\/#website","url":"https:\/\/blog.melhorenvio.com.br\/","name":"Blog Melhor Envio","description":"Aprenda a economizar na gest\u00e3o de fretes","publisher":{"@id":"https:\/\/blog.melhorenvio.com.br\/#organization"},"alternateName":"Blog do Melhor Envio","potentialAction":[{"@type":"SearchAction","target":{"@type":"EntryPoint","urlTemplate":"https:\/\/blog.melhorenvio.com.br\/?s={search_term_string}"},"query-input":{"@type":"PropertyValueSpecification","valueRequired":true,"valueName":"search_term_string"}}],"inLanguage":"pt-BR"},{"@type":"Organization","@id":"https:\/\/blog.melhorenvio.com.br\/#organization","name":"Melhor Envio","alternateName":"Melhor Envio","url":"https:\/\/blog.melhorenvio.com.br\/","logo":{"@type":"ImageObject","inLanguage":"pt-BR","@id":"https:\/\/blog.melhorenvio.com.br\/#\/schema\/logo\/image\/","url":"https:\/\/melhorenvio.com.br\/blog\/wp-content\/uploads\/2022\/12\/blog-logo-melhor-envio.webp","contentUrl":"https:\/\/melhorenvio.com.br\/blog\/wp-content\/uploads\/2022\/12\/blog-logo-melhor-envio.webp","width":188,"height":96,"caption":"Melhor Envio"},"image":{"@id":"https:\/\/blog.melhorenvio.com.br\/#\/schema\/logo\/image\/"},"sameAs":["https:\/\/www.facebook.com\/MelhorEnvio\/","https:\/\/x.com\/melhorenvio","https:\/\/www.instagram.com\/melhorenvio","https:\/\/www.youtube.com\/melhorenviooficial","https:\/\/br.linkedin.com\/company\/melhorenvio"]},{"@type":"Person","@id":"https:\/\/blog.melhorenvio.com.br\/#\/schema\/person\/b3bb8c0acfa3485936634cfdf6f7b3d1","name":"L\u00edvia Antunes","image":{"@type":"ImageObject","inLanguage":"pt-BR","@id":"https:\/\/secure.gravatar.com\/avatar\/b4371aaec9b22d3f7894a81a8904f3fcd953408383fc2f510b2fb203e46b2ac4?s=96&d=mm&r=g","url":"https:\/\/secure.gravatar.com\/avatar\/b4371aaec9b22d3f7894a81a8904f3fcd953408383fc2f510b2fb203e46b2ac4?s=96&d=mm&r=g","contentUrl":"https:\/\/secure.gravatar.com\/avatar\/b4371aaec9b22d3f7894a81a8904f3fcd953408383fc2f510b2fb203e46b2ac4?s=96&d=mm&r=g","caption":"L\u00edvia Antunes"},"description":"Jornalista com quase dez anos de experi\u00eancia em marketing e e-commerce. Produtora de conte\u00fado no Melhor Envio, plataforma digital que est\u00e1 revolucionando o acesso a fretes para e-commerces de todo o pa\u00eds.","url":"https:\/\/melhorenvio.com.br\/blog\/author\/livia-antunes\/"}]}},"_links":{"self":[{"href":"https:\/\/melhorenvio.com.br\/blog\/wp-json\/wp\/v2\/posts\/48753","targetHints":{"allow":["GET"]}}],"collection":[{"href":"https:\/\/melhorenvio.com.br\/blog\/wp-json\/wp\/v2\/posts"}],"about":[{"href":"https:\/\/melhorenvio.com.br\/blog\/wp-json\/wp\/v2\/types\/post"}],"author":[{"embeddable":true,"href":"https:\/\/melhorenvio.com.br\/blog\/wp-json\/wp\/v2\/users\/4"}],"replies":[{"embeddable":true,"href":"https:\/\/melhorenvio.com.br\/blog\/wp-json\/wp\/v2\/comments?post=48753"}],"version-history":[{"count":6,"href":"https:\/\/melhorenvio.com.br\/blog\/wp-json\/wp\/v2\/posts\/48753\/revisions"}],"predecessor-version":[{"id":57425,"href":"https:\/\/melhorenvio.com.br\/blog\/wp-json\/wp\/v2\/posts\/48753\/revisions\/57425"}],"wp:featuredmedia":[{"embeddable":true,"href":"https:\/\/melhorenvio.com.br\/blog\/wp-json\/wp\/v2\/media\/48755"}],"wp:attachment":[{"href":"https:\/\/melhorenvio.com.br\/blog\/wp-json\/wp\/v2\/media?parent=48753"}],"wp:term":[{"taxonomy":"category","embeddable":true,"href":"https:\/\/melhorenvio.com.br\/blog\/wp-json\/wp\/v2\/categories?post=48753"},{"taxonomy":"post_tag","embeddable":true,"href":"https:\/\/melhorenvio.com.br\/blog\/wp-json\/wp\/v2\/tags?post=48753"}],"curies":[{"name":"wp","href":"https:\/\/api.w.org\/{rel}","templated":true}]}}