{"id":48979,"date":"2024-05-09T17:05:07","date_gmt":"2024-05-09T20:05:07","guid":{"rendered":"https:\/\/blog.melhorenvio.com.br\/?p=48979"},"modified":"2026-04-09T17:20:54","modified_gmt":"2026-04-09T20:20:54","slug":"politica-de-frete","status":"publish","type":"post","link":"https:\/\/melhorenvio.com.br\/blog\/frete-e-logistica\/politica-de-frete\/","title":{"rendered":"Pol\u00edtica de frete: o que \u00e9 e como criar uma pol\u00edtica de entrega"},"content":{"rendered":"\n<p class=\"has-text-align-center\"><strong><em>Aprenda como criar uma Pol\u00edtica de entrega para loja virtuais de todo tipo<\/em><\/strong><\/p>\n\n\n\n<p>Qual o prazo de entrega de um produto? O que fazer se minha encomenda n\u00e3o chegar? Como trocar ou devolver uma compra? Essas s\u00e3o apenas algumas das d\u00favidas recorrentes de quem compra pela internet.<\/p>\n\n\n\n<p>Estar preparado para responder a cada uma dessas perguntas \u00e9 um primeiro passo para oferecer um atendimento de qualidade e mais seguro para os clientes. \u00c9 por isso que a pol\u00edtica de frete \u00e9 t\u00e3o essencial para as lojas virtuais!<\/p>\n\n\n\n<p>Nesse artigo vamos te contar o que \u00e9 uma pol\u00edtica de entrega para e-commerce, a sua import\u00e2ncia para uma loja virtual e ainda como criar uma pol\u00edtica de entrega de sucesso. Confira tudo isso, a seguir!<\/p>\n\n\n\n<div class=\"wp-block-buttons is-content-justification-center is-layout-flex wp-container-core-buttons-is-layout-16018d1d wp-block-buttons-is-layout-flex\">\n<div class=\"wp-block-button\"><a class=\"wp-block-button__link has-background wp-element-button\" href=\"https:\/\/melhorenvio.com.br\/\" style=\"background-color:#00519d\" target=\"_blank\" rel=\"noreferrer noopener\">Tenha um processo de entregas mais f\u00e1cil e barato com o Melhor Envio<\/a><\/div>\n<\/div>\n\n\n\n<h2 class=\"wp-block-heading\">O que \u00e9 pol\u00edtica de frete?<\/h2>\n\n\n\n<p>Pol\u00edtica de frete s\u00e3o um <strong>conjunto de regras e normas criadas por uma loja online para explicar ao comprador como se d\u00e1 o processo de entrega e dar a solu\u00e7\u00e3o de problemas que podem ocorrer durante o transporte do produto<\/strong>.<\/p>\n\n\n\n<p>Essas condi\u00e7\u00f5es de entrega possuem, e merecem sempre, um local de destaque com p\u00e1gina dedicada dentro de qualquer e-commerce.<\/p>\n\n\n\n<p>A pol\u00edtica de frete deve ser atualizada de forma peri\u00f3dica, sempre que acontecer alguma mudan\u00e7a no processo de frete ou circunst\u00e2ncia emergencial na entrega dos produtos.<\/p>\n\n\n\n<h2 class=\"wp-block-heading\">Por que ter uma pol\u00edtica de frete e entrega?<\/h2>\n\n\n\n<h3 class=\"wp-block-heading\">Conformidade com a Lei do E-commerce<\/h3>\n\n\n\n<p>Possuir uma pol\u00edtica de frete clara e bem estruturada \u00e9 uma <strong>etapa fundamental para estar de acordo com o Decreto Federal n\u00ba 7.962\/2013, mais conhecido como Lei do E-commerce<\/strong>. Essa regulamenta\u00e7\u00e3o determina que as diretrizes de entrega devem ser disponibilizadas de forma acess\u00edvel e clara para os compradores.<\/p>\n\n\n\n<p>Sendo assim, al\u00e9m de informar os prazos de entrega nas p\u00e1ginas de produto e checkout, \u00e9 importante esclarecer esses prazos e condi\u00e7\u00f5es de forma ainda mais detalhada em sua pol\u00edtica de frete. Dessa forma, o seu e-commerce deixa ainda mais claro para o cliente as condi\u00e7\u00f5es de frete do seu neg\u00f3cio.<\/p>\n\n\n\n<h3 class=\"wp-block-heading\">Redu\u00e7\u00e3o do n\u00famero de chamados de atendimento<\/h3>\n\n\n\n<p>Al\u00e9m de informar, uma pol\u00edtica de frete bem estruturada e facilmente compreens\u00edvel tem como principal ponto positivo o fato de <strong>reduzir chamados relacionados \u00e0 entrega<\/strong>.<\/p>\n\n\n\n<p>A ideia aqui \u00e9 detalhar todo o processo de entrega para o cliente, responder \u00e0s d\u00favidas mais frequentes, antecipar questionamentos e direcionar melhor as solicita\u00e7\u00f5es para os canais de atendimento corretos.<\/p>\n\n\n\n<p>Al\u00e9m de ajudar o cliente a tirar d\u00favidas relacionadas a entrega do pedido, esse tamb\u00e9m \u00e9 um espa\u00e7o importante para<strong> auxiliar o seu neg\u00f3cio em casos emergenciais<\/strong>. Como por exemplo, informar ao comprador sobre situa\u00e7\u00f5es excepcionais que podem afetar a entrega de pedidos (como problemas na transportadora ou trag\u00e9dias naturais) e <strong>o que a sua loja virtual est\u00e1 fazendo para resolver a situa\u00e7\u00e3o<\/strong>.<\/p>\n\n\n\n<h3 class=\"wp-block-heading\">Seguran\u00e7a e aumento da satisfa\u00e7\u00e3o do cliente<\/h3>\n\n\n\n<p>Uma pol\u00edtica de frete clara e que atenda, de fato, o comprador no momento que ele mais precisar pode fazer com um problema inicial se transforme em uma oportunidade de fideliza\u00e7\u00e3o.<\/p>\n\n\n\n<p>Lembre-se que muitas pessoas ainda t\u00eam receio de comprar pela internet. Mostrar que sua loja tem processos bem mapeados \u00e9 uma forma de se diferenciar da concorr\u00eancia e <strong>oferecer um ambiente seguro e estruturado para as pessoas fazerem suas compras<\/strong>.<\/p>\n\n\n\n<h2 class=\"wp-block-heading\">Como criar a pol\u00edtica de frete de um e-commerce<\/h2>\n\n\n\n<p>Para que uma pol\u00edtica de frete seja eficiente e ajude a reduzir o n\u00famero de chamados desse tipo no atendimento da sua loja virtual, \u00e9 preciso que esse conjunto de regras de frete contemplem todas as principais informa\u00e7\u00f5es relacionadas \u00e0 entrega e as principais d\u00favidas dos compradores.<\/p>\n\n\n\n<p>Crie o texto com informa\u00e7\u00f5es concisas, separadas por cap\u00edtulos e se\u00e7\u00f5es que abordam os principais pontos relacionados \u00e0 entrega. Vamos a um exemplo de estrutura.<\/p>\n\n\n\n<p><strong>Pol\u00edtica de entrega<\/strong><\/p>\n\n\n\n<ol class=\"wp-block-list\">\n<li><strong>Condi\u00e7\u00e3o de entrega<\/strong><\/li>\n<\/ol>\n\n\n\n<p><strong>1.1&nbsp;<\/strong><\/p>\n\n\n\n<p><strong>1.2<\/strong><\/p>\n\n\n\n<p><strong>1.3 \u2026<\/strong><\/p>\n\n\n\n<ol start=\"2\" class=\"wp-block-list\">\n<li><strong>Condi\u00e7\u00f5es especiais de entrega<\/strong><\/li>\n<\/ol>\n\n\n\n<p><strong>2.1<\/strong><\/p>\n\n\n\n<p><strong>2.3<\/strong><\/p>\n\n\n\n<p><strong>2.3<\/strong><\/p>\n\n\n\n<p><strong>\u2026<\/strong><\/p>\n\n\n\n<ol start=\"3\" class=\"wp-block-list\">\n<li><strong>Trocas e devolu\u00e7\u00f5es<\/strong><\/li>\n<\/ol>\n\n\n\n<p><strong>3.1<\/strong><\/p>\n\n\n\n<p><strong>3.2<\/strong><\/p>\n\n\n\n<p><strong>3.3<\/strong><\/p>\n\n\n\n<p><strong>\u2026<\/strong><\/p>\n\n\n\n<ol start=\"4\" class=\"wp-block-list\">\n<li><strong>Canais de atendimento<\/strong><\/li>\n<\/ol>\n\n\n\n<p>Existem diversas formas de esquematizar essas informa\u00e7\u00f5es, elabore uma que atenda \u00e0 necessidade e realidade do seu neg\u00f3cio. Um exemplo de boa pr\u00e1tica \u00e9 a <a href=\"https:\/\/www.desembala.com.br\/p\/termos-de-uso#politica-de-entrega\" target=\"_blank\" rel=\"noreferrer noopener\">pol\u00edtica de entrega criada pela loja online Desembala<\/a>, que organiza cada ponto relevante sobre o frete de forma concisa e organizada por cap\u00edtulos.<\/p>\n\n\n\n<figure class=\"wp-block-image size-large\"><img decoding=\"async\" width=\"1024\" height=\"448\" src=\"https:\/\/blog.melhorenvio.com.br\/wp-content\/uploads\/2024\/05\/politica-de-frete-melhor-envio-1-1024x448.webp\" alt=\"Tela da &quot;Desembala&quot; exibindo a &quot;Pol\u00edtica de entrega&quot;\" class=\"wp-image-48986\" srcset=\"https:\/\/melhorenvio.com.br\/blog\/wp-content\/uploads\/2024\/05\/politica-de-frete-melhor-envio-1-1024x448.webp 1024w, https:\/\/melhorenvio.com.br\/blog\/wp-content\/uploads\/2024\/05\/politica-de-frete-melhor-envio-1-300x131.webp 300w, https:\/\/melhorenvio.com.br\/blog\/wp-content\/uploads\/2024\/05\/politica-de-frete-melhor-envio-1-768x336.webp 768w, https:\/\/melhorenvio.com.br\/blog\/wp-content\/uploads\/2024\/05\/politica-de-frete-melhor-envio-1-1536x672.webp 1536w, https:\/\/melhorenvio.com.br\/blog\/wp-content\/uploads\/2024\/05\/politica-de-frete-melhor-envio-1-150x66.webp 150w, https:\/\/melhorenvio.com.br\/blog\/wp-content\/uploads\/2024\/05\/politica-de-frete-melhor-envio-1-750x328.webp 750w, https:\/\/melhorenvio.com.br\/blog\/wp-content\/uploads\/2024\/05\/politica-de-frete-melhor-envio-1-1140x499.webp 1140w, https:\/\/melhorenvio.com.br\/blog\/wp-content\/uploads\/2024\/05\/politica-de-frete-melhor-envio-1.webp 1600w\" sizes=\"(max-width: 1024px) 100vw, 1024px\" \/><\/figure>\n\n\n\n<p>Essa tarefa pode ser um pouco complicada. Para te ajudar nessa miss\u00e3o, separamos temas que n\u00e3o podem ficar de fora da pol\u00edtica de frete de qualquer loja virtual.<\/p>\n\n\n\n<p>Esses s\u00e3o assuntos importantes tanto para quem est\u00e1 criando uma pol\u00edtica de frete do zero como para quem est\u00e1 atualizando a sua. <strong>Utilize esses temas como base e inspira\u00e7\u00e3o para a cria\u00e7\u00e3o da pol\u00edtica do seu neg\u00f3cio<\/strong>.<\/p>\n\n\n\n<h3 class=\"wp-block-heading\">Condi\u00e7\u00f5es de entrega<\/h3>\n\n\n\n<p>Como \u00e9 feito todo o processo de entrega da sua loja virtual assim que o pedido \u00e9 realizado? \u00c9 isso que voc\u00ea deve contar para o cliente de forma transparente nesta se\u00e7\u00e3o, sem esquecer de assuntos que algumas vezes podem passar despercebidos para o comprador, como:<\/p>\n\n\n\n<ul class=\"wp-block-list\">\n<li>Prazo de entrega.<\/li>\n\n\n\n<li>Tempo de prepara\u00e7\u00e3o do pedido para envio ap\u00f3s a aprova\u00e7\u00e3o do pagamento.<\/li>\n\n\n\n<li>Dias e hor\u00e1rios que s\u00e3o realizadas as entregas.<\/li>\n\n\n\n<li>N\u00famero de tentativas de entrega.<\/li>\n\n\n\n<li>O que acontece caso n\u00e3o tenha ningu\u00e9m para receber a encomenda depois das tentativas.<\/li>\n\n\n\n<li>O que o cliente deve fazer para retirar a encomenda no centro de distribui\u00e7\u00e3o da transportadora, se necess\u00e1rio.<\/li>\n\n\n\n<li>Como se d\u00e1 o processo de retorno do produto para a loja.<\/li>\n\n\n\n<li>O que fazer caso a embalagem chegue violada.<\/li>\n<\/ul>\n\n\n\n<h3 class=\"wp-block-heading\">Condi\u00e7\u00f5es especiais de entrega<\/h3>\n\n\n\n<p>Esse \u00e9 um espa\u00e7o dedicado \u00e0s condi\u00e7\u00f5es especiais de entrega, como as campanhas promocionais de frete gr\u00e1tis ou frete fixo.<\/p>\n\n\n\n<p>Caso o seu e-commerce ofere\u00e7a esse tipo de frete, tenha uma se\u00e7\u00e3o dedicada com informa\u00e7\u00f5es como:<\/p>\n\n\n\n<ul class=\"wp-block-list\">\n<li>Condi\u00e7\u00f5es para contrata\u00e7\u00e3o do frete especial (como valor m\u00ednimo, elegibilidade por regi\u00e3o ou por se\u00e7\u00e3o de produtos).<\/li>\n\n\n\n<li>Modalidade de frete utilizada para entregas com frete gr\u00e1tis ou fixo.<\/li>\n<\/ul>\n\n\n\n<h3 class=\"wp-block-heading\">Rastreio<\/h3>\n\n\n\n<p>Outro assunto buscado pelos clientes na \u00e1rea de pol\u00edtica de frete \u00e9 o rastreio, e outros temas relacionados ao acompanhamento da entrega.<\/p>\n\n\n\n<p>Grande parte dos problemas que inviabilizaram o recebimento do pedido podem ser antecipados e at\u00e9 solucionados neste momento. Por isso, n\u00e3o deixe de incluir em sua pol\u00edtica de entrega as seguintes informa\u00e7\u00f5es sobre o rastreio:<\/p>\n\n\n\n<ul class=\"wp-block-list\">\n<li>De que forma a loja virtual vai enviar o c\u00f3digo de rastreio para o consumidor.<\/li>\n\n\n\n<li>Em quanto tempo o c\u00f3digo de rastreio ser\u00e1 enviado.<\/li>\n\n\n\n<li>Como o cliente pode acompanhar o processo de entrega.<\/li>\n<\/ul>\n\n\n\n<h3 class=\"wp-block-heading\">Atrasos ou movimenta\u00e7\u00e3o suspeita<\/h3>\n\n\n\n<p>Problemas sempre podem acontecer, e caso a entrega do pedido atrase ou o status do rastreio acuse alguma movimenta\u00e7\u00e3o at\u00edpica, o cliente, muito provavelmente, ir\u00e1 buscar informa\u00e7\u00f5es sobre o que fazer em sua pol\u00edtica de frete.<\/p>\n\n\n\n<p>Dessa forma, inclua todas as informa\u00e7\u00f5es necess\u00e1rias para que o cliente entenda o processo de resolu\u00e7\u00e3o do problema, al\u00e9m de outros dados como:<\/p>\n\n\n\n<ul class=\"wp-block-list\">\n<li>Como a loja acompanha esse tipo de caso.<\/li>\n\n\n\n<li>Quando \u00e9 indicado que o consumidor entre em contato com&nbsp; a loja, por quais canais e com quais informa\u00e7\u00f5es.<\/li>\n\n\n\n<li>Ap\u00f3s identificado o problema na entrega, qual o processo da loja para resolver o caso.<\/li>\n\n\n\n<li>Informe o prazo de resolu\u00e7\u00e3o.<\/li>\n<\/ul>\n\n\n\n<h3 class=\"wp-block-heading\">Retirada na loja<\/h3>\n\n\n\n<p>Se voc\u00ea oferece a op\u00e7\u00e3o de retirada das encomendas em endere\u00e7o f\u00edsico \u00e9 importante explicar para o cliente como e quando ele poder\u00e1 buscar as compras realizadas. N\u00e3o esque\u00e7a das seguintes informa\u00e7\u00f5es:<\/p>\n\n\n\n<ul class=\"wp-block-list\">\n<li>Endere\u00e7o de retirada.<\/li>\n\n\n\n<li>Em quanto tempo o produto estar\u00e1 dispon\u00edvel para retirada.<\/li>\n\n\n\n<li>Dias e hor\u00e1rios em que o cliente pode buscar a encomenda.<\/li>\n\n\n\n<li>Informar que documenta\u00e7\u00e3o ou comprovante \u00e9 necess\u00e1rio apresentar no momento retirada.<\/li>\n<\/ul>\n\n\n\n<h3 class=\"wp-block-heading\">Trocas e devolu\u00e7\u00f5es de produtos com defeito ou avariados<\/h3>\n\n\n\n<p>Imprevistos podem acontecer e um dos motivos que mais fazem os clientes procurarem a pol\u00edtica de frete de uma loja virtual s\u00e3o os relacionados a <a href=\"https:\/\/melhorenvio.com.br\/blog\/ecommerce-e-marketplace\/codigo-de-defesa-do-consumidor-troca-e-devolucao-e-commerce\/\" target=\"_blank\" rel=\"noreferrer noopener\">trocas e devolu\u00e7\u00f5es<\/a>.<\/p>\n\n\n\n<p>Essa parte \u00e9 basicamente um resumo da sua pol\u00edtica de troca e devolu\u00e7\u00e3o, outra p\u00e1gina important\u00edssima que o seu e-commerce possua para estar de acordo com a legisla\u00e7\u00e3o. Por\u00e9m aqui, voc\u00ea vai focar nos assuntos relacionados ao frete.<\/p>\n\n\n\n<p>Separamos alguns pontos essenciais que n\u00e3o podem ficar dessa parte da sua pol\u00edtica de entrega.<\/p>\n\n\n\n<ul class=\"wp-block-list\">\n<li>Informar o prazo e as condi\u00e7\u00f5es para a solicita\u00e7\u00e3o da troca ou devolu\u00e7\u00e3o de um item com defeito ou avariado.<\/li>\n\n\n\n<li>Comunicar sobre os custos do frete reverso, que segundo o que determina o C\u00f3digo de Defesa do Consumidor, \u00e9 de responsabilidade do e-commerce.<\/li>\n\n\n\n<li>Informar como se d\u00e1 todo o processo para a devolu\u00e7\u00e3o do produto, os canais de solicita\u00e7\u00e3o, como comprador far\u00e1 postagem reversa e outras informa\u00e7\u00f5es relevantes.<\/li>\n\n\n\n<li>Se o envio ter\u00e1 custo ou n\u00e3o para o cliente.<\/li>\n\n\n\n<li>O que acontece caso o produto retornado n\u00e3o esteja mais dispon\u00edvel para troca.<\/li>\n<\/ul>\n\n\n\n<h3 class=\"wp-block-heading\">Devolu\u00e7\u00e3o por arrependimento<\/h3>\n\n\n\n<p>Existe um tipo de devolu\u00e7\u00e3o que merece um destaque especial na sua pol\u00edtica de frete, estamos falando dos retornos de compras realizados por arrependimento de compra.<\/p>\n\n\n\n<p>De acordo com o C\u00f3digo de Defesa do Consumidor, o cliente pode desistir de compras realizadas pela internet no prazo de at\u00e9 7 dias ap\u00f3s o recebimento do produto.<\/p>\n\n\n\n<p>Sendo assim, para esses casos n\u00e3o deixe de informar:<\/p>\n\n\n\n<ul class=\"wp-block-list\">\n<li>O que diz o C\u00f3digo de Defesa do Consumidor para esses casos.<\/li>\n\n\n\n<li>O prazo para a devolu\u00e7\u00e3o.<\/li>\n\n\n\n<li>As condi\u00e7\u00f5es para a solicita\u00e7\u00e3o (como estado da embalagem original, n\u00e3o existir marcas de uso e outros elementos exigidos na Lei do E-commerce).<\/li>\n\n\n\n<li>Como solicitar o frete de retorno do produto devolvido.<\/li>\n\n\n\n<li>Como fazer a postagem de retorno do pacote.<\/li>\n<\/ul>\n\n\n\n<h3 class=\"wp-block-heading\">Canais de atendimento<\/h3>\n\n\n\n<p>Por fim, ap\u00f3s explicar de forma clara para o comprador como funciona a pol\u00edtica de frete do seu e-commerce, liste todos os canais de atendimento da sua loja para que o comprador tire qualquer d\u00favida relacionado ao frete (email, telefone, WhatsApp e outros).<\/p>\n\n\n\n<p>N\u00e3o deixe informar os dias e hor\u00e1rios de atendimento de cada canal para que novos chamados n\u00e3o sejam criados enquanto sua equipe estiver fora de opera\u00e7\u00e3o.<\/p>\n\n\n\n<h2 class=\"wp-block-heading\">Facilite o processo de postagem e ofere\u00e7a fretes mais baratos para o seu cliente com o Melhor Envio<\/h2>\n\n\n\n<p>Fazer a gest\u00e3o de pedidos e garantir que todos sejam entregues dentro do prazo e nas devidas condi\u00e7\u00f5es \u00e9 um dos maiores desafios de quem vende pela internet. A gente sabe!<\/p>\n\n\n\n<p>E se dissermos que \u00e9 poss\u00edvel fazer a gest\u00e3o de entregas dos seu neg\u00f3cio de forma simples e oferecendo fretes mais baratos para o seu cliente, tudo isso sem custos extras! \u00c9 assim que o Melhor Envio pode ajudar a sua loja virtual!<\/p>\n\n\n\n<figure class=\"wp-block-embed is-type-video is-provider-youtube wp-block-embed-youtube wp-embed-aspect-16-9 wp-has-aspect-ratio\"><div class=\"wp-block-embed__wrapper\">\n<div class=\"jeg_video_container jeg_video_content\"><iframe loading=\"lazy\" title=\"Como usar o MELHOR ENVIO em 2024? Tenha fretes mais baratos!\" width=\"500\" height=\"281\" src=\"https:\/\/www.youtube.com\/embed\/Og3btPUrv6U?feature=oembed&#038;enablejsapi=1&#038;origin=https:\/\/melhorenvio.com.br\" frameborder=\"0\" allow=\"accelerometer; autoplay; clipboard-write; encrypted-media; gyroscope; picture-in-picture; web-share\" referrerpolicy=\"strict-origin-when-cross-origin\" allowfullscreen><\/iframe><\/div>\n<\/div><\/figure>\n\n\n\n<p>O <a href=\"https:\/\/melhorenvio.com.br\/\" target=\"_blank\" rel=\"noreferrer noopener\"><strong>Melhor Envio<\/strong><\/a> \u00e9 uma <strong>plataforma de log\u00edstica e cota\u00e7\u00e3o de frete completa com diferentes solu\u00e7\u00f5es que ajudam a agilizar e baratear os fretes de um e-commerce<\/strong>. Todas elas s\u00e3o gratuitas e voc\u00ea n\u00e3o paga nada a mais para us\u00e1-las.<\/p>\n\n\n\n<p>Conhe\u00e7a cada uma delas:<\/p>\n\n\n\n<p><a href=\"https:\/\/melhorenvio.com.br\/blog\/sobre-nos\/melhor-envio-calculadora-de-frete\/\"><strong>Calculadora de Frete<\/strong><\/a><strong>: <\/strong>ferramenta que compara os pre\u00e7os e prazos de entrega nas principais transportadoras do pa\u00eds. O servi\u00e7o pode ser usado direto no site do Melhor Envio ou adicionado na p\u00e1gina do produto e checkout do seu e-commerce.<\/p>\n\n\n\n<p>Ao utilizar o Melhor Envio para calcular os fretes do seu e-commerce voc\u00ea ter\u00e1 acesso a condi\u00e7\u00f5es de fretes mais baratas em cada uma das transportadoras parceiras, sem a necessidade de contrato com cada uma delas (incluindo os Correios).<\/p>\n\n\n<link rel=\"stylesheet\" href=\"https:\/\/melhorenvio.com.br\/blog\/wp-content\/themes\/jnews-child\/template-parts\/calculadora\/style.css\"><div class=\"calcBox\">\n    <h2 class=\"ttl\"><strong><span style=\"color: #00448c;\">Calculadora de Frete do Melhor Envio<\/span><\/strong><\/h2>\n    <h4 style=\"text-align: center;\"><span style=\"color: #00448c;\">Encontre o melhor frete para o seu envio<\/span><\/h4>\n    <p>&nbsp;<\/p>\n    <div class=\"wrapper_calc\">\n        <div class=\"boxForm\">\n            <form id=\"calculate\" action=\"javascript:;\" method=\"post\">\n                <div class=\"boxCeps\">\n                    <div class=\"boxCeps__cep\">\n                        <p><label for=\"from\">CEP de Origem<\/label><br \/>\n                            <input id=\"from\" class=\"form\" tabindex=\"1\" name=\"from\" required=\"required\" type=\"text\"\n                                placeholder=\"Digite o CEP\" data-label=\"CEP de Origem\"\n                                data-text=\"N\u00e3o sei meu CEP\" \/><br \/>\n                            <label class=\"hide\" for=\"from_select\">Capital de origem<\/label>\n                          \t<select id=\"from_select\" class=\"form hide\" tabindex=\"1\" name=\"\" data-label=\"Capital de origem\"\n                                data-text=\"Calcular usando CEP\">\n                                <option value=\"\">Selecione<\/option><!-- Op\u00e7\u00f5es de CEP -->\n                            <\/select>\n                        <\/p>\n                    <\/div>\n                    <div class=\"boxCeps__cep\">\n                        <p><label for=\"to\">CEP de Destino<\/label><br \/>\n                            <input id=\"to\" class=\"form\" tabindex=\"2\" name=\"to\" required=\"required\" type=\"text\"\n                                placeholder=\"Digite o CEP\" data-label=\"CEP de Destino\"\n                                data-text=\"Calcular selecionando a Capital\" \/><br \/>\n                          \t<label class=\"hide\" for=\"to_select\">Capital de destino<\/label> \n                          \t<select id=\"to_select\" class=\"form hide\" tabindex=\"2\" name=\"\" data-label=\"Capital de destino\"\n                                data-text=\"Calcular usando CEP\">\n                                <option value=\"\">Selecione<\/option><!-- Op\u00e7\u00f5es de CEP -->\n                            <\/select>\n                        <\/p>\n                    <\/div>\n                <\/div>\n                <div class=\"boxInfo\">\n                    <div><label for=\"input_altura\">Altura<\/label><br \/>\n                        <input id=\"input_altura\" class=\"form dimensions\" title=\"altura\" name=\"height\" required\n                            type=\"text\" value=\"4 cm\" \/>\n                    <\/div>\n                    <div><label for=\"input_largura\">Largura<\/label><br \/>\n                        <input id=\"input_largura\" class=\"form dimensions\" title=\"largura\" name=\"width\" required\n                            type=\"text\" value=\"12 cm\" \/>\n                    <\/div>\n                    <div><label for=\"input_comprimento\">Comprimento<\/label><br \/>\n                        <input id=\"input_comprimento\" class=\"form dimensions\" title=\"comprimento\" name=\"length\" required\n                            type=\"text\" value=\"17 cm\" \/>\n                    <\/div>\n                    <div><label for=\"input_peso\">Peso<\/label><br \/>\n                        <input id=\"input_peso\" class=\"form weight\" title=\"peso\" name=\"weight\" required type=\"text\"\n                            value=\"1,000 kg\" \/>\n                    <\/div>\n                    <div><label for=\"input_seguro\">Seguro<\/label><br \/>\n                        <input id=\"input_seguro\" class=\"form money\" title=\"valor do conte\u00fado\" name=\"declared_value\"\n                            type=\"text\" value=\"R$ 50,00\" \/>\n                    <\/div>\n                <\/div>\n                <div class=\"center\"><button class=\"btnCalc btn-calcular btn\" type=\"submit\">Calcular frete<\/button><\/div>\n            <\/form>\n        <\/div>\n    <\/div>\n    <div class=\"wrapper_calc boxResult\">\n        <div class=\"result\">\n            <table class=\"table\">\n                <colgroup>\n                    <col width=\"22%\" \/>\n                    <col width=\"20%\" \/>\n                    <col width=\"20%\" \/>\n                    <col width=\"15%\" \/>\n                <\/colgroup>\n                <thead>\n                    <tr>\n                        <td style=\"text-align: center;\">Transportadora<\/td>\n                        <td style=\"text-align: center;\">Modalidade de frete<\/td>\n                        <td style=\"text-align: center;\">Valor estimado do frete*<\/td>\n                        <td style=\"text-align: center;\">Prazo estimado<\/td>\n                    <\/tr>\n                <\/thead>\n                <tbody>\n                    <tr>\n                        <td>\n                            <a href=\"https:\/\/melhorenvio.com.br\/cadastre-se\">\n                                <img decoding=\"async\" src=\"https:\/\/www.melhorenvio.com.br\/images\/shipping-companies\/correios.png\"\n                                    alt=\"Correios\" \/>\n                            <\/a>\n                        <\/td>\n                        <td>SEDEX<\/td>\n                        <td><span class=\"price price--me\">R$ &#8212;<\/span><\/td>\n                        <td>&#8212;<\/td>\n                        <td>&#8212;<\/td>\n                    <\/tr>\n                    <tr>\n                        <td>\n                            <a href=\"https:\/\/melhorenvio.com.br\/cadastre-se\">\n                                <img decoding=\"async\" src=\"https:\/\/www.melhorenvio.com.br\/images\/shipping-companies\/jadlog.png\"\n                                    alt=\"Jadlog\" \/>\n                            <\/a>\n                        <\/td>\n                        <td>.Package<\/td>\n                        <td><span class=\"price price--me\">R$ &#8212;<\/span><\/td>\n                        <td>&#8212;<\/td>\n                        <td>&#8212;<\/td>\n                    <\/tr>\n                    <tr>\n                        <td>\n                            <a href=\"https:\/\/melhorenvio.com.br\/cadastre-se\">\n                                <img decoding=\"async\" src=\"https:\/\/www.melhorenvio.com.br\/images\/shipping-companies\/latamcargo.png\"\n                                    alt=\"LATAM Cargo\" \/>\n                            <\/a>\n                        <\/td>\n                        <td>\u00e9F\u00e1cil<\/td>\n                        <td><span class=\"price price--me\">R$ &#8212;<\/span><\/td>\n                        <td>&#8212;<\/td>\n                        <td>&#8212;<\/td>\n                    <\/tr>\n                    <tr>\n                        <td>\n                            <a href=\"https:\/\/melhorenvio.com.br\/cadastre-se\">\n                                <img decoding=\"async\" src=\"https:\/\/www.melhorenvio.com.br\/images\/shipping-companies\/azulcargo.png\"\n                                    alt=\"Azul Cargo Express\" \/>\n                            <\/a>\n                        <\/td>\n                        <td>Amanh\u00e3<\/td>\n                        <td><span class=\"price price--me\">R$ &#8212;<\/span><\/td>\n                        <td>&#8212;<\/td>\n                        <td>&#8212;<\/td>\n                    <\/tr>\n                <\/tbody>\n            <\/table>\n        <\/div>\n    <\/div>\n    <div class=\"wrapper_calc boxError hide\">\n        <p>N\u00e3o foi poss\u00edvel realizar essa cota\u00e7\u00e3o.Por gentileza, revise os par\u00e2metros informados.<\/p>\n    <\/div>\n<\/div>\n<script src=\"https:\/\/static.melhorenvio.com.br\/landing-pages\/share\/calculadora\/scripts.js\"><\/script>\n<span data-mce-type=\"bookmark\" style=\"display: inline-block; width: 0px; overflow: hidden; line-height: 0;\"\n    class=\"mce_SELRES_start\">\ufeff<\/span>\n\n\n\n<div class=\"wp-block-buttons is-content-justification-center is-layout-flex wp-container-core-buttons-is-layout-16018d1d wp-block-buttons-is-layout-flex\">\n<div class=\"wp-block-button is-style-fill\"><a class=\"wp-block-button__link has-background wp-element-button\" href=\"https:\/\/melhorenvio.com.br\/cadastre-se\" style=\"background-color:#00519d\" target=\"_blank\" rel=\"noreferrer noopener\">Comece a utilizar a Calculadora de frete do Melhor Envio<\/a><\/div>\n<\/div>\n\n\n\n<p><strong><a href=\"https:\/\/lp.melhorenvio.com.br\/ponto-parceiro\/\">Ponto Parceiro<\/a>: <\/strong>unidades f\u00edsicas de postagem de pedidos espalhadas por todo pa\u00eds. Em algumas dessas centrais f\u00edsicas \u00e9 poss\u00edvel, at\u00e9 mesmo, postar encomendas que ser\u00e3o entregues por transportadoras diferentes.<\/p>\n\n\n\n<figure class=\"wp-block-image size-large\"><img decoding=\"async\" width=\"1024\" height=\"386\" src=\"https:\/\/blog.melhorenvio.com.br\/wp-content\/uploads\/2024\/05\/melhor-ponto-politica-de-frete-1-1024x386.webp\" alt=\"Benef\u00edcios do Melhor Envio: Todos envios num lugar s\u00f3, sem perder dinheiro, sem filas e gratuito\" class=\"wp-image-48985\" srcset=\"https:\/\/melhorenvio.com.br\/blog\/wp-content\/uploads\/2024\/05\/melhor-ponto-politica-de-frete-1-1024x386.webp 1024w, https:\/\/melhorenvio.com.br\/blog\/wp-content\/uploads\/2024\/05\/melhor-ponto-politica-de-frete-1-300x113.webp 300w, https:\/\/melhorenvio.com.br\/blog\/wp-content\/uploads\/2024\/05\/melhor-ponto-politica-de-frete-1-768x289.webp 768w, https:\/\/melhorenvio.com.br\/blog\/wp-content\/uploads\/2024\/05\/melhor-ponto-politica-de-frete-1-150x57.webp 150w, https:\/\/melhorenvio.com.br\/blog\/wp-content\/uploads\/2024\/05\/melhor-ponto-politica-de-frete-1-750x283.webp 750w, https:\/\/melhorenvio.com.br\/blog\/wp-content\/uploads\/2024\/05\/melhor-ponto-politica-de-frete-1-1140x430.webp 1140w, https:\/\/melhorenvio.com.br\/blog\/wp-content\/uploads\/2024\/05\/melhor-ponto-politica-de-frete-1.webp 1300w\" sizes=\"(max-width: 1024px) 100vw, 1024px\" \/><\/figure>\n\n\n\n<p><a href=\"https:\/\/melhorrastreio.com.br\/\" target=\"_blank\" rel=\"noreferrer noopener\"><strong>Melhor Rastreio<\/strong><\/a><strong>:<\/strong> ferramenta de rastreio completa para e-commerce, com ela \u00e9 poss\u00edvel rastrear todas as<a href=\"https:\/\/melhorenvio.com.br\/blog\/frete-e-logistica\/objeto-saiu-para-entrega-ao-destinatario\/\" target=\"_blank\" rel=\"noreferrer noopener\"> encomendas em rota de entrega<\/a> e ainda enviar alertas autom\u00e1ticos para o cliente informando sobre cada movimenta\u00e7\u00e3o do transporte.<\/p>\n\n\n\n<figure class=\"wp-block-image size-large\"><img decoding=\"async\" width=\"1024\" height=\"500\" src=\"https:\/\/blog.melhorenvio.com.br\/wp-content\/uploads\/2024\/05\/politica-de-frete-rastreio-melhor-envio-1-1024x500.webp\" alt=\"P\u00e1gina de rastreio do Melhor Rastreio\" class=\"wp-image-48987\" srcset=\"https:\/\/melhorenvio.com.br\/blog\/wp-content\/uploads\/2024\/05\/politica-de-frete-rastreio-melhor-envio-1-1024x500.webp 1024w, https:\/\/melhorenvio.com.br\/blog\/wp-content\/uploads\/2024\/05\/politica-de-frete-rastreio-melhor-envio-1-300x147.webp 300w, https:\/\/melhorenvio.com.br\/blog\/wp-content\/uploads\/2024\/05\/politica-de-frete-rastreio-melhor-envio-1-768x375.webp 768w, https:\/\/melhorenvio.com.br\/blog\/wp-content\/uploads\/2024\/05\/politica-de-frete-rastreio-melhor-envio-1-1536x751.webp 1536w, https:\/\/melhorenvio.com.br\/blog\/wp-content\/uploads\/2024\/05\/politica-de-frete-rastreio-melhor-envio-1-150x73.webp 150w, https:\/\/melhorenvio.com.br\/blog\/wp-content\/uploads\/2024\/05\/politica-de-frete-rastreio-melhor-envio-1-750x367.webp 750w, https:\/\/melhorenvio.com.br\/blog\/wp-content\/uploads\/2024\/05\/politica-de-frete-rastreio-melhor-envio-1-1140x557.webp 1140w, https:\/\/melhorenvio.com.br\/blog\/wp-content\/uploads\/2024\/05\/politica-de-frete-rastreio-melhor-envio-1.webp 1600w\" sizes=\"(max-width: 1024px) 100vw, 1024px\" \/><\/figure>\n\n\n\n<p><a href=\"https:\/\/lp.melhorenvio.com.br\/descubra-melhornivel\/\" target=\"_blank\" rel=\"noreferrer noopener\"><strong>Melhor N\u00edvel<\/strong><\/a><strong>:<\/strong> clube de vantagens do Melhor Envio, onde quanto mais fretes s\u00e3o contratados dentro da plataforma novos benef\u00edcios s\u00e3o liberados, como ainda mais descontos e atendimento priorit\u00e1rio.<\/p>\n\n\n\n<figure class=\"wp-block-image size-large\"><img decoding=\"async\" width=\"1024\" height=\"405\" src=\"https:\/\/blog.melhorenvio.com.br\/wp-content\/uploads\/2024\/05\/melhor-nivel-politica-de-frete-1024x405.webp\" alt=\"Os 5 n\u00edveis do Melhor N\u00edvel \" class=\"wp-image-48988\" srcset=\"https:\/\/melhorenvio.com.br\/blog\/wp-content\/uploads\/2024\/05\/melhor-nivel-politica-de-frete-1024x405.webp 1024w, https:\/\/melhorenvio.com.br\/blog\/wp-content\/uploads\/2024\/05\/melhor-nivel-politica-de-frete-300x119.webp 300w, https:\/\/melhorenvio.com.br\/blog\/wp-content\/uploads\/2024\/05\/melhor-nivel-politica-de-frete-768x304.webp 768w, https:\/\/melhorenvio.com.br\/blog\/wp-content\/uploads\/2024\/05\/melhor-nivel-politica-de-frete-1536x608.webp 1536w, https:\/\/melhorenvio.com.br\/blog\/wp-content\/uploads\/2024\/05\/melhor-nivel-politica-de-frete-150x59.webp 150w, https:\/\/melhorenvio.com.br\/blog\/wp-content\/uploads\/2024\/05\/melhor-nivel-politica-de-frete-750x297.webp 750w, https:\/\/melhorenvio.com.br\/blog\/wp-content\/uploads\/2024\/05\/melhor-nivel-politica-de-frete-1140x451.webp 1140w, https:\/\/melhorenvio.com.br\/blog\/wp-content\/uploads\/2024\/05\/melhor-nivel-politica-de-frete.webp 1600w\" sizes=\"(max-width: 1024px) 100vw, 1024px\" \/><\/figure>\n\n\n\n<p>N\u00e3o perca tempo e comece a utilizar todas essas vantagens competitivas a favor do seu neg\u00f3cio de gra\u00e7a e sem pagar nada a mais por isso. Fa\u00e7a o seu cadastro no Melhor Envio clicando no bot\u00e3o abaixo.<\/p>\n\n\n\n<div class=\"wp-block-buttons is-content-justification-center is-layout-flex wp-container-core-buttons-is-layout-16018d1d wp-block-buttons-is-layout-flex\">\n<div class=\"wp-block-button\"><a class=\"wp-block-button__link has-background wp-element-button\" href=\"https:\/\/melhorenvio.com.br\/\" style=\"background-color:#00519d\" target=\"_blank\" rel=\"noreferrer noopener\">Cadastre-se gr\u00e1tis no Melhor Envio<\/a><\/div>\n<\/div>\n","protected":false},"excerpt":{"rendered":"<p>Aprenda como criar e atualizar uma pol\u00edtica de frete. <\/p>\n","protected":false},"author":51,"featured_media":48993,"comment_status":"closed","ping_status":"open","sticky":false,"template":"","format":"standard","meta":{"_acf_changed":false,"jnews-multi-image_gallery":[],"jnews_single_post":{"subtitle":"","format":"standard","video":"","gallery":"","source_name":"","source_url":"","via_name":"","via_url":"","override_template":"0","override":[{"template":"4","single_blog_custom":"","parallax":"1","fullscreen":"0","layout":"right-sidebar","sidebar":"home","second_sidebar":"default-sidebar","sticky_sidebar":"1","share_position":"float","share_float_style":"share-normal","show_share_counter":"1","show_view_counter":"1","show_featured":"1","show_post_meta":"1","show_post_author":"1","show_post_author_image":"1","show_post_date":"1","post_date_format":"default","post_date_format_custom":"Y\/m\/d","show_post_category":"1","show_post_reading_time":"0","post_reading_time_wpm":"300","show_zoom_button":"0","zoom_button_out_step":"2","zoom_button_in_step":"3","show_post_tag":"1","show_prev_next_post":"1","show_popup_post":"1","number_popup_post":"1","show_author_box":"0","show_post_related":"0","show_inline_post_related":"0"}],"override_image_size":"0","image_override":[{"single_post_thumbnail_size":"crop-500","single_post_gallery_size":"crop-500"}],"trending_post":"0","trending_post_position":"meta","trending_post_label":"Trending","sponsored_post":"0","sponsored_post_label":"Sponsored by","sponsored_post_name":"","sponsored_post_url":"","sponsored_post_logo_enable":"0","sponsored_post_logo":"","sponsored_post_desc":"","disable_ad":"0"},"jnews_primary_category":{"id":"","hide":""},"footnotes":""},"categories":[52],"tags":[620,619],"class_list":["post-48979","post","type-post","status-publish","format-standard","has-post-thumbnail","hentry","category-frete-e-logistica","tag-politica-de-entrega","tag-politica-de-frete"],"acf":[],"yoast_head":"<!-- This site is optimized with the Yoast SEO plugin v27.3 - https:\/\/yoast.com\/product\/yoast-seo-wordpress\/ -->\n<title>Pol\u00edtica de frete: como criar pol\u00edtica de entrega para e-commerce<\/title>\n<meta name=\"description\" content=\"Aprenda como criar uma pol\u00edtica de frete e entrega detalhada para e-commerce. Dicas r\u00e1pidas para uma pol\u00edtica de entrega de sucesso.\" \/>\n<meta name=\"robots\" content=\"index, follow, max-snippet:-1, max-image-preview:large, max-video-preview:-1\" \/>\n<link rel=\"canonical\" href=\"https:\/\/melhorenvio.com.br\/blog\/frete-e-logistica\/politica-de-frete\/\" \/>\n<meta property=\"og:locale\" content=\"pt_BR\" \/>\n<meta property=\"og:type\" content=\"article\" \/>\n<meta property=\"og:title\" content=\"Pol\u00edtica de frete: como criar pol\u00edtica de entrega para e-commerce\" \/>\n<meta property=\"og:description\" content=\"Aprenda como criar uma pol\u00edtica de frete e entrega detalhada para e-commerce. Dicas r\u00e1pidas para uma pol\u00edtica de entrega de sucesso.\" \/>\n<meta property=\"og:url\" content=\"https:\/\/melhorenvio.com.br\/blog\/frete-e-logistica\/politica-de-frete\/\" \/>\n<meta property=\"og:site_name\" content=\"Blog Melhor Envio\" \/>\n<meta property=\"article:publisher\" content=\"https:\/\/www.facebook.com\/MelhorEnvio\/\" \/>\n<meta property=\"article:published_time\" content=\"2024-05-09T20:05:07+00:00\" \/>\n<meta property=\"article:modified_time\" content=\"2026-04-09T20:20:54+00:00\" \/>\n<meta property=\"og:image\" content=\"https:\/\/melhorenvio.com.br\/blog\/wp-content\/uploads\/2024\/05\/politica-de-frete-melhor-envio-destacada.webp\" \/>\n\t<meta property=\"og:image:width\" content=\"2500\" \/>\n\t<meta property=\"og:image:height\" content=\"941\" \/>\n\t<meta property=\"og:image:type\" content=\"image\/webp\" \/>\n<meta name=\"author\" content=\"Thiago Soares\" \/>\n<meta name=\"twitter:card\" content=\"summary_large_image\" \/>\n<meta name=\"twitter:creator\" content=\"@melhorenvio\" \/>\n<meta name=\"twitter:site\" content=\"@melhorenvio\" \/>\n<meta name=\"twitter:label1\" content=\"Escrito por\" \/>\n\t<meta name=\"twitter:data1\" content=\"Thiago Soares\" \/>\n\t<meta name=\"twitter:label2\" content=\"Est. tempo de leitura\" \/>\n\t<meta name=\"twitter:data2\" content=\"12 minutos\" \/>\n<script type=\"application\/ld+json\" class=\"yoast-schema-graph\">{\"@context\":\"https:\\\/\\\/schema.org\",\"@graph\":[{\"@type\":\"Article\",\"@id\":\"https:\\\/\\\/melhorenvio.com.br\\\/blog\\\/frete-e-logistica\\\/politica-de-frete\\\/#article\",\"isPartOf\":{\"@id\":\"https:\\\/\\\/melhorenvio.com.br\\\/blog\\\/frete-e-logistica\\\/politica-de-frete\\\/\"},\"author\":{\"name\":\"Thiago Soares\",\"@id\":\"https:\\\/\\\/blog.melhorenvio.com.br\\\/#\\\/schema\\\/person\\\/380cc4e5bc565c2d87f20a567a8ff587\"},\"headline\":\"Pol\u00edtica de frete: o que \u00e9 e como criar uma pol\u00edtica de entrega\",\"datePublished\":\"2024-05-09T20:05:07+00:00\",\"dateModified\":\"2026-04-09T20:20:54+00:00\",\"mainEntityOfPage\":{\"@id\":\"https:\\\/\\\/melhorenvio.com.br\\\/blog\\\/frete-e-logistica\\\/politica-de-frete\\\/\"},\"wordCount\":2156,\"publisher\":{\"@id\":\"https:\\\/\\\/blog.melhorenvio.com.br\\\/#organization\"},\"image\":{\"@id\":\"https:\\\/\\\/melhorenvio.com.br\\\/blog\\\/frete-e-logistica\\\/politica-de-frete\\\/#primaryimage\"},\"thumbnailUrl\":\"https:\\\/\\\/melhorenvio.com.br\\\/blog\\\/wp-content\\\/uploads\\\/2024\\\/05\\\/politica-de-frete-melhor-envio-destacada.webp\",\"keywords\":[\"politica de entrega\",\"pol\u00edtica de frete\"],\"articleSection\":[\"Frete e Log\u00edstica\"],\"inLanguage\":\"pt-BR\"},{\"@type\":\"WebPage\",\"@id\":\"https:\\\/\\\/melhorenvio.com.br\\\/blog\\\/frete-e-logistica\\\/politica-de-frete\\\/\",\"url\":\"https:\\\/\\\/melhorenvio.com.br\\\/blog\\\/frete-e-logistica\\\/politica-de-frete\\\/\",\"name\":\"Pol\u00edtica de frete: como criar pol\u00edtica de entrega para e-commerce\",\"isPartOf\":{\"@id\":\"https:\\\/\\\/blog.melhorenvio.com.br\\\/#website\"},\"primaryImageOfPage\":{\"@id\":\"https:\\\/\\\/melhorenvio.com.br\\\/blog\\\/frete-e-logistica\\\/politica-de-frete\\\/#primaryimage\"},\"image\":{\"@id\":\"https:\\\/\\\/melhorenvio.com.br\\\/blog\\\/frete-e-logistica\\\/politica-de-frete\\\/#primaryimage\"},\"thumbnailUrl\":\"https:\\\/\\\/melhorenvio.com.br\\\/blog\\\/wp-content\\\/uploads\\\/2024\\\/05\\\/politica-de-frete-melhor-envio-destacada.webp\",\"datePublished\":\"2024-05-09T20:05:07+00:00\",\"dateModified\":\"2026-04-09T20:20:54+00:00\",\"description\":\"Aprenda como criar uma pol\u00edtica de frete e entrega detalhada para e-commerce. Dicas r\u00e1pidas para uma pol\u00edtica de entrega de sucesso.\",\"inLanguage\":\"pt-BR\",\"potentialAction\":[{\"@type\":\"ReadAction\",\"target\":[\"https:\\\/\\\/melhorenvio.com.br\\\/blog\\\/frete-e-logistica\\\/politica-de-frete\\\/\"]}]},{\"@type\":\"ImageObject\",\"inLanguage\":\"pt-BR\",\"@id\":\"https:\\\/\\\/melhorenvio.com.br\\\/blog\\\/frete-e-logistica\\\/politica-de-frete\\\/#primaryimage\",\"url\":\"https:\\\/\\\/melhorenvio.com.br\\\/blog\\\/wp-content\\\/uploads\\\/2024\\\/05\\\/politica-de-frete-melhor-envio-destacada.webp\",\"contentUrl\":\"https:\\\/\\\/melhorenvio.com.br\\\/blog\\\/wp-content\\\/uploads\\\/2024\\\/05\\\/politica-de-frete-melhor-envio-destacada.webp\",\"width\":2500,\"height\":941,\"caption\":\"Mulher sorridente anota em embalagem frente ao laptop em escrit\u00f3rio com estoque.\"},{\"@type\":\"WebSite\",\"@id\":\"https:\\\/\\\/blog.melhorenvio.com.br\\\/#website\",\"url\":\"https:\\\/\\\/blog.melhorenvio.com.br\\\/\",\"name\":\"Blog Melhor Envio\",\"description\":\"Aprenda a economizar na gest\u00e3o de fretes\",\"publisher\":{\"@id\":\"https:\\\/\\\/blog.melhorenvio.com.br\\\/#organization\"},\"alternateName\":\"Blog do Melhor Envio\",\"potentialAction\":[{\"@type\":\"SearchAction\",\"target\":{\"@type\":\"EntryPoint\",\"urlTemplate\":\"https:\\\/\\\/blog.melhorenvio.com.br\\\/?s={search_term_string}\"},\"query-input\":{\"@type\":\"PropertyValueSpecification\",\"valueRequired\":true,\"valueName\":\"search_term_string\"}}],\"inLanguage\":\"pt-BR\"},{\"@type\":\"Organization\",\"@id\":\"https:\\\/\\\/blog.melhorenvio.com.br\\\/#organization\",\"name\":\"Melhor Envio\",\"alternateName\":\"Melhor Envio\",\"url\":\"https:\\\/\\\/blog.melhorenvio.com.br\\\/\",\"logo\":{\"@type\":\"ImageObject\",\"inLanguage\":\"pt-BR\",\"@id\":\"https:\\\/\\\/blog.melhorenvio.com.br\\\/#\\\/schema\\\/logo\\\/image\\\/\",\"url\":\"https:\\\/\\\/melhorenvio.com.br\\\/blog\\\/wp-content\\\/uploads\\\/2022\\\/12\\\/blog-logo-melhor-envio.webp\",\"contentUrl\":\"https:\\\/\\\/melhorenvio.com.br\\\/blog\\\/wp-content\\\/uploads\\\/2022\\\/12\\\/blog-logo-melhor-envio.webp\",\"width\":188,\"height\":96,\"caption\":\"Melhor Envio\"},\"image\":{\"@id\":\"https:\\\/\\\/blog.melhorenvio.com.br\\\/#\\\/schema\\\/logo\\\/image\\\/\"},\"sameAs\":[\"https:\\\/\\\/www.facebook.com\\\/MelhorEnvio\\\/\",\"https:\\\/\\\/x.com\\\/melhorenvio\",\"https:\\\/\\\/www.instagram.com\\\/melhorenvio\",\"https:\\\/\\\/www.youtube.com\\\/melhorenviooficial\",\"https:\\\/\\\/br.linkedin.com\\\/company\\\/melhorenvio\"]},{\"@type\":\"Person\",\"@id\":\"https:\\\/\\\/blog.melhorenvio.com.br\\\/#\\\/schema\\\/person\\\/380cc4e5bc565c2d87f20a567a8ff587\",\"name\":\"Thiago Soares\",\"image\":{\"@type\":\"ImageObject\",\"inLanguage\":\"pt-BR\",\"@id\":\"https:\\\/\\\/secure.gravatar.com\\\/avatar\\\/37146dedea0642b5bd93475a3a6131ef2d4889187a2e0517464ed0f537281610?s=96&d=mm&r=g\",\"url\":\"https:\\\/\\\/secure.gravatar.com\\\/avatar\\\/37146dedea0642b5bd93475a3a6131ef2d4889187a2e0517464ed0f537281610?s=96&d=mm&r=g\",\"contentUrl\":\"https:\\\/\\\/secure.gravatar.com\\\/avatar\\\/37146dedea0642b5bd93475a3a6131ef2d4889187a2e0517464ed0f537281610?s=96&d=mm&r=g\",\"caption\":\"Thiago Soares\"},\"description\":\"Especialista em conte\u00fado para e-commerce formado em Letras pela UERJ e com MBA em Marketing pela USP\\\/Esalq. Conta com mais de 12 anos de experi\u00eancia em produ\u00e7\u00e3o de conte\u00fado para grandes marcas do mercado nacional como Buscap\u00e9, Tray, Zoom, Bagy e outras. Atualmente, tem como prop\u00f3sito ajudar lojistas, de todos os tamanhos, a vender mais pela internet. Para isso, atua na equipe de produ\u00e7\u00e3o de conte\u00fado do Melhor Envio, plataforma digital que est\u00e1 revolucionando a log\u00edstica para e-commerce.\",\"sameAs\":[\"https:\\\/\\\/br.linkedin.com\\\/in\\\/thiago-rocha-soares\"],\"url\":\"https:\\\/\\\/melhorenvio.com.br\\\/blog\\\/author\\\/thiago-soares\\\/\"}]}<\/script>\n<!-- \/ Yoast SEO plugin. -->","yoast_head_json":{"title":"Pol\u00edtica de frete: como criar pol\u00edtica de entrega para e-commerce","description":"Aprenda como criar uma pol\u00edtica de frete e entrega detalhada para e-commerce. Dicas r\u00e1pidas para uma pol\u00edtica de entrega de sucesso.","robots":{"index":"index","follow":"follow","max-snippet":"max-snippet:-1","max-image-preview":"max-image-preview:large","max-video-preview":"max-video-preview:-1"},"canonical":"https:\/\/melhorenvio.com.br\/blog\/frete-e-logistica\/politica-de-frete\/","og_locale":"pt_BR","og_type":"article","og_title":"Pol\u00edtica de frete: como criar pol\u00edtica de entrega para e-commerce","og_description":"Aprenda como criar uma pol\u00edtica de frete e entrega detalhada para e-commerce. Dicas r\u00e1pidas para uma pol\u00edtica de entrega de sucesso.","og_url":"https:\/\/melhorenvio.com.br\/blog\/frete-e-logistica\/politica-de-frete\/","og_site_name":"Blog Melhor Envio","article_publisher":"https:\/\/www.facebook.com\/MelhorEnvio\/","article_published_time":"2024-05-09T20:05:07+00:00","article_modified_time":"2026-04-09T20:20:54+00:00","og_image":[{"width":2500,"height":941,"url":"https:\/\/melhorenvio.com.br\/blog\/wp-content\/uploads\/2024\/05\/politica-de-frete-melhor-envio-destacada.webp","type":"image\/webp"}],"author":"Thiago Soares","twitter_card":"summary_large_image","twitter_creator":"@melhorenvio","twitter_site":"@melhorenvio","twitter_misc":{"Escrito por":"Thiago Soares","Est. tempo de leitura":"12 minutos"},"schema":{"@context":"https:\/\/schema.org","@graph":[{"@type":"Article","@id":"https:\/\/melhorenvio.com.br\/blog\/frete-e-logistica\/politica-de-frete\/#article","isPartOf":{"@id":"https:\/\/melhorenvio.com.br\/blog\/frete-e-logistica\/politica-de-frete\/"},"author":{"name":"Thiago Soares","@id":"https:\/\/blog.melhorenvio.com.br\/#\/schema\/person\/380cc4e5bc565c2d87f20a567a8ff587"},"headline":"Pol\u00edtica de frete: o que \u00e9 e como criar uma pol\u00edtica de entrega","datePublished":"2024-05-09T20:05:07+00:00","dateModified":"2026-04-09T20:20:54+00:00","mainEntityOfPage":{"@id":"https:\/\/melhorenvio.com.br\/blog\/frete-e-logistica\/politica-de-frete\/"},"wordCount":2156,"publisher":{"@id":"https:\/\/blog.melhorenvio.com.br\/#organization"},"image":{"@id":"https:\/\/melhorenvio.com.br\/blog\/frete-e-logistica\/politica-de-frete\/#primaryimage"},"thumbnailUrl":"https:\/\/melhorenvio.com.br\/blog\/wp-content\/uploads\/2024\/05\/politica-de-frete-melhor-envio-destacada.webp","keywords":["politica de entrega","pol\u00edtica de frete"],"articleSection":["Frete e Log\u00edstica"],"inLanguage":"pt-BR"},{"@type":"WebPage","@id":"https:\/\/melhorenvio.com.br\/blog\/frete-e-logistica\/politica-de-frete\/","url":"https:\/\/melhorenvio.com.br\/blog\/frete-e-logistica\/politica-de-frete\/","name":"Pol\u00edtica de frete: como criar pol\u00edtica de entrega para e-commerce","isPartOf":{"@id":"https:\/\/blog.melhorenvio.com.br\/#website"},"primaryImageOfPage":{"@id":"https:\/\/melhorenvio.com.br\/blog\/frete-e-logistica\/politica-de-frete\/#primaryimage"},"image":{"@id":"https:\/\/melhorenvio.com.br\/blog\/frete-e-logistica\/politica-de-frete\/#primaryimage"},"thumbnailUrl":"https:\/\/melhorenvio.com.br\/blog\/wp-content\/uploads\/2024\/05\/politica-de-frete-melhor-envio-destacada.webp","datePublished":"2024-05-09T20:05:07+00:00","dateModified":"2026-04-09T20:20:54+00:00","description":"Aprenda como criar uma pol\u00edtica de frete e entrega detalhada para e-commerce. Dicas r\u00e1pidas para uma pol\u00edtica de entrega de sucesso.","inLanguage":"pt-BR","potentialAction":[{"@type":"ReadAction","target":["https:\/\/melhorenvio.com.br\/blog\/frete-e-logistica\/politica-de-frete\/"]}]},{"@type":"ImageObject","inLanguage":"pt-BR","@id":"https:\/\/melhorenvio.com.br\/blog\/frete-e-logistica\/politica-de-frete\/#primaryimage","url":"https:\/\/melhorenvio.com.br\/blog\/wp-content\/uploads\/2024\/05\/politica-de-frete-melhor-envio-destacada.webp","contentUrl":"https:\/\/melhorenvio.com.br\/blog\/wp-content\/uploads\/2024\/05\/politica-de-frete-melhor-envio-destacada.webp","width":2500,"height":941,"caption":"Mulher sorridente anota em embalagem frente ao laptop em escrit\u00f3rio com estoque."},{"@type":"WebSite","@id":"https:\/\/blog.melhorenvio.com.br\/#website","url":"https:\/\/blog.melhorenvio.com.br\/","name":"Blog Melhor Envio","description":"Aprenda a economizar na gest\u00e3o de fretes","publisher":{"@id":"https:\/\/blog.melhorenvio.com.br\/#organization"},"alternateName":"Blog do Melhor Envio","potentialAction":[{"@type":"SearchAction","target":{"@type":"EntryPoint","urlTemplate":"https:\/\/blog.melhorenvio.com.br\/?s={search_term_string}"},"query-input":{"@type":"PropertyValueSpecification","valueRequired":true,"valueName":"search_term_string"}}],"inLanguage":"pt-BR"},{"@type":"Organization","@id":"https:\/\/blog.melhorenvio.com.br\/#organization","name":"Melhor Envio","alternateName":"Melhor Envio","url":"https:\/\/blog.melhorenvio.com.br\/","logo":{"@type":"ImageObject","inLanguage":"pt-BR","@id":"https:\/\/blog.melhorenvio.com.br\/#\/schema\/logo\/image\/","url":"https:\/\/melhorenvio.com.br\/blog\/wp-content\/uploads\/2022\/12\/blog-logo-melhor-envio.webp","contentUrl":"https:\/\/melhorenvio.com.br\/blog\/wp-content\/uploads\/2022\/12\/blog-logo-melhor-envio.webp","width":188,"height":96,"caption":"Melhor Envio"},"image":{"@id":"https:\/\/blog.melhorenvio.com.br\/#\/schema\/logo\/image\/"},"sameAs":["https:\/\/www.facebook.com\/MelhorEnvio\/","https:\/\/x.com\/melhorenvio","https:\/\/www.instagram.com\/melhorenvio","https:\/\/www.youtube.com\/melhorenviooficial","https:\/\/br.linkedin.com\/company\/melhorenvio"]},{"@type":"Person","@id":"https:\/\/blog.melhorenvio.com.br\/#\/schema\/person\/380cc4e5bc565c2d87f20a567a8ff587","name":"Thiago Soares","image":{"@type":"ImageObject","inLanguage":"pt-BR","@id":"https:\/\/secure.gravatar.com\/avatar\/37146dedea0642b5bd93475a3a6131ef2d4889187a2e0517464ed0f537281610?s=96&d=mm&r=g","url":"https:\/\/secure.gravatar.com\/avatar\/37146dedea0642b5bd93475a3a6131ef2d4889187a2e0517464ed0f537281610?s=96&d=mm&r=g","contentUrl":"https:\/\/secure.gravatar.com\/avatar\/37146dedea0642b5bd93475a3a6131ef2d4889187a2e0517464ed0f537281610?s=96&d=mm&r=g","caption":"Thiago Soares"},"description":"Especialista em conte\u00fado para e-commerce formado em Letras pela UERJ e com MBA em Marketing pela USP\/Esalq. Conta com mais de 12 anos de experi\u00eancia em produ\u00e7\u00e3o de conte\u00fado para grandes marcas do mercado nacional como Buscap\u00e9, Tray, Zoom, Bagy e outras. Atualmente, tem como prop\u00f3sito ajudar lojistas, de todos os tamanhos, a vender mais pela internet. Para isso, atua na equipe de produ\u00e7\u00e3o de conte\u00fado do Melhor Envio, plataforma digital que est\u00e1 revolucionando a log\u00edstica para e-commerce.","sameAs":["https:\/\/br.linkedin.com\/in\/thiago-rocha-soares"],"url":"https:\/\/melhorenvio.com.br\/blog\/author\/thiago-soares\/"}]}},"_links":{"self":[{"href":"https:\/\/melhorenvio.com.br\/blog\/wp-json\/wp\/v2\/posts\/48979","targetHints":{"allow":["GET"]}}],"collection":[{"href":"https:\/\/melhorenvio.com.br\/blog\/wp-json\/wp\/v2\/posts"}],"about":[{"href":"https:\/\/melhorenvio.com.br\/blog\/wp-json\/wp\/v2\/types\/post"}],"author":[{"embeddable":true,"href":"https:\/\/melhorenvio.com.br\/blog\/wp-json\/wp\/v2\/users\/51"}],"replies":[{"embeddable":true,"href":"https:\/\/melhorenvio.com.br\/blog\/wp-json\/wp\/v2\/comments?post=48979"}],"version-history":[{"count":11,"href":"https:\/\/melhorenvio.com.br\/blog\/wp-json\/wp\/v2\/posts\/48979\/revisions"}],"predecessor-version":[{"id":59405,"href":"https:\/\/melhorenvio.com.br\/blog\/wp-json\/wp\/v2\/posts\/48979\/revisions\/59405"}],"wp:featuredmedia":[{"embeddable":true,"href":"https:\/\/melhorenvio.com.br\/blog\/wp-json\/wp\/v2\/media\/48993"}],"wp:attachment":[{"href":"https:\/\/melhorenvio.com.br\/blog\/wp-json\/wp\/v2\/media?parent=48979"}],"wp:term":[{"taxonomy":"category","embeddable":true,"href":"https:\/\/melhorenvio.com.br\/blog\/wp-json\/wp\/v2\/categories?post=48979"},{"taxonomy":"post_tag","embeddable":true,"href":"https:\/\/melhorenvio.com.br\/blog\/wp-json\/wp\/v2\/tags?post=48979"}],"curies":[{"name":"wp","href":"https:\/\/api.w.org\/{rel}","templated":true}]}}