{"id":54294,"date":"2025-02-21T15:57:08","date_gmt":"2025-02-21T18:57:08","guid":{"rendered":"https:\/\/melhorenvio.com.br\/blog\/?p=54294"},"modified":"2025-04-16T17:41:38","modified_gmt":"2025-04-16T20:41:38","slug":"dia-do-consumidor-frases","status":"publish","type":"post","link":"https:\/\/melhorenvio.com.br\/blog\/datas-especiais\/dia-do-consumidor-frases\/","title":{"rendered":"Frases Dia do Consumidor: 30 mensagens para auxiliar a comunica\u00e7\u00e3o com o cliente"},"content":{"rendered":"\n<p class=\"has-text-align-center\"><strong><em>Feliz dia do Consumidor! Comemore a data com 30 modelos de mensagens de Dia do Consumidor para clientes<\/em><\/strong><\/p>\n\n\n\n<p>O <strong><a href=\"https:\/\/melhorenvio.com.br\/blog\/datas-especiais\/dia-do-consumidor-2025\/\" target=\"_blank\" rel=\"noreferrer noopener\">Dia do Consumidor<\/a><\/strong> \u00e9 comemorado no dia 15 de mar\u00e7o, a data j\u00e1 entrou no calend\u00e1rio de promo\u00e7\u00f5es mais esperadas pelos consumidores e atualmente o Dia do Consumidor \u00e9 conhecido como a Black Friday do primeiro semestre.&nbsp;<\/p>\n\n\n\n<p>Al\u00e9m de ser um per\u00edodo prop\u00edcio para aumento das vendas, o dia 15 de mar\u00e7o tamb\u00e9m \u00e9 uma oportunidade para voc\u00ea fazer uma <strong>homenagem ou divulgar suas promo\u00e7\u00f5es de Dia do Consumidor<\/strong>.&nbsp;<\/p>\n\n\n\n<p>Vale fazer posts nas redes sociais ou no blog da sua loja. Voc\u00ea pode agradecer quem j\u00e1 comprou no seu <a href=\"https:\/\/tray.com.br\/escola\/o-que-e-e-commerce\/\" target=\"_blank\" rel=\"noreferrer noopener\">e-commerce<\/a>, solicitar avalia\u00e7\u00f5es ou at\u00e9 mesmo conscientizar as pessoas sobre a import\u00e2ncia da data, que foi criada na d\u00e9cada de 60 com esse objetivo.\u00a0<\/p>\n\n\n\n<p>Para facilitar, trouxemos <strong>30 ideias de frases do Dia do Consumidor<\/strong> que podem ser adaptadas para o seu neg\u00f3cio. Confira:<\/p>\n\n\n\n<h2 class=\"wp-block-heading\">Dia do Consumidor: 30 frases para clientes para inspirar em suas comunica\u00e7\u00f5es<\/h2>\n\n\n\n<ol class=\"wp-block-list\">\n<li>Hoje \u00e9 o seu dia especial, Consumidor (a)! Para celebrar a import\u00e2ncia que voc\u00ea tem para a [nome da empresa], liberamos um cupom de xx% de desconto. Corre l\u00e1 no site e aproveite.<\/li>\n\n\n\n<li>Ol\u00e1, [nome da pessoa]. 15 de mar\u00e7o \u00e9 um dia para celebrar a import\u00e2ncia que voc\u00ea tem para a [nome da empresa]. E claro, para comemorar n\u00f3s preparamos muitas promo\u00e7\u00f5es. Clique aqui e venha conferir!<\/li>\n\n\n\n<li>Oie, [nome da pessoa]. Ao longo da semana, vamos te presentear com as melhores ofertas do consumidor. Por isso, fique de olho no seu e-mail e nas nossas redes sociais.&nbsp;<\/li>\n\n\n\n<li>[nome da pessoa], pare de ficar \u201cdando s\u00f3 uma olhadinha\u201d. Pode colocar seus produtos no carrinho que hoje o frete \u00e9 por nossa conta.<\/li>\n\n\n\n<li>Ol\u00e1, [nome da pessoa]. Desejamos a voc\u00ea um feliz Dia do Consumidor! Aproveita e d\u00e1 uma passadinha l\u00e1 no site e confira a surpresa que preparamos para voc\u00ea.<\/li>\n\n\n\n<li>Ol\u00e1, [nome da pessoa]. N\u00f3s da [nome da empresa] temos o compromisso de oferecer produtos e servi\u00e7os de qualidade. Por isso, estamos \u00e0 disposi\u00e7\u00e3o para te ouvir. Sua opini\u00e3o \u00e9 muito importante para n\u00f3s.<\/li>\n<\/ol>\n\n\n\n<ol start=\"7\" class=\"wp-block-list\">\n<li>Queremos aproveitar o dia de hoje para agradecer voc\u00eas, consumidores e consumidoras, por fazerem parte do nosso sonho.&nbsp;<\/li>\n\n\n\n<li>&#8220;Seu estilo, suas regras! Feliz Dia do Consumidor! Celebre sua individualidade com as pe\u00e7as que te definem na [Nome da Loja].&#8221;<\/li>\n\n\n\n<li>Ei, [nome da pessoa]. Aproveite este dia para refletir sobre seus h\u00e1bitos de consumo, valorizar suas escolhas conscientes e exercer seus direitos como consumidor. Para ajudar, preparamos um <strong>post de Dia do Consumidor<\/strong> para orientar voc\u00ea. Passa l\u00e1 no blog e confira!<\/li>\n\n\n\n<li>Oi, [nome da pessoa]. Que tal celebrar o Dia do Consumidor de um jeito diferente? Separamos uma lista de itens que podem te agradar, mas fa\u00e7a escolhas conscientes!<\/li>\n\n\n\n<li>Oi, [nome da pessoa]. Indo na contram\u00e3o do mercado, n\u00f3s da [nome da empresa] queremos propor um desafio: compre somente o que voc\u00ea precisa, combinado?! Sabemos que nossos produtos s\u00e3o encantadores, mas seja um consumidor (a) consciente.&nbsp;<\/li>\n\n\n\n<li>\u00c9 um prazer ter voc\u00ea conosco neste dia 15 de mar\u00e7o. Saiba que cada pedido que recebemos \u00e9 enviado com muito amor e cuidado. Mas lembre-se de fazer escolhas conscientes, ok?!<\/li>\n\n\n\n<li>Feliz Dia do Consumidor! Sem voc\u00ea nossas conquistas n\u00e3o seriam poss\u00edveis. Por isso, queremos deixar sinceros agradecimentos pela parceria e confian\u00e7a depositada em nosso trabalho.<\/li>\n\n\n\n<li>Neste Dia Mundial do Consumidor queremos agradecer a voc\u00ea, [nome da pessoa], por ter nos escolhido. Para retribuir a sua prefer\u00eancia, vamos dar um cupom de desconto especial [nome do cupom] para voc\u00ea usar durante o m\u00eas de mar\u00e7o.<\/li>\n\n\n\n<li>Saber da sua satisfa\u00e7\u00e3o em comprar na nossa loja n\u00e3o tem pre\u00e7o. Mas deixa eu te falar uma coisa: a loja toda est\u00e1 com pre\u00e7o m\u00e1ximo de R$199 na semana do consumidor. Corra para a loja e garanta seu pedido antes que acabe o estoque.<\/li>\n\n\n\n<li>Parab\u00e9ns, consumidor (a)! Voc\u00ea \u00e9 uma pessoa muito importante para n\u00f3s da [nome da empresa] e queremos deixar nossos sinceros agradecimentos por sua prefer\u00eancia!<\/li>\n\n\n\n<li>Em nome de toda a equipe da [nome da empresa], gostar\u00edamos de homenagear nossas consumidoras e consumidores. A confian\u00e7a de voc\u00eas \u00e9 o que nos move.<\/li>\n<\/ol>\n\n\n<div class=\"wp-block-image\">\n<figure class=\"aligncenter size-full\"><img decoding=\"async\" width=\"1024\" height=\"576\" src=\"https:\/\/melhorenvio.com.br\/blog\/wp-content\/uploads\/2025\/02\/frase-dia-do-consumidor.png\" alt=\"exemplo de frese de Dia do Consumidor para clientes\" class=\"wp-image-54296\" srcset=\"https:\/\/melhorenvio.com.br\/blog\/wp-content\/uploads\/2025\/02\/frase-dia-do-consumidor.png 1024w, https:\/\/melhorenvio.com.br\/blog\/wp-content\/uploads\/2025\/02\/frase-dia-do-consumidor-300x169.png 300w, https:\/\/melhorenvio.com.br\/blog\/wp-content\/uploads\/2025\/02\/frase-dia-do-consumidor-768x432.png 768w, https:\/\/melhorenvio.com.br\/blog\/wp-content\/uploads\/2025\/02\/frase-dia-do-consumidor-150x84.png 150w, https:\/\/melhorenvio.com.br\/blog\/wp-content\/uploads\/2025\/02\/frase-dia-do-consumidor-750x422.png 750w\" sizes=\"(max-width: 1024px) 100vw, 1024px\" \/><figcaption class=\"wp-element-caption\"><em>Exemplo de mensagem Dia do Consumidor de agradecimento.<\/em>&nbsp;<\/figcaption><\/figure>\n<\/div>\n\n\n<ol start=\"18\" class=\"wp-block-list\">\n<li>&#8220;Feliz Dia do Consumidor! Sua escolha e confian\u00e7a nos inspiram a dar o nosso melhor sempre. Obrigado por fazer parte da nossa jornada!&#8221;<\/li>\n\n\n\n<li>&#8220;Hoje \u00e9 o seu dia, consumidor! Agradecemos por cada sorriso, cada feedback e cada momento que compartilhamos juntos. Conte conosco para continuarmos construindo uma hist\u00f3ria de sucesso.&#8221;<\/li>\n\n\n\n<li>&#8220;Neste Dia do Consumidor, celebramos a sua voz, a sua exig\u00eancia e a sua import\u00e2ncia. Voc\u00ea \u00e9 a raz\u00e3o de ser da nossa empresa e o nosso maior tesouro.&#8221;<\/li>\n\n\n\n<li>&#8220;Seu estilo \u00e9 \u00fanico, e a [Nome da Loja] te ajuda a express\u00e1-lo! Feliz Dia do Consumidor! Descubra as pe\u00e7as que te valorizam e te fazem sentir incr\u00edvel.&#8221;<\/li>\n\n\n\n<li>\u201cFeliz Dia do Consumidor! Sua opini\u00e3o \u00e9 fundamental para que possamos oferecer produtos e servi\u00e7os cada vez melhores. Compartilhe suas experi\u00eancias conosco e nos ajude a construir um futuro ainda mais incr\u00edvel.\u201d<\/li>\n\n\n\n<li>&#8220;[nome da pessoa], voc\u00ea \u00e9 um consumidor inteligente e antenado, que sabe o que quer e n\u00e3o abre m\u00e3o dos seus direitos. N\u00f3s admiramos a sua for\u00e7a e a sua voz, e estamos aqui para te defender e te atender da melhor forma poss\u00edvel.&#8221;<\/li>\n\n\n\n<li>&#8220;Hoje \u00e9 o dia de celebrar a sua import\u00e2ncia, consumidor! Por isso, preparamos ofertas exclusivas que v\u00e3o te deixar de queixo ca\u00eddo. Aproveite e presenteie-se!&#8221;<\/li>\n\n\n\n<li>&#8220;Nossa empresa nasceu com o objetivo de atender \u00e0s suas necessidades e superar as suas expectativas. Hoje, no Dia do Consumidor, celebramos essa miss\u00e3o e renovamos o nosso compromisso com voc\u00ea.&#8221;<\/li>\n\n\n\n<li>&#8220;Neste dia, queremos te lembrar que voc\u00ea tem voz, voc\u00ea tem poder e voc\u00ea tem o nosso apoio. Conte conosco para defender os seus direitos e para te oferecer o melhor atendimento poss\u00edvel.&#8221;<\/li>\n\n\n\n<li>&#8220;Dia do Consumidor? \u00c9 dia de aproveitar! Na [Nome da Loja], voc\u00ea encontra pe\u00e7as incr\u00edveis com pre\u00e7os que cabem no seu bolso. Seu guarda-roupa e seu bolso agradecem!&#8221;&nbsp;<\/li>\n\n\n\n<li>&#8220;Seu pet \u00e9 a nossa prioridade! Feliz Dia do Consumidor! Conte com a [Nome do Pet Shop] para oferecer o melhor em produtos, servi\u00e7os e cuidados para o seu bichinho.&#8221;<\/li>\n\n\n\n<li>&#8220;Feliz Dia do Consumidor! Agradecemos a sua confian\u00e7a e prefer\u00eancia. Conte com a [Nome do Pet Shop] para ser o seu parceiro na hora de cuidar do seu pet.&#8221;<\/li>\n\n\n\n<li>&#8220;Dia do Consumidor na [Nome da Loja Virtual]? \u00c9 sin\u00f4nimo de ofertas imperd\u00edveis! Aproveite descontos exclusivos e promo\u00e7\u00f5es que v\u00e3o te surpreender.&#8221;<\/li>\n<\/ol>\n\n\n\n<h2 class=\"wp-block-heading\">Venda mais no Dia do Consumidor com o Melhor Envio<\/h2>\n\n\n\n<p>Para vender mais pela internet o ano todo \u00e9 importante se atentar aos custos log\u00edsticos da opera\u00e7\u00e3o, principalmente o pre\u00e7o do frete. Nesse ponto a regra \u00e9 simples, quanto mais barato for o custo do frete maiores s\u00e3o as chances de efetuar uma venda.&nbsp;&nbsp;<\/p>\n\n\n\n<p>Um jeito eficiente de reduzir custos e diversificar as op\u00e7\u00f5es de entrega da sua loja virtual \u00e9 usar uma ferramenta de intermedia\u00e7\u00e3o log\u00edstica completa e gratuita, como o <a href=\"https:\/\/melhorenvio.com.br\/\" target=\"_blank\" rel=\"noreferrer noopener\"><strong>Melhor Envio<\/strong><\/a>.<\/p>\n\n\n\n<p>Com o Melhor Envio seu e-commerce ter\u00e1 acesso&nbsp; a pre\u00e7os e prazos exclusivos nas principais transportadoras do pa\u00eds, incluindo os Correios.<\/p>\n\n\n<div class=\"wp-block-image\">\n<figure class=\"aligncenter size-large\"><img decoding=\"async\" width=\"1024\" height=\"330\" src=\"https:\/\/melhorenvio.com.br\/blog\/wp-content\/uploads\/2025\/02\/transportadoras-melhor-envio-1024x330.webp\" alt=\"transportadoras presentes no Melhor Envio\" class=\"wp-image-54298\" srcset=\"https:\/\/melhorenvio.com.br\/blog\/wp-content\/uploads\/2025\/02\/transportadoras-melhor-envio-1024x330.webp 1024w, https:\/\/melhorenvio.com.br\/blog\/wp-content\/uploads\/2025\/02\/transportadoras-melhor-envio-300x97.webp 300w, https:\/\/melhorenvio.com.br\/blog\/wp-content\/uploads\/2025\/02\/transportadoras-melhor-envio-768x247.webp 768w, https:\/\/melhorenvio.com.br\/blog\/wp-content\/uploads\/2025\/02\/transportadoras-melhor-envio-150x48.webp 150w, https:\/\/melhorenvio.com.br\/blog\/wp-content\/uploads\/2025\/02\/transportadoras-melhor-envio-750x241.webp 750w, https:\/\/melhorenvio.com.br\/blog\/wp-content\/uploads\/2025\/02\/transportadoras-melhor-envio-1140x367.webp 1140w, https:\/\/melhorenvio.com.br\/blog\/wp-content\/uploads\/2025\/02\/transportadoras-melhor-envio.webp 1199w\" sizes=\"(max-width: 1024px) 100vw, 1024px\" \/><\/figure>\n<\/div>\n\n\n<p>Tamb\u00e9m disponibilizamos servi\u00e7os gratuitos extras como o <a href=\"https:\/\/melhorenvio.com.br\/blog\/sobre-nos\/ponto-parceiro-simplifique-o-envio-de-encomendas-com-ajuda-do-melhor-envio\/\" target=\"_blank\" rel=\"noreferrer noopener\"><strong>Ponto Parceiro<\/strong><\/a>, que s\u00e3o mais de 14.000 pontos de coleta adicionais espalhados pelo Brasil, onde voc\u00ea pode deixar pacotes de v\u00e1rias transportadoras parceiras no mesmo local.<\/p>\n\n\n\n<p>Essas unidades entregam muito mais praticidade para o seu processo de postagem, evitando maiores deslocamentos para despachar os pedidos e tempo perdido em filas.<\/p>\n\n\n\n<p>Utilizando o Melhor Envio no seu e-commerce voc\u00ea tamb\u00e9m tem acesso ao <a href=\"https:\/\/melhorenvio.com.br\/blog\/sobre-nos\/o-que-e-o-melhor-rastreio-e-como-acompanhar-o-frete-pelo-melhor-envio\/\" target=\"_blank\" rel=\"noreferrer noopener\"><strong>Melhor Rastreio<\/strong><\/a>, que permite acompanhar o andamento de todas as remessas e enviar alertas sobre cada movimenta\u00e7\u00e3o do pacote para o cliente.&nbsp;<\/p>\n\n\n\n<p>Esses s\u00e3o apenas alguns motivos para come\u00e7ar a usar o Melhor Envio. Mas o melhor deles \u00e9, como dissemos, o <strong>servi\u00e7o \u00e9 totalmente gratuito<\/strong>, sem mensalidade ou n\u00famero m\u00ednimo de pedidos! Clique no bot\u00e3o abaixo e fa\u00e7a o seu cadastro!<\/p>\n\n\n\n<div class=\"wp-block-buttons is-content-justification-center is-layout-flex wp-container-core-buttons-is-layout-16018d1d wp-block-buttons-is-layout-flex\">\n<div class=\"wp-block-button\"><a class=\"wp-block-button__link has-background wp-element-button\" style=\"background-color:#00519d\"><strong>Colocar o Melhor Envio no meu site<\/strong><\/a><\/div>\n<\/div>\n\n\n\n<h2 class=\"wp-block-heading\"><strong>N\u00e3o perca nenhuma data importante para seu e-commerce com Melhor Planner 2025<\/strong><\/h2>\n\n\n\n<p>Para voc\u00ea n\u00e3o perder nenhuma data importante para o seu e-commerce, o Melhor Envio disponibiliza gratuitamente o <strong><a href=\"https:\/\/melhorenvio.com.br\/blog\/sobre-nos\/planner-mensal-2025-para-imprimir-e-virtual-gratis\/\" target=\"_blank\" rel=\"noreferrer noopener\">Melhor Planner 2025<\/a><\/strong>. <strong>Um planner completo para imprimir ou usar digitalmente<\/strong>.&nbsp;<\/p>\n\n\n\n<p>Nele, al\u00e9m de espa\u00e7os para anota\u00e7\u00f5es de planejamento mensal, voc\u00ea ter\u00e1 as tradicionais datas promocionais para o e-commerce e tamb\u00e9m datas que ainda est\u00e3o crescendo e s\u00e3o boas oportunidades&nbsp; para aumentar o faturamento do seu neg\u00f3cio, como o Valentine\u2019s Day e o Dia do Orgulho Nerd.&nbsp;<\/p>\n\n\n<div class=\"wp-block-image\">\n<figure class=\"aligncenter size-full\"><img decoding=\"async\" width=\"337\" height=\"512\" src=\"https:\/\/melhorenvio.com.br\/blog\/wp-content\/uploads\/2025\/02\/planner-para-imprimir-2025-pdf-gratis.webp\" alt=\"exemplo de p\u00e1gina do Melhor Planner 2025\" class=\"wp-image-54299\" srcset=\"https:\/\/melhorenvio.com.br\/blog\/wp-content\/uploads\/2025\/02\/planner-para-imprimir-2025-pdf-gratis.webp 337w, https:\/\/melhorenvio.com.br\/blog\/wp-content\/uploads\/2025\/02\/planner-para-imprimir-2025-pdf-gratis-197x300.webp 197w, https:\/\/melhorenvio.com.br\/blog\/wp-content\/uploads\/2025\/02\/planner-para-imprimir-2025-pdf-gratis-150x228.webp 150w\" sizes=\"(max-width: 337px) 100vw, 337px\" \/><\/figure>\n<\/div>\n\n\n<p>Al\u00e9m disso, no Melhor Planner voc\u00ea ter\u00e1 os <strong>principais eventos de fornecedores de 2025, conte\u00fados exclusivos para cada momento do m\u00eas e um guia de planejamento mensal para redes sociais<\/strong>.&nbsp;<\/p>\n\n\n\n<p>Baixe o Melhor Planner 2025, na vers\u00e3o para imprimir ou digital, clicando no bot\u00e3o abaixo!<\/p>\n\n\n\n<div class=\"wp-block-buttons is-content-justification-center is-layout-flex wp-container-core-buttons-is-layout-16018d1d wp-block-buttons-is-layout-flex\">\n<div class=\"wp-block-button\"><a class=\"wp-block-button__link has-background has-text-align-center wp-element-button\" href=\"https:\/\/melhorenvio.com.br\/blog\/planner-2025-para-imprimir-e-digital-pdf-gratis\/\" style=\"background-color:#00519d\" target=\"_blank\" rel=\"noreferrer noopener\"><strong>Baixar Melhor Planner 2025<\/strong><\/a><\/div>\n<\/div>\n","protected":false},"excerpt":{"rendered":"<p>Feliz dia do Consumidor! Comemore a data com 30 modelos de mensagens de Dia do Consumidor para clientes O Dia do Consumidor \u00e9 comemorado no dia 15 de mar\u00e7o, a data j\u00e1 entrou no calend\u00e1rio de promo\u00e7\u00f5es mais esperadas pelos consumidores e atualmente o Dia do Consumidor \u00e9 conhecido como a Black Friday do primeiro [&hellip;]<\/p>\n","protected":false},"author":51,"featured_media":54302,"comment_status":"closed","ping_status":"open","sticky":false,"template":"","format":"standard","meta":{"_acf_changed":false,"jnews-multi-image_gallery":[],"jnews_single_post":{"format":"standard"},"jnews_primary_category":[],"footnotes":""},"categories":[59],"tags":[685,687],"class_list":["post-54294","post","type-post","status-publish","format-standard","has-post-thumbnail","hentry","category-datas-especiais","tag-dia-do-consumidor-frases","tag-feliz-dia-dos-consumidores"],"acf":[],"yoast_head":"<!-- This site is optimized with the Yoast SEO plugin v27.3 - https:\/\/yoast.com\/product\/yoast-seo-wordpress\/ -->\n<title>Dia do Consumidor frases: 30 mensagens para enviar aos clientes<\/title>\n<meta name=\"description\" content=\"30 frases para Dia do Consumidor: 1 &quot;Sua opini\u00e3o faz a diferen\u00e7a! feliz Dia do Consumidor!&quot; 2 &quot;Seus direitos, nossa prioridade. feliz Dia do Consumidor&quot;...\" \/>\n<meta name=\"robots\" content=\"index, follow, max-snippet:-1, max-image-preview:large, max-video-preview:-1\" \/>\n<link rel=\"canonical\" href=\"https:\/\/melhorenvio.com.br\/blog\/datas-especiais\/dia-do-consumidor-frases\/\" \/>\n<meta property=\"og:locale\" content=\"pt_BR\" \/>\n<meta property=\"og:type\" content=\"article\" \/>\n<meta property=\"og:title\" content=\"Dia do Consumidor frases: 30 mensagens para enviar aos clientes\" \/>\n<meta property=\"og:description\" content=\"30 frases para Dia do Consumidor: 1 &quot;Sua opini\u00e3o faz a diferen\u00e7a! feliz Dia do Consumidor!&quot; 2 &quot;Seus direitos, nossa prioridade. feliz Dia do Consumidor&quot;...\" \/>\n<meta property=\"og:url\" content=\"https:\/\/melhorenvio.com.br\/blog\/datas-especiais\/dia-do-consumidor-frases\/\" \/>\n<meta property=\"og:site_name\" content=\"Blog Melhor Envio\" \/>\n<meta property=\"article:publisher\" content=\"https:\/\/www.facebook.com\/MelhorEnvio\/\" \/>\n<meta property=\"article:published_time\" content=\"2025-02-21T18:57:08+00:00\" \/>\n<meta property=\"article:modified_time\" content=\"2025-04-16T20:41:38+00:00\" \/>\n<meta property=\"og:image\" content=\"https:\/\/melhorenvio.com.br\/blog\/wp-content\/uploads\/2025\/02\/frases-dia-dos-consumidores.webp\" \/>\n\t<meta property=\"og:image:width\" content=\"2500\" \/>\n\t<meta property=\"og:image:height\" content=\"941\" \/>\n\t<meta property=\"og:image:type\" content=\"image\/webp\" \/>\n<meta name=\"author\" content=\"Thiago Soares\" \/>\n<meta name=\"twitter:card\" content=\"summary_large_image\" \/>\n<meta name=\"twitter:creator\" content=\"@melhorenvio\" \/>\n<meta name=\"twitter:site\" content=\"@melhorenvio\" \/>\n<meta name=\"twitter:label1\" content=\"Escrito por\" \/>\n\t<meta name=\"twitter:data1\" content=\"Thiago Soares\" \/>\n\t<meta name=\"twitter:label2\" content=\"Est. tempo de leitura\" \/>\n\t<meta name=\"twitter:data2\" content=\"9 minutos\" \/>\n<script type=\"application\/ld+json\" class=\"yoast-schema-graph\">{\"@context\":\"https:\\\/\\\/schema.org\",\"@graph\":[{\"@type\":\"Article\",\"@id\":\"https:\\\/\\\/melhorenvio.com.br\\\/blog\\\/datas-especiais\\\/dia-do-consumidor-frases\\\/#article\",\"isPartOf\":{\"@id\":\"https:\\\/\\\/melhorenvio.com.br\\\/blog\\\/datas-especiais\\\/dia-do-consumidor-frases\\\/\"},\"author\":{\"name\":\"Thiago Soares\",\"@id\":\"https:\\\/\\\/blog.melhorenvio.com.br\\\/#\\\/schema\\\/person\\\/380cc4e5bc565c2d87f20a567a8ff587\"},\"headline\":\"Frases Dia do Consumidor: 30 mensagens para auxiliar a comunica\u00e7\u00e3o com o cliente\",\"datePublished\":\"2025-02-21T18:57:08+00:00\",\"dateModified\":\"2025-04-16T20:41:38+00:00\",\"mainEntityOfPage\":{\"@id\":\"https:\\\/\\\/melhorenvio.com.br\\\/blog\\\/datas-especiais\\\/dia-do-consumidor-frases\\\/\"},\"wordCount\":1557,\"publisher\":{\"@id\":\"https:\\\/\\\/blog.melhorenvio.com.br\\\/#organization\"},\"image\":{\"@id\":\"https:\\\/\\\/melhorenvio.com.br\\\/blog\\\/datas-especiais\\\/dia-do-consumidor-frases\\\/#primaryimage\"},\"thumbnailUrl\":\"https:\\\/\\\/melhorenvio.com.br\\\/blog\\\/wp-content\\\/uploads\\\/2025\\\/02\\\/frases-dia-dos-consumidores.webp\",\"keywords\":[\"Dia do Consumidor frases\",\"feliz Dia dos Consumidores\"],\"articleSection\":[\"Datas especiais\"],\"inLanguage\":\"pt-BR\"},{\"@type\":\"WebPage\",\"@id\":\"https:\\\/\\\/melhorenvio.com.br\\\/blog\\\/datas-especiais\\\/dia-do-consumidor-frases\\\/\",\"url\":\"https:\\\/\\\/melhorenvio.com.br\\\/blog\\\/datas-especiais\\\/dia-do-consumidor-frases\\\/\",\"name\":\"Dia do Consumidor frases: 30 mensagens para enviar aos clientes\",\"isPartOf\":{\"@id\":\"https:\\\/\\\/blog.melhorenvio.com.br\\\/#website\"},\"primaryImageOfPage\":{\"@id\":\"https:\\\/\\\/melhorenvio.com.br\\\/blog\\\/datas-especiais\\\/dia-do-consumidor-frases\\\/#primaryimage\"},\"image\":{\"@id\":\"https:\\\/\\\/melhorenvio.com.br\\\/blog\\\/datas-especiais\\\/dia-do-consumidor-frases\\\/#primaryimage\"},\"thumbnailUrl\":\"https:\\\/\\\/melhorenvio.com.br\\\/blog\\\/wp-content\\\/uploads\\\/2025\\\/02\\\/frases-dia-dos-consumidores.webp\",\"datePublished\":\"2025-02-21T18:57:08+00:00\",\"dateModified\":\"2025-04-16T20:41:38+00:00\",\"description\":\"30 frases para Dia do Consumidor: 1 \\\"Sua opini\u00e3o faz a diferen\u00e7a! feliz Dia do Consumidor!\\\" 2 \\\"Seus direitos, nossa prioridade. feliz Dia do Consumidor\\\"...\",\"inLanguage\":\"pt-BR\",\"potentialAction\":[{\"@type\":\"ReadAction\",\"target\":[\"https:\\\/\\\/melhorenvio.com.br\\\/blog\\\/datas-especiais\\\/dia-do-consumidor-frases\\\/\"]}]},{\"@type\":\"ImageObject\",\"inLanguage\":\"pt-BR\",\"@id\":\"https:\\\/\\\/melhorenvio.com.br\\\/blog\\\/datas-especiais\\\/dia-do-consumidor-frases\\\/#primaryimage\",\"url\":\"https:\\\/\\\/melhorenvio.com.br\\\/blog\\\/wp-content\\\/uploads\\\/2025\\\/02\\\/frases-dia-dos-consumidores.webp\",\"contentUrl\":\"https:\\\/\\\/melhorenvio.com.br\\\/blog\\\/wp-content\\\/uploads\\\/2025\\\/02\\\/frases-dia-dos-consumidores.webp\",\"width\":2500,\"height\":941,\"caption\":\"capa do artigo \\\"Frases Dia do Consumidor\\\" do Blog do Melhor Envio\"},{\"@type\":\"WebSite\",\"@id\":\"https:\\\/\\\/blog.melhorenvio.com.br\\\/#website\",\"url\":\"https:\\\/\\\/blog.melhorenvio.com.br\\\/\",\"name\":\"Blog Melhor Envio\",\"description\":\"Aprenda a economizar na gest\u00e3o de fretes\",\"publisher\":{\"@id\":\"https:\\\/\\\/blog.melhorenvio.com.br\\\/#organization\"},\"alternateName\":\"Blog do Melhor Envio\",\"potentialAction\":[{\"@type\":\"SearchAction\",\"target\":{\"@type\":\"EntryPoint\",\"urlTemplate\":\"https:\\\/\\\/blog.melhorenvio.com.br\\\/?s={search_term_string}\"},\"query-input\":{\"@type\":\"PropertyValueSpecification\",\"valueRequired\":true,\"valueName\":\"search_term_string\"}}],\"inLanguage\":\"pt-BR\"},{\"@type\":\"Organization\",\"@id\":\"https:\\\/\\\/blog.melhorenvio.com.br\\\/#organization\",\"name\":\"Melhor Envio\",\"alternateName\":\"Melhor Envio\",\"url\":\"https:\\\/\\\/blog.melhorenvio.com.br\\\/\",\"logo\":{\"@type\":\"ImageObject\",\"inLanguage\":\"pt-BR\",\"@id\":\"https:\\\/\\\/blog.melhorenvio.com.br\\\/#\\\/schema\\\/logo\\\/image\\\/\",\"url\":\"https:\\\/\\\/melhorenvio.com.br\\\/blog\\\/wp-content\\\/uploads\\\/2022\\\/12\\\/blog-logo-melhor-envio.webp\",\"contentUrl\":\"https:\\\/\\\/melhorenvio.com.br\\\/blog\\\/wp-content\\\/uploads\\\/2022\\\/12\\\/blog-logo-melhor-envio.webp\",\"width\":188,\"height\":96,\"caption\":\"Melhor Envio\"},\"image\":{\"@id\":\"https:\\\/\\\/blog.melhorenvio.com.br\\\/#\\\/schema\\\/logo\\\/image\\\/\"},\"sameAs\":[\"https:\\\/\\\/www.facebook.com\\\/MelhorEnvio\\\/\",\"https:\\\/\\\/x.com\\\/melhorenvio\",\"https:\\\/\\\/www.instagram.com\\\/melhorenvio\",\"https:\\\/\\\/www.youtube.com\\\/melhorenviooficial\",\"https:\\\/\\\/br.linkedin.com\\\/company\\\/melhorenvio\"]},{\"@type\":\"Person\",\"@id\":\"https:\\\/\\\/blog.melhorenvio.com.br\\\/#\\\/schema\\\/person\\\/380cc4e5bc565c2d87f20a567a8ff587\",\"name\":\"Thiago Soares\",\"image\":{\"@type\":\"ImageObject\",\"inLanguage\":\"pt-BR\",\"@id\":\"https:\\\/\\\/secure.gravatar.com\\\/avatar\\\/37146dedea0642b5bd93475a3a6131ef2d4889187a2e0517464ed0f537281610?s=96&d=mm&r=g\",\"url\":\"https:\\\/\\\/secure.gravatar.com\\\/avatar\\\/37146dedea0642b5bd93475a3a6131ef2d4889187a2e0517464ed0f537281610?s=96&d=mm&r=g\",\"contentUrl\":\"https:\\\/\\\/secure.gravatar.com\\\/avatar\\\/37146dedea0642b5bd93475a3a6131ef2d4889187a2e0517464ed0f537281610?s=96&d=mm&r=g\",\"caption\":\"Thiago Soares\"},\"description\":\"Especialista em conte\u00fado para e-commerce formado em Letras pela UERJ e com MBA em Marketing pela USP\\\/Esalq. Conta com mais de 12 anos de experi\u00eancia em produ\u00e7\u00e3o de conte\u00fado para grandes marcas do mercado nacional como Buscap\u00e9, Tray, Zoom, Bagy e outras. Atualmente, tem como prop\u00f3sito ajudar lojistas, de todos os tamanhos, a vender mais pela internet. Para isso, atua na equipe de produ\u00e7\u00e3o de conte\u00fado do Melhor Envio, plataforma digital que est\u00e1 revolucionando a log\u00edstica para e-commerce.\",\"sameAs\":[\"https:\\\/\\\/br.linkedin.com\\\/in\\\/thiago-rocha-soares\"],\"url\":\"https:\\\/\\\/melhorenvio.com.br\\\/blog\\\/author\\\/thiago-soares\\\/\"}]}<\/script>\n<!-- \/ Yoast SEO plugin. -->","yoast_head_json":{"title":"Dia do Consumidor frases: 30 mensagens para enviar aos clientes","description":"30 frases para Dia do Consumidor: 1 \"Sua opini\u00e3o faz a diferen\u00e7a! feliz Dia do Consumidor!\" 2 \"Seus direitos, nossa prioridade. feliz Dia do Consumidor\"...","robots":{"index":"index","follow":"follow","max-snippet":"max-snippet:-1","max-image-preview":"max-image-preview:large","max-video-preview":"max-video-preview:-1"},"canonical":"https:\/\/melhorenvio.com.br\/blog\/datas-especiais\/dia-do-consumidor-frases\/","og_locale":"pt_BR","og_type":"article","og_title":"Dia do Consumidor frases: 30 mensagens para enviar aos clientes","og_description":"30 frases para Dia do Consumidor: 1 \"Sua opini\u00e3o faz a diferen\u00e7a! feliz Dia do Consumidor!\" 2 \"Seus direitos, nossa prioridade. feliz Dia do Consumidor\"...","og_url":"https:\/\/melhorenvio.com.br\/blog\/datas-especiais\/dia-do-consumidor-frases\/","og_site_name":"Blog Melhor Envio","article_publisher":"https:\/\/www.facebook.com\/MelhorEnvio\/","article_published_time":"2025-02-21T18:57:08+00:00","article_modified_time":"2025-04-16T20:41:38+00:00","og_image":[{"width":2500,"height":941,"url":"https:\/\/melhorenvio.com.br\/blog\/wp-content\/uploads\/2025\/02\/frases-dia-dos-consumidores.webp","type":"image\/webp"}],"author":"Thiago Soares","twitter_card":"summary_large_image","twitter_creator":"@melhorenvio","twitter_site":"@melhorenvio","twitter_misc":{"Escrito por":"Thiago Soares","Est. tempo de leitura":"9 minutos"},"schema":{"@context":"https:\/\/schema.org","@graph":[{"@type":"Article","@id":"https:\/\/melhorenvio.com.br\/blog\/datas-especiais\/dia-do-consumidor-frases\/#article","isPartOf":{"@id":"https:\/\/melhorenvio.com.br\/blog\/datas-especiais\/dia-do-consumidor-frases\/"},"author":{"name":"Thiago Soares","@id":"https:\/\/blog.melhorenvio.com.br\/#\/schema\/person\/380cc4e5bc565c2d87f20a567a8ff587"},"headline":"Frases Dia do Consumidor: 30 mensagens para auxiliar a comunica\u00e7\u00e3o com o cliente","datePublished":"2025-02-21T18:57:08+00:00","dateModified":"2025-04-16T20:41:38+00:00","mainEntityOfPage":{"@id":"https:\/\/melhorenvio.com.br\/blog\/datas-especiais\/dia-do-consumidor-frases\/"},"wordCount":1557,"publisher":{"@id":"https:\/\/blog.melhorenvio.com.br\/#organization"},"image":{"@id":"https:\/\/melhorenvio.com.br\/blog\/datas-especiais\/dia-do-consumidor-frases\/#primaryimage"},"thumbnailUrl":"https:\/\/melhorenvio.com.br\/blog\/wp-content\/uploads\/2025\/02\/frases-dia-dos-consumidores.webp","keywords":["Dia do Consumidor frases","feliz Dia dos Consumidores"],"articleSection":["Datas especiais"],"inLanguage":"pt-BR"},{"@type":"WebPage","@id":"https:\/\/melhorenvio.com.br\/blog\/datas-especiais\/dia-do-consumidor-frases\/","url":"https:\/\/melhorenvio.com.br\/blog\/datas-especiais\/dia-do-consumidor-frases\/","name":"Dia do Consumidor frases: 30 mensagens para enviar aos clientes","isPartOf":{"@id":"https:\/\/blog.melhorenvio.com.br\/#website"},"primaryImageOfPage":{"@id":"https:\/\/melhorenvio.com.br\/blog\/datas-especiais\/dia-do-consumidor-frases\/#primaryimage"},"image":{"@id":"https:\/\/melhorenvio.com.br\/blog\/datas-especiais\/dia-do-consumidor-frases\/#primaryimage"},"thumbnailUrl":"https:\/\/melhorenvio.com.br\/blog\/wp-content\/uploads\/2025\/02\/frases-dia-dos-consumidores.webp","datePublished":"2025-02-21T18:57:08+00:00","dateModified":"2025-04-16T20:41:38+00:00","description":"30 frases para Dia do Consumidor: 1 \"Sua opini\u00e3o faz a diferen\u00e7a! feliz Dia do Consumidor!\" 2 \"Seus direitos, nossa prioridade. feliz Dia do Consumidor\"...","inLanguage":"pt-BR","potentialAction":[{"@type":"ReadAction","target":["https:\/\/melhorenvio.com.br\/blog\/datas-especiais\/dia-do-consumidor-frases\/"]}]},{"@type":"ImageObject","inLanguage":"pt-BR","@id":"https:\/\/melhorenvio.com.br\/blog\/datas-especiais\/dia-do-consumidor-frases\/#primaryimage","url":"https:\/\/melhorenvio.com.br\/blog\/wp-content\/uploads\/2025\/02\/frases-dia-dos-consumidores.webp","contentUrl":"https:\/\/melhorenvio.com.br\/blog\/wp-content\/uploads\/2025\/02\/frases-dia-dos-consumidores.webp","width":2500,"height":941,"caption":"capa do artigo \"Frases Dia do Consumidor\" do Blog do Melhor Envio"},{"@type":"WebSite","@id":"https:\/\/blog.melhorenvio.com.br\/#website","url":"https:\/\/blog.melhorenvio.com.br\/","name":"Blog Melhor Envio","description":"Aprenda a economizar na gest\u00e3o de fretes","publisher":{"@id":"https:\/\/blog.melhorenvio.com.br\/#organization"},"alternateName":"Blog do Melhor Envio","potentialAction":[{"@type":"SearchAction","target":{"@type":"EntryPoint","urlTemplate":"https:\/\/blog.melhorenvio.com.br\/?s={search_term_string}"},"query-input":{"@type":"PropertyValueSpecification","valueRequired":true,"valueName":"search_term_string"}}],"inLanguage":"pt-BR"},{"@type":"Organization","@id":"https:\/\/blog.melhorenvio.com.br\/#organization","name":"Melhor Envio","alternateName":"Melhor Envio","url":"https:\/\/blog.melhorenvio.com.br\/","logo":{"@type":"ImageObject","inLanguage":"pt-BR","@id":"https:\/\/blog.melhorenvio.com.br\/#\/schema\/logo\/image\/","url":"https:\/\/melhorenvio.com.br\/blog\/wp-content\/uploads\/2022\/12\/blog-logo-melhor-envio.webp","contentUrl":"https:\/\/melhorenvio.com.br\/blog\/wp-content\/uploads\/2022\/12\/blog-logo-melhor-envio.webp","width":188,"height":96,"caption":"Melhor Envio"},"image":{"@id":"https:\/\/blog.melhorenvio.com.br\/#\/schema\/logo\/image\/"},"sameAs":["https:\/\/www.facebook.com\/MelhorEnvio\/","https:\/\/x.com\/melhorenvio","https:\/\/www.instagram.com\/melhorenvio","https:\/\/www.youtube.com\/melhorenviooficial","https:\/\/br.linkedin.com\/company\/melhorenvio"]},{"@type":"Person","@id":"https:\/\/blog.melhorenvio.com.br\/#\/schema\/person\/380cc4e5bc565c2d87f20a567a8ff587","name":"Thiago Soares","image":{"@type":"ImageObject","inLanguage":"pt-BR","@id":"https:\/\/secure.gravatar.com\/avatar\/37146dedea0642b5bd93475a3a6131ef2d4889187a2e0517464ed0f537281610?s=96&d=mm&r=g","url":"https:\/\/secure.gravatar.com\/avatar\/37146dedea0642b5bd93475a3a6131ef2d4889187a2e0517464ed0f537281610?s=96&d=mm&r=g","contentUrl":"https:\/\/secure.gravatar.com\/avatar\/37146dedea0642b5bd93475a3a6131ef2d4889187a2e0517464ed0f537281610?s=96&d=mm&r=g","caption":"Thiago Soares"},"description":"Especialista em conte\u00fado para e-commerce formado em Letras pela UERJ e com MBA em Marketing pela USP\/Esalq. Conta com mais de 12 anos de experi\u00eancia em produ\u00e7\u00e3o de conte\u00fado para grandes marcas do mercado nacional como Buscap\u00e9, Tray, Zoom, Bagy e outras. Atualmente, tem como prop\u00f3sito ajudar lojistas, de todos os tamanhos, a vender mais pela internet. Para isso, atua na equipe de produ\u00e7\u00e3o de conte\u00fado do Melhor Envio, plataforma digital que est\u00e1 revolucionando a log\u00edstica para e-commerce.","sameAs":["https:\/\/br.linkedin.com\/in\/thiago-rocha-soares"],"url":"https:\/\/melhorenvio.com.br\/blog\/author\/thiago-soares\/"}]}},"_links":{"self":[{"href":"https:\/\/melhorenvio.com.br\/blog\/wp-json\/wp\/v2\/posts\/54294","targetHints":{"allow":["GET"]}}],"collection":[{"href":"https:\/\/melhorenvio.com.br\/blog\/wp-json\/wp\/v2\/posts"}],"about":[{"href":"https:\/\/melhorenvio.com.br\/blog\/wp-json\/wp\/v2\/types\/post"}],"author":[{"embeddable":true,"href":"https:\/\/melhorenvio.com.br\/blog\/wp-json\/wp\/v2\/users\/51"}],"replies":[{"embeddable":true,"href":"https:\/\/melhorenvio.com.br\/blog\/wp-json\/wp\/v2\/comments?post=54294"}],"version-history":[{"count":5,"href":"https:\/\/melhorenvio.com.br\/blog\/wp-json\/wp\/v2\/posts\/54294\/revisions"}],"predecessor-version":[{"id":55132,"href":"https:\/\/melhorenvio.com.br\/blog\/wp-json\/wp\/v2\/posts\/54294\/revisions\/55132"}],"wp:featuredmedia":[{"embeddable":true,"href":"https:\/\/melhorenvio.com.br\/blog\/wp-json\/wp\/v2\/media\/54302"}],"wp:attachment":[{"href":"https:\/\/melhorenvio.com.br\/blog\/wp-json\/wp\/v2\/media?parent=54294"}],"wp:term":[{"taxonomy":"category","embeddable":true,"href":"https:\/\/melhorenvio.com.br\/blog\/wp-json\/wp\/v2\/categories?post=54294"},{"taxonomy":"post_tag","embeddable":true,"href":"https:\/\/melhorenvio.com.br\/blog\/wp-json\/wp\/v2\/tags?post=54294"}],"curies":[{"name":"wp","href":"https:\/\/api.w.org\/{rel}","templated":true}]}}