{"id":55544,"date":"2025-06-17T13:41:45","date_gmt":"2025-06-17T16:41:45","guid":{"rendered":"https:\/\/melhorenvio.com.br\/blog\/?p=55544"},"modified":"2025-06-18T08:43:54","modified_gmt":"2025-06-18T11:43:54","slug":"caminhao-de-frete","status":"publish","type":"post","link":"https:\/\/melhorenvio.com.br\/blog\/frete-e-logistica\/caminhao-de-frete\/","title":{"rendered":"Caminh\u00e3o de frete: escolha ideal, c\u00e1lculo por km e manuten\u00e7\u00e3o preventiva"},"content":{"rendered":"\n<p>Quando o assunto \u00e9 caminh\u00e3o de frete, muita gente pensa s\u00f3 no ve\u00edculo grande que cruza estradas. Mas por tr\u00e1s da lataria, tem decis\u00e3o estrat\u00e9gica, c\u00e1lculo, escolha certa e in\u00fameros detalhes que afetam diretamente o bolso e o prazo da entrega. Se voc\u00ea lida com transporte de cargas, sabe bem que escolher o caminh\u00e3o errado pode virar dor de cabe\u00e7a e preju\u00edzo.<\/p>\n\n\n\n<p>Hoje, com ferramentas como o Melhor Envio, ficou mais f\u00e1cil comparar pre\u00e7os, <strong>otimizar rotas e cuidar de cada frete com mais intelig\u00eancia<\/strong>. Mas mesmo com tecnologia ajudando, entender os tipos de caminh\u00e3o, saber como calcular o valor por quil\u00f4metro e ter a papelada certa em m\u00e3os ainda \u00e9 b\u00e1sico.<\/p>\n\n\n\n<p>Acompanhe este post e veja como tornar seu transporte mais simples, r\u00e1pido e acertado.<\/p>\n\n\n\n<h2 class=\"wp-block-heading\"><strong>O que \u00e9 um caminh\u00e3o de frete?<\/strong><\/h2>\n\n\n\n<p>O caminh\u00e3o de frete \u00e9 o ve\u00edculo usado para transportar mercadorias de um ponto a outro, seja dentro da mesma cidade ou entre estados. Ele \u00e9 muito importante na <strong>log\u00edstica de transporte de carga<\/strong> porque faz a conex\u00e3o entre quem vende e quem recebe o produto. Sem ele, o fluxo de entregas simplesmente n\u00e3o anda.<\/p>\n\n\n\n<p>Mas n\u00e3o \u00e9 qualquer caminh\u00e3o que serve para qualquer carga. O modelo escolhido precisa ser compat\u00edvel com o tipo, o peso e o volume do que ser\u00e1 transportado. Errar aqui pode significar atrasos, danos aos produtos ou at\u00e9 problemas legais. Por isso, a escolha do ve\u00edculo ideal faz parte de uma estrat\u00e9gia log\u00edstica mais ampla, e bem pensada.<\/p>\n\n\n\n<p>No dia a dia de quem trabalha com<a href=\"https:\/\/melhorenvio.com.br\/blog\/frete-e-logistica\/logistica-para-ecommerce\/\" target=\"_blank\" rel=\"noreferrer noopener\"> log\u00edstica para e-commerce<\/a>, por exemplo, o caminh\u00e3o certo pode ajudar a agilizar entregas, reduzir custos e at\u00e9<a href=\"https:\/\/melhorenvio.com.br\/blog\/ecommerce-e-marketplace\/social-commerce\/\" target=\"_blank\" rel=\"noreferrer noopener\"> aumentar vendas<\/a>. Tudo come\u00e7a com a escolha certa do frete.<\/p>\n\n\n\n<h2 class=\"wp-block-heading\"><strong>Quais os principais tipos de caminh\u00f5es de frete?<\/strong><\/h2>\n\n\n\n<p>Na hora de escolher o caminh\u00e3o de frete ideal, entender as op\u00e7\u00f5es dispon\u00edveis pode evitar muitos problemas na opera\u00e7\u00e3o. <strong>Cada modelo tem caracter\u00edsticas espec\u00edficas e atende a diferentes necessidades de carga<\/strong>, dist\u00e2ncia e acessibilidade. Saber isso ajuda a montar rotas mais eficientes,<a href=\"https:\/\/melhorenvio.com.br\/blog\/frete-e-logistica\/frete-curitiba\/\" target=\"_blank\" rel=\"noreferrer noopener\"> reduzir custos com transporte<\/a> e evitar o uso de ve\u00edculos inadequados.<\/p>\n\n\n\n<p>Se a sua ideia \u00e9 otimizar a entrega, aumentar a produtividade ou simplesmente garantir que o <strong>pedido seja coletado no prazo<\/strong>, vale a pena conhecer melhor os tipos mais usados.<\/p>\n\n\n\n<h3 class=\"wp-block-heading\"><strong>Caminh\u00e3o truck<\/strong><\/h3>\n\n\n<div class=\"wp-block-image\">\n<figure class=\"aligncenter size-full is-resized\"><img decoding=\"async\" width=\"886\" height=\"594\" src=\"https:\/\/melhorenvio.com.br\/blog\/wp-content\/uploads\/2025\/06\/caminhao-truck.jpg\" alt=\"Caminh\u00e3o truck\" class=\"wp-image-55547\" style=\"width:500px\" srcset=\"https:\/\/melhorenvio.com.br\/blog\/wp-content\/uploads\/2025\/06\/caminhao-truck.jpg 886w, https:\/\/melhorenvio.com.br\/blog\/wp-content\/uploads\/2025\/06\/caminhao-truck-300x201.jpg 300w, https:\/\/melhorenvio.com.br\/blog\/wp-content\/uploads\/2025\/06\/caminhao-truck-768x515.jpg 768w, https:\/\/melhorenvio.com.br\/blog\/wp-content\/uploads\/2025\/06\/caminhao-truck-150x101.jpg 150w, https:\/\/melhorenvio.com.br\/blog\/wp-content\/uploads\/2025\/06\/caminhao-truck-750x503.jpg 750w\" sizes=\"(max-width: 886px) 100vw, 886px\" \/><\/figure>\n<\/div>\n\n\n<p>O caminh\u00e3o truck tem dois eixos traseiros, o que d\u00e1 mais estabilidade e capacidade de carga. Ele \u00e9 bastante usado em longas dist\u00e2ncias e em fretes urbanos com maior volume. Ideal para empresas que <strong>transportam produtos em grande quantidade<\/strong>, como<a href=\"https:\/\/melhorenvio.com.br\/blog\/frete-e-logistica\/transporte-e-armazenamento-de-alimentos-pereciveis-e-nao-pereciveis\/\" target=\"_blank\" rel=\"noreferrer noopener\"> alimentos<\/a>, bebidas ou materiais de constru\u00e7\u00e3o.<\/p>\n\n\n\n<p>Quem busca<a href=\"https:\/\/melhorenvio.com.br\/blog\/frete-e-logistica\/frete-no-rio-de-janeiro\/\" target=\"_blank\" rel=\"noreferrer noopener\"> entregar mais r\u00e1pido<\/a>, sem comprometer a seguran\u00e7a da carga, encontra no truck uma boa op\u00e7\u00e3o para agilizar o transporte e manter o ritmo das entregas em dia.<\/p>\n\n\n\n<h3 class=\"wp-block-heading\"><strong>Caminh\u00e3o prancha<\/strong><\/h3>\n\n\n<div class=\"wp-block-image\">\n<figure class=\"aligncenter size-full is-resized\"><img decoding=\"async\" width=\"669\" height=\"400\" src=\"https:\/\/melhorenvio.com.br\/blog\/wp-content\/uploads\/2025\/06\/caminhao-prancha.jpg\" alt=\"Caminh\u00e3o prancha\" class=\"wp-image-55546\" style=\"width:500px\" srcset=\"https:\/\/melhorenvio.com.br\/blog\/wp-content\/uploads\/2025\/06\/caminhao-prancha.jpg 669w, https:\/\/melhorenvio.com.br\/blog\/wp-content\/uploads\/2025\/06\/caminhao-prancha-300x179.jpg 300w, https:\/\/melhorenvio.com.br\/blog\/wp-content\/uploads\/2025\/06\/caminhao-prancha-150x90.jpg 150w\" sizes=\"(max-width: 669px) 100vw, 669px\" \/><\/figure>\n<\/div>\n\n\n<p>A prancha \u00e9 o tipo de caminh\u00e3o que leva o que os outros n\u00e3o conseguem: tratores, escavadeiras, colheitadeiras, empilhadeiras e at\u00e9 \u00f4nibus. Ele tem uma carroceria baixa, sem laterais, que facilita o embarque e desembarque desses ve\u00edculos e equipamentos.<\/p>\n\n\n\n<p>Mas quando a carga \u00e9 robusta, volumosa e dif\u00edcil de mover, o caminh\u00e3o prancha \u00e9 o que garante que o<a href=\"https:\/\/melhorenvio.com.br\/blog\/frete-e-logistica\/seu-pedido-foi-coletado\/\" target=\"_blank\" rel=\"noreferrer noopener\"> pedido seja coletado<\/a> com seguran\u00e7a, mesmo em opera\u00e7\u00f5es mais desafiadoras.<\/p>\n\n\n\n<h3 class=\"wp-block-heading\"><strong>Caminh\u00e3o toco<\/strong><\/h3>\n\n\n<div class=\"wp-block-image\">\n<figure class=\"aligncenter size-full is-resized\"><img decoding=\"async\" width=\"860\" height=\"377\" src=\"https:\/\/melhorenvio.com.br\/blog\/wp-content\/uploads\/2025\/06\/caminhao-toco.png\" alt=\"Caminh\u00e3o toco\" class=\"wp-image-55549\" style=\"width:500px\" srcset=\"https:\/\/melhorenvio.com.br\/blog\/wp-content\/uploads\/2025\/06\/caminhao-toco.png 860w, https:\/\/melhorenvio.com.br\/blog\/wp-content\/uploads\/2025\/06\/caminhao-toco-300x132.png 300w, https:\/\/melhorenvio.com.br\/blog\/wp-content\/uploads\/2025\/06\/caminhao-toco-768x337.png 768w, https:\/\/melhorenvio.com.br\/blog\/wp-content\/uploads\/2025\/06\/caminhao-toco-150x66.png 150w, https:\/\/melhorenvio.com.br\/blog\/wp-content\/uploads\/2025\/06\/caminhao-toco-750x329.png 750w\" sizes=\"(max-width: 860px) 100vw, 860px\" \/><\/figure>\n<\/div>\n\n\n<p>O caminh\u00e3o toco, tamb\u00e9m conhecido como caminh\u00e3o r\u00edgido, \u00e9 \u00f3timo para entregas urbanas e trajetos mais curtos. Com apenas um eixo traseiro, ele oferece mais agilidade no tr\u00e2nsito e consegue acessar ruas estreitas, centros urbanos e bairros com limita\u00e7\u00f5es de tr\u00e1fego. \u00c9 muito usado por quem precisa fazer entregas r\u00e1pidas ou tem rotas com v\u00e1rias paradas.&nbsp;<\/p>\n\n\n\n<h3 class=\"wp-block-heading\"><strong>Caminh\u00e3o cavalinho (cavalo mec\u00e2nico)<\/strong><\/h3>\n\n\n<div class=\"wp-block-image\">\n<figure class=\"aligncenter size-full is-resized\"><img decoding=\"async\" width=\"800\" height=\"533\" src=\"https:\/\/melhorenvio.com.br\/blog\/wp-content\/uploads\/2025\/06\/caminhao-cavalinho.jpg\" alt=\"Caminh\u00e3o cavalinho\" class=\"wp-image-55548\" style=\"width:500px\" srcset=\"https:\/\/melhorenvio.com.br\/blog\/wp-content\/uploads\/2025\/06\/caminhao-cavalinho.jpg 800w, https:\/\/melhorenvio.com.br\/blog\/wp-content\/uploads\/2025\/06\/caminhao-cavalinho-300x200.jpg 300w, https:\/\/melhorenvio.com.br\/blog\/wp-content\/uploads\/2025\/06\/caminhao-cavalinho-768x512.jpg 768w, https:\/\/melhorenvio.com.br\/blog\/wp-content\/uploads\/2025\/06\/caminhao-cavalinho-150x100.jpg 150w, https:\/\/melhorenvio.com.br\/blog\/wp-content\/uploads\/2025\/06\/caminhao-cavalinho-750x500.jpg 750w\" sizes=\"(max-width: 800px) 100vw, 800px\" \/><\/figure>\n<\/div>\n\n\n<p>Esse \u00e9 o gigante das estradas. O caminh\u00e3o cavalinho, ou cavalo mec\u00e2nico, \u00e9 aquele que puxa semirreboques, podendo carregar grandes volumes por longas dist\u00e2ncias. \u00c9 muito usado em opera\u00e7\u00f5es de transporte rodovi\u00e1rio de larga escala, como cargas frigorificadas, combust\u00edveis, gr\u00e3os e outros itens de alto volume.&nbsp;<\/p>\n\n\n\n<p>Sua principal vantagem \u00e9 a flexibilidade: dependendo do reboque, ele pode transportar diferentes tipos de carga. Ideal para empresas que precisam <strong>entregar mais r\u00e1pido em rotas interestaduais<\/strong>, com seguran\u00e7a e capacidade para grandes quantidades.<\/p>\n\n\n\n<h2 class=\"wp-block-heading\"><strong>Como escolher o caminh\u00e3o de frete ideal para a sua frota?<\/strong><\/h2>\n\n\n\n<p>Escolher o caminh\u00e3o certo vai muito al\u00e9m do tamanho do ve\u00edculo. \u00c9 uma decis\u00e3o que depende do tipo de carga, da rota, da frequ\u00eancia das entregas e at\u00e9 do consumo de combust\u00edvel. Cada detalhe impacta no desempenho da frota e nos custos do transporte. Pensar nisso com calma ajuda a evitar imprevistos no caminho e melhora o aproveitamento dos recursos da empresa.<\/p>\n\n\n\n<p>Antes de definir o modelo, vale avaliar <strong>o perfil da opera\u00e7\u00e3o log\u00edstica<\/strong>, desde a origem at\u00e9 o destino. A seguir, voc\u00ea confere os principais pontos dessa escolha.<\/p>\n\n\n\n<h3 class=\"wp-block-heading\"><strong>Capacidade de carga<\/strong><\/h3>\n\n\n\n<p>Antes de tudo, \u00e9 essencial saber quanto a carga pesa e quanto espa\u00e7o ela ocupa. Isso define o tipo de caminh\u00e3o que pode ser usado sem comprometer a seguran\u00e7a e a estrutura do ve\u00edculo. Um erro comum \u00e9 escolher um modelo subdimensionado, que for\u00e7a o motor e aumenta o risco de acidentes.&nbsp;<\/p>\n\n\n\n<p>Por outro lado, um caminh\u00e3o grande demais tamb\u00e9m traz preju\u00edzo, como consumo elevado e espa\u00e7o desperdi\u00e7ado.<\/p>\n\n\n\n<h3 class=\"wp-block-heading\"><strong>Tipo de carga<\/strong><\/h3>\n\n\n\n<p>Cargas diferentes exigem cuidados diferentes. Se voc\u00ea transporta<a href=\"https:\/\/melhorenvio.com.br\/blog\/frete-e-logistica\/como-enviar-produto-fragil-com-seguranca\/\" target=\"_blank\" rel=\"noreferrer noopener\"> produtos fr\u00e1geis<\/a>, perec\u00edveis ou sens\u00edveis \u00e0 temperatura, precisa de caminh\u00f5es fechados ou refrigerados, com prote\u00e7\u00e3o contra impacto, sol e chuva.<\/p>\n\n\n\n<p>O<a href=\"https:\/\/melhorenvio.com.br\/blog\/frete-e-logistica\/tipos-de-embalagens\" target=\"_blank\" rel=\"noreferrer noopener\"> tipo de embalagem<\/a> tamb\u00e9m influencia: itens empilh\u00e1veis ou que precisam ficar separados pedem aten\u00e7\u00e3o especial na hora da acomoda\u00e7\u00e3o.<\/p>\n\n\n\n<h3 class=\"wp-block-heading\"><strong>Dist\u00e2ncias e rotas<\/strong><\/h3>\n\n\n\n<p>O trajeto \u00e9 o principal da log\u00edstica. Caminh\u00f5es grandes costumam ser um problema em centros urbanos com ruas estreitas ou zonas de restri\u00e7\u00e3o. Tamb\u00e9m \u00e9 importante entender o tempo m\u00e9dio de viagem e se h\u00e1 pontos de apoio no caminho. Ter isso mapeado ajuda o motorista e tamb\u00e9m melhora o planejamento do<a href=\"https:\/\/melhorenvio.com.br\/blog\/frete-e-logistica\/pedido-saiu-do-centro-logistico\/\" target=\"_blank\" rel=\"noreferrer noopener\"> centro log\u00edstico<\/a>, evitando paradas desnecess\u00e1rias ou atrasos nas entregas.<\/p>\n\n\n\n<h3 class=\"wp-block-heading\"><strong>Custo operacional<\/strong><\/h3>\n\n\n\n<p>Escolher um caminh\u00e3o envolve tamb\u00e9m olhar para os custos depois da compra. O consumo de combust\u00edvel \u00e9 um dos fatores que mais pesam no bolso, especialmente em rotas longas ou com muito sobe e desce.&nbsp;<\/p>\n\n\n\n<p>Caminh\u00f5es mais antigos podem parecer vantajosos no pre\u00e7o inicial, mas exigem manuten\u00e7\u00e3o frequente. J\u00e1 modelos mais novos tendem a gastar menos e a dar menos dor de cabe\u00e7a.<\/p>\n\n\n\n<h2 class=\"wp-block-heading\"><strong>Como calcular o valor do frete por km?<\/strong><\/h2>\n\n\n\n<p>Saber o custo por quil\u00f4metro rodado \u00e9 essencial para manter a opera\u00e7\u00e3o saud\u00e1vel e competitiva. Esse c\u00e1lculo ajuda a definir pre\u00e7os justos e evitar preju\u00edzos em cada entrega. <strong>Entender os custos envolvidos<\/strong> ajudam no controle financeiro da frota. Veja abaixo como fazer esse c\u00e1lculo de forma pr\u00e1tica.<\/p>\n\n\n\n<h3 class=\"wp-block-heading\"><strong>Custo fixo<\/strong><\/h3>\n\n\n\n<p>Os custos fixos s\u00e3o aqueles que voc\u00ea vai ter rodando ou n\u00e3o: manuten\u00e7\u00e3o preventiva, licenciamento anual, IPVA, seguro do ve\u00edculo e outros encargos obrigat\u00f3rios. Esses valores devem ser somados e divididos pela m\u00e9dia de quil\u00f4metros rodados no m\u00eas, para saber quanto representam no custo por quil\u00f4metro.<\/p>\n\n\n\n<h3 class=\"wp-block-heading\"><strong>Custo vari\u00e1vel<\/strong><\/h3>\n\n\n\n<p>Esses s\u00e3o os custos que mudam de acordo com a viagem. Entra aqui o valor do combust\u00edvel, ped\u00e1gios, sal\u00e1rios dos motoristas e o desgaste natural de pe\u00e7as, como pneus. Cada trajeto pode ter um custo diferente, ent\u00e3o \u00e9 importante considerar a m\u00e9dia para <strong>calcular o valor real do frete<\/strong>.<\/p>\n\n\n\n<h3 class=\"wp-block-heading\"><strong>F\u00f3rmula para c\u00e1lculo<\/strong><\/h3>\n\n\n\n<p>Vamos supor que os custos fixos mensais sejam R$ 6.000, e o caminh\u00e3o rode 6.000 km no m\u00eas. Isso d\u00e1 R$ 1,00 por km. Com R$ 1,50 de custo vari\u00e1vel, o frete sai por R$ 2,50 por km. Essa conta b\u00e1sica j\u00e1 ajuda a montar um or\u00e7amento mais claro.<\/p>\n\n\n\n<h2 class=\"wp-block-heading\"><strong>Quais os documentos necess\u00e1rios para o transporte de carga em um caminh\u00e3o de frete?<\/strong><\/h2>\n\n\n\n<p>Para circular dentro da lei e evitar problemas em fiscaliza\u00e7\u00f5es, o caminh\u00e3o de frete precisa estar com a documenta\u00e7\u00e3o em dia. Esses pap\u00e9is comprovam tanto a regularidade do ve\u00edculo quanto a origem e o destino da carga. Sem isso, h\u00e1 risco de multas, apreens\u00e3o da carga e atrasos nas entregas.<\/p>\n\n\n\n<p>Abaixo, os principais documentos exigidos:<\/p>\n\n\n\n<ul class=\"wp-block-list\">\n<li><strong>CT-E (conhecimento de transporte eletr\u00f4nico)<\/strong> \u2014 documento fiscal que registra a presta\u00e7\u00e3o do servi\u00e7o de transporte;<\/li>\n\n\n\n<li><strong>manifesto de carga (MDF-E)<\/strong> \u2014 declara o conte\u00fado da carga transportada;<\/li>\n\n\n\n<li><strong>nota fiscal de mercadoria<\/strong> \u2014 acompanha os produtos e \u00e9 exigida para fiscaliza\u00e7\u00e3o;<\/li>\n\n\n\n<li><strong>licenciamento do ve\u00edculo e CRLV <\/strong>\u2014 documentos obrigat\u00f3rios para circula\u00e7\u00e3o do caminh\u00e3o.<\/li>\n<\/ul>\n\n\n\n<h2 class=\"wp-block-heading\"><strong>Como fazer a manuten\u00e7\u00e3o preventiva de um caminh\u00e3o de frete?<\/strong><\/h2>\n\n\n\n<p>Cuidar bem do caminh\u00e3o \u00e9 garantir que ele continue rodando sem surpresas no meio da estrada. A manuten\u00e7\u00e3o preventiva ajuda a evitar que pequenos defeitos virem problemas maiores, e caros. Trocar \u00f3leo no tempo certo, verificar freios, calibrar pneus e revisar o sistema el\u00e9trico s\u00e3o cuidados b\u00e1sicos que agregam no desempenho e na seguran\u00e7a.&nbsp;<\/p>\n\n\n\n<p>Tamb\u00e9m vale seguir o manual do fabricante e manter um hist\u00f3rico de revis\u00f5es. <strong>Uma frota bem cuidada roda mais, quebra menos<\/strong> e ainda economiza no longo prazo. Com rotina e aten\u00e7\u00e3o, d\u00e1 para evitar imprevistos e manter tudo funcionando direitinho.<\/p>\n\n\n\n<h2 class=\"wp-block-heading\"><strong>Como escolher o melhor seguro para caminh\u00e3o de frete?<\/strong><\/h2>\n\n\n\n<p>Ter um bom seguro \u00e9 mais que precau\u00e7\u00e3o: \u00e9 parte da estrat\u00e9gia. Para caminh\u00f5es de frete, o ideal \u00e9 combinar dois tipos de cobertura, o seguro do ve\u00edculo, que protege contra acidentes, roubos e danos, e o seguro de carga, que cobre preju\u00edzos durante o transporte. A escolha vai depender do tipo de carga, da rota e do perfil da opera\u00e7\u00e3o.&nbsp;<\/p>\n\n\n\n<p>Plataformas como o Melhor Envio ajudam a visualizar custos, comparar op\u00e7\u00f5es e organizar a log\u00edstica como um todo. <strong>Proteger caminh\u00e3o e mercadoria evita perdas maiores<\/strong> e traz mais tranquilidade para quem vive na estrada.<\/p>\n\n\n\n<p>Escolher bem, cuidar da manuten\u00e7\u00e3o e entender os custos envolvidos melhora muito a qualidade da entrega. Um <strong>caminh\u00e3o de frete<\/strong> bem gerido reduz preju\u00edzos e ajuda a manter as entregas no prazo. Com planejamento, sua frota roda mais e a opera\u00e7\u00e3o fica muito mais eficiente.<\/p>\n\n\n\n<p>Quer facilitar sua rotina e otimizar os envios? Conhe\u00e7a o<a href=\"https:\/\/melhorenvio.com.br\/\" target=\"_blank\" rel=\"noreferrer noopener\"> Melhor Envio<\/a> e transforme a gest\u00e3o dos seus fretes.<\/p>\n","protected":false},"excerpt":{"rendered":"<p>Para escolher o caminh\u00e3o de frete ideal, \u00e9 essencial avaliar o tipo de carga transportada (leve, pesada, refrigerada), as dist\u00e2ncias percorridas, as condi\u00e7\u00f5es das estradas e o or\u00e7amento dispon\u00edvel. <\/p>\n","protected":false},"author":67,"featured_media":55545,"comment_status":"closed","ping_status":"open","sticky":false,"template":"","format":"standard","meta":{"_acf_changed":false,"jnews-multi-image_gallery":[],"jnews_single_post":{"format":"standard"},"jnews_primary_category":[],"footnotes":""},"categories":[52],"tags":[721],"class_list":["post-55544","post","type-post","status-publish","format-standard","has-post-thumbnail","hentry","category-frete-e-logistica","tag-calcular-frete"],"acf":[],"yoast_head":"<!-- This site is optimized with the Yoast SEO plugin v27.3 - https:\/\/yoast.com\/product\/yoast-seo-wordpress\/ -->\n<title>Caminh\u00e3o de frete: veja como acertar na escolha<\/title>\n<meta name=\"description\" content=\"Entenda como o caminh\u00e3o de frete afeta custo, prazo e log\u00edstica. Aprenda a escolher e calcular com precis\u00e3o.\" \/>\n<meta name=\"robots\" content=\"index, follow, max-snippet:-1, max-image-preview:large, max-video-preview:-1\" \/>\n<link rel=\"canonical\" href=\"https:\/\/melhorenvio.com.br\/blog\/frete-e-logistica\/caminhao-de-frete\/\" \/>\n<meta property=\"og:locale\" content=\"pt_BR\" \/>\n<meta property=\"og:type\" content=\"article\" \/>\n<meta property=\"og:title\" content=\"Caminh\u00e3o de frete: veja como acertar na escolha\" \/>\n<meta property=\"og:description\" content=\"Entenda como o caminh\u00e3o de frete afeta custo, prazo e log\u00edstica. Aprenda a escolher e calcular com precis\u00e3o.\" \/>\n<meta property=\"og:url\" content=\"https:\/\/melhorenvio.com.br\/blog\/frete-e-logistica\/caminhao-de-frete\/\" \/>\n<meta property=\"og:site_name\" content=\"Blog Melhor Envio\" \/>\n<meta property=\"article:publisher\" content=\"https:\/\/www.facebook.com\/MelhorEnvio\/\" \/>\n<meta property=\"article:published_time\" content=\"2025-06-17T16:41:45+00:00\" \/>\n<meta property=\"article:modified_time\" content=\"2025-06-18T11:43:54+00:00\" \/>\n<meta property=\"og:image\" content=\"https:\/\/melhorenvio.com.br\/blog\/wp-content\/uploads\/2025\/06\/caminhao-de-frete-destaque.png\" \/>\n\t<meta property=\"og:image:width\" content=\"1469\" \/>\n\t<meta property=\"og:image:height\" content=\"831\" \/>\n\t<meta property=\"og:image:type\" content=\"image\/png\" \/>\n<meta name=\"author\" content=\"Tayn\u00e3 Gon\u00e7alves\" \/>\n<meta name=\"twitter:card\" content=\"summary_large_image\" \/>\n<meta name=\"twitter:creator\" content=\"@melhorenvio\" \/>\n<meta name=\"twitter:site\" content=\"@melhorenvio\" \/>\n<meta name=\"twitter:label1\" content=\"Escrito por\" \/>\n\t<meta name=\"twitter:data1\" content=\"Tayn\u00e3 Gon\u00e7alves\" \/>\n\t<meta name=\"twitter:label2\" content=\"Est. tempo de leitura\" \/>\n\t<meta name=\"twitter:data2\" content=\"10 minutos\" \/>\n<script type=\"application\/ld+json\" class=\"yoast-schema-graph\">{\"@context\":\"https:\\\/\\\/schema.org\",\"@graph\":[{\"@type\":\"Article\",\"@id\":\"https:\\\/\\\/melhorenvio.com.br\\\/blog\\\/frete-e-logistica\\\/caminhao-de-frete\\\/#article\",\"isPartOf\":{\"@id\":\"https:\\\/\\\/melhorenvio.com.br\\\/blog\\\/frete-e-logistica\\\/caminhao-de-frete\\\/\"},\"author\":{\"name\":\"Tayn\u00e3 Gon\u00e7alves\",\"@id\":\"https:\\\/\\\/blog.melhorenvio.com.br\\\/#\\\/schema\\\/person\\\/012ab6f78c4556b413436789d92241f4\"},\"headline\":\"Caminh\u00e3o de frete: escolha ideal, c\u00e1lculo por km e manuten\u00e7\u00e3o preventiva\",\"datePublished\":\"2025-06-17T16:41:45+00:00\",\"dateModified\":\"2025-06-18T11:43:54+00:00\",\"mainEntityOfPage\":{\"@id\":\"https:\\\/\\\/melhorenvio.com.br\\\/blog\\\/frete-e-logistica\\\/caminhao-de-frete\\\/\"},\"wordCount\":1790,\"publisher\":{\"@id\":\"https:\\\/\\\/blog.melhorenvio.com.br\\\/#organization\"},\"image\":{\"@id\":\"https:\\\/\\\/melhorenvio.com.br\\\/blog\\\/frete-e-logistica\\\/caminhao-de-frete\\\/#primaryimage\"},\"thumbnailUrl\":\"https:\\\/\\\/melhorenvio.com.br\\\/blog\\\/wp-content\\\/uploads\\\/2025\\\/06\\\/caminhao-de-frete-destaque.png\",\"keywords\":[\"Calcular frete\"],\"articleSection\":[\"Frete e Log\u00edstica\"],\"inLanguage\":\"pt-BR\"},{\"@type\":\"WebPage\",\"@id\":\"https:\\\/\\\/melhorenvio.com.br\\\/blog\\\/frete-e-logistica\\\/caminhao-de-frete\\\/\",\"url\":\"https:\\\/\\\/melhorenvio.com.br\\\/blog\\\/frete-e-logistica\\\/caminhao-de-frete\\\/\",\"name\":\"Caminh\u00e3o de frete: veja como acertar na escolha\",\"isPartOf\":{\"@id\":\"https:\\\/\\\/blog.melhorenvio.com.br\\\/#website\"},\"primaryImageOfPage\":{\"@id\":\"https:\\\/\\\/melhorenvio.com.br\\\/blog\\\/frete-e-logistica\\\/caminhao-de-frete\\\/#primaryimage\"},\"image\":{\"@id\":\"https:\\\/\\\/melhorenvio.com.br\\\/blog\\\/frete-e-logistica\\\/caminhao-de-frete\\\/#primaryimage\"},\"thumbnailUrl\":\"https:\\\/\\\/melhorenvio.com.br\\\/blog\\\/wp-content\\\/uploads\\\/2025\\\/06\\\/caminhao-de-frete-destaque.png\",\"datePublished\":\"2025-06-17T16:41:45+00:00\",\"dateModified\":\"2025-06-18T11:43:54+00:00\",\"description\":\"Entenda como o caminh\u00e3o de frete afeta custo, prazo e log\u00edstica. Aprenda a escolher e calcular com precis\u00e3o.\",\"inLanguage\":\"pt-BR\",\"potentialAction\":[{\"@type\":\"ReadAction\",\"target\":[\"https:\\\/\\\/melhorenvio.com.br\\\/blog\\\/frete-e-logistica\\\/caminhao-de-frete\\\/\"]}]},{\"@type\":\"ImageObject\",\"inLanguage\":\"pt-BR\",\"@id\":\"https:\\\/\\\/melhorenvio.com.br\\\/blog\\\/frete-e-logistica\\\/caminhao-de-frete\\\/#primaryimage\",\"url\":\"https:\\\/\\\/melhorenvio.com.br\\\/blog\\\/wp-content\\\/uploads\\\/2025\\\/06\\\/caminhao-de-frete-destaque.png\",\"contentUrl\":\"https:\\\/\\\/melhorenvio.com.br\\\/blog\\\/wp-content\\\/uploads\\\/2025\\\/06\\\/caminhao-de-frete-destaque.png\",\"width\":1469,\"height\":831,\"caption\":\"Caminh\u00e3o de frete\"},{\"@type\":\"WebSite\",\"@id\":\"https:\\\/\\\/blog.melhorenvio.com.br\\\/#website\",\"url\":\"https:\\\/\\\/blog.melhorenvio.com.br\\\/\",\"name\":\"Blog Melhor Envio\",\"description\":\"Aprenda a economizar na gest\u00e3o de fretes\",\"publisher\":{\"@id\":\"https:\\\/\\\/blog.melhorenvio.com.br\\\/#organization\"},\"alternateName\":\"Blog do Melhor Envio\",\"potentialAction\":[{\"@type\":\"SearchAction\",\"target\":{\"@type\":\"EntryPoint\",\"urlTemplate\":\"https:\\\/\\\/blog.melhorenvio.com.br\\\/?s={search_term_string}\"},\"query-input\":{\"@type\":\"PropertyValueSpecification\",\"valueRequired\":true,\"valueName\":\"search_term_string\"}}],\"inLanguage\":\"pt-BR\"},{\"@type\":\"Organization\",\"@id\":\"https:\\\/\\\/blog.melhorenvio.com.br\\\/#organization\",\"name\":\"Melhor Envio\",\"alternateName\":\"Melhor Envio\",\"url\":\"https:\\\/\\\/blog.melhorenvio.com.br\\\/\",\"logo\":{\"@type\":\"ImageObject\",\"inLanguage\":\"pt-BR\",\"@id\":\"https:\\\/\\\/blog.melhorenvio.com.br\\\/#\\\/schema\\\/logo\\\/image\\\/\",\"url\":\"https:\\\/\\\/melhorenvio.com.br\\\/blog\\\/wp-content\\\/uploads\\\/2022\\\/12\\\/blog-logo-melhor-envio.webp\",\"contentUrl\":\"https:\\\/\\\/melhorenvio.com.br\\\/blog\\\/wp-content\\\/uploads\\\/2022\\\/12\\\/blog-logo-melhor-envio.webp\",\"width\":188,\"height\":96,\"caption\":\"Melhor Envio\"},\"image\":{\"@id\":\"https:\\\/\\\/blog.melhorenvio.com.br\\\/#\\\/schema\\\/logo\\\/image\\\/\"},\"sameAs\":[\"https:\\\/\\\/www.facebook.com\\\/MelhorEnvio\\\/\",\"https:\\\/\\\/x.com\\\/melhorenvio\",\"https:\\\/\\\/www.instagram.com\\\/melhorenvio\",\"https:\\\/\\\/www.youtube.com\\\/melhorenviooficial\",\"https:\\\/\\\/br.linkedin.com\\\/company\\\/melhorenvio\"]},{\"@type\":\"Person\",\"@id\":\"https:\\\/\\\/blog.melhorenvio.com.br\\\/#\\\/schema\\\/person\\\/012ab6f78c4556b413436789d92241f4\",\"name\":\"Tayn\u00e3 Gon\u00e7alves\",\"image\":{\"@type\":\"ImageObject\",\"inLanguage\":\"pt-BR\",\"@id\":\"https:\\\/\\\/secure.gravatar.com\\\/avatar\\\/5b681e9a74936f5559f4f8c9dc6c856636e0c46b159b6fe446375ca81b564ca2?s=96&d=mm&r=g\",\"url\":\"https:\\\/\\\/secure.gravatar.com\\\/avatar\\\/5b681e9a74936f5559f4f8c9dc6c856636e0c46b159b6fe446375ca81b564ca2?s=96&d=mm&r=g\",\"contentUrl\":\"https:\\\/\\\/secure.gravatar.com\\\/avatar\\\/5b681e9a74936f5559f4f8c9dc6c856636e0c46b159b6fe446375ca81b564ca2?s=96&d=mm&r=g\",\"caption\":\"Tayn\u00e3 Gon\u00e7alves\"},\"description\":\"Ol\u00e1! Sou o Tayn\u00e3 Gon\u00e7alves, Analista de marketing digital com foco em SEO T\u00e9cnico.\",\"sameAs\":[\"https:\\\/\\\/tayna.com.br\",\"https:\\\/\\\/br.linkedin.com\\\/in\\\/tayna-goncalves-mkt-digital\"],\"url\":\"https:\\\/\\\/melhorenvio.com.br\\\/blog\\\/author\\\/tayna-goncalves\\\/\"}]}<\/script>\n<!-- \/ Yoast SEO plugin. -->","yoast_head_json":{"title":"Caminh\u00e3o de frete: veja como acertar na escolha","description":"Entenda como o caminh\u00e3o de frete afeta custo, prazo e log\u00edstica. Aprenda a escolher e calcular com precis\u00e3o.","robots":{"index":"index","follow":"follow","max-snippet":"max-snippet:-1","max-image-preview":"max-image-preview:large","max-video-preview":"max-video-preview:-1"},"canonical":"https:\/\/melhorenvio.com.br\/blog\/frete-e-logistica\/caminhao-de-frete\/","og_locale":"pt_BR","og_type":"article","og_title":"Caminh\u00e3o de frete: veja como acertar na escolha","og_description":"Entenda como o caminh\u00e3o de frete afeta custo, prazo e log\u00edstica. Aprenda a escolher e calcular com precis\u00e3o.","og_url":"https:\/\/melhorenvio.com.br\/blog\/frete-e-logistica\/caminhao-de-frete\/","og_site_name":"Blog Melhor Envio","article_publisher":"https:\/\/www.facebook.com\/MelhorEnvio\/","article_published_time":"2025-06-17T16:41:45+00:00","article_modified_time":"2025-06-18T11:43:54+00:00","og_image":[{"width":1469,"height":831,"url":"https:\/\/melhorenvio.com.br\/blog\/wp-content\/uploads\/2025\/06\/caminhao-de-frete-destaque.png","type":"image\/png"}],"author":"Tayn\u00e3 Gon\u00e7alves","twitter_card":"summary_large_image","twitter_creator":"@melhorenvio","twitter_site":"@melhorenvio","twitter_misc":{"Escrito por":"Tayn\u00e3 Gon\u00e7alves","Est. tempo de leitura":"10 minutos"},"schema":{"@context":"https:\/\/schema.org","@graph":[{"@type":"Article","@id":"https:\/\/melhorenvio.com.br\/blog\/frete-e-logistica\/caminhao-de-frete\/#article","isPartOf":{"@id":"https:\/\/melhorenvio.com.br\/blog\/frete-e-logistica\/caminhao-de-frete\/"},"author":{"name":"Tayn\u00e3 Gon\u00e7alves","@id":"https:\/\/blog.melhorenvio.com.br\/#\/schema\/person\/012ab6f78c4556b413436789d92241f4"},"headline":"Caminh\u00e3o de frete: escolha ideal, c\u00e1lculo por km e manuten\u00e7\u00e3o preventiva","datePublished":"2025-06-17T16:41:45+00:00","dateModified":"2025-06-18T11:43:54+00:00","mainEntityOfPage":{"@id":"https:\/\/melhorenvio.com.br\/blog\/frete-e-logistica\/caminhao-de-frete\/"},"wordCount":1790,"publisher":{"@id":"https:\/\/blog.melhorenvio.com.br\/#organization"},"image":{"@id":"https:\/\/melhorenvio.com.br\/blog\/frete-e-logistica\/caminhao-de-frete\/#primaryimage"},"thumbnailUrl":"https:\/\/melhorenvio.com.br\/blog\/wp-content\/uploads\/2025\/06\/caminhao-de-frete-destaque.png","keywords":["Calcular frete"],"articleSection":["Frete e Log\u00edstica"],"inLanguage":"pt-BR"},{"@type":"WebPage","@id":"https:\/\/melhorenvio.com.br\/blog\/frete-e-logistica\/caminhao-de-frete\/","url":"https:\/\/melhorenvio.com.br\/blog\/frete-e-logistica\/caminhao-de-frete\/","name":"Caminh\u00e3o de frete: veja como acertar na escolha","isPartOf":{"@id":"https:\/\/blog.melhorenvio.com.br\/#website"},"primaryImageOfPage":{"@id":"https:\/\/melhorenvio.com.br\/blog\/frete-e-logistica\/caminhao-de-frete\/#primaryimage"},"image":{"@id":"https:\/\/melhorenvio.com.br\/blog\/frete-e-logistica\/caminhao-de-frete\/#primaryimage"},"thumbnailUrl":"https:\/\/melhorenvio.com.br\/blog\/wp-content\/uploads\/2025\/06\/caminhao-de-frete-destaque.png","datePublished":"2025-06-17T16:41:45+00:00","dateModified":"2025-06-18T11:43:54+00:00","description":"Entenda como o caminh\u00e3o de frete afeta custo, prazo e log\u00edstica. Aprenda a escolher e calcular com precis\u00e3o.","inLanguage":"pt-BR","potentialAction":[{"@type":"ReadAction","target":["https:\/\/melhorenvio.com.br\/blog\/frete-e-logistica\/caminhao-de-frete\/"]}]},{"@type":"ImageObject","inLanguage":"pt-BR","@id":"https:\/\/melhorenvio.com.br\/blog\/frete-e-logistica\/caminhao-de-frete\/#primaryimage","url":"https:\/\/melhorenvio.com.br\/blog\/wp-content\/uploads\/2025\/06\/caminhao-de-frete-destaque.png","contentUrl":"https:\/\/melhorenvio.com.br\/blog\/wp-content\/uploads\/2025\/06\/caminhao-de-frete-destaque.png","width":1469,"height":831,"caption":"Caminh\u00e3o de frete"},{"@type":"WebSite","@id":"https:\/\/blog.melhorenvio.com.br\/#website","url":"https:\/\/blog.melhorenvio.com.br\/","name":"Blog Melhor Envio","description":"Aprenda a economizar na gest\u00e3o de fretes","publisher":{"@id":"https:\/\/blog.melhorenvio.com.br\/#organization"},"alternateName":"Blog do Melhor Envio","potentialAction":[{"@type":"SearchAction","target":{"@type":"EntryPoint","urlTemplate":"https:\/\/blog.melhorenvio.com.br\/?s={search_term_string}"},"query-input":{"@type":"PropertyValueSpecification","valueRequired":true,"valueName":"search_term_string"}}],"inLanguage":"pt-BR"},{"@type":"Organization","@id":"https:\/\/blog.melhorenvio.com.br\/#organization","name":"Melhor Envio","alternateName":"Melhor Envio","url":"https:\/\/blog.melhorenvio.com.br\/","logo":{"@type":"ImageObject","inLanguage":"pt-BR","@id":"https:\/\/blog.melhorenvio.com.br\/#\/schema\/logo\/image\/","url":"https:\/\/melhorenvio.com.br\/blog\/wp-content\/uploads\/2022\/12\/blog-logo-melhor-envio.webp","contentUrl":"https:\/\/melhorenvio.com.br\/blog\/wp-content\/uploads\/2022\/12\/blog-logo-melhor-envio.webp","width":188,"height":96,"caption":"Melhor Envio"},"image":{"@id":"https:\/\/blog.melhorenvio.com.br\/#\/schema\/logo\/image\/"},"sameAs":["https:\/\/www.facebook.com\/MelhorEnvio\/","https:\/\/x.com\/melhorenvio","https:\/\/www.instagram.com\/melhorenvio","https:\/\/www.youtube.com\/melhorenviooficial","https:\/\/br.linkedin.com\/company\/melhorenvio"]},{"@type":"Person","@id":"https:\/\/blog.melhorenvio.com.br\/#\/schema\/person\/012ab6f78c4556b413436789d92241f4","name":"Tayn\u00e3 Gon\u00e7alves","image":{"@type":"ImageObject","inLanguage":"pt-BR","@id":"https:\/\/secure.gravatar.com\/avatar\/5b681e9a74936f5559f4f8c9dc6c856636e0c46b159b6fe446375ca81b564ca2?s=96&d=mm&r=g","url":"https:\/\/secure.gravatar.com\/avatar\/5b681e9a74936f5559f4f8c9dc6c856636e0c46b159b6fe446375ca81b564ca2?s=96&d=mm&r=g","contentUrl":"https:\/\/secure.gravatar.com\/avatar\/5b681e9a74936f5559f4f8c9dc6c856636e0c46b159b6fe446375ca81b564ca2?s=96&d=mm&r=g","caption":"Tayn\u00e3 Gon\u00e7alves"},"description":"Ol\u00e1! Sou o Tayn\u00e3 Gon\u00e7alves, Analista de marketing digital com foco em SEO T\u00e9cnico.","sameAs":["https:\/\/tayna.com.br","https:\/\/br.linkedin.com\/in\/tayna-goncalves-mkt-digital"],"url":"https:\/\/melhorenvio.com.br\/blog\/author\/tayna-goncalves\/"}]}},"_links":{"self":[{"href":"https:\/\/melhorenvio.com.br\/blog\/wp-json\/wp\/v2\/posts\/55544","targetHints":{"allow":["GET"]}}],"collection":[{"href":"https:\/\/melhorenvio.com.br\/blog\/wp-json\/wp\/v2\/posts"}],"about":[{"href":"https:\/\/melhorenvio.com.br\/blog\/wp-json\/wp\/v2\/types\/post"}],"author":[{"embeddable":true,"href":"https:\/\/melhorenvio.com.br\/blog\/wp-json\/wp\/v2\/users\/67"}],"replies":[{"embeddable":true,"href":"https:\/\/melhorenvio.com.br\/blog\/wp-json\/wp\/v2\/comments?post=55544"}],"version-history":[{"count":3,"href":"https:\/\/melhorenvio.com.br\/blog\/wp-json\/wp\/v2\/posts\/55544\/revisions"}],"predecessor-version":[{"id":55564,"href":"https:\/\/melhorenvio.com.br\/blog\/wp-json\/wp\/v2\/posts\/55544\/revisions\/55564"}],"wp:featuredmedia":[{"embeddable":true,"href":"https:\/\/melhorenvio.com.br\/blog\/wp-json\/wp\/v2\/media\/55545"}],"wp:attachment":[{"href":"https:\/\/melhorenvio.com.br\/blog\/wp-json\/wp\/v2\/media?parent=55544"}],"wp:term":[{"taxonomy":"category","embeddable":true,"href":"https:\/\/melhorenvio.com.br\/blog\/wp-json\/wp\/v2\/categories?post=55544"},{"taxonomy":"post_tag","embeddable":true,"href":"https:\/\/melhorenvio.com.br\/blog\/wp-json\/wp\/v2\/tags?post=55544"}],"curies":[{"name":"wp","href":"https:\/\/api.w.org\/{rel}","templated":true}]}}