{"id":57242,"date":"2026-03-24T19:17:41","date_gmt":"2026-03-24T22:17:41","guid":{"rendered":"https:\/\/melhorenvio.com.br\/blog\/?p=57242"},"modified":"2026-03-30T17:00:24","modified_gmt":"2026-03-30T20:00:24","slug":"declaracao-de-conteudo-eletronica","status":"publish","type":"post","link":"https:\/\/melhorenvio.com.br\/blog\/frete-e-logistica\/declaracao-de-conteudo-eletronica\/","title":{"rendered":"Declara\u00e7\u00e3o de Conte\u00fado Eletr\u00f4nica (DC-e): o que muda e quem deve emitir"},"content":{"rendered":"\n<p>A utiliza\u00e7\u00e3o da antiga Decala\u00e7\u00e3o de Conte\u00fado de papel est\u00e1 com os dias contados. Isso porque <strong>a nova Declara\u00e7\u00e3o de Conte\u00fado Eletr\u00f4nica (DC-e) entrar\u00e1 em vigor no dia 06 de abril<\/strong>.<\/p>\n\n\n\n<figure class=\"wp-block-embed is-type-video is-provider-youtube wp-block-embed-youtube wp-embed-aspect-16-9 wp-has-aspect-ratio\"><div class=\"wp-block-embed__wrapper\">\n<div class=\"jeg_video_container jeg_video_content\"><iframe loading=\"lazy\" title=\"Envio BARRADO? Veja como emitir a NOVA Declara\u00e7\u00e3o de Conte\u00fado (DC-e) e evite problemas no frete\" width=\"500\" height=\"281\" src=\"https:\/\/www.youtube.com\/embed\/RS2lxhAEVHw?feature=oembed\" frameborder=\"0\" allow=\"accelerometer; autoplay; clipboard-write; encrypted-media; gyroscope; picture-in-picture; web-share\" referrerpolicy=\"strict-origin-when-cross-origin\" allowfullscreen><\/iframe><\/div>\n<\/div><\/figure>\n\n\n\n<p>Neste conte\u00fado vamos te contar<strong> o que muda em rela\u00e7\u00e3o \u00e0 Declara\u00e7\u00e3o de Conte\u00fado antiga<\/strong>, <strong>que ser\u00e1 afetado com essa mudan\u00e7a<\/strong> e <strong>como o Melhor Envio facilita o processo log\u00edstico nesse momento de migra\u00e7\u00e3o para o novo modelo<\/strong>. Confira tudo isso a seguir!<\/p>\n\n\n\n<div class=\"wp-block-buttons is-content-justification-center is-layout-flex wp-container-core-buttons-is-layout-16018d1d wp-block-buttons-is-layout-flex\">\n<div class=\"wp-block-button\"><a class=\"wp-block-button__link has-background wp-element-button\" href=\"https:\/\/melhorenvio.com.br\/\" style=\"background-color:#00519d\" target=\"_blank\" rel=\"noreferrer noopener\"><strong>Contrate frete com at\u00e9 80% OFF&nbsp;<\/strong><\/a><\/div>\n<\/div>\n\n\n\n<h2 class=\"wp-block-heading\">O que \u00e9 Decla\u00e7\u00e3o de Conte\u00fado?<\/h2>\n\n\n\n<p>A <strong>Declara\u00e7\u00e3o de Conte\u00fado \u00e9 um documento que acompanha todos os envios para os quais a nota fiscal n\u00e3o \u00e9 exigida<\/strong>.<\/p>\n\n\n\n<p>Ou seja, ela \u00e9 um papel impresso onde o remetente indica os dados da carga, descrevendo informa\u00e7\u00f5es sobre itens, valor e quantidade enviada.&nbsp;<\/p>\n\n\n\n<p>Seu objetivo \u00e9 formalizar aos \u00f3rg\u00e3os reguladores o transporte de bens sem car\u00e1ter comercial tribut\u00e1vel pelo ICMS, como presentes, mudan\u00e7as ou vendas espor\u00e1dicas.&nbsp;<\/p>\n\n\n\n<h2 class=\"wp-block-heading\">Por que a mudan\u00e7a para Declara\u00e7\u00e3o de Conte\u00fado Eletr\u00f4nica?<\/h2>\n\n\n\n<p>O crescimento do e-commerce aumentou o n\u00famero de envios com declara\u00e7\u00f5es em papel, o que gerou novas necessidades de fiscaliza\u00e7\u00e3o e acompanhamento de encomendas.&nbsp;<\/p>\n\n\n\n<p>Os objetivos dessa mudan\u00e7a incluem:<\/p>\n\n\n\n<ul class=\"wp-block-list\">\n<li>Reduzir fraudes.<\/li>\n\n\n\n<li>Acelarar processos de fiscaliza\u00e7\u00e3o.<\/li>\n\n\n\n<li>Implementar um modelo nacional padronizado para formalizar o transporte de bens.<\/li>\n\n\n\n<li>Melhorar a visibilidade das declara\u00e7\u00f5es e permitir o acompanhamento em tempo real das opera\u00e7\u00f5es.<\/li>\n<\/ul>\n\n\n\n<p>A nova DC-e possui validade jur\u00eddica via assinatura digital e inclui QR code no Documento Auxiliar (DACE) para verifica\u00e7\u00e3o fiscal.<\/p>\n\n\n\n<h2 class=\"wp-block-heading\">Quando a nova Decla\u00e7\u00e3o de Conte\u00fado Eletr\u00f4nica entra em vigor?<\/h2>\n\n\n\n<p>Inicialmente prevista para 1\u00ba de outubro de 2025, a obrigatoriedade foi prorrogada para <strong>6 de abril de 2026<\/strong>. At\u00e9 5 de abril de 2026, a declara\u00e7\u00e3o f\u00edsica ainda vale; ap\u00f3s, s\u00f3 DC-e com chave informada ou emitida pelos Correios.<\/p>\n\n\n\n<p>Essa extens\u00e3o teve como objetivo oferecer tempo extra para lojistas, transportadoras e desenvolvedores de sistemas ajustarem seus fluxos de trabalho.<\/p>\n\n\n\n<h2 class=\"wp-block-heading\">Quem precisa emitir a nova DC-e?<\/h2>\n\n\n\n<ul class=\"wp-block-list\">\n<li><strong>Pessoas f\u00edsica<\/strong>s: envios de presentes, vendas espor\u00e1dicas ou itens pessoais.<\/li>\n\n\n\n<li><strong>MEIs e microempresas isentas<\/strong>: opera\u00e7\u00f5es abaixo do limite de ICMS, como cl\u00ednicas ou profissionais liberais enviando produtos.<\/li>\n\n\n\n<li><strong>Vendedores de e-commerce sem NF-e:<\/strong> marketplaces ou redes sociais com vendas n\u00e3o frequentes.<\/li>\n<\/ul>\n\n\n\n<p>Mas aten\u00e7\u00e3o! Para evitar problemas com a fiscaliza\u00e7\u00e3o, <strong>recomendamos que todas as remessas de vendas sejam acompanhadas de Nota Fiscal Eletr\u00f4nica (NF-e).<\/strong><\/p>\n\n\n\n<p>A gente preparou um artigo exclusivo sobre as diferen\u00e7as entre esses dois documentos obrigat\u00f3rios para a postagem de remessas. Leia mais em:<\/p>\n\n\n\n<ul class=\"wp-block-list\">\n<li><a href=\"https:\/\/melhorenvio.com.br\/blog\/frete-e-logistica\/nota-fiscal-e-declaracao-de-conteudo\/\" target=\"_blank\" rel=\"noreferrer noopener\">Nota Fiscal ou Declara\u00e7\u00e3o de Conte\u00fado: qual usar no meu envio<\/a>?<\/li>\n<\/ul>\n\n\n\n<h2 class=\"wp-block-heading\">Regras para a emiss\u00e3o da Declara\u00e7\u00e3o de Conte\u00fado Eletr\u00f4nica (DC-e)<\/h2>\n\n\n\n<p>A emiss\u00e3o correta da Declara\u00e7\u00e3o de Conte\u00fado Eletr\u00f4nica (DC-e) \u00e9 responsabilidade exclusiva do declarante, exigindo cuidados essenciais para prevenir problemas fiscais.<\/p>\n\n\n\n<p>Aqui v\u00e3o regras b\u00e1sicas fundamentais:<\/p>\n\n\n\n<ul class=\"wp-block-list\">\n<li><strong>Documenta\u00e7\u00e3o: <\/strong>n\u00e3o deve ser gerada declara\u00e7\u00e3o de conte\u00fado para envios que ser\u00e3o transportados com nota fiscal (e vice-versa).<\/li>\n\n\n\n<li><strong>Dados:<\/strong> informe com exatid\u00e3o nome, quantidade e valor de cada item; evite descri\u00e7\u00f5es vagas como \u201cartigos de papelaria\u201d ou \u201cdiversos\u201d.<\/li>\n\n\n\n<li><strong>Valor: <\/strong>o valor total dos itens declarados deve ser igual ao valor segurado informado para a emiss\u00e3o da etiqueta de frete.<\/li>\n\n\n\n<li><strong>Fiscaliza\u00e7\u00e3o:<\/strong> imprima a DACE e fixe-a no pacote junto \u00e0 etiqueta de frete. Para o envio de m\u00faltiplos volumes, inclua uma c\u00f3pia em cada pacote.<\/li>\n<\/ul>\n\n\n\n<h2 class=\"wp-block-heading\">Como emitir a Declara\u00e7\u00e3o de Cote\u00fado Eletr\u00f4nica em fretes gerados no Melhor Envio<\/h2>\n\n\n\n<p>O Melhor envio j\u00e1 est\u00e1 com tudo pronto para facilitar a vida de quem precisa enviar uma remessa com a Decalara\u00e7\u00e3o de Conte\u00fado Eletr\u00f3nica..&nbsp;<\/p>\n\n\n\n<p>Para isso, voc\u00ea deve gerar a DC-e diretamente em nossa plataforma. S\u00e3o apenas duas etapas simples:<\/p>\n\n\n\n<p><strong>1 &#8211; Emiss\u00e3o:<\/strong> ao selecionar a \u201cDeclara\u00e7\u00e3o de Conte\u00fado Eletr\u00f4nica (DC-e)\u201d como documento para o seu envio, voc\u00ea precisar\u00e1 preencher os dados do documento (itens, valor e quantidade).<\/p>\n\n\n\n<figure class=\"wp-block-image size-large\"><img decoding=\"async\" width=\"1024\" height=\"429\" src=\"https:\/\/melhorenvio.com.br\/blog\/wp-content\/uploads\/2026\/03\/Decaracao-de-conteudo-eletronica-blog-melhor-envio-1024x429.webp\" alt=\"imagem que mostra os campos necess\u00e1rios para fazer a declara\u00e7\u00e3o de conte\u00fado eletr\u00f4nica\" class=\"wp-image-59151\" srcset=\"https:\/\/melhorenvio.com.br\/blog\/wp-content\/uploads\/2026\/03\/Decaracao-de-conteudo-eletronica-blog-melhor-envio-1024x429.webp 1024w, https:\/\/melhorenvio.com.br\/blog\/wp-content\/uploads\/2026\/03\/Decaracao-de-conteudo-eletronica-blog-melhor-envio-300x126.webp 300w, https:\/\/melhorenvio.com.br\/blog\/wp-content\/uploads\/2026\/03\/Decaracao-de-conteudo-eletronica-blog-melhor-envio-768x321.webp 768w, https:\/\/melhorenvio.com.br\/blog\/wp-content\/uploads\/2026\/03\/Decaracao-de-conteudo-eletronica-blog-melhor-envio-1536x643.webp 1536w, https:\/\/melhorenvio.com.br\/blog\/wp-content\/uploads\/2026\/03\/Decaracao-de-conteudo-eletronica-blog-melhor-envio-750x314.webp 750w, https:\/\/melhorenvio.com.br\/blog\/wp-content\/uploads\/2026\/03\/Decaracao-de-conteudo-eletronica-blog-melhor-envio-1140x477.webp 1140w, https:\/\/melhorenvio.com.br\/blog\/wp-content\/uploads\/2026\/03\/Decaracao-de-conteudo-eletronica-blog-melhor-envio.webp 1902w\" sizes=\"(max-width: 1024px) 100vw, 1024px\" \/><\/figure>\n\n\n\n<p><strong>2 &#8211; Impress\u00e3o:<\/strong> a impress\u00e3o da DC-e \u00e9 permitida a partir da gera\u00e7\u00e3o da etiqueta de frete. <strong>Isso pode ser feito diretamente no Carrinho de Compras ap\u00f3s o pagamento<\/strong>, ou <strong>na p\u00e1gina \u201cEnvios Liberados\u201d<\/strong>, clicando no bot\u00e3o \u201cGerar etiqueta\u201d ou no \u00edcone \u201cImpressora\u201d.<\/p>\n\n\n\n<figure class=\"wp-block-image size-large\"><img decoding=\"async\" width=\"1024\" height=\"385\" src=\"https:\/\/melhorenvio.com.br\/blog\/wp-content\/uploads\/2026\/03\/DCe-blog-melhor-envio-1024x385.webp\" alt=\"imagem que mostra a \u00e1rea de impress\u00e3o da declara\u00e7\u00e3o de conte\u00fado eletr\u00f4nica\" class=\"wp-image-59152\" srcset=\"https:\/\/melhorenvio.com.br\/blog\/wp-content\/uploads\/2026\/03\/DCe-blog-melhor-envio-1024x385.webp 1024w, https:\/\/melhorenvio.com.br\/blog\/wp-content\/uploads\/2026\/03\/DCe-blog-melhor-envio-300x113.webp 300w, https:\/\/melhorenvio.com.br\/blog\/wp-content\/uploads\/2026\/03\/DCe-blog-melhor-envio-768x289.webp 768w, https:\/\/melhorenvio.com.br\/blog\/wp-content\/uploads\/2026\/03\/DCe-blog-melhor-envio-1536x578.webp 1536w, https:\/\/melhorenvio.com.br\/blog\/wp-content\/uploads\/2026\/03\/DCe-blog-melhor-envio-750x282.webp 750w, https:\/\/melhorenvio.com.br\/blog\/wp-content\/uploads\/2026\/03\/DCe-blog-melhor-envio-1140x429.webp 1140w, https:\/\/melhorenvio.com.br\/blog\/wp-content\/uploads\/2026\/03\/DCe-blog-melhor-envio.webp 1902w\" sizes=\"(max-width: 1024px) 100vw, 1024px\" \/><\/figure>\n\n\n\n<p>F\u00e1cil, n\u00e9?! O sistema gera a DC-e automaticamente com QR code e DACE para impress\u00e3o e colagem na embalagem.<\/p>\n\n\n\n<h2 class=\"wp-block-heading\">Contrate frete mais barato nos Correios e transportadoras com o Melhor Envio<\/h2>\n\n\n\n<p>O Melhor Envio \u00e9 uma <strong>plataforma gratuita de cota\u00e7\u00e3o e gest\u00e3o de frete<\/strong> pensada em facilitar a vida tanto de quem vende pela internet como tamb\u00e9m para quem s\u00f3 precisa enviar uma remessa de vez em quando.<\/p>\n\n\n\n<figure class=\"wp-block-embed is-type-video is-provider-youtube wp-block-embed-youtube wp-embed-aspect-16-9 wp-has-aspect-ratio\"><div class=\"wp-block-embed__wrapper\">\n<div class=\"jeg_video_container jeg_video_content\"><iframe loading=\"lazy\" title=\"Como Funciona o Melhor Envio? DESCUBRA Como Ter Fretes Baratos\" width=\"500\" height=\"281\" src=\"https:\/\/www.youtube.com\/embed\/ZNcrbZusnjc?feature=oembed&#038;enablejsapi=1&#038;origin=https:\/\/melhorenvio.com.br\" frameborder=\"0\" allow=\"accelerometer; autoplay; clipboard-write; encrypted-media; gyroscope; picture-in-picture; web-share\" referrerpolicy=\"strict-origin-when-cross-origin\" allowfullscreen><\/iframe><\/div>\n<\/div><\/figure>\n\n\n\n<p>Com o servi\u00e7o \u00e9 poss\u00edvel ter acesso a ferramentas log\u00edsticas como a <a href=\"https:\/\/melhorenvio.com.br\/blog\/sobre-nos\/melhor-envio-calculadora-de-frete\/\" target=\"_blank\" rel=\"noreferrer noopener\">Calculadora de Frete<\/a>. Nela \u00e9 poss\u00edvel contratar frete nas principais transportadoras (incluindo os Correios) com prazos e pre\u00e7os exclusivos.<\/p>\n\n\n\n<p>Al\u00e9m disso, ao utilizar o Melhor Envio voc\u00ea ter\u00e1 acesso ao <a href=\"https:\/\/melhorenvio.com.br\/blog\/sobre-nos\/melhor-rastreio\/\" target=\"_blank\" rel=\"noreferrer noopener\">Melhor Rastreio<\/a>, ferramenta de acompanhamento de pedidos onde \u00e9 poss\u00edvel, em uma s\u00f3 tela, acompanhar a entrega de remessas por diferentes transportadoras.<\/p>\n\n\n\n<p>Tudo isso, sem mensalidade, n\u00famero m\u00ednimo de pedido e outras pegadinhas. Ou seja, voc\u00ea s\u00f3 paga pelos frentes contratados (com desconto) dentro da plataforma!&nbsp;<\/p>\n\n\n\n<p>Legal, n\u00e9?! Clique no bot\u00e3o abaixo e comece a aproveitar as condi\u00e7\u00f5es de frete exclusivas oferecidas pelo Melhor Envio.<br><\/p>\n\n\n\n<div class=\"wp-block-buttons is-content-justification-center is-layout-flex wp-container-core-buttons-is-layout-16018d1d wp-block-buttons-is-layout-flex\">\n<div class=\"wp-block-button\"><a class=\"wp-block-button__link has-background wp-element-button\" href=\"https:\/\/melhorenvio.com.br\/\" style=\"background-color:#00519d\" target=\"_blank\" rel=\"noreferrer noopener\"><strong>Cadastre-se no Melhor Envio<\/strong><\/a><\/div>\n<\/div>\n","protected":false},"excerpt":{"rendered":"<p>A Declara\u00e7\u00e3o de Conte\u00fado Eletr\u00f4nica (DC-e) \u00e9 um documento digital que substitui a vers\u00e3o em papel da declara\u00e7\u00e3o de conte\u00fado, utilizada para documentar o transporte de bens e mercadorias quando a emiss\u00e3o de nota fiscal n\u00e3o \u00e9 obrigat\u00f3ria. <\/p>\n","protected":false},"author":51,"featured_media":57243,"comment_status":"closed","ping_status":"open","sticky":false,"template":"","format":"standard","meta":{"_acf_changed":false,"jnews-multi-image_gallery":[],"jnews_single_post":{"format":"standard"},"jnews_primary_category":[],"footnotes":""},"categories":[52],"tags":[841,840,839],"class_list":["post-57242","post","type-post","status-publish","format-standard","has-post-thumbnail","hentry","category-frete-e-logistica","tag-dc-e","tag-declaracao-de-conteudo-eletronica","tag-declaracao-de-conteudo-eletronica-dc-e"],"acf":[],"yoast_head":"<!-- This site is optimized with the Yoast SEO plugin v27.3 - https:\/\/yoast.com\/product\/yoast-seo-wordpress\/ -->\n<title>Declara\u00e7\u00e3o de Conte\u00fado Eletr\u00f4nica (DC-e): o que \u00e9 e como emitir<\/title>\n<meta name=\"description\" content=\"A Declara\u00e7\u00e3o de Conte\u00fado Eletr\u00f4nica (DC-e) \u00e9 um documento obrigat\u00f3rio para remessas realizadas por pessoas f\u00edsicas\" \/>\n<meta name=\"robots\" content=\"index, follow, max-snippet:-1, max-image-preview:large, max-video-preview:-1\" \/>\n<link rel=\"canonical\" href=\"https:\/\/melhorenvio.com.br\/blog\/frete-e-logistica\/declaracao-de-conteudo-eletronica\/\" \/>\n<meta property=\"og:locale\" content=\"pt_BR\" \/>\n<meta property=\"og:type\" content=\"article\" \/>\n<meta property=\"og:title\" content=\"Declara\u00e7\u00e3o de Conte\u00fado Eletr\u00f4nica (DC-e): o que \u00e9 e como emitir\" \/>\n<meta property=\"og:description\" content=\"A Declara\u00e7\u00e3o de Conte\u00fado Eletr\u00f4nica (DC-e) \u00e9 um documento obrigat\u00f3rio para remessas realizadas por pessoas f\u00edsicas\" \/>\n<meta property=\"og:url\" content=\"https:\/\/melhorenvio.com.br\/blog\/frete-e-logistica\/declaracao-de-conteudo-eletronica\/\" \/>\n<meta property=\"og:site_name\" content=\"Blog Melhor Envio\" \/>\n<meta property=\"article:publisher\" content=\"https:\/\/www.facebook.com\/MelhorEnvio\/\" \/>\n<meta property=\"article:published_time\" content=\"2026-03-24T22:17:41+00:00\" \/>\n<meta property=\"article:modified_time\" content=\"2026-03-30T20:00:24+00:00\" \/>\n<meta property=\"og:image\" content=\"https:\/\/melhorenvio.com.br\/blog\/wp-content\/uploads\/2025\/10\/Declaracao-de-Conteudo-Eletronica-DC-e.webp\" \/>\n\t<meta property=\"og:image:width\" content=\"1000\" \/>\n\t<meta property=\"og:image:height\" content=\"667\" \/>\n\t<meta property=\"og:image:type\" content=\"image\/webp\" \/>\n<meta name=\"author\" content=\"Thiago Soares\" \/>\n<meta name=\"twitter:card\" content=\"summary_large_image\" \/>\n<meta name=\"twitter:creator\" content=\"@melhorenvio\" \/>\n<meta name=\"twitter:site\" content=\"@melhorenvio\" \/>\n<meta name=\"twitter:label1\" content=\"Escrito por\" \/>\n\t<meta name=\"twitter:data1\" content=\"Thiago Soares\" \/>\n\t<meta name=\"twitter:label2\" content=\"Est. tempo de leitura\" \/>\n\t<meta name=\"twitter:data2\" content=\"6 minutos\" \/>\n<script type=\"application\/ld+json\" class=\"yoast-schema-graph\">{\"@context\":\"https:\\\/\\\/schema.org\",\"@graph\":[{\"@type\":\"Article\",\"@id\":\"https:\\\/\\\/melhorenvio.com.br\\\/blog\\\/frete-e-logistica\\\/declaracao-de-conteudo-eletronica\\\/#article\",\"isPartOf\":{\"@id\":\"https:\\\/\\\/melhorenvio.com.br\\\/blog\\\/frete-e-logistica\\\/declaracao-de-conteudo-eletronica\\\/\"},\"author\":{\"name\":\"Thiago Soares\",\"@id\":\"https:\\\/\\\/blog.melhorenvio.com.br\\\/#\\\/schema\\\/person\\\/380cc4e5bc565c2d87f20a567a8ff587\"},\"headline\":\"Declara\u00e7\u00e3o de Conte\u00fado Eletr\u00f4nica (DC-e): o que muda e quem deve emitir\",\"datePublished\":\"2026-03-24T22:17:41+00:00\",\"dateModified\":\"2026-03-30T20:00:24+00:00\",\"mainEntityOfPage\":{\"@id\":\"https:\\\/\\\/melhorenvio.com.br\\\/blog\\\/frete-e-logistica\\\/declaracao-de-conteudo-eletronica\\\/\"},\"wordCount\":960,\"publisher\":{\"@id\":\"https:\\\/\\\/blog.melhorenvio.com.br\\\/#organization\"},\"image\":{\"@id\":\"https:\\\/\\\/melhorenvio.com.br\\\/blog\\\/frete-e-logistica\\\/declaracao-de-conteudo-eletronica\\\/#primaryimage\"},\"thumbnailUrl\":\"https:\\\/\\\/melhorenvio.com.br\\\/blog\\\/wp-content\\\/uploads\\\/2025\\\/10\\\/Declaracao-de-Conteudo-Eletronica-DC-e.webp\",\"keywords\":[\"(DC-e)\",\"Declara\u00e7\u00e3o de Conte\u00fado Eletr\u00f4nica\",\"Declara\u00e7\u00e3o de Conte\u00fado Eletr\u00f4nica (DC-e)\"],\"articleSection\":[\"Frete e Log\u00edstica\"],\"inLanguage\":\"pt-BR\"},{\"@type\":\"WebPage\",\"@id\":\"https:\\\/\\\/melhorenvio.com.br\\\/blog\\\/frete-e-logistica\\\/declaracao-de-conteudo-eletronica\\\/\",\"url\":\"https:\\\/\\\/melhorenvio.com.br\\\/blog\\\/frete-e-logistica\\\/declaracao-de-conteudo-eletronica\\\/\",\"name\":\"Declara\u00e7\u00e3o de Conte\u00fado Eletr\u00f4nica (DC-e): o que \u00e9 e como emitir\",\"isPartOf\":{\"@id\":\"https:\\\/\\\/blog.melhorenvio.com.br\\\/#website\"},\"primaryImageOfPage\":{\"@id\":\"https:\\\/\\\/melhorenvio.com.br\\\/blog\\\/frete-e-logistica\\\/declaracao-de-conteudo-eletronica\\\/#primaryimage\"},\"image\":{\"@id\":\"https:\\\/\\\/melhorenvio.com.br\\\/blog\\\/frete-e-logistica\\\/declaracao-de-conteudo-eletronica\\\/#primaryimage\"},\"thumbnailUrl\":\"https:\\\/\\\/melhorenvio.com.br\\\/blog\\\/wp-content\\\/uploads\\\/2025\\\/10\\\/Declaracao-de-Conteudo-Eletronica-DC-e.webp\",\"datePublished\":\"2026-03-24T22:17:41+00:00\",\"dateModified\":\"2026-03-30T20:00:24+00:00\",\"description\":\"A Declara\u00e7\u00e3o de Conte\u00fado Eletr\u00f4nica (DC-e) \u00e9 um documento obrigat\u00f3rio para remessas realizadas por pessoas f\u00edsicas\",\"inLanguage\":\"pt-BR\",\"potentialAction\":[{\"@type\":\"ReadAction\",\"target\":[\"https:\\\/\\\/melhorenvio.com.br\\\/blog\\\/frete-e-logistica\\\/declaracao-de-conteudo-eletronica\\\/\"]}]},{\"@type\":\"ImageObject\",\"inLanguage\":\"pt-BR\",\"@id\":\"https:\\\/\\\/melhorenvio.com.br\\\/blog\\\/frete-e-logistica\\\/declaracao-de-conteudo-eletronica\\\/#primaryimage\",\"url\":\"https:\\\/\\\/melhorenvio.com.br\\\/blog\\\/wp-content\\\/uploads\\\/2025\\\/10\\\/Declaracao-de-Conteudo-Eletronica-DC-e.webp\",\"contentUrl\":\"https:\\\/\\\/melhorenvio.com.br\\\/blog\\\/wp-content\\\/uploads\\\/2025\\\/10\\\/Declaracao-de-Conteudo-Eletronica-DC-e.webp\",\"width\":1000,\"height\":667,\"caption\":\"Declara\u00e7\u00e3o de Conte\u00fado Eletr\u00f4nica (DC-e)\"},{\"@type\":\"WebSite\",\"@id\":\"https:\\\/\\\/blog.melhorenvio.com.br\\\/#website\",\"url\":\"https:\\\/\\\/blog.melhorenvio.com.br\\\/\",\"name\":\"Blog Melhor Envio\",\"description\":\"Aprenda a economizar na gest\u00e3o de fretes\",\"publisher\":{\"@id\":\"https:\\\/\\\/blog.melhorenvio.com.br\\\/#organization\"},\"alternateName\":\"Blog do Melhor Envio\",\"potentialAction\":[{\"@type\":\"SearchAction\",\"target\":{\"@type\":\"EntryPoint\",\"urlTemplate\":\"https:\\\/\\\/blog.melhorenvio.com.br\\\/?s={search_term_string}\"},\"query-input\":{\"@type\":\"PropertyValueSpecification\",\"valueRequired\":true,\"valueName\":\"search_term_string\"}}],\"inLanguage\":\"pt-BR\"},{\"@type\":\"Organization\",\"@id\":\"https:\\\/\\\/blog.melhorenvio.com.br\\\/#organization\",\"name\":\"Melhor Envio\",\"alternateName\":\"Melhor Envio\",\"url\":\"https:\\\/\\\/blog.melhorenvio.com.br\\\/\",\"logo\":{\"@type\":\"ImageObject\",\"inLanguage\":\"pt-BR\",\"@id\":\"https:\\\/\\\/blog.melhorenvio.com.br\\\/#\\\/schema\\\/logo\\\/image\\\/\",\"url\":\"https:\\\/\\\/melhorenvio.com.br\\\/blog\\\/wp-content\\\/uploads\\\/2022\\\/12\\\/blog-logo-melhor-envio.webp\",\"contentUrl\":\"https:\\\/\\\/melhorenvio.com.br\\\/blog\\\/wp-content\\\/uploads\\\/2022\\\/12\\\/blog-logo-melhor-envio.webp\",\"width\":188,\"height\":96,\"caption\":\"Melhor Envio\"},\"image\":{\"@id\":\"https:\\\/\\\/blog.melhorenvio.com.br\\\/#\\\/schema\\\/logo\\\/image\\\/\"},\"sameAs\":[\"https:\\\/\\\/www.facebook.com\\\/MelhorEnvio\\\/\",\"https:\\\/\\\/x.com\\\/melhorenvio\",\"https:\\\/\\\/www.instagram.com\\\/melhorenvio\",\"https:\\\/\\\/www.youtube.com\\\/melhorenviooficial\",\"https:\\\/\\\/br.linkedin.com\\\/company\\\/melhorenvio\"]},{\"@type\":\"Person\",\"@id\":\"https:\\\/\\\/blog.melhorenvio.com.br\\\/#\\\/schema\\\/person\\\/380cc4e5bc565c2d87f20a567a8ff587\",\"name\":\"Thiago Soares\",\"image\":{\"@type\":\"ImageObject\",\"inLanguage\":\"pt-BR\",\"@id\":\"https:\\\/\\\/secure.gravatar.com\\\/avatar\\\/37146dedea0642b5bd93475a3a6131ef2d4889187a2e0517464ed0f537281610?s=96&d=mm&r=g\",\"url\":\"https:\\\/\\\/secure.gravatar.com\\\/avatar\\\/37146dedea0642b5bd93475a3a6131ef2d4889187a2e0517464ed0f537281610?s=96&d=mm&r=g\",\"contentUrl\":\"https:\\\/\\\/secure.gravatar.com\\\/avatar\\\/37146dedea0642b5bd93475a3a6131ef2d4889187a2e0517464ed0f537281610?s=96&d=mm&r=g\",\"caption\":\"Thiago Soares\"},\"description\":\"Especialista em conte\u00fado para e-commerce formado em Letras pela UERJ e com MBA em Marketing pela USP\\\/Esalq. Conta com mais de 12 anos de experi\u00eancia em produ\u00e7\u00e3o de conte\u00fado para grandes marcas do mercado nacional como Buscap\u00e9, Tray, Zoom, Bagy e outras. Atualmente, tem como prop\u00f3sito ajudar lojistas, de todos os tamanhos, a vender mais pela internet. Para isso, atua na equipe de produ\u00e7\u00e3o de conte\u00fado do Melhor Envio, plataforma digital que est\u00e1 revolucionando a log\u00edstica para e-commerce.\",\"sameAs\":[\"https:\\\/\\\/br.linkedin.com\\\/in\\\/thiago-rocha-soares\"],\"url\":\"https:\\\/\\\/melhorenvio.com.br\\\/blog\\\/author\\\/thiago-soares\\\/\"}]}<\/script>\n<!-- \/ Yoast SEO plugin. -->","yoast_head_json":{"title":"Declara\u00e7\u00e3o de Conte\u00fado Eletr\u00f4nica (DC-e): o que \u00e9 e como emitir","description":"A Declara\u00e7\u00e3o de Conte\u00fado Eletr\u00f4nica (DC-e) \u00e9 um documento obrigat\u00f3rio para remessas realizadas por pessoas f\u00edsicas","robots":{"index":"index","follow":"follow","max-snippet":"max-snippet:-1","max-image-preview":"max-image-preview:large","max-video-preview":"max-video-preview:-1"},"canonical":"https:\/\/melhorenvio.com.br\/blog\/frete-e-logistica\/declaracao-de-conteudo-eletronica\/","og_locale":"pt_BR","og_type":"article","og_title":"Declara\u00e7\u00e3o de Conte\u00fado Eletr\u00f4nica (DC-e): o que \u00e9 e como emitir","og_description":"A Declara\u00e7\u00e3o de Conte\u00fado Eletr\u00f4nica (DC-e) \u00e9 um documento obrigat\u00f3rio para remessas realizadas por pessoas f\u00edsicas","og_url":"https:\/\/melhorenvio.com.br\/blog\/frete-e-logistica\/declaracao-de-conteudo-eletronica\/","og_site_name":"Blog Melhor Envio","article_publisher":"https:\/\/www.facebook.com\/MelhorEnvio\/","article_published_time":"2026-03-24T22:17:41+00:00","article_modified_time":"2026-03-30T20:00:24+00:00","og_image":[{"width":1000,"height":667,"url":"https:\/\/melhorenvio.com.br\/blog\/wp-content\/uploads\/2025\/10\/Declaracao-de-Conteudo-Eletronica-DC-e.webp","type":"image\/webp"}],"author":"Thiago Soares","twitter_card":"summary_large_image","twitter_creator":"@melhorenvio","twitter_site":"@melhorenvio","twitter_misc":{"Escrito por":"Thiago Soares","Est. tempo de leitura":"6 minutos"},"schema":{"@context":"https:\/\/schema.org","@graph":[{"@type":"Article","@id":"https:\/\/melhorenvio.com.br\/blog\/frete-e-logistica\/declaracao-de-conteudo-eletronica\/#article","isPartOf":{"@id":"https:\/\/melhorenvio.com.br\/blog\/frete-e-logistica\/declaracao-de-conteudo-eletronica\/"},"author":{"name":"Thiago Soares","@id":"https:\/\/blog.melhorenvio.com.br\/#\/schema\/person\/380cc4e5bc565c2d87f20a567a8ff587"},"headline":"Declara\u00e7\u00e3o de Conte\u00fado Eletr\u00f4nica (DC-e): o que muda e quem deve emitir","datePublished":"2026-03-24T22:17:41+00:00","dateModified":"2026-03-30T20:00:24+00:00","mainEntityOfPage":{"@id":"https:\/\/melhorenvio.com.br\/blog\/frete-e-logistica\/declaracao-de-conteudo-eletronica\/"},"wordCount":960,"publisher":{"@id":"https:\/\/blog.melhorenvio.com.br\/#organization"},"image":{"@id":"https:\/\/melhorenvio.com.br\/blog\/frete-e-logistica\/declaracao-de-conteudo-eletronica\/#primaryimage"},"thumbnailUrl":"https:\/\/melhorenvio.com.br\/blog\/wp-content\/uploads\/2025\/10\/Declaracao-de-Conteudo-Eletronica-DC-e.webp","keywords":["(DC-e)","Declara\u00e7\u00e3o de Conte\u00fado Eletr\u00f4nica","Declara\u00e7\u00e3o de Conte\u00fado Eletr\u00f4nica (DC-e)"],"articleSection":["Frete e Log\u00edstica"],"inLanguage":"pt-BR"},{"@type":"WebPage","@id":"https:\/\/melhorenvio.com.br\/blog\/frete-e-logistica\/declaracao-de-conteudo-eletronica\/","url":"https:\/\/melhorenvio.com.br\/blog\/frete-e-logistica\/declaracao-de-conteudo-eletronica\/","name":"Declara\u00e7\u00e3o de Conte\u00fado Eletr\u00f4nica (DC-e): o que \u00e9 e como emitir","isPartOf":{"@id":"https:\/\/blog.melhorenvio.com.br\/#website"},"primaryImageOfPage":{"@id":"https:\/\/melhorenvio.com.br\/blog\/frete-e-logistica\/declaracao-de-conteudo-eletronica\/#primaryimage"},"image":{"@id":"https:\/\/melhorenvio.com.br\/blog\/frete-e-logistica\/declaracao-de-conteudo-eletronica\/#primaryimage"},"thumbnailUrl":"https:\/\/melhorenvio.com.br\/blog\/wp-content\/uploads\/2025\/10\/Declaracao-de-Conteudo-Eletronica-DC-e.webp","datePublished":"2026-03-24T22:17:41+00:00","dateModified":"2026-03-30T20:00:24+00:00","description":"A Declara\u00e7\u00e3o de Conte\u00fado Eletr\u00f4nica (DC-e) \u00e9 um documento obrigat\u00f3rio para remessas realizadas por pessoas f\u00edsicas","inLanguage":"pt-BR","potentialAction":[{"@type":"ReadAction","target":["https:\/\/melhorenvio.com.br\/blog\/frete-e-logistica\/declaracao-de-conteudo-eletronica\/"]}]},{"@type":"ImageObject","inLanguage":"pt-BR","@id":"https:\/\/melhorenvio.com.br\/blog\/frete-e-logistica\/declaracao-de-conteudo-eletronica\/#primaryimage","url":"https:\/\/melhorenvio.com.br\/blog\/wp-content\/uploads\/2025\/10\/Declaracao-de-Conteudo-Eletronica-DC-e.webp","contentUrl":"https:\/\/melhorenvio.com.br\/blog\/wp-content\/uploads\/2025\/10\/Declaracao-de-Conteudo-Eletronica-DC-e.webp","width":1000,"height":667,"caption":"Declara\u00e7\u00e3o de Conte\u00fado Eletr\u00f4nica (DC-e)"},{"@type":"WebSite","@id":"https:\/\/blog.melhorenvio.com.br\/#website","url":"https:\/\/blog.melhorenvio.com.br\/","name":"Blog Melhor Envio","description":"Aprenda a economizar na gest\u00e3o de fretes","publisher":{"@id":"https:\/\/blog.melhorenvio.com.br\/#organization"},"alternateName":"Blog do Melhor Envio","potentialAction":[{"@type":"SearchAction","target":{"@type":"EntryPoint","urlTemplate":"https:\/\/blog.melhorenvio.com.br\/?s={search_term_string}"},"query-input":{"@type":"PropertyValueSpecification","valueRequired":true,"valueName":"search_term_string"}}],"inLanguage":"pt-BR"},{"@type":"Organization","@id":"https:\/\/blog.melhorenvio.com.br\/#organization","name":"Melhor Envio","alternateName":"Melhor Envio","url":"https:\/\/blog.melhorenvio.com.br\/","logo":{"@type":"ImageObject","inLanguage":"pt-BR","@id":"https:\/\/blog.melhorenvio.com.br\/#\/schema\/logo\/image\/","url":"https:\/\/melhorenvio.com.br\/blog\/wp-content\/uploads\/2022\/12\/blog-logo-melhor-envio.webp","contentUrl":"https:\/\/melhorenvio.com.br\/blog\/wp-content\/uploads\/2022\/12\/blog-logo-melhor-envio.webp","width":188,"height":96,"caption":"Melhor Envio"},"image":{"@id":"https:\/\/blog.melhorenvio.com.br\/#\/schema\/logo\/image\/"},"sameAs":["https:\/\/www.facebook.com\/MelhorEnvio\/","https:\/\/x.com\/melhorenvio","https:\/\/www.instagram.com\/melhorenvio","https:\/\/www.youtube.com\/melhorenviooficial","https:\/\/br.linkedin.com\/company\/melhorenvio"]},{"@type":"Person","@id":"https:\/\/blog.melhorenvio.com.br\/#\/schema\/person\/380cc4e5bc565c2d87f20a567a8ff587","name":"Thiago Soares","image":{"@type":"ImageObject","inLanguage":"pt-BR","@id":"https:\/\/secure.gravatar.com\/avatar\/37146dedea0642b5bd93475a3a6131ef2d4889187a2e0517464ed0f537281610?s=96&d=mm&r=g","url":"https:\/\/secure.gravatar.com\/avatar\/37146dedea0642b5bd93475a3a6131ef2d4889187a2e0517464ed0f537281610?s=96&d=mm&r=g","contentUrl":"https:\/\/secure.gravatar.com\/avatar\/37146dedea0642b5bd93475a3a6131ef2d4889187a2e0517464ed0f537281610?s=96&d=mm&r=g","caption":"Thiago Soares"},"description":"Especialista em conte\u00fado para e-commerce formado em Letras pela UERJ e com MBA em Marketing pela USP\/Esalq. Conta com mais de 12 anos de experi\u00eancia em produ\u00e7\u00e3o de conte\u00fado para grandes marcas do mercado nacional como Buscap\u00e9, Tray, Zoom, Bagy e outras. Atualmente, tem como prop\u00f3sito ajudar lojistas, de todos os tamanhos, a vender mais pela internet. Para isso, atua na equipe de produ\u00e7\u00e3o de conte\u00fado do Melhor Envio, plataforma digital que est\u00e1 revolucionando a log\u00edstica para e-commerce.","sameAs":["https:\/\/br.linkedin.com\/in\/thiago-rocha-soares"],"url":"https:\/\/melhorenvio.com.br\/blog\/author\/thiago-soares\/"}]}},"_links":{"self":[{"href":"https:\/\/melhorenvio.com.br\/blog\/wp-json\/wp\/v2\/posts\/57242","targetHints":{"allow":["GET"]}}],"collection":[{"href":"https:\/\/melhorenvio.com.br\/blog\/wp-json\/wp\/v2\/posts"}],"about":[{"href":"https:\/\/melhorenvio.com.br\/blog\/wp-json\/wp\/v2\/types\/post"}],"author":[{"embeddable":true,"href":"https:\/\/melhorenvio.com.br\/blog\/wp-json\/wp\/v2\/users\/51"}],"replies":[{"embeddable":true,"href":"https:\/\/melhorenvio.com.br\/blog\/wp-json\/wp\/v2\/comments?post=57242"}],"version-history":[{"count":7,"href":"https:\/\/melhorenvio.com.br\/blog\/wp-json\/wp\/v2\/posts\/57242\/revisions"}],"predecessor-version":[{"id":59443,"href":"https:\/\/melhorenvio.com.br\/blog\/wp-json\/wp\/v2\/posts\/57242\/revisions\/59443"}],"wp:featuredmedia":[{"embeddable":true,"href":"https:\/\/melhorenvio.com.br\/blog\/wp-json\/wp\/v2\/media\/57243"}],"wp:attachment":[{"href":"https:\/\/melhorenvio.com.br\/blog\/wp-json\/wp\/v2\/media?parent=57242"}],"wp:term":[{"taxonomy":"category","embeddable":true,"href":"https:\/\/melhorenvio.com.br\/blog\/wp-json\/wp\/v2\/categories?post=57242"},{"taxonomy":"post_tag","embeddable":true,"href":"https:\/\/melhorenvio.com.br\/blog\/wp-json\/wp\/v2\/tags?post=57242"}],"curies":[{"name":"wp","href":"https:\/\/api.w.org\/{rel}","templated":true}]}}