{"id":57246,"date":"2025-10-15T14:10:51","date_gmt":"2025-10-15T17:10:51","guid":{"rendered":"https:\/\/melhorenvio.com.br\/blog\/?p=57246"},"modified":"2025-10-31T14:23:55","modified_gmt":"2025-10-31T17:23:55","slug":"embalagens-personalizadas","status":"publish","type":"post","link":"https:\/\/melhorenvio.com.br\/blog\/frete-e-logistica\/embalagens-personalizadas\/","title":{"rendered":"Embalagens personalizadas: como transformar entregas em experi\u00eancias marcantes?"},"content":{"rendered":"\n<p>As embalagens personalizadas se tornaram parte importante da experi\u00eancia de compra. <\/p>\n\n\n\n<p>Quando o consumidor recebe um pedido em uma caixa ou envelope que carrega a identidade da marca, ele sente que aquele produto foi preparado com aten\u00e7\u00e3o.<\/p>\n\n\n\n<p>Elas tamb\u00e9m funcionam como uma estrat\u00e9gia de comunica\u00e7\u00e3o. A loja consegue refor\u00e7ar sua identidade visual, transmitir mensagens e at\u00e9 incluir informa\u00e7\u00f5es que ajudam a valorizar a entrega.<\/p>\n\n\n\n<p>Portanto, entender como usar embalagens personalizadas pode abrir espa\u00e7o para fortalecer o <strong><a href=\"https:\/\/melhorenvio.com.br\/blog\/guest-post\/8-dicas-para-colocar-em-pratica-no-seu-site-e-vender-mais-ate-o-final-do-ano\/\" target=\"_blank\" rel=\"noreferrer noopener\">relacionamento com quem compra<\/a> <\/strong>e gerar mais reconhecimento no mercado. <\/p>\n\n\n\n<p>Continue lendo para conhecer ideias pr\u00e1ticas que podem inspirar a sua loja.<\/p>\n\n\n\n<div class=\"wp-block-buttons is-content-justification-center is-layout-flex wp-container-core-buttons-is-layout-16018d1d wp-block-buttons-is-layout-flex\">\n<div class=\"wp-block-button\"><a class=\"wp-block-button__link has-background wp-element-button\" href=\"https:\/\/melhorenvio.com.br\/\" style=\"background-color:#00519d\" target=\"_blank\" rel=\"noreferrer noopener\"><strong>Gere etiquetas de frete com o Melhor Envio<\/strong><\/a><\/div>\n<\/div>\n\n\n\n<h2 class=\"wp-block-heading\">O que s\u00e3o embalagens personalizadas?<\/h2>\n\n\n\n<p>As <strong><a href=\"https:\/\/melhorenvio.com.br\/blog\/frete-e-logistica\/embalagem-no-e-commerce\/\" target=\"_blank\" rel=\"noreferrer noopener\">embalagens<\/a> <\/strong>personalizadas s\u00e3o materiais usados para envolver e transportar produtos que <strong>levam elementos pr\u00f3prios da marca, como logotipo, cores e frases exclusivas<\/strong>. <\/p>\n\n\n\n<p>Elas n\u00e3o t\u00eam apenas a fun\u00e7\u00e3o de proteger o item, mas tamb\u00e9m refor\u00e7am a identidade de quem vende.<\/p>\n\n\n\n<p>No mercado atual, em que o consumidor valoriza cada etapa da compra, esse recurso ganhou destaque. <\/p>\n\n\n\n<p>Afinal, receber um pedido em uma embalagem personalizada <strong>cria uma sensa\u00e7\u00e3o de cuidado e transmite profissionalismo<\/strong>.<\/p>\n\n\n\n<p>A lembran\u00e7a da marca acaba se tornando mais forte quando o cliente associa a entrega a uma experi\u00eancia diferenciada. <\/p>\n\n\n\n<p>Portanto, utilizar embalagens personalizadas \u00e9 uma forma pr\u00e1tica de transformar cada envio em uma oportunidade de comunica\u00e7\u00e3o.<\/p>\n\n\n\n<p>Dessa forma, a sua loja amplia sua presen\u00e7a na mente do cliente e fortalece a rela\u00e7\u00e3o constru\u00edda em cada venda.<\/p>\n\n\n\n<h2 class=\"wp-block-heading\">Quais s\u00e3o as Vantagens das embalagens personalizadas<\/h2>\n\n\n\n<p>As embalagens personalizadas tornam a identidade da marca mais vis\u00edvel em cada envio. Quando a empresa aposta em embalagens sob medida, transmite cuidado com o produto e ainda mostra ao consumidor que pensou em todos os detalhes da <a href=\"https:\/\/melhorenvio.com.br\/blog\/guest-post\/como-o-omnichannel-influencia-a-experiencia-de-compra-online\/\" target=\"_blank\" rel=\"noreferrer noopener\"><strong>experi\u00eancia de compra<\/strong><\/a>.<\/p>\n\n\n\n<p>Outro ponto \u00e9 o impacto do design de embalagens no processo de compra. Uma caixa ou envelope que traz elementos bem trabalhados transforma a entrega em uma a\u00e7\u00e3o de marketing silenciosa, capaz de gerar recomenda\u00e7\u00f5es e at\u00e9 publica\u00e7\u00f5es espont\u00e2neas nas<strong> <a href=\"https:\/\/melhorenvio.com.br\/blog\/datas-especiais\/como-vender-nas-redes-sociais-durante-a-black-friday\/\" target=\"_blank\" rel=\"noreferrer noopener\">redes sociais<\/a><\/strong>.<\/p>\n\n\n\n<p>Apostar em embalagens criativas ajuda a <strong>diferenciar a marca em um mercado competitivo<\/strong>, criando uma experi\u00eancia que ultrapassa a simples entrega. <\/p>\n\n\n\n<p>Para quem vende online, as embalagens para e-commerce cumprem uma fun\u00e7\u00e3o ainda mais estrat\u00e9gica. <\/p>\n\n\n\n<p>Portanto, personalizar esse detalhe \u00e9 uma forma de ampliar a visibilidade, gerar valor e conquistar novos consumidores.<\/p>\n\n\n\n<figure class=\"wp-block-embed is-type-video is-provider-youtube wp-block-embed-youtube wp-embed-aspect-16-9 wp-has-aspect-ratio\"><div class=\"wp-block-embed__wrapper\">\n<div class=\"jeg_video_container jeg_video_content\"><iframe loading=\"lazy\" title=\"Como embalar uma encomenda? Dicas pr\u00e1ticas \ud83d\udce6\ud83d\udc99 #ecommerce #lojavirtual #embalagem\" width=\"500\" height=\"281\" src=\"https:\/\/www.youtube.com\/embed\/hdf4Q7nBlmw?feature=oembed\" frameborder=\"0\" allow=\"accelerometer; autoplay; clipboard-write; encrypted-media; gyroscope; picture-in-picture; web-share\" referrerpolicy=\"strict-origin-when-cross-origin\" allowfullscreen><\/iframe><\/div>\n<\/div><\/figure>\n\n\n\n<h2 class=\"wp-block-heading\">Quais s\u00e3o os tipos de embalagens personalizadas mais usados?<\/h2>\n\n\n\n<p>As embalagens personalizadas podem assumir diferentes formatos e atender a finalidades variadas. <\/p>\n\n\n\n<p>Existem caixas para transporte, sacolas de papel ou tecido, envelopes refor\u00e7ados e at\u00e9 embalagens produzidas para itens fr\u00e1geis.<\/p>\n\n\n\n<p>Cada modelo pode ser adaptado com cores, logotipo e mensagens que fortalecem a marca e comunicam cuidado com o consumidor.<\/p>\n\n\n\n<h3 class=\"wp-block-heading\">Embalagens para alimentos<\/h3>\n\n\n\n<p>As embalagens personalizadas para alimentos precisam unir identidade visual e seguran\u00e7a. <\/p>\n\n\n\n<p>Caixas para delivery, potes com tampa e sacolas resistentes ajudam a manter a integridade do produto at\u00e9 a chegada ao cliente.<\/p>\n\n\n\n<p>Al\u00e9m da personaliza\u00e7\u00e3o com cores e logotipos, muitos neg\u00f3cios incluem instru\u00e7\u00f5es de consumo ou informa\u00e7\u00f5es nutricionais, o que refor\u00e7a a confian\u00e7a do consumidor e valoriza a experi\u00eancia de compra.<\/p>\n\n\n\n<h3 class=\"wp-block-heading\">Embalagens para presentes<\/h3>\n\n\n\n<p>Nesse caso, a embalagem cumpre um papel especial porque transforma o ato de presentear em algo mais marcante. <\/p>\n\n\n\n<p>Pap\u00e9is decorados, caixas r\u00edgidas e sacolas exclusivas elevam a percep\u00e7\u00e3o do produto.<\/p>\n\n\n\n<h3 class=\"wp-block-heading\">Tubos e cilindros personalizados<\/h3>\n\n\n\n<p>Esse formato \u00e9 ideal para cartazes, p\u00f4steres e roupas que precisam de mais cuidado no envio. O tubo <strong>evita amassados e pode receber impress\u00f5es externas que destacam a marca j\u00e1 no primeiro contato<\/strong>.<\/p>\n\n\n\n<h3 class=\"wp-block-heading\">Embalagens almofadadas<\/h3>\n\n\n\n<p>Muito utilizadas em <strong>e-commerce de eletr\u00f4nicos, acess\u00f3rios e <a href=\"https:\/\/pt.wikipedia.org\/wiki\/Bijuteria\" target=\"_blank\" rel=\"noreferrer noopener\">bijuterias<\/a><\/strong>, as embalagens almofadadas unem prote\u00e7\u00e3o e identidade visual. <\/p>\n\n\n\n<p>A parte externa pode ser personalizada enquanto a parte interna protege o produto contra impactos.<\/p>\n\n\n\n<h3 class=\"wp-block-heading\">Etiquetas e adesivos exclusivos<\/h3>\n\n\n\n<p>Mesmo quando a loja utiliza embalagens padr\u00e3o, aplicar etiquetas ou adesivos exclusivos d\u00e1 identidade ao pacote. <\/p>\n\n\n\n<p>Esse recurso \u00e9 vers\u00e1til, tem baixo custo e pode carregar mensagens r\u00e1pidas que refor\u00e7am a experi\u00eancia de compra.<\/p>\n\n\n\n<h3 class=\"wp-block-heading\">Papel de seda personalizado<\/h3>\n\n\n\n<p>Neg\u00f3cios de moda, cosm\u00e9ticos e acess\u00f3rios usam bastante o papel de seda com impress\u00e3o pr\u00f3pria. <\/p>\n\n\n\n<p>Ele cria uma sensa\u00e7\u00e3o de cuidado no momento de abrir a embalagem e pode carregar frases curtas ou s\u00edmbolos da marca.<\/p>\n\n\n\n<h3 class=\"wp-block-heading\">Embalagens sustent\u00e1veis<\/h3>\n\n\n\n<p>As embalagens sustent\u00e1veis representam uma alternativa cada vez mais valorizada por consumidores que buscam responsabilidade ambiental nas marcas que escolhem.<\/p>\n\n\n\n<p>Usar materiais recicl\u00e1veis, biodegrad\u00e1veis ou reutiliz\u00e1veis em embalagens personalizadas demonstra preocupa\u00e7\u00e3o com o impacto causado pelo consumo e amplia a credibilidade da empresa no mercado.<\/p>\n\n\n\n<p>Essa escolha vai al\u00e9m da prote\u00e7\u00e3o do produto, pois conecta a experi\u00eancia de compra a um valor que importa para grande parte dos clientes: a preserva\u00e7\u00e3o do meio ambiente.<\/p>\n\n\n\n<figure class=\"wp-block-image size-large\"><img decoding=\"async\" width=\"1024\" height=\"373\" src=\"https:\/\/melhorenvio.com.br\/blog\/wp-content\/uploads\/2020\/02\/Capa-Blog-Embalagem-no-e-commerce-2-1024x373.jpg\" alt=\"embalagem de frete\" class=\"wp-image-37668\" srcset=\"https:\/\/melhorenvio.com.br\/blog\/wp-content\/uploads\/2020\/02\/Capa-Blog-Embalagem-no-e-commerce-2-1024x373.jpg 1024w, https:\/\/melhorenvio.com.br\/blog\/wp-content\/uploads\/2020\/02\/Capa-Blog-Embalagem-no-e-commerce-2-300x109.jpg 300w, https:\/\/melhorenvio.com.br\/blog\/wp-content\/uploads\/2020\/02\/Capa-Blog-Embalagem-no-e-commerce-2-768x280.jpg 768w, https:\/\/melhorenvio.com.br\/blog\/wp-content\/uploads\/2020\/02\/Capa-Blog-Embalagem-no-e-commerce-2-1536x560.jpg 1536w, https:\/\/melhorenvio.com.br\/blog\/wp-content\/uploads\/2020\/02\/Capa-Blog-Embalagem-no-e-commerce-2-750x273.jpg 750w, https:\/\/melhorenvio.com.br\/blog\/wp-content\/uploads\/2020\/02\/Capa-Blog-Embalagem-no-e-commerce-2-1140x416.jpg 1140w, https:\/\/melhorenvio.com.br\/blog\/wp-content\/uploads\/2020\/02\/Capa-Blog-Embalagem-no-e-commerce-2.jpg 1920w\" sizes=\"(max-width: 1024px) 100vw, 1024px\" \/><\/figure>\n\n\n\n<h2 class=\"wp-block-heading\">Qual \u00e9 o impacto das embalagens personalizadas nas vendas?<\/h2>\n\n\n\n<p>As embalagens personalizadas funcionam como uma extens\u00e3o da comunica\u00e7\u00e3o da marca. Por meio da personaliza\u00e7\u00e3o de embalagens, o consumidor tem contato com elementos visuais que refor\u00e7am a identidade do neg\u00f3cio.<\/p>\n\n\n\n<p>Esse processo fortalece o branding com embalagens, pois cria uma associa\u00e7\u00e3o direta entre o produto recebido e a imagem que a empresa deseja transmitir ao mercado.<\/p>\n\n\n\n<p>Outro ponto importante \u00e9 o papel do <strong><a href=\"https:\/\/melhorenvio.com.br\/blog\/marketing-digital\/estrategias-de-marketing-para-vender-mais\/\" target=\"_blank\" rel=\"noreferrer noopener\">marketing<\/a> <\/strong>e embalagens na decis\u00e3o de compra. Um design criativo e bem trabalhado desperta curiosidade e incentiva recomenda\u00e7\u00f5es espont\u00e2neas.<\/p>\n\n\n\n<p>Quando a loja investe em embalagens diferenciadas, o cliente tende a enxergar mais valor no produto, o que impacta na percep\u00e7\u00e3o de pre\u00e7o e aumenta as chances de fideliza\u00e7\u00e3o.<\/p>\n\n\n\n<p>As embalagens para eventos tamb\u00e9m demonstram como esse recurso influencia resultados comerciais. <\/p>\n\n\n\n<p>Em datas comemorativas ou a\u00e7\u00f5es promocionais, a personaliza\u00e7\u00e3o de embalagens cria experi\u00eancias \u00fanicas que geram lembran\u00e7a e podem estimular compras recorrentes.<\/p>\n\n\n\n<h2 class=\"wp-block-heading\">D\u00favidas Frequentes sobre embalagens personalizadas<\/h2>\n\n\n\n<h3 class=\"wp-block-heading\">Quais s\u00e3o os materiais mais usados em embalagens personalizadas?<\/h3>\n\n\n\n<p>Os materiais mais comuns incluem papel, papel\u00e3o, tecido e pl\u00e1stico recicl\u00e1vel. A escolha depende do tipo de produto, do transporte e da imagem que a marca deseja transmitir.<\/p>\n\n\n\n<h3 class=\"wp-block-heading\">As embalagens personalizadas podem ser usadas em pequenos neg\u00f3cios?<\/h3>\n\n\n\n<p>Sim. Muitas gr\u00e1ficas e fornecedores oferecem tiragens reduzidas, o que permite que micro e pequenas empresas invistam em embalagens exclusivas sem precisar de grandes quantidades.<\/p>\n\n\n\n<h3 class=\"wp-block-heading\">Qual \u00e9 o custo m\u00e9dio de uma embalagem personalizada?<\/h3>\n\n\n\n<p>O pre\u00e7o varia de acordo com o material, a tiragem e o n\u00edvel de personaliza\u00e7\u00e3o. Elementos como impress\u00e3o em cores, recortes e acabamentos especiais costumam influenciar no valor final.<\/p>\n\n\n\n<h3 class=\"wp-block-heading\">\u00c9 poss\u00edvel criar embalagens personalizadas sustent\u00e1veis?<\/h3>\n\n\n\n<p>Sim. Hoje existem op\u00e7\u00f5es feitas com materiais reciclados, biodegrad\u00e1veis ou reutiliz\u00e1veis, que unem personaliza\u00e7\u00e3o e responsabilidade ambiental em um mesmo produto.<\/p>\n\n\n\n<h3 class=\"wp-block-heading\">As embalagens personalizadas impactam nas vendas online?<\/h3>\n\n\n\n<p>Elas aumentam a percep\u00e7\u00e3o de valor do produto, fortalecem a identidade da loja e incentivam recomenda\u00e7\u00f5es, o que pode refletir em mais vendas no e-commerce.<\/p>\n\n\n\n<p>Por fim, as embalagens personalizadas ajudam a fortalecer a identidade de uma marca e transformam cada entrega em uma experi\u00eancia \u00fanica para o cliente. <\/p>\n\n\n\n<p>Portanto, investir nesse recurso \u00e9 uma estrat\u00e9gia pr\u00e1tica para aumentar o reconhecimento e gerar novas oportunidades de venda.<\/p>\n\n\n\n<p>Quer levar suas entregas a outro n\u00edvel? <strong><a href=\"https:\/\/melhorenvio.com.br\/\" target=\"_blank\" rel=\"noreferrer noopener\">Crie agora sua conta gratuita no Melhor Envio e encontre fretes econ\u00f4micos para enviar suas embalagens personalizadas com rapidez e seguran\u00e7a<\/a>.<\/strong><\/p>\n\n\n\n<div class=\"wp-block-buttons is-content-justification-center is-layout-flex wp-container-core-buttons-is-layout-16018d1d wp-block-buttons-is-layout-flex\">\n<div class=\"wp-block-button\"><a class=\"wp-block-button__link has-background wp-element-button\" href=\"https:\/\/melhorenvio.com.br\/\" style=\"background-color:#00519d\" target=\"_blank\" rel=\"noreferrer noopener\"><strong>Crie sua conta gr\u00e1tis e aproveite todas as vantagens!<\/strong><\/a><\/div>\n<\/div>\n","protected":false},"excerpt":{"rendered":"<p>Embalagens personalizadas s\u00e3o inv\u00f3lucros projetados para se adequar a um produto espec\u00edfico e comunicam a identidade da marca, agregando valor atrav\u00e9s do design, cores e materiais.<\/p>\n","protected":false},"author":75,"featured_media":57247,"comment_status":"closed","ping_status":"open","sticky":false,"template":"","format":"standard","meta":{"_acf_changed":false,"jnews-multi-image_gallery":[],"jnews_single_post":{"format":"standard"},"jnews_primary_category":[],"footnotes":""},"categories":[52],"tags":[842,843],"class_list":["post-57246","post","type-post","status-publish","format-standard","has-post-thumbnail","hentry","category-frete-e-logistica","tag-embalagens","tag-embalagens-personalizadas"],"acf":[],"yoast_head":"<!-- This site is optimized with the Yoast SEO plugin v27.3 - https:\/\/yoast.com\/product\/yoast-seo-wordpress\/ -->\n<title>Embalagens personalizadas: transforma entregas em experi\u00eancias<\/title>\n<meta name=\"description\" content=\"Descubra como embalagens personalizadas fazem a diferen\u00e7a na experi\u00eancia de compra dos consumidores e aprenda como aplicar em seu neg\u00f3cio.\" \/>\n<meta name=\"robots\" content=\"index, follow, max-snippet:-1, max-image-preview:large, max-video-preview:-1\" \/>\n<link rel=\"canonical\" href=\"https:\/\/melhorenvio.com.br\/blog\/frete-e-logistica\/embalagens-personalizadas\/\" \/>\n<meta property=\"og:locale\" content=\"pt_BR\" \/>\n<meta property=\"og:type\" content=\"article\" \/>\n<meta property=\"og:title\" content=\"Embalagens personalizadas: transforma entregas em experi\u00eancias\" \/>\n<meta property=\"og:description\" content=\"Descubra como embalagens personalizadas fazem a diferen\u00e7a na experi\u00eancia de compra dos consumidores e aprenda como aplicar em seu neg\u00f3cio.\" \/>\n<meta property=\"og:url\" content=\"https:\/\/melhorenvio.com.br\/blog\/frete-e-logistica\/embalagens-personalizadas\/\" \/>\n<meta property=\"og:site_name\" content=\"Blog Melhor Envio\" \/>\n<meta property=\"article:publisher\" content=\"https:\/\/www.facebook.com\/MelhorEnvio\/\" \/>\n<meta property=\"article:published_time\" content=\"2025-10-15T17:10:51+00:00\" \/>\n<meta property=\"article:modified_time\" content=\"2025-10-31T17:23:55+00:00\" \/>\n<meta property=\"og:image\" content=\"https:\/\/melhorenvio.com.br\/blog\/wp-content\/uploads\/2025\/10\/embalagens-personalizadas.webp\" \/>\n\t<meta property=\"og:image:width\" content=\"1000\" \/>\n\t<meta property=\"og:image:height\" content=\"667\" \/>\n\t<meta property=\"og:image:type\" content=\"image\/webp\" \/>\n<meta name=\"author\" content=\"Giullio Marquetti\" \/>\n<meta name=\"twitter:card\" content=\"summary_large_image\" \/>\n<meta name=\"twitter:creator\" content=\"@melhorenvio\" \/>\n<meta name=\"twitter:site\" content=\"@melhorenvio\" \/>\n<meta name=\"twitter:label1\" content=\"Escrito por\" \/>\n\t<meta name=\"twitter:data1\" content=\"Giullio Marquetti\" \/>\n\t<meta name=\"twitter:label2\" content=\"Est. tempo de leitura\" \/>\n\t<meta name=\"twitter:data2\" content=\"7 minutos\" \/>\n<script type=\"application\/ld+json\" class=\"yoast-schema-graph\">{\"@context\":\"https:\\\/\\\/schema.org\",\"@graph\":[{\"@type\":\"Article\",\"@id\":\"https:\\\/\\\/melhorenvio.com.br\\\/blog\\\/frete-e-logistica\\\/embalagens-personalizadas\\\/#article\",\"isPartOf\":{\"@id\":\"https:\\\/\\\/melhorenvio.com.br\\\/blog\\\/frete-e-logistica\\\/embalagens-personalizadas\\\/\"},\"author\":{\"name\":\"Giullio Marquetti\",\"@id\":\"https:\\\/\\\/blog.melhorenvio.com.br\\\/#\\\/schema\\\/person\\\/1824f96ba6f7b8e82dabed67f4556910\"},\"headline\":\"Embalagens personalizadas: como transformar entregas em experi\u00eancias marcantes?\",\"datePublished\":\"2025-10-15T17:10:51+00:00\",\"dateModified\":\"2025-10-31T17:23:55+00:00\",\"mainEntityOfPage\":{\"@id\":\"https:\\\/\\\/melhorenvio.com.br\\\/blog\\\/frete-e-logistica\\\/embalagens-personalizadas\\\/\"},\"wordCount\":1297,\"publisher\":{\"@id\":\"https:\\\/\\\/blog.melhorenvio.com.br\\\/#organization\"},\"image\":{\"@id\":\"https:\\\/\\\/melhorenvio.com.br\\\/blog\\\/frete-e-logistica\\\/embalagens-personalizadas\\\/#primaryimage\"},\"thumbnailUrl\":\"https:\\\/\\\/melhorenvio.com.br\\\/blog\\\/wp-content\\\/uploads\\\/2025\\\/10\\\/embalagens-personalizadas.webp\",\"keywords\":[\"embalagens\",\"embalagens personalizadas\"],\"articleSection\":[\"Frete e Log\u00edstica\"],\"inLanguage\":\"pt-BR\"},{\"@type\":\"WebPage\",\"@id\":\"https:\\\/\\\/melhorenvio.com.br\\\/blog\\\/frete-e-logistica\\\/embalagens-personalizadas\\\/\",\"url\":\"https:\\\/\\\/melhorenvio.com.br\\\/blog\\\/frete-e-logistica\\\/embalagens-personalizadas\\\/\",\"name\":\"Embalagens personalizadas: transforma entregas em experi\u00eancias\",\"isPartOf\":{\"@id\":\"https:\\\/\\\/blog.melhorenvio.com.br\\\/#website\"},\"primaryImageOfPage\":{\"@id\":\"https:\\\/\\\/melhorenvio.com.br\\\/blog\\\/frete-e-logistica\\\/embalagens-personalizadas\\\/#primaryimage\"},\"image\":{\"@id\":\"https:\\\/\\\/melhorenvio.com.br\\\/blog\\\/frete-e-logistica\\\/embalagens-personalizadas\\\/#primaryimage\"},\"thumbnailUrl\":\"https:\\\/\\\/melhorenvio.com.br\\\/blog\\\/wp-content\\\/uploads\\\/2025\\\/10\\\/embalagens-personalizadas.webp\",\"datePublished\":\"2025-10-15T17:10:51+00:00\",\"dateModified\":\"2025-10-31T17:23:55+00:00\",\"description\":\"Descubra como embalagens personalizadas fazem a diferen\u00e7a na experi\u00eancia de compra dos consumidores e aprenda como aplicar em seu neg\u00f3cio.\",\"inLanguage\":\"pt-BR\",\"potentialAction\":[{\"@type\":\"ReadAction\",\"target\":[\"https:\\\/\\\/melhorenvio.com.br\\\/blog\\\/frete-e-logistica\\\/embalagens-personalizadas\\\/\"]}]},{\"@type\":\"ImageObject\",\"inLanguage\":\"pt-BR\",\"@id\":\"https:\\\/\\\/melhorenvio.com.br\\\/blog\\\/frete-e-logistica\\\/embalagens-personalizadas\\\/#primaryimage\",\"url\":\"https:\\\/\\\/melhorenvio.com.br\\\/blog\\\/wp-content\\\/uploads\\\/2025\\\/10\\\/embalagens-personalizadas.webp\",\"contentUrl\":\"https:\\\/\\\/melhorenvio.com.br\\\/blog\\\/wp-content\\\/uploads\\\/2025\\\/10\\\/embalagens-personalizadas.webp\",\"width\":1000,\"height\":667,\"caption\":\"embalagens personalizadas\"},{\"@type\":\"WebSite\",\"@id\":\"https:\\\/\\\/blog.melhorenvio.com.br\\\/#website\",\"url\":\"https:\\\/\\\/blog.melhorenvio.com.br\\\/\",\"name\":\"Blog Melhor Envio\",\"description\":\"Aprenda a economizar na gest\u00e3o de fretes\",\"publisher\":{\"@id\":\"https:\\\/\\\/blog.melhorenvio.com.br\\\/#organization\"},\"alternateName\":\"Blog do Melhor Envio\",\"potentialAction\":[{\"@type\":\"SearchAction\",\"target\":{\"@type\":\"EntryPoint\",\"urlTemplate\":\"https:\\\/\\\/blog.melhorenvio.com.br\\\/?s={search_term_string}\"},\"query-input\":{\"@type\":\"PropertyValueSpecification\",\"valueRequired\":true,\"valueName\":\"search_term_string\"}}],\"inLanguage\":\"pt-BR\"},{\"@type\":\"Organization\",\"@id\":\"https:\\\/\\\/blog.melhorenvio.com.br\\\/#organization\",\"name\":\"Melhor Envio\",\"alternateName\":\"Melhor Envio\",\"url\":\"https:\\\/\\\/blog.melhorenvio.com.br\\\/\",\"logo\":{\"@type\":\"ImageObject\",\"inLanguage\":\"pt-BR\",\"@id\":\"https:\\\/\\\/blog.melhorenvio.com.br\\\/#\\\/schema\\\/logo\\\/image\\\/\",\"url\":\"https:\\\/\\\/melhorenvio.com.br\\\/blog\\\/wp-content\\\/uploads\\\/2022\\\/12\\\/blog-logo-melhor-envio.webp\",\"contentUrl\":\"https:\\\/\\\/melhorenvio.com.br\\\/blog\\\/wp-content\\\/uploads\\\/2022\\\/12\\\/blog-logo-melhor-envio.webp\",\"width\":188,\"height\":96,\"caption\":\"Melhor Envio\"},\"image\":{\"@id\":\"https:\\\/\\\/blog.melhorenvio.com.br\\\/#\\\/schema\\\/logo\\\/image\\\/\"},\"sameAs\":[\"https:\\\/\\\/www.facebook.com\\\/MelhorEnvio\\\/\",\"https:\\\/\\\/x.com\\\/melhorenvio\",\"https:\\\/\\\/www.instagram.com\\\/melhorenvio\",\"https:\\\/\\\/www.youtube.com\\\/melhorenviooficial\",\"https:\\\/\\\/br.linkedin.com\\\/company\\\/melhorenvio\"]},{\"@type\":\"Person\",\"@id\":\"https:\\\/\\\/blog.melhorenvio.com.br\\\/#\\\/schema\\\/person\\\/1824f96ba6f7b8e82dabed67f4556910\",\"name\":\"Giullio Marquetti\",\"image\":{\"@type\":\"ImageObject\",\"inLanguage\":\"pt-BR\",\"@id\":\"https:\\\/\\\/secure.gravatar.com\\\/avatar\\\/e99855ab2f67a718f5eade1a33779cad9dbc99b42bc71dc3faca3f9b28725da3?s=96&d=mm&r=g\",\"url\":\"https:\\\/\\\/secure.gravatar.com\\\/avatar\\\/e99855ab2f67a718f5eade1a33779cad9dbc99b42bc71dc3faca3f9b28725da3?s=96&d=mm&r=g\",\"contentUrl\":\"https:\\\/\\\/secure.gravatar.com\\\/avatar\\\/e99855ab2f67a718f5eade1a33779cad9dbc99b42bc71dc3faca3f9b28725da3?s=96&d=mm&r=g\",\"caption\":\"Giullio Marquetti\"},\"url\":\"https:\\\/\\\/melhorenvio.com.br\\\/blog\\\/author\\\/giullio-marquetti\\\/\"}]}<\/script>\n<!-- \/ Yoast SEO plugin. -->","yoast_head_json":{"title":"Embalagens personalizadas: transforma entregas em experi\u00eancias","description":"Descubra como embalagens personalizadas fazem a diferen\u00e7a na experi\u00eancia de compra dos consumidores e aprenda como aplicar em seu neg\u00f3cio.","robots":{"index":"index","follow":"follow","max-snippet":"max-snippet:-1","max-image-preview":"max-image-preview:large","max-video-preview":"max-video-preview:-1"},"canonical":"https:\/\/melhorenvio.com.br\/blog\/frete-e-logistica\/embalagens-personalizadas\/","og_locale":"pt_BR","og_type":"article","og_title":"Embalagens personalizadas: transforma entregas em experi\u00eancias","og_description":"Descubra como embalagens personalizadas fazem a diferen\u00e7a na experi\u00eancia de compra dos consumidores e aprenda como aplicar em seu neg\u00f3cio.","og_url":"https:\/\/melhorenvio.com.br\/blog\/frete-e-logistica\/embalagens-personalizadas\/","og_site_name":"Blog Melhor Envio","article_publisher":"https:\/\/www.facebook.com\/MelhorEnvio\/","article_published_time":"2025-10-15T17:10:51+00:00","article_modified_time":"2025-10-31T17:23:55+00:00","og_image":[{"width":1000,"height":667,"url":"https:\/\/melhorenvio.com.br\/blog\/wp-content\/uploads\/2025\/10\/embalagens-personalizadas.webp","type":"image\/webp"}],"author":"Giullio Marquetti","twitter_card":"summary_large_image","twitter_creator":"@melhorenvio","twitter_site":"@melhorenvio","twitter_misc":{"Escrito por":"Giullio Marquetti","Est. tempo de leitura":"7 minutos"},"schema":{"@context":"https:\/\/schema.org","@graph":[{"@type":"Article","@id":"https:\/\/melhorenvio.com.br\/blog\/frete-e-logistica\/embalagens-personalizadas\/#article","isPartOf":{"@id":"https:\/\/melhorenvio.com.br\/blog\/frete-e-logistica\/embalagens-personalizadas\/"},"author":{"name":"Giullio Marquetti","@id":"https:\/\/blog.melhorenvio.com.br\/#\/schema\/person\/1824f96ba6f7b8e82dabed67f4556910"},"headline":"Embalagens personalizadas: como transformar entregas em experi\u00eancias marcantes?","datePublished":"2025-10-15T17:10:51+00:00","dateModified":"2025-10-31T17:23:55+00:00","mainEntityOfPage":{"@id":"https:\/\/melhorenvio.com.br\/blog\/frete-e-logistica\/embalagens-personalizadas\/"},"wordCount":1297,"publisher":{"@id":"https:\/\/blog.melhorenvio.com.br\/#organization"},"image":{"@id":"https:\/\/melhorenvio.com.br\/blog\/frete-e-logistica\/embalagens-personalizadas\/#primaryimage"},"thumbnailUrl":"https:\/\/melhorenvio.com.br\/blog\/wp-content\/uploads\/2025\/10\/embalagens-personalizadas.webp","keywords":["embalagens","embalagens personalizadas"],"articleSection":["Frete e Log\u00edstica"],"inLanguage":"pt-BR"},{"@type":"WebPage","@id":"https:\/\/melhorenvio.com.br\/blog\/frete-e-logistica\/embalagens-personalizadas\/","url":"https:\/\/melhorenvio.com.br\/blog\/frete-e-logistica\/embalagens-personalizadas\/","name":"Embalagens personalizadas: transforma entregas em experi\u00eancias","isPartOf":{"@id":"https:\/\/blog.melhorenvio.com.br\/#website"},"primaryImageOfPage":{"@id":"https:\/\/melhorenvio.com.br\/blog\/frete-e-logistica\/embalagens-personalizadas\/#primaryimage"},"image":{"@id":"https:\/\/melhorenvio.com.br\/blog\/frete-e-logistica\/embalagens-personalizadas\/#primaryimage"},"thumbnailUrl":"https:\/\/melhorenvio.com.br\/blog\/wp-content\/uploads\/2025\/10\/embalagens-personalizadas.webp","datePublished":"2025-10-15T17:10:51+00:00","dateModified":"2025-10-31T17:23:55+00:00","description":"Descubra como embalagens personalizadas fazem a diferen\u00e7a na experi\u00eancia de compra dos consumidores e aprenda como aplicar em seu neg\u00f3cio.","inLanguage":"pt-BR","potentialAction":[{"@type":"ReadAction","target":["https:\/\/melhorenvio.com.br\/blog\/frete-e-logistica\/embalagens-personalizadas\/"]}]},{"@type":"ImageObject","inLanguage":"pt-BR","@id":"https:\/\/melhorenvio.com.br\/blog\/frete-e-logistica\/embalagens-personalizadas\/#primaryimage","url":"https:\/\/melhorenvio.com.br\/blog\/wp-content\/uploads\/2025\/10\/embalagens-personalizadas.webp","contentUrl":"https:\/\/melhorenvio.com.br\/blog\/wp-content\/uploads\/2025\/10\/embalagens-personalizadas.webp","width":1000,"height":667,"caption":"embalagens personalizadas"},{"@type":"WebSite","@id":"https:\/\/blog.melhorenvio.com.br\/#website","url":"https:\/\/blog.melhorenvio.com.br\/","name":"Blog Melhor Envio","description":"Aprenda a economizar na gest\u00e3o de fretes","publisher":{"@id":"https:\/\/blog.melhorenvio.com.br\/#organization"},"alternateName":"Blog do Melhor Envio","potentialAction":[{"@type":"SearchAction","target":{"@type":"EntryPoint","urlTemplate":"https:\/\/blog.melhorenvio.com.br\/?s={search_term_string}"},"query-input":{"@type":"PropertyValueSpecification","valueRequired":true,"valueName":"search_term_string"}}],"inLanguage":"pt-BR"},{"@type":"Organization","@id":"https:\/\/blog.melhorenvio.com.br\/#organization","name":"Melhor Envio","alternateName":"Melhor Envio","url":"https:\/\/blog.melhorenvio.com.br\/","logo":{"@type":"ImageObject","inLanguage":"pt-BR","@id":"https:\/\/blog.melhorenvio.com.br\/#\/schema\/logo\/image\/","url":"https:\/\/melhorenvio.com.br\/blog\/wp-content\/uploads\/2022\/12\/blog-logo-melhor-envio.webp","contentUrl":"https:\/\/melhorenvio.com.br\/blog\/wp-content\/uploads\/2022\/12\/blog-logo-melhor-envio.webp","width":188,"height":96,"caption":"Melhor Envio"},"image":{"@id":"https:\/\/blog.melhorenvio.com.br\/#\/schema\/logo\/image\/"},"sameAs":["https:\/\/www.facebook.com\/MelhorEnvio\/","https:\/\/x.com\/melhorenvio","https:\/\/www.instagram.com\/melhorenvio","https:\/\/www.youtube.com\/melhorenviooficial","https:\/\/br.linkedin.com\/company\/melhorenvio"]},{"@type":"Person","@id":"https:\/\/blog.melhorenvio.com.br\/#\/schema\/person\/1824f96ba6f7b8e82dabed67f4556910","name":"Giullio Marquetti","image":{"@type":"ImageObject","inLanguage":"pt-BR","@id":"https:\/\/secure.gravatar.com\/avatar\/e99855ab2f67a718f5eade1a33779cad9dbc99b42bc71dc3faca3f9b28725da3?s=96&d=mm&r=g","url":"https:\/\/secure.gravatar.com\/avatar\/e99855ab2f67a718f5eade1a33779cad9dbc99b42bc71dc3faca3f9b28725da3?s=96&d=mm&r=g","contentUrl":"https:\/\/secure.gravatar.com\/avatar\/e99855ab2f67a718f5eade1a33779cad9dbc99b42bc71dc3faca3f9b28725da3?s=96&d=mm&r=g","caption":"Giullio Marquetti"},"url":"https:\/\/melhorenvio.com.br\/blog\/author\/giullio-marquetti\/"}]}},"_links":{"self":[{"href":"https:\/\/melhorenvio.com.br\/blog\/wp-json\/wp\/v2\/posts\/57246","targetHints":{"allow":["GET"]}}],"collection":[{"href":"https:\/\/melhorenvio.com.br\/blog\/wp-json\/wp\/v2\/posts"}],"about":[{"href":"https:\/\/melhorenvio.com.br\/blog\/wp-json\/wp\/v2\/types\/post"}],"author":[{"embeddable":true,"href":"https:\/\/melhorenvio.com.br\/blog\/wp-json\/wp\/v2\/users\/75"}],"replies":[{"embeddable":true,"href":"https:\/\/melhorenvio.com.br\/blog\/wp-json\/wp\/v2\/comments?post=57246"}],"version-history":[{"count":1,"href":"https:\/\/melhorenvio.com.br\/blog\/wp-json\/wp\/v2\/posts\/57246\/revisions"}],"predecessor-version":[{"id":57248,"href":"https:\/\/melhorenvio.com.br\/blog\/wp-json\/wp\/v2\/posts\/57246\/revisions\/57248"}],"wp:featuredmedia":[{"embeddable":true,"href":"https:\/\/melhorenvio.com.br\/blog\/wp-json\/wp\/v2\/media\/57247"}],"wp:attachment":[{"href":"https:\/\/melhorenvio.com.br\/blog\/wp-json\/wp\/v2\/media?parent=57246"}],"wp:term":[{"taxonomy":"category","embeddable":true,"href":"https:\/\/melhorenvio.com.br\/blog\/wp-json\/wp\/v2\/categories?post=57246"},{"taxonomy":"post_tag","embeddable":true,"href":"https:\/\/melhorenvio.com.br\/blog\/wp-json\/wp\/v2\/tags?post=57246"}],"curies":[{"name":"wp","href":"https:\/\/api.w.org\/{rel}","templated":true}]}}